{"id":26171,"date":"2024-07-15T16:44:20","date_gmt":"2024-07-15T08:44:20","guid":{"rendered":"https:\/\/incit.org\/?p=26171"},"modified":"2025-04-16T18:16:30","modified_gmt":"2025-04-16T10:16:30","slug":"azerbaijan-hosts-idea-event-featuring-incit-organised-by-wef-unescap-c4ir-azerbaijan-and-more","status":"publish","type":"post","link":"https:\/\/incit.org\/az\/newsroom\/azerbaijan-hosts-idea-event-featuring-incit-organised-by-wef-unescap-c4ir-azerbaijan-and-more\/","title":{"rendered":"Az\u0259rbaycanda WEF, UNESCAP, C4IR Azerbaijan v\u0259 dig\u0259r t\u0259\u015fkilatlar\u0131n t\u0259\u015fkilat\u00e7\u0131l\u0131\u011f\u0131 il\u0259 INCIT-in i\u015ftirak etdiyi IDEA t\u0259dbiri ke\u00e7irilir"},"content":{"rendered":"<p>Bazar ert\u0259si, 15 iyul 2024-c\u00fc il, Sinqapur \u2013 The <a href=\"https:\/\/incit.org\/en\/\">Beyn\u0259lxalq S\u0259naye Transformasiyas\u0131 M\u0259rk\u0259zi (INCIT)<\/a> 12 iyun 2024-c\u00fc il tarixind\u0259 Bak\u0131da ke\u00e7iril\u0259n \u201cAz\u0259rbaycan\u0131n R\u0259q\u0259msal \u0130qtisadiyyat\u0131na \u0130nvestisiya\u201d (IDEA) layih\u0259si \u00fc\u00e7\u00fcn son t\u0259dbird\u0259 t\u0259qdim olunub.<\/p>\n<p>\u201cM\u00fc\u0259ssis\u0259nizi g\u00fccl\u0259ndirin: M\u0259lumata \u0259saslanan A\u011f\u0131ll\u0131 \u0130stehsalat Strategiyalar\u0131 \u00fc\u00e7\u00fcn A\u011f\u0131ll\u0131 S\u0259naye Haz\u0131rl\u0131q \u0130ndeksind\u0259n istifad\u0259 etm\u0259k\u201d adl\u0131 INCIT sessiyas\u0131n\u0131n m\u0259qs\u0259di auditoriyan\u0131 \u0259n yax\u015f\u0131 t\u0259cr\u00fcb\u0259l\u0259r v\u0259 innovativ al\u0259tl\u0259rl\u0259 tan\u0131\u015f etm\u0259k yolu il\u0259 regiona uy\u011fun istehsal strategiyalar\u0131 t\u0259klif etm\u0259k idi. <a href=\"https:\/\/incit.org\/en\/what-we-do\/siri\/\">A\u011f\u0131ll\u0131 S\u0259naye Haz\u0131rl\u0131q \u0130ndeksi (SIRI)<\/a>.<\/p>\n<p><img fetchpriority=\"high\" decoding=\"async\" class=\"size-large wp-image-35342 aligncenter\" src=\"https:\/\/assets.incit.org\/wp-content\/uploads\/2024\/07\/15130637\/d20ea084-ba93-4ec1-b50a-4815f774443c-926x1024.jpg\" alt=\"\" width=\"800\" height=\"885\" srcset=\"https:\/\/assets.incit.org\/wp-content\/uploads\/2024\/07\/15130637\/d20ea084-ba93-4ec1-b50a-4815f774443c-926x1024.jpg 926w, https:\/\/assets.incit.org\/wp-content\/uploads\/2024\/07\/15130637\/d20ea084-ba93-4ec1-b50a-4815f774443c-271x300.jpg 271w, https:\/\/assets.incit.org\/wp-content\/uploads\/2024\/07\/15130637\/d20ea084-ba93-4ec1-b50a-4815f774443c-768x849.jpg 768w, https:\/\/assets.incit.org\/wp-content\/uploads\/2024\/07\/15130637\/d20ea084-ba93-4ec1-b50a-4815f774443c-11x12.jpg 11w, https:\/\/assets.incit.org\/wp-content\/uploads\/2024\/07\/15130637\/d20ea084-ba93-4ec1-b50a-4815f774443c.jpg 990w\" sizes=\"(max-width: 800px) 100vw, 800px\" \/><\/p>\n<p>&nbsp;<\/p>\n<p>\u018fsas\u0259n ki\u00e7ik v\u0259 orta istehsal m\u00fc\u0259ssis\u0259l\u0259rind\u0259n ibar\u0259t INCIT-in sessiyas\u0131 zaman\u0131 i\u015ftirak\u00e7\u0131lar A\u011f\u0131ll\u0131 S\u0259naye Haz\u0131rl\u0131q \u0130ndeksi \u00e7\u0259r\u00e7iv\u0259si v\u0259 S\u0259naye 4.0 transformasiyas\u0131n\u0131 idar\u0259 etm\u0259k \u00fc\u00e7\u00fcn onun \u0259sas \u00fcst\u00fcnl\u00fckl\u0259ri il\u0259 tan\u0131\u015f oldular. T\u0259qdimat h\u0259m\u00e7inin istehsal \u015firk\u0259tl\u0259rinin cari a\u011f\u0131ll\u0131 istehsal imkanlar\u0131n\u0131n qiym\u0259tl\u0259ndirilm\u0259sinin vacibliyini vur\u011fulad\u0131 v\u0259 a\u011f\u0131ll\u0131 s\u0259nayenin m\u0259nims\u0259nilm\u0259si \u00fc\u00e7\u00fcn yol x\u0259rit\u0259sinin haz\u0131rlanmas\u0131na dair t\u0259limat verdi. Smart Industry Readiness Index kimi al\u0259tl\u0259rin \u0259h\u0259miyy\u0259tini v\u0259 onlar\u0131n istehsal \u0259m\u0259liyyatlar\u0131n\u0131 nec\u0259 inki\u015faf etdir\u0259 bil\u0259c\u0259yini vur\u011fulamaq \u00fc\u00e7\u00fcn \u015firk\u0259tl\u0259rin \u0259n yax\u015f\u0131 t\u0259cr\u00fcb\u0259l\u0259ri v\u0259 n\u00fcmun\u0259 ara\u015fd\u0131rmalar\u0131 da payla\u015f\u0131ld\u0131. INCIT h\u0259m\u00e7inin a\u011f\u0131ll\u0131 fabrik s\u0259yah\u0259tin\u0259 \u00e7\u0131xan istehsal \u015firk\u0259tl\u0259ri aras\u0131nda \u00f6yr\u0259nm\u0259 v\u0259 \u0259m\u0259kda\u015fl\u0131q icmas\u0131n\u0131n t\u0259\u015fviq edilm\u0259sinin vacibliyini m\u00fcdafi\u0259 etdi.<\/p>\n<p>&nbsp;<\/p>\n<h2>IDEA-n\u0131n ikinci m\u0259rh\u0259l\u0259si<\/h2>\n<p>T\u0259dbir layih\u0259nin ikinci m\u0259rh\u0259l\u0259si olub v\u0259 D\u00f6rd\u00fcnc\u00fc S\u0259naye \u0130nqilab\u0131n\u0131n T\u0259hlili v\u0259 Koordinasiyas\u0131 M\u0259rk\u0259zi (C4\u0130R Az\u0259rbaycan) v\u0259 D\u00fcnya \u0130qtisadi Forumunun (WEF) t\u0259\u015f\u0259bb\u00fcs\u00fc il\u0259 ke\u00e7irilib. T\u0259dbir Birl\u0259\u015fmi\u015f Mill\u0259tl\u0259r T\u0259\u015fkilat\u0131n\u0131n Asiya v\u0259 Sakit Okean \u00fc\u00e7\u00fcn \u0130qtisadi v\u0259 Sosial Komissiyas\u0131 (UNESCAP) t\u0259r\u0259find\u0259n t\u0259\u015fkil olunub v\u0259 seminar\u0131n n\u0259inki istehsal \u015firk\u0259tl\u0259rini d\u0259st\u0259kl\u0259diyini, h\u0259m d\u0259 onlar\u0131 Az\u0259rbaycan\u0131n r\u0259q\u0259msal iqtisadiyyat\u0131na v\u0259 S\u0259naye 4.0 transformasiyas\u0131na s\u0259rmay\u0259 qoyma\u011fa t\u0259\u015fviq etm\u0259k \u00fc\u00e7\u00fcn \u00e7al\u0131\u015f\u0131b.<\/p>\n<p>&nbsp;<\/p>\n<h2>Az\u0259rbaycan\u0131 bundan sonra n\u0259 g\u00f6zl\u0259yir?<\/h2>\n<p>Bu hadis\u0259d\u0259n \u0259vv\u0259l Az\u0259rbaycan elan edilmi\u015fdi <a href=\"https:\/\/www.weforum.org\/agenda\/2024\/06\/energy-news-azerbaijan-green-investment\/\" target=\"_blank\" rel=\"noopener\">iqlim sammitin\u0259 ev sahibliyi ed\u0259n \u00f6lk\u0259<\/a> 2024-c\u00fc ilin noyabr\u0131nda T\u0259r\u0259fl\u0259rin Konfrans\u0131 (COP29). \u00d6lk\u0259 h\u0259m\u00e7inin r\u0259q\u0259msal transformasiya s\u0259yah\u0259tini s\u00fcr\u0259tl\u0259ndirm\u0259y\u0259 v\u0259 enerji sektorunda b\u0259rpa olunan enerji pay\u0131n\u0131 dem\u0259k olar ki, \u00fc\u00e7d\u0259 birin\u0259 \u00e7atd\u0131rma\u011fa ba\u015flay\u0131b.<\/p>\n<p>The <a href=\"https:\/\/www.weforum.org\/publications\/idea-investing-in-the-digital-economy-of-azerbaijan\/\" target=\"_blank\" rel=\"noopener\">IDEA layih\u0259si<\/a>, WEF, C4IR Azerbaijan v\u0259 Az\u0259rbaycanda \u0130xrac\u0131n v\u0259 \u0130nvestisiyalar\u0131n T\u0259\u015fviqi Agentliyinin \u0259m\u0259kda\u015fl\u0131\u011f\u0131 \u00f6lk\u0259ni S\u0259naye 4.0 transformasiyas\u0131 il\u0259 d\u0259st\u0259kl\u0259y\u0259c\u0259k v\u0259 iki hiss\u0259d\u0259n ibar\u0259t m\u0259qs\u0259di var:<\/p>\n<ol>\n<li>R\u0259q\u0259msal iqtisadiyyata birba\u015fa xarici investisiyalar\u0131n geni\u015fl\u0259ndirilm\u0259sind\u0259 Az\u0259rbaycana d\u0259st\u0259k; v\u0259<\/li>\n<li>\u0130nvestisiya c\u0259lb etm\u0259k v\u0259 t\u0259\u015fviq etm\u0259k \u00fc\u00e7\u00fcn A\u011f\u0131ll\u0131 S\u0259naye Haz\u0131rl\u0131q \u0130ndeksi kimi hans\u0131 texnologiya al\u0259tl\u0259rinin istifad\u0259 oluna bil\u0259c\u0259yini anlay\u0131n.<\/li>\n<\/ol>\n<p>INCIT daha \u00e7ox d\u0259st\u0259yi asanla\u015fd\u0131rmaq v\u0259 \u00f6lk\u0259nin \u00f6z\u00fcn\u00fcn S\u0259naye 4.0 transformasiyas\u0131 il\u0259 ir\u0259lil\u0259yi\u015fini t\u0259min etm\u0259k \u00fc\u00e7\u00fcn IDEA layih\u0259si, Az\u0259rbaycan, WEF v\u0259 dig\u0259r t\u0259r\u0259fda\u015flarla g\u0259l\u0259c\u0259k \u0259m\u0259kda\u015fl\u0131\u011f\u0131 s\u0259birsizlikl\u0259 g\u00f6zl\u0259yir.<\/p>\n<p><img decoding=\"async\" class=\"size-large wp-image-35341 aligncenter\" src=\"https:\/\/assets.incit.org\/wp-content\/uploads\/2024\/07\/15130635\/newsroom-3-576x1024.jpg\" alt=\"\" width=\"576\" height=\"1024\" srcset=\"https:\/\/assets.incit.org\/wp-content\/uploads\/2024\/07\/15130635\/newsroom-3-576x1024.jpg 576w, https:\/\/assets.incit.org\/wp-content\/uploads\/2024\/07\/15130635\/newsroom-3-169x300.jpg 169w, https:\/\/assets.incit.org\/wp-content\/uploads\/2024\/07\/15130635\/newsroom-3-768x1364.jpg 768w, https:\/\/assets.incit.org\/wp-content\/uploads\/2024\/07\/15130635\/newsroom-3-865x1536.jpg 865w, https:\/\/assets.incit.org\/wp-content\/uploads\/2024\/07\/15130635\/newsroom-3-7x12.jpg 7w, https:\/\/assets.incit.org\/wp-content\/uploads\/2024\/07\/15130635\/newsroom-3.jpg 980w\" sizes=\"(max-width: 576px) 100vw, 576px\" \/><\/p>\n<h2><\/h2>\n<p>&nbsp;<\/p>\n<h2>INCIT haqq\u0131nda<\/h2>\n<p>The <a href=\"https:\/\/incit.org\/en\/\">Beyn\u0259lxalq S\u0259naye Transformasiyas\u0131 M\u0259rk\u0259zi (INCIT)<\/a> d\u00fcnya miqyas\u0131nda qlobal istehsal transformasiyas\u0131na r\u0259hb\u0259rlik etm\u0259k vizyonu il\u0259 qurulmu\u015f m\u00fcst\u0259qil, qeyri-h\u00f6kum\u0259t\u0259 ba\u011fl\u0131 institutdur. INCIT s\u0259naye 4.0 s\u0259yah\u0259tl\u0259ri zaman\u0131 istehsal\u00e7\u0131larla \u0259m\u0259kda\u015fl\u0131q ed\u0259r\u0259k, a\u011f\u0131ll\u0131 v\u0259 davaml\u0131 istehsal\u0131n y\u00fcks\u0259li\u015fini t\u0259min etm\u0259k \u00fc\u00e7\u00fcn qlobal olaraq istinad edil\u0259n \u00e7\u0259r\u00e7iv\u0259l\u0259ri, al\u0259tl\u0259ri, konsepsiyalar\u0131 v\u0259 proqramlar\u0131 il\u0259 etibarl\u0131 t\u0259r\u0259fda\u015f kimi innovasiyalar\u0131 idar\u0259 edir.<\/p>\n<p>&nbsp;<\/p>\n<h2>A\u011f\u0131ll\u0131 S\u0259naye Haz\u0131rl\u0131q \u0130ndeksi haqq\u0131nda<\/h2>\n<p>The <a href=\"https:\/\/incit.org\/en\/what-we-do\/siri\/\">A\u011f\u0131ll\u0131 S\u0259naye Haz\u0131rl\u0131q \u0130ndeksi (SIRI)<\/a> istehsal \u015firk\u0259tl\u0259rin\u0259 onlar\u0131n cari S\u0259naye 4.0 imkanlar\u0131n\u0131 qiym\u0259tl\u0259ndirm\u0259y\u0259 k\u00f6m\u0259k etm\u0259k v\u0259 a\u011f\u0131ll\u0131 s\u0259naye transformasiyas\u0131 \u00fc\u00e7\u00fcn strukturla\u015fd\u0131r\u0131lm\u0131\u015f yana\u015fma t\u0259min etm\u0259k \u00fc\u00e7\u00fcn n\u0259z\u0259rd\u0259 tutulmu\u015f h\u0259rt\u0259r\u0259fli al\u0259tdir. Sinqapur \u0130qtisadi \u0130nki\u015faf \u015euras\u0131 (EDB) t\u0259r\u0259find\u0259n qlobal s\u0259naye liderl\u0259ri il\u0259 birg\u0259 i\u015fl\u0259nib haz\u0131rlanm\u0131\u015f A\u011f\u0131ll\u0131 S\u0259naye Haz\u0131rl\u0131q \u0130ndeksi S\u0259naye 4.0-\u0131n \u00fc\u00e7 \u0259sas tikinti blokunu \u0259hat\u0259 edir: Proses, Texnologiya v\u0259 T\u0259\u015fkilat. \u0130ndeks a\u011f\u0131ll\u0131 istehsala haz\u0131rl\u0131\u011f\u0131n 16 \u00f6l\u00e7\u00fcs\u00fcn\u00fc qiym\u0259tl\u0259ndirir, \u015firk\u0259tl\u0259r\u0259 \u00f6z ir\u0259lil\u0259yi\u015fl\u0259rini s\u0259nayed\u0259ki h\u0259mya\u015f\u0131dlar\u0131 il\u0259 m\u00fcqayis\u0259 etm\u0259y\u0259 v\u0259 a\u011f\u0131ll\u0131 fabrikin m\u0259nims\u0259nilm\u0259si \u00fc\u00e7\u00fcn uy\u011funla\u015fd\u0131r\u0131lm\u0131\u015f strategiya haz\u0131rlama\u011fa imkan verir. T\u0259\u015fkilat\u0131n\u0131z\u0131 S\u0259naye 4.0 s\u0259yah\u0259tinin n\u00f6vb\u0259ti s\u0259viyy\u0259sin\u0259 nec\u0259 \u00e7\u0131xaraca\u011f\u0131n\u0131z\u0131 \u00f6yr\u0259nin.<\/p>","protected":false},"excerpt":{"rendered":"<p>Bazar ert\u0259si, 15 iyul 2024-c\u00fc il, Sinqapur \u2013 Beyn\u0259lxalq S\u0259naye Transformasiya M\u0259rk\u0259zi (INCIT) 12 iyun 2024-c\u00fc ild\u0259 Bak\u0131da ke\u00e7iril\u0259n \u201cAz\u0259rbaycan\u0131n R\u0259q\u0259msal \u0130qtisadiyyat\u0131na \u0130nvestisiya\u201d (IDEA) layih\u0259si \u00fc\u00e7\u00fcn son t\u0259dbird\u0259 t\u0259qdim etdi. Strategiyalar\u201d m\u0259qs\u0259di [\u2026]<\/p>","protected":false},"author":3,"featured_media":35340,"comment_status":"closed","ping_status":"open","sticky":false,"template":"","format":"standard","meta":{"_acf_changed":false,"footnotes":""},"categories":[18],"tags":[],"class_list":["post-26171","post","type-post","status-publish","format-standard","has-post-thumbnail","hentry","category-newsroom"],"acf":{"featured_post":false},"_links":{"self":[{"href":"https:\/\/incit.org\/az\/wp-json\/wp\/v2\/posts\/26171","targetHints":{"allow":["GET"]}}],"collection":[{"href":"https:\/\/incit.org\/az\/wp-json\/wp\/v2\/posts"}],"about":[{"href":"https:\/\/incit.org\/az\/wp-json\/wp\/v2\/types\/post"}],"author":[{"embeddable":true,"href":"https:\/\/incit.org\/az\/wp-json\/wp\/v2\/users\/3"}],"replies":[{"embeddable":true,"href":"https:\/\/incit.org\/az\/wp-json\/wp\/v2\/comments?post=26171"}],"version-history":[{"count":2,"href":"https:\/\/incit.org\/az\/wp-json\/wp\/v2\/posts\/26171\/revisions"}],"predecessor-version":[{"id":35460,"href":"https:\/\/incit.org\/az\/wp-json\/wp\/v2\/posts\/26171\/revisions\/35460"}],"wp:featuredmedia":[{"embeddable":true,"href":"https:\/\/incit.org\/az\/wp-json\/wp\/v2\/media\/35340"}],"wp:attachment":[{"href":"https:\/\/incit.org\/az\/wp-json\/wp\/v2\/media?parent=26171"}],"wp:term":[{"taxonomy":"category","embeddable":true,"href":"https:\/\/incit.org\/az\/wp-json\/wp\/v2\/categories?post=26171"},{"taxonomy":"post_tag","embeddable":true,"href":"https:\/\/incit.org\/az\/wp-json\/wp\/v2\/tags?post=26171"}],"curies":[{"name":"wp","href":"https:\/\/api.w.org\/{rel}","templated":true}]}}