{"id":31611,"date":"2024-12-02T18:15:34","date_gmt":"2024-12-02T10:15:34","guid":{"rendered":"https:\/\/incit.org\/?p=31611"},"modified":"2025-04-17T14:50:05","modified_gmt":"2025-04-17T06:50:05","slug":"incit-and-aidsmo-a-strategic-partnership-for-industrial-innovation-and-growth","status":"publish","type":"post","link":"https:\/\/incit.org\/az\/newsroom\/incit-and-aidsmo-a-strategic-partnership-for-industrial-innovation-and-growth\/","title":{"rendered":"INCIT v\u0259 AIDSMO: S\u0259naye \u0130nnovasiyas\u0131 v\u0259 \u0130nki\u015faf \u00fc\u00e7\u00fcn Strateji T\u0259r\u0259fda\u015fl\u0131q"},"content":{"rendered":"<p><img fetchpriority=\"high\" decoding=\"async\" class=\"size-large wp-image-35315 aligncenter\" src=\"https:\/\/assets.incit.org\/wp-content\/uploads\/2024\/12\/15125702\/INCIT-X-IDSMO-2-1024x683.jpeg\" alt=\"\" width=\"800\" height=\"534\" srcset=\"https:\/\/assets.incit.org\/wp-content\/uploads\/2024\/12\/15125702\/INCIT-X-IDSMO-2-1024x683.jpeg 1024w, https:\/\/assets.incit.org\/wp-content\/uploads\/2024\/12\/15125702\/INCIT-X-IDSMO-2-300x200.jpeg 300w, https:\/\/assets.incit.org\/wp-content\/uploads\/2024\/12\/15125702\/INCIT-X-IDSMO-2-768x512.jpeg 768w, https:\/\/assets.incit.org\/wp-content\/uploads\/2024\/12\/15125702\/INCIT-X-IDSMO-2-1536x1024.jpeg 1536w, https:\/\/assets.incit.org\/wp-content\/uploads\/2024\/12\/15125702\/INCIT-X-IDSMO-2-18x12.jpeg 18w, https:\/\/assets.incit.org\/wp-content\/uploads\/2024\/12\/15125702\/INCIT-X-IDSMO-2.jpeg 2048w\" sizes=\"(max-width: 800px) 100vw, 800px\" \/><\/p>\n<p>66-c\u0131 sessiyas\u0131 <strong>\u018fr\u0259b S\u0259naye \u0130nki\u015faf\u0131, Standartla\u015fd\u0131rma v\u0259 M\u0259d\u0259n T\u0259\u015fkilat\u0131n\u0131n \u0130craiyy\u0259 \u015euras\u0131<\/strong> (<strong>A\u0130DSMO<\/strong>) 19-21 noyabr 2024-c\u00fc il tarixl\u0259rind\u0259 M\u0259rake\u015fin Aqadir \u015f\u0259h\u0259rind\u0259 ba\u015f tutdu. Bu sessiya 11 \u0259r\u0259b \u00f6lk\u0259sind\u0259n n\u00fcmay\u0259nd\u0259 hey\u0259tl\u0259rini bir araya g\u0259tirdi v\u0259 regionun s\u0259nayenin inki\u015faf\u0131, standartla\u015fd\u0131rma v\u0259 iqtisadi inki\u015fafa davaml\u0131 sadiqliyini vur\u011fulad\u0131.<\/p>\n<p>\u0130clasda diqq\u0259t \u00e7\u0259k\u0259n m\u0259qamlardan biri d\u0259 i\u015ftirak idi <strong>Dr. Jesmond Hong, Ba\u015f \u018fm\u0259liyyat Direktoru<\/strong> -nin <strong>Beyn\u0259lxalq S\u0259naye Transformasiyas\u0131 M\u0259rk\u0259zi<\/strong> (<strong>INCIT<\/strong>). Dr. Honqun i\u015ftirak\u0131 b\u00fct\u00fcn \u0259r\u0259b regionunda s\u0259naye transformasiyas\u0131n\u0131n t\u0259\u015fviqind\u0259 beyn\u0259lxalq \u0259m\u0259kda\u015fl\u0131\u011f\u0131n vacibliyini n\u00fcmayi\u015f etdirdi. Sessiya zaman\u0131, <strong>Eng. Adel Al-Saqr, A\u0130DSMO-nun ba\u015f direktoru<\/strong> Dr. Hong il\u0259 davaml\u0131 s\u0259naye transformasiyas\u0131na y\u00f6n\u0259lmi\u015f \u0259sas \u0259m\u0259kda\u015fl\u0131q m\u00fcqavil\u0259si imzalad\u0131. \u018fm\u0259kda\u015fl\u0131\u011fa g\u00f6r\u0259 t\u0259\u015f\u0259kk\u00fcr \u0259lam\u0259ti olaraq, Eng. \u018fl-S\u0259qr doktor Honqa xatir\u0259 qalxan\u0131 t\u0259qdim etdi. Bu simvolik jest \u0259r\u0259b d\u00fcnyas\u0131nda s\u0259naye innovasiyalar\u0131n\u0131, iqtisadi art\u0131m\u0131 v\u0259 davaml\u0131l\u0131\u011f\u0131 inki\u015faf etdirm\u0259y\u0259 y\u00f6n\u0259lmi\u015f AIDSMO v\u0259 INCIT aras\u0131nda strateji t\u0259r\u0259fda\u015fl\u0131\u011f\u0131 daha da m\u00f6hk\u0259ml\u0259ndirdi.<\/p>\n<p>\u018fm\u0259kda\u015fl\u0131q sazi\u015fi \u0259r\u0259b regionunda s\u0259naye v\u0259 texnoloji t\u0259r\u0259qqinin t\u0259\u015fviq edilm\u0259sind\u0259 ir\u0259liy\u0259 do\u011fru at\u0131lm\u0131\u015f m\u00fch\u00fcm add\u0131md\u0131r. Bu, h\u0259m\u00e7inin INCIT kimi beyn\u0259lxalq t\u0259\u015fkilatlar\u0131n regional inki\u015fafa t\u00f6hf\u0259 verm\u0259kd\u0259 artan rolunu \u0259ks etdirir. \u018fr\u0259b regionu s\u00fcr\u0259tli s\u0259naye modernl\u0259\u015fdirilm\u0259sind\u0259n ke\u00e7ir v\u0259 INCIT v\u0259 AIDSMO aras\u0131nda \u0259m\u0259kda\u015fl\u0131q bu transformasiyan\u0131n h\u0259m innovativ, h\u0259m d\u0259 davaml\u0131 olmas\u0131n\u0131 t\u0259min etm\u0259k \u00fc\u00e7\u00fcn vacibdir. INCIT-in s\u0259naye transformasiyas\u0131 \u00fczr\u0259 t\u0259cr\u00fcb\u0259si, AIDSMO-nun regional r\u0259hb\u0259rliyi il\u0259 birlikd\u0259, \u0259r\u0259b regionunda daha davaml\u0131 v\u0259 r\u0259qab\u0259t\u0259davaml\u0131 s\u0259naye sektorunun yarad\u0131lmas\u0131 istiqam\u0259tind\u0259 \u00e7al\u0131\u015facaq.<br \/>\nBu \u0259sas t\u0259r\u0259fda\u015fl\u0131\u011fa \u0259lav\u0259 olaraq, sessiya h\u0259m d\u0259 qlobal standartla\u015fd\u0131rma arenas\u0131nda \u0259r\u0259b regionu \u00fc\u00e7\u00fcn m\u00fch\u00fcm nailiyy\u0259tl\u0259ri qeyd etdi. Misir 2026-2028-ci ill\u0259r \u00fc\u00e7\u00fcn Beyn\u0259lxalq Standartla\u015fd\u0131rma T\u0259\u015fkilat\u0131na (ISO) s\u0259drlik etm\u0259k \u00fc\u00e7\u00fcn se\u00e7ildi. Bu nailiyy\u0259t \u0259r\u0259b \u00f6lk\u0259l\u0259rinin qlobal standartla\u015fd\u0131rma orqanlar\u0131nda, x\u00fcsus\u0259n d\u0259 s\u0259naye inki\u015faf\u0131 \u00fc\u00e7\u00fcn vacib olan sah\u0259l\u0259rd\u0259 artan t\u0259sirini vur\u011fulay\u0131r. Bundan \u0259lav\u0259, Birl\u0259\u015fmi\u015f \u018fr\u0259b \u018fmirlikl\u0259ri h\u0259m \u0130SO, h\u0259m d\u0259 Beyn\u0259lxalq Elektrotexniki Komissiyan\u0131n (IEC) \u015furalar\u0131nda m\u00f6vqe tutdu. Bu m\u0259rh\u0259l\u0259l\u0259r \u0259r\u0259b \u00f6lk\u0259l\u0259rinin s\u0259naye art\u0131m\u0131n\u0131n v\u0259 iqtisadi inki\u015faf\u0131n d\u0259st\u0259kl\u0259nm\u0259si \u00fc\u00e7\u00fcn m\u00fch\u00fcm \u0259h\u0259miyy\u0259t k\u0259sb ed\u0259n beyn\u0259lxalq standartlarda qlobal m\u00f6vcudlu\u011funu v\u0259 liderliyini art\u0131rmaq \u00fc\u00e7\u00fcn davaml\u0131 s\u0259yl\u0259rinin s\u00fcbutudur.<\/p>\n<p>Sessiyada h\u0259m\u00e7inin \u0259r\u0259b \u00f6lk\u0259l\u0259ri aras\u0131nda s\u0259naye \u0259m\u0259kda\u015fl\u0131\u011f\u0131n\u0131n g\u00fccl\u0259ndirilm\u0259sin\u0259 y\u00f6n\u0259lmi\u015f \u0259sas regional t\u0259\u015f\u0259bb\u00fcsl\u0259r\u0259 toxunulub. Bel\u0259 t\u0259\u015f\u0259bb\u00fcsl\u0259rd\u0259n biri d\u0259 minerallar sektorunu rasionalla\u015fd\u0131rmaq v\u0259 faydal\u0131 qaz\u0131nt\u0131lar\u0131n hasilat\u0131 v\u0259 emal\u0131 sah\u0259sind\u0259 \u0259m\u0259kda\u015fl\u0131\u011f\u0131 g\u00fccl\u0259ndirm\u0259k m\u0259qs\u0259di da\u015f\u0131yan G\u0259l\u0259c\u0259k Minerallar \u00fczr\u0259 \u018fr\u0259b Platformas\u0131d\u0131r (APFM). Bu platforma mineral ehtiyatlarla z\u0259ngin olan, lakin iqtisadi inki\u015faf \u00fc\u00e7\u00fcn onlardan tam istifad\u0259 etm\u0259kd\u0259 \u00e7\u0259tinlikl\u0259rl\u0259 \u00fczl\u0259\u015f\u0259n \u0259r\u0259b regionu \u00fc\u00e7\u00fcn \u00e7ox vacibdir. Daha yax\u015f\u0131 m\u0259lumat m\u00fcbadil\u0259sini v\u0259 t\u0259r\u0259fda\u015fl\u0131\u011f\u0131 asanla\u015fd\u0131rmaqla APFM regionun mineral s\u0259rv\u0259tl\u0259rinin tam potensial\u0131n\u0131n a\u00e7\u0131lmas\u0131nda \u0259sas rol oynayacaq.<\/p>\n<p>M\u00fczakir\u0259 olunan dig\u0259r m\u00fch\u00fcm t\u0259\u015f\u0259bb\u00fcs \u018fr\u0259b S\u0259naye \u0130nteqrasiyas\u0131 Strategiyas\u0131 idi. Bu strategiya s\u0259naye m\u0259hsuldarl\u0131\u011f\u0131n\u0131 art\u0131rmaq v\u0259 \u0259r\u0259b \u00f6lk\u0259l\u0259ri aras\u0131nda daha g\u00fccl\u00fc \u0259laq\u0259l\u0259ri d\u0259st\u0259kl\u0259m\u0259k m\u0259qs\u0259di da\u015f\u0131y\u0131r. M\u0259qs\u0259d \u00fczv d\u00f6vl\u0259tl\u0259r aras\u0131nda daha \u00e7ox \u0259m\u0259kda\u015fl\u0131\u011fa k\u00f6m\u0259k ed\u0259r\u0259k daha inteqrasiya olunmu\u015f s\u0259naye ekosistemi yaratmaqd\u0131r. Bu inteqrasiyan\u0131n regionun \u00fcmumi r\u0259qab\u0259t qabiliyy\u0259tini art\u0131raca\u011f\u0131, xarici bazarlardan as\u0131l\u0131l\u0131\u011f\u0131 azaldaca\u011f\u0131 v\u0259 davaml\u0131 inki\u015faf\u0131 t\u0259min ed\u0259c\u0259yi g\u00f6zl\u0259nilir.<\/p>\n<p>INCIT-i t\u0259msil ed\u0259n Dr. Honqun sessiyada i\u015ftirak\u0131 \u0259r\u0259b regionu \u00fc\u00e7\u00fcn s\u0259naye g\u00fcnd\u0259liyinin ir\u0259lil\u0259yi\u015find\u0259 bu c\u00fcr strateji t\u0259r\u0259fda\u015fl\u0131qlar\u0131n \u0259h\u0259miyy\u0259tini vur\u011fulay\u0131r. AIDSMO il\u0259 \u0259m\u0259kda\u015fl\u0131q ed\u0259r\u0259k, INCIT \u0259r\u0259b regionunun uzunm\u00fcdd\u0259tli iqtisadi m\u0259qs\u0259dl\u0259rin\u0259 nail olmaq s\u0259yl\u0259rini d\u0259st\u0259kl\u0259m\u0259kd\u0259 m\u00fch\u00fcm rol oynama\u011fa davam edir. Region daha b\u00f6y\u00fck s\u0259nayel\u0259\u015fm\u0259y\u0259 v\u0259 texnoloji t\u0259r\u0259qqiy\u0259 do\u011fru ir\u0259lil\u0259dikc\u0259, INCIT kimi beyn\u0259lxalq t\u0259\u015fkilatlar v\u0259 A\u0130DSMO kimi regional qurumlar aras\u0131nda t\u0259r\u0259fda\u015fl\u0131q \u0259r\u0259b d\u00fcnyas\u0131n\u0131n qlobal s\u0259hn\u0259d\u0259 r\u0259qab\u0259t\u0259davaml\u0131 qalmas\u0131n\u0131 t\u0259min etm\u0259k \u00fc\u00e7\u00fcn \u00e7ox vacibdir.<\/p>\n<p>Sonda, A\u0130DSMO \u0130craiyy\u0259 \u015euras\u0131n\u0131n 66-c\u0131 sessiyas\u0131 \u0259r\u0259b regionunda s\u0259naye \u0259m\u0259kda\u015fl\u0131\u011f\u0131, standartla\u015fd\u0131rma v\u0259 m\u0259d\u0259n\u00e7\u0131xarman\u0131n inki\u015faf\u0131nda m\u00fch\u00fcm m\u0259rh\u0259l\u0259 oldu. Yeni sazi\u015fl\u0259rin imzalanmas\u0131 v\u0259 qlobal standartla\u015fd\u0131rmada m\u00fch\u00fcm m\u0259rh\u0259l\u0259l\u0259rin \u0259ld\u0259 edilm\u0259si il\u0259 sessiya \u0259r\u0259b d\u00fcnyas\u0131n\u0131n s\u0259naye inki\u015faf\u0131n\u0131n g\u0259l\u0259c\u0259yinin formala\u015fmas\u0131nda artan rolunu vur\u011fulad\u0131. INCIT il\u0259 \u0259m\u0259kda\u015fl\u0131q kimi strateji \u0259m\u0259kda\u015fl\u0131qlar vasit\u0259sil\u0259 region qlobal s\u0259naye m\u0259nz\u0259r\u0259sind\u0259 davaml\u0131 inki\u015fafa v\u0259 liderliy\u0259 nail olma\u011fa haz\u0131rd\u0131r.<\/p>","protected":false},"excerpt":{"rendered":"<p>\u018fr\u0259b S\u0259naye \u0130nki\u015faf\u0131, Standartla\u015fd\u0131rma v\u0259 M\u0259d\u0259n T\u0259\u015fkilat\u0131n\u0131n (A\u0130DSMO) \u0130craiyy\u0259 \u015euras\u0131n\u0131n 66-c\u0131 sessiyas\u0131 19-21 noyabr 2024-c\u00fc il tarixl\u0259rind\u0259 M\u0259rake\u015fin Aqadir \u015f\u0259h\u0259rind\u0259 ba\u015f tutdu. Bu sessiya 11 \u0259r\u0259b \u00f6lk\u0259sind\u0259n n\u00fcmay\u0259nd\u0259 hey\u0259tl\u0259rini bir araya g\u0259tirdi v\u0259 regionun s\u0259nayenin inki\u015faf\u0131, standartla\u015fd\u0131rma, iqtisadi inki\u015fafa davaml\u0131 sadiqliyini vur\u011fulad\u0131. Sessiyan\u0131n m\u00fch\u00fcm m\u0259qam\u0131 [\u2026]<\/p>","protected":false},"author":3,"featured_media":35315,"comment_status":"closed","ping_status":"open","sticky":false,"template":"","format":"standard","meta":{"_acf_changed":false,"footnotes":""},"categories":[18],"tags":[170,29,35,45],"class_list":["post-31611","post","type-post","status-publish","format-standard","has-post-thumbnail","hentry","category-newsroom","tag-arab","tag-incit-partnership","tag-manufacturing","tag-sustainable-manufacturing"],"acf":{"featured_post":false},"_links":{"self":[{"href":"https:\/\/incit.org\/az\/wp-json\/wp\/v2\/posts\/31611","targetHints":{"allow":["GET"]}}],"collection":[{"href":"https:\/\/incit.org\/az\/wp-json\/wp\/v2\/posts"}],"about":[{"href":"https:\/\/incit.org\/az\/wp-json\/wp\/v2\/types\/post"}],"author":[{"embeddable":true,"href":"https:\/\/incit.org\/az\/wp-json\/wp\/v2\/users\/3"}],"replies":[{"embeddable":true,"href":"https:\/\/incit.org\/az\/wp-json\/wp\/v2\/comments?post=31611"}],"version-history":[{"count":3,"href":"https:\/\/incit.org\/az\/wp-json\/wp\/v2\/posts\/31611\/revisions"}],"predecessor-version":[{"id":35469,"href":"https:\/\/incit.org\/az\/wp-json\/wp\/v2\/posts\/31611\/revisions\/35469"}],"wp:featuredmedia":[{"embeddable":true,"href":"https:\/\/incit.org\/az\/wp-json\/wp\/v2\/media\/35315"}],"wp:attachment":[{"href":"https:\/\/incit.org\/az\/wp-json\/wp\/v2\/media?parent=31611"}],"wp:term":[{"taxonomy":"category","embeddable":true,"href":"https:\/\/incit.org\/az\/wp-json\/wp\/v2\/categories?post=31611"},{"taxonomy":"post_tag","embeddable":true,"href":"https:\/\/incit.org\/az\/wp-json\/wp\/v2\/tags?post=31611"}],"curies":[{"name":"wp","href":"https:\/\/api.w.org\/{rel}","templated":true}]}}