{"id":37195,"date":"2025-05-26T02:52:58","date_gmt":"2025-05-25T18:52:58","guid":{"rendered":"https:\/\/incit.org\/?p=37195"},"modified":"2025-05-28T00:00:40","modified_gmt":"2025-05-27T16:00:40","slug":"how-sdgs-are-changing-the-way-industries-operate","status":"publish","type":"post","link":"https:\/\/incit.org\/az\/thought-leadership\/how-sdgs-are-changing-the-way-industries-operate\/","title":{"rendered":"SDG-l\u0259r s\u0259nayel\u0259rin i\u015fini nec\u0259 d\u0259yi\u015fdirir"},"content":{"rendered":"<h2><b>Giri\u015f<\/b><\/h2>\n<p><span style=\"font-weight: 400;\">The <\/span><b>Davaml\u0131 \u0130nki\u015faf M\u0259qs\u0259dl\u0259ri (SDGs)<\/b><span style=\"font-weight: 400;\">2015-ci ild\u0259 Birl\u0259\u015fmi\u015f Mill\u0259tl\u0259r T\u0259\u015fkilat\u0131n\u0131n b\u00fct\u00fcn \u00dczv D\u00f6vl\u0259tl\u0259ri t\u0259r\u0259find\u0259n q\u0259bul edilmi\u015f, qlobal bax\u0131\u015fdan daha \u00e7ox \u015feydir - onlar bir pland\u0131r. <\/span><b>s\u0259nayel\u0259rin nec\u0259 i\u015fl\u0259diyini d\u0259yi\u015fdirir<\/b><span style=\"font-weight: 400;\">. D\u00fcnya iqlim d\u0259yi\u015fikliyi, sosial b\u0259rab\u0259rsizlik v\u0259 r\u0259q\u0259msal pozulma il\u0259 m\u00fcbariz\u0259 apard\u0131qca, D\u0130M-l\u0259rin biznes modell\u0259rinin, istehsal sisteml\u0259rinin v\u0259 maraql\u0131 t\u0259r\u0259fl\u0259rin hesabatl\u0131l\u0131\u011f\u0131n\u0131n formala\u015fmas\u0131nda rolu getdikc\u0259 h\u0259yati \u0259h\u0259miyy\u0259t k\u0259sb edir.<\/span><\/p>\n<p><span style=\"font-weight: 400;\">2025-ci ild\u0259 qabaqc\u0131l d\u00fc\u015f\u00fcn\u0259n \u015firk\u0259tl\u0259r Korporativ Sosial M\u0259suliyy\u0259td\u0259n (KSM) k\u0259nara \u00e7\u0131x\u0131rlar. Onlar davaml\u0131l\u0131\u011f\u0131 daxil edirl\u0259r <\/span><b>\u0259sas strategiyalar, d\u0259y\u0259r z\u0259ncirl\u0259ri v\u0259 innovasiya d\u00f6vrl\u0259ri<\/b><span style=\"font-weight: 400;\">, m\u0259nf\u0259\u0259tin m\u0259qs\u0259d\u0259 uy\u011funla\u015fd\u0131r\u0131lmas\u0131. Bu m\u0259qal\u0259 D\u0130M-l\u0259rin sektorlar \u00fczr\u0259 s\u0259nayel\u0259ri nec\u0259 yenid\u0259n formala\u015fd\u0131rd\u0131\u011f\u0131n\u0131 v\u0259 t\u0259\u015fkilatlar\u0131n m\u00fcvafiq, m\u0259suliyy\u0259tli v\u0259 m\u00f6hk\u0259m qalmaq \u00fc\u00e7\u00fcn n\u0259 etm\u0259li oldu\u011funu ara\u015fd\u0131r\u0131r.<\/span><\/p>\n<p><span style=\"font-weight: 400;\">\ud83d\udd17 INCIT-in bacar\u0131qlar\u0131n inki\u015faf\u0131na nec\u0259 t\u0259kan verdiyini \u00f6yr\u0259nin\u00a0<\/span><a title=\"OPERI\" href=\"https:\/\/incit.org\/az\/what-we-do\/operi\/\" target=\"_blank\" rel=\"noopener\"><span style=\"font-weight: 400;\">OPERI<\/span><\/a><span style=\"font-weight: 400;\"> m\u0259qs\u0259dy\u00f6nl\u00fc transformasiyan\u0131 d\u0259st\u0259kl\u0259m\u0259k.<\/span><\/p>\n<h2><b>Dayan\u0131ql\u0131 \u0130nki\u015faf M\u0259qs\u0259dl\u0259ri (SDGs) n\u0259dir?<\/b><\/h2>\n<p><span style=\"font-weight: 400;\">The <\/span><a title=\"Davaml\u0131 \u0130nki\u015faf M\u0259qs\u0259dl\u0259ri\" href=\"https:\/\/sdgs.un.org\/goals\" target=\"_blank\" rel=\"noopener\"><b>17 SDG<\/b><\/a><span style=\"font-weight: 400;\">, BMT-nin 2030 G\u00fcnd\u0259liyinin bir hiss\u0259si, yoxsulluq, t\u0259hsil v\u0259 gender b\u0259rab\u0259rliyind\u0259n tutmu\u015f iqlim f\u0259aliyy\u0259tin\u0259, davaml\u0131 s\u0259nayey\u0259 v\u0259 s\u00fclh\u0259 q\u0259d\u0259r bir-biri il\u0259 \u0259laq\u0259li qlobal \u00e7a\u011f\u0131r\u0131\u015flar\u0131 h\u0259ll edir.<\/span><\/p>\n<p><span style=\"font-weight: 400;\">H\u0259r bir m\u0259qs\u0259d x\u00fcsusi il\u0259 m\u00fc\u015fayi\u0259t olunur <\/span><b>h\u0259d\u0259fl\u0259r v\u0259 g\u00f6st\u0259ricil\u0259r<\/b><span style=\"font-weight: 400;\">, bunu h\u00f6kum\u0259tl\u0259r, biznesl\u0259r v\u0259 v\u0259t\u0259nda\u015f c\u0259miyy\u0259ti \u00fc\u00e7\u00fcn universal f\u0259aliyy\u0259t \u00e7a\u011f\u0131r\u0131\u015f\u0131 edir.<\/span><\/p>\n<h3><b>SDG-l\u0259rin s\u0259nayey\u0259 uy\u011funlu\u011fu<\/b><\/h3>\n<p><span style=\"font-weight: 400;\">S\u0259nayel\u0259r \u00fc\u00e7\u00fcn D\u0130M-l\u0259r:<\/span><\/p>\n<ul>\n<li style=\"font-weight: 400;\" aria-level=\"1\"><span style=\"font-weight: 400;\">kimi xidm\u0259t edin <\/span><b>davaml\u0131 innovasiya \u00fc\u00e7\u00fcn \u00e7\u0259r\u00e7iv\u0259<\/b><\/li>\n<li style=\"font-weight: 400;\" aria-level=\"1\"><span style=\"font-weight: 400;\">T\u0259kmill\u0259\u015fdirm\u0259k <\/span><b>riskl\u0259rin idar\u0259 edilm\u0259si<\/b><span style=\"font-weight: 400;\"> v\u0259 normativl\u0259r\u0259 uy\u011funluq<\/span><\/li>\n<li style=\"font-weight: 400;\" aria-level=\"1\"><span style=\"font-weight: 400;\">G\u00fccl\u0259ndirin <\/span><b>reputasiya<\/b><span style=\"font-weight: 400;\"> v\u0259 maraql\u0131 t\u0259r\u0259fl\u0259rin etimad\u0131<\/span><\/li>\n<li style=\"font-weight: 400;\" aria-level=\"1\"><span style=\"font-weight: 400;\">Giri\u015fin kilidini a\u00e7\u0131n <\/span><b>t\u0259sir\u0259 \u0259saslanan kapital v\u0259 investisiya<\/b><\/li>\n<\/ul>\n<p>&nbsp;<\/p>\n<h2><b>Niy\u0259 D\u0130M-l\u0259r 2025-ci ild\u0259 Biznes Strategiyas\u0131 \u00fc\u00e7\u00fcn \u018fh\u0259miyy\u0259tlidir<\/b><\/h2>\n<h3><b>1. \u0130nvestorlar\u0131n g\u00f6zl\u0259ntil\u0259ri d\u0259yi\u015fdi<\/b><\/h3>\n<p><a href=\"https:\/\/incit.org\/az\/thought-leadership\/prioritising-esg-data-governance-in-sustainable-manufacturing\/\"><span style=\"font-weight: 400;\">\u018ftraf M\u00fchit, Sosial v\u0259 \u0130dar\u0259etm\u0259 (ESG)<\/span><\/a><span style=\"font-weight: 400;\"> kriteriyalar indi <\/span><b>\u0259sas investisiya meyarlar\u0131<\/b><span style=\"font-weight: 400;\">. Aktiv menecerl\u0259ri getdikc\u0259 SDG \u00f6l\u00e7\u00fcl\u0259ri il\u0259 uy\u011funla\u015fma s\u00fcbutunu t\u0259l\u0259b edirl\u0259r.<\/span><\/p>\n<p><span style=\"font-weight: 400;\">g\u00f6r\u0259 <\/span><a href=\"https:\/\/www.pwc.com\/sg\/en\/\" target=\"_blank\" rel=\"noopener\"><span style=\"font-weight: 400;\">PwC<\/span><\/a><span style=\"font-weight: 400;\">, <\/span><b>\u0130nvestorlar\u0131n 79% SDG uy\u011funla\u015fmas\u0131n\u0131n uzunm\u00fcdd\u0259tli maliyy\u0259 g\u00f6st\u0259ricil\u0259rini art\u0131raca\u011f\u0131na inan\u0131r<\/b><a href=\"https:\/\/www.pwc.se\/sv\/deals\/future-of-finance-july-2023.pdf\" target=\"_blank\" rel=\"noopener\"><span style=\"font-weight: 400;\">1<\/span><\/a><span style=\"font-weight: 400;\">.<\/span><\/p>\n<h3><b>2. \u0130stehlak\u00e7\u0131 Davran\u0131\u015f\u0131 D\u0259yi\u015fir<\/b><\/h3>\n<p><span style=\"font-weight: 400;\">Millennials v\u0259 Gen Z \u015f\u0259ffafl\u0131q v\u0259 hesabatl\u0131l\u0131q t\u0259l\u0259b edir. Onlar aktiv \u015f\u0259kild\u0259 t\u00f6hf\u0259 ver\u0259n markalar\u0131 d\u0259st\u0259kl\u0259m\u0259k ist\u0259yirl\u0259r <\/span><b>sosial yax\u015f\u0131l\u0131q v\u0259 \u0259traf m\u00fchit\u0259 davaml\u0131l\u0131q<\/b><span style=\"font-weight: 400;\">.<\/span><\/p>\n<h3><b>3. T\u0259nziml\u0259yici T\u0259zyiql\u0259r Art\u0131r<\/b><\/h3>\n<p><span style=\"font-weight: 400;\">H\u00f6kum\u0259tl\u0259r iqlimin a\u00e7\u0131qlanmas\u0131 mandatlar\u0131n\u0131 s\u0259rtl\u0259\u015fdirir v\u0259 t\u0259tbiq edir <\/span><b>ya\u015f\u0131l sat\u0131nalma standartlar\u0131<\/b><span style=\"font-weight: 400;\">. D\u0130M-l\u0259r\u0259 proaktiv \u015f\u0259kild\u0259 uy\u011funla\u015fan s\u0259nayel\u0259r uy\u011funluq v\u0259 r\u0259qab\u0259t \u00fcst\u00fcnl\u00fcy\u00fc \u00fc\u00e7\u00fcn daha yax\u015f\u0131 m\u00f6vqe tuturlar.<\/span><\/p>\n<h2><b>SDG-l\u0259r s\u0259naye t\u0259cr\u00fcb\u0259l\u0259rini nec\u0259 yenid\u0259n formala\u015fd\u0131r\u0131r<br \/>\n<img fetchpriority=\"high\" decoding=\"async\" class=\"alignnone wp-image-37203 size-full\" src=\"https:\/\/assets.incit.org\/wp-content\/uploads\/2025\/05\/27033123\/sustainable-development-goals.webp\" alt=\"Sustainable Development Goals | INCIT\" width=\"1200\" height=\"1200\" srcset=\"https:\/\/assets.incit.org\/wp-content\/uploads\/2025\/05\/27033123\/sustainable-development-goals.webp 1200w, https:\/\/assets.incit.org\/wp-content\/uploads\/2025\/05\/27033123\/sustainable-development-goals-300x300.webp 300w, https:\/\/assets.incit.org\/wp-content\/uploads\/2025\/05\/27033123\/sustainable-development-goals-1024x1024.webp 1024w, https:\/\/assets.incit.org\/wp-content\/uploads\/2025\/05\/27033123\/sustainable-development-goals-150x150.webp 150w, https:\/\/assets.incit.org\/wp-content\/uploads\/2025\/05\/27033123\/sustainable-development-goals-768x768.webp 768w, https:\/\/assets.incit.org\/wp-content\/uploads\/2025\/05\/27033123\/sustainable-development-goals-12x12.webp 12w\" sizes=\"(max-width: 1200px) 100vw, 1200px\" \/><\/b><\/h2>\n<h3><a title=\"Davaml\u0131 \u0130nki\u015faf M\u0259qs\u0259di #7\" href=\"https:\/\/sdgs.un.org\/goals\/goal7\" target=\"_blank\" rel=\"noopener\"><b>SDG 7<\/b><\/a><b>: \u018flveri\u015fli v\u0259 T\u0259miz Enerji<\/b><\/h3>\n<p><span style=\"font-weight: 400;\">S\u0259naye sah\u0259l\u0259ri s\u0259rmay\u0259 qoyur <\/span><b>b\u0259rpa olunan enerji<\/b><span style=\"font-weight: 400;\">emissiyalar\u0131 v\u0259 \u0259m\u0259liyyat x\u0259rcl\u0259rini azaltmaq \u00fc\u00e7\u00fcn enerji s\u0259m\u0259r\u0259liliyi v\u0259 karbonsuzla\u015fd\u0131rma texnologiyalar\u0131.<\/span><\/p>\n<ul>\n<li style=\"font-weight: 400;\" aria-level=\"1\"><span style=\"font-weight: 400;\">\u0130stehsalat zavodlar\u0131na k\u00f6\u00e7\u00fcr <\/span><b>g\u00fcn\u0259\u015f v\u0259 k\u00fcl\u0259k enerjisi<\/b><\/li>\n<li style=\"font-weight: 400;\" aria-level=\"1\"><span style=\"font-weight: 400;\">Data m\u0259rk\u0259zl\u0259ri q\u0259bul edir <\/span><b>ya\u015f\u0131l bulud hesablama<\/b><\/li>\n<li style=\"font-weight: 400;\" aria-level=\"1\"><span style=\"font-weight: 400;\">\u015e\u0259h\u0259r logistikas\u0131 inteqrasiya olunur <\/span><b>elektrik n\u0259qliyyat vasit\u0259l\u0259ri (EV) parklar\u0131<\/b><\/li>\n<\/ul>\n<p><span style=\"font-weight: 400;\">\ud83d\udd17 INCIT-in nec\u0259 d\u0259st\u0259kl\u0259diyin\u0259 bax\u0131n <\/span><b>istehsalda davaml\u0131 innovasiya<\/b><span style=\"font-weight: 400;\"> vasit\u0259sil\u0259<\/span>\u00a0<a title=\"SIRI Qiym\u0259tl\u0259ndirilm\u0259si\" href=\"https:\/\/incit.org\/az\/what-we-do\/siri\/assessment\/\" target=\"_blank\" rel=\"noopener\"><span style=\"font-weight: 400;\">SIRI Qiym\u0259tl\u0259ndirilm\u0259si<\/span><\/a><span style=\"font-weight: 400;\">.<\/span><\/p>\n<h3><a title=\"Davaml\u0131 \u0130nki\u015faf M\u0259qs\u0259di #8\" href=\"https:\/\/sdgs.un.org\/goals\/goal8\" target=\"_blank\" rel=\"noopener\"><b>SDG 8<\/b><\/a><b>: Layiqli \u0130\u015f v\u0259 \u0130qtisadi \u0130nki\u015faf<\/b><\/h3>\n<p><span style=\"font-weight: 400;\">S\u0259naye 4.0 texnologiyalar\u0131 i\u015f\u00e7il\u0259ri g\u00fccl\u0259ndir\u0259 v\u0259 ya k\u0259narla\u015fd\u0131ra bil\u0259r. SDG 8 il\u0259 uy\u011funla\u015fma:<\/span><\/p>\n<ul>\n<li style=\"font-weight: 400;\" aria-level=\"1\"><span style=\"font-weight: 400;\">t\u0259min edilm\u0259si <\/span><b>\u0259dal\u0259tli \u0259m\u0259k haqq\u0131 v\u0259 t\u0259hl\u00fck\u0259siz i\u015f \u015f\u0259raiti<\/b><\/li>\n<li style=\"font-weight: 400;\" aria-level=\"1\"><span style=\"font-weight: 400;\">\u0130\u015f\u00e7il\u0259rin yenid\u0259n bacar\u0131qlar\u0131n\u0131n art\u0131r\u0131lmas\u0131 <\/span><b>\u00f6m\u00fcr boyu \u00f6yr\u0259nm\u0259<\/b><\/li>\n<li style=\"font-weight: 400;\" aria-level=\"1\"><span style=\"font-weight: 400;\">T\u0259\u015fviq etm\u0259k <\/span><b>inkl\u00fcziv m\u0259\u015f\u011fulluq t\u0259cr\u00fcb\u0259l\u0259ri<\/b><\/li>\n<\/ul>\n<p><span style=\"font-weight: 400;\">\ud83d\udd17 INCIT t\u0259chiz etm\u0259kl\u0259 i\u015f\u00e7i q\u00fcvv\u0259sinin transformasiyas\u0131na imkan verir\u00a0<\/span><a href=\"https:\/\/incit.org\/az\/what-we-do\/operi\/training-certification-centres\/\" target=\"_blank\" rel=\"noopener\"><span style=\"font-weight: 400;\">t\u0259lim v\u0259 sertifikatla\u015fd\u0131rma m\u0259rk\u0259zl\u0259ri<\/span><\/a><span style=\"font-weight: 400;\"> g\u0259l\u0259c\u0259y\u0259 y\u00f6n\u0259lmi\u015f proqramlarla.<\/span><\/p>\n<h3><a title=\"Davaml\u0131 \u0130nki\u015faf M\u0259qs\u0259di #9\" href=\"https:\/\/sdgs.un.org\/goals\/goal9\" target=\"_blank\" rel=\"noopener\"><b>SDG 9<\/b><\/a><b>: S\u0259naye, \u0130nnovasiya v\u0259 \u0130nfrastruktur<\/b><\/h3>\n<p><span style=\"font-weight: 400;\">Bu SDG birba\u015fa s\u0259naye r\u0259q\u0259msalla\u015fmas\u0131 il\u0259 \u0259laq\u0259l\u0259ndirilir. \u015eirk\u0259tl\u0259r inki\u015faf etm\u0259lidir:<\/span><\/p>\n<ul>\n<li style=\"font-weight: 400;\" aria-level=\"1\"><b>Dayan\u0131ql\u0131 infrastruktur<\/b><span style=\"font-weight: 400;\"> t\u0259chizat z\u0259ncirinin \u00e7evikliyini d\u0259st\u0259kl\u0259yir<\/span><\/li>\n<li style=\"font-weight: 400;\" aria-level=\"1\"><span style=\"font-weight: 400;\">A\u011f\u0131ll\u0131 fabrikl\u0259r istifad\u0259 edir <\/span><b>IoT, AI v\u0259 robototexnika<\/b><\/li>\n<li style=\"font-weight: 400;\" aria-level=\"1\"><span style=\"font-weight: 400;\">\u00fc\u00e7\u00fcn platformalar <\/span><b>a\u00e7\u0131q innovasiya v\u0259 \u0259m\u0259kda\u015fl\u0131q<\/b><\/li>\n<\/ul>\n<p><span style=\"font-weight: 400;\">\ud83d\udd17 Nec\u0259 oldu\u011funu \u00f6yr\u0259nin\u00a0<\/span><a title=\"OPERI\" href=\"https:\/\/incit.org\/az\/what-we-do\/operi\/\" target=\"_blank\" rel=\"noopener\"><span style=\"font-weight: 400;\">OPERI \u00e7\u0259r\u00e7iv\u0259si<\/span><\/a><span style=\"font-weight: 400;\"> m\u00fc\u0259ssis\u0259l\u0259r\u0259 r\u0259q\u0259msal v\u0259 davaml\u0131 b\u00f6y\u00fcm\u0259nin qurulmas\u0131na k\u00f6m\u0259k edir.<\/span><\/p>\n<h3><a title=\"Davaml\u0131 \u0130nki\u015faf M\u0259qs\u0259di #12\" href=\"https:\/\/sdgs.un.org\/goals\/goal12\" target=\"_blank\" rel=\"noopener\"><b>SDG 12<\/b><\/a><b>: M\u0259suliyy\u0259tli \u0130stehlak v\u0259 \u0130stehsal<\/b><\/h3>\n<p><span style=\"font-weight: 400;\">Bug\u00fcnk\u00fc istehlak\u00e7\u0131lar m\u0259hsullar\u0131n nec\u0259 istehsal olundu\u011fu v\u0259 qaynaqland\u0131\u011f\u0131 bar\u0259d\u0259 \u015f\u0259ffafl\u0131q t\u0259l\u0259b edirl\u0259r. S\u0259nayel\u0259r bunlard\u0131r:<\/span><\/p>\n<ul>\n<li style=\"font-weight: 400;\" aria-level=\"1\"><span style=\"font-weight: 400;\">\u00fc\u00e7\u00fcn m\u0259hsullar\u0131n yenid\u0259n dizayn edilm\u0259si <\/span><b>dair\u0259vilik<\/b><\/li>\n<li style=\"font-weight: 400;\" aria-level=\"1\"><span style=\"font-weight: 400;\">\u00d6vladl\u0131\u011fa g\u00f6t\u00fcrm\u0259k <\/span><b>h\u0259yat d\u00f6vr\u00fcn\u00fcn qiym\u0259tl\u0259ndirilm\u0259si (LCA)<\/b><span style=\"font-weight: 400;\"> \u00fcsullar\u0131<\/span><\/li>\n<li style=\"font-weight: 400;\" aria-level=\"1\"><span style=\"font-weight: 400;\">vasit\u0259sil\u0259 tullant\u0131lar\u0131n azald\u0131lmas\u0131 <\/span><b>s\u0131f\u0131r tullant\u0131 siyas\u0259ti<\/b><\/li>\n<\/ul>\n<p><span style=\"font-weight: 400;\">kimi \u015firk\u0259tl\u0259r <\/span><a title=\"IKEA\" href=\"https:\/\/www.ikea.com\/\" target=\"_blank\" rel=\"noopener\"><span style=\"font-weight: 400;\">IKEA<\/span><\/a><span style=\"font-weight: 400;\"> v\u0259 <\/span><a title=\"Unilever\" href=\"https:\/\/www.unilever.com\/\" target=\"_blank\" rel=\"noopener\"><span style=\"font-weight: 400;\">Unilever<\/span><\/a><span style=\"font-weight: 400;\"> il\u0259 art\u0131q n\u00fcmun\u0259 g\u00f6st\u0259rirl\u0259r <\/span><b>qapal\u0131 d\u00f6vr\u0259 sisteml\u0259ri<\/b><span style=\"font-weight: 400;\"> v\u0259 <\/span><b>etik m\u0259nb\u0259<\/b><span style=\"font-weight: 400;\"> siyas\u0259tl\u0259r.<\/span><\/p>\n<h3><a title=\"Davaml\u0131 \u0130nki\u015faf M\u0259qs\u0259di #13\" href=\"https:\/\/sdgs.un.org\/goals\/goal13\" target=\"_blank\" rel=\"noopener\"><b>SDG 13<\/b><\/a><b>: \u0130qlim F\u0259aliyy\u0259ti<\/b><\/h3>\n<p><span style=\"font-weight: 400;\">Davaml\u0131l\u0131q art\u0131q periferik deyil. \u0130qlim riski indi a <\/span><b>maliyy\u0259 riski<\/b><span style=\"font-weight: 400;\">. SDG 13 il\u0259 uy\u011funla\u015fmaq \u00fc\u00e7\u00fcn s\u0259nayel\u0259r:<\/span><\/p>\n<ul>\n<li style=\"font-weight: 400;\" aria-level=\"1\"><span style=\"font-weight: 400;\">H\u0259yata ke\u00e7ir\u0259n <\/span><b>elm\u0259 \u0259saslanan h\u0259d\u0259fl\u0259r<\/b><\/li>\n<li style=\"font-weight: 400;\" aria-level=\"1\"><span style=\"font-weight: 400;\">i\u015ftirak edir <\/span><b>karbon bazarlar\u0131<\/b><\/li>\n<li style=\"font-weight: 400;\" aria-level=\"1\"><span style=\"font-weight: 400;\">\u0130nteqrasiya <\/span><b>\u0259sas \u0259m\u0259liyyatlarda iqlim\u0259 davaml\u0131l\u0131q<\/b><\/li>\n<\/ul>\n<p>&nbsp;<\/p>\n<h2><b>Sektorlararas\u0131 T\u0259dqiqatlar: <\/b><a title=\"Davaml\u0131 \u0130nki\u015faf M\u0259qs\u0259dl\u0259ri\" href=\"https:\/\/sdgs.un.org\/partnerships\/browse\" target=\"_blank\" rel=\"noopener\"><b>SDGs<\/b><\/a><b> F\u0259aliyy\u0259td\u0259<\/b><\/h2>\n<h3><b>1. Avtomobil Sektoru<\/b><\/h3>\n<p><span style=\"font-weight: 400;\">From <\/span><b>etik m\u0259d\u0259n\u00e7iliy\u0259 elektrikl\u0259\u015fdirm\u0259<\/b><span style=\"font-weight: 400;\">, avtomobil istehsal\u00e7\u0131lar\u0131 b\u00fct\u00fcn d\u0259y\u0259r z\u0259ncirl\u0259rind\u0259 davaml\u0131l\u0131\u011f\u0131 yenid\u0259n qiym\u0259tl\u0259ndirirl\u0259r.<\/span><\/p>\n<ul>\n<li style=\"font-weight: 400;\" aria-level=\"1\"><a title=\"BMW-nin Davaml\u0131l\u0131\u011fa Sadiqliyi\" href=\"https:\/\/www.bmwgroup.com\/en\/sustainability.html\" target=\"_blank\" rel=\"noopener\"><b>BMW<\/b><\/a><span style=\"font-weight: 400;\"> \u00f6z t\u0259dar\u00fck z\u0259ncirind\u0259 karbon neytrall\u0131\u011f\u0131 v\u0259 sosial t\u0259sir \u00fc\u00e7\u00fcn SDG-y\u0259 uy\u011funla\u015fd\u0131r\u0131lm\u0131\u015f h\u0259d\u0259fl\u0259ri \u00f6hd\u0259sin\u0259 g\u00f6t\u00fcrm\u00fc\u015fd\u00fcr.<\/span><\/li>\n<li style=\"font-weight: 400;\" aria-level=\"1\">Tesla<span style=\"font-weight: 400;\">&#039;s \u015faquli inteqrasiya modeli istehsal s\u0259nayesind\u0259 yeni davaml\u0131l\u0131q standartlar\u0131 m\u00fc\u0259yy\u0259n edir.<\/span><\/li>\n<\/ul>\n<h3><b>2. Tekstil S\u0259nayesi<\/b><\/h3>\n<p><span style=\"font-weight: 400;\">S\u00fcr\u0259tli moda uzun m\u00fcdd\u0259tdir ki, davaml\u0131l\u0131q bax\u0131m\u0131ndan gerid\u0259 qal\u0131r. Ancaq novatorlar indi:<\/span><\/p>\n<ul>\n<li style=\"font-weight: 400;\" aria-level=\"1\"><span style=\"font-weight: 400;\">\u0130stifad\u0259 <\/span><b>t\u0259krar emal edilmi\u015f lifl\u0259r<\/b><span style=\"font-weight: 400;\"> v\u0259 <\/span><b>bioloji par\u00e7alana bil\u0259n materiallar<\/b><\/li>\n<li style=\"font-weight: 400;\" aria-level=\"1\"><span style=\"font-weight: 400;\">Tullant\u0131lar\u0131 azaltmaq \u00fc\u00e7\u00fcn dizayn prosesl\u0259rinin r\u0259q\u0259msalla\u015fd\u0131r\u0131lmas\u0131<\/span><\/li>\n<li style=\"font-weight: 400;\" aria-level=\"1\"><span style=\"font-weight: 400;\">Ba\u015flan\u0131r <\/span><b>geri g\u00f6t\u00fcrm\u0259 sxeml\u0259ri<\/b><span style=\"font-weight: 400;\"> paltar\u0131n t\u0259krar emal\u0131 \u00fc\u00e7\u00fcn<\/span><\/li>\n<\/ul>\n<h3><b>3. K\u0259nd T\u0259s\u0259rr\u00fcfat\u0131 v\u0259 Qida Sektoru<\/b><\/h3>\n<p><span style=\"font-weight: 400;\">\u015eirk\u0259tl\u0259r qucaqla\u015f\u0131r <\/span><b>regenerativ k\u0259nd t\u0259s\u0259rr\u00fcfat\u0131<\/b><span style=\"font-weight: 400;\">, SDG 2 v\u0259 SDG 12-y\u0259 cavab verm\u0259k \u00fc\u00e7\u00fcn qida izl\u0259nm\u0259sinin yax\u015f\u0131la\u015fd\u0131r\u0131lmas\u0131 v\u0259 qida tullant\u0131lar\u0131n\u0131n k\u0259silm\u0259si.<\/span><\/p>\n<ul>\n<li style=\"font-weight: 400;\" aria-level=\"1\"><a title=\"Nestle Qlobal M\u0259qs\u0259dl\u0259r\u0259 T\u00f6hf\u0259\" href=\"https:\/\/www.nestle.com\/sustainability\/regenerative-food-systems\/global-goals\" target=\"_blank\" rel=\"noopener\"><b>Nestl\u00e9<\/b><\/a><span style=\"font-weight: 400;\"> v\u0259 <\/span><a title=\"PepsiCo-nun ESG yana\u015fmas\u0131\" href=\"https:\/\/www.pepsico.com\/our-impact\/sustainability\/esg-summary\" target=\"_blank\" rel=\"noopener\"><b>PepsiCo<\/b><\/a><span style=\"font-weight: 400;\"> xalis s\u0131f\u0131r t\u0259dar\u00fck z\u0259ncirl\u0259rini v\u0259d etdil\u0259r.<\/span><\/li>\n<li style=\"font-weight: 400;\" aria-level=\"1\"><span style=\"font-weight: 400;\">Startaplar istifad\u0259 edir <\/span><b>blok\u00e7eyn<\/b><span style=\"font-weight: 400;\"> davaml\u0131 m\u0259nb\u0259 t\u0259cr\u00fcb\u0259l\u0259rini t\u0259sdiq etm\u0259k.<\/span><\/li>\n<\/ul>\n<p>&nbsp;<\/p>\n<h2><b>S\u0259nayed\u0259 D\u0130M-in T\u0259tbiqind\u0259 \u00c7\u0259tinlikl\u0259r<\/b><\/h2>\n<p><span style=\"font-weight: 400;\">T\u0259l\u0259b\u0259 baxmayaraq, bir s\u0131ra mane\u0259l\u0259r qal\u0131r:<\/span><\/p>\n<ul>\n<li style=\"font-weight: 400;\" aria-level=\"1\"><b>Standartla\u015fd\u0131rman\u0131n olmamas\u0131<\/b><span style=\"font-weight: 400;\"> SDG metrikl\u0259rind\u0259<\/span><\/li>\n<li style=\"font-weight: 400;\" aria-level=\"1\"><b>Q\u0131sam\u00fcdd\u0259tlilik<\/b><span style=\"font-weight: 400;\"> iclas otaqlar\u0131nda v\u0259 r\u00fcbl\u00fck h\u0259d\u0259fl\u0259r<\/span><\/li>\n<li style=\"font-weight: 400;\" aria-level=\"1\"><b>Ya\u015f\u0131l yuyulma riskl\u0259ri<\/b><span style=\"font-weight: 400;\">, burada \u015firk\u0259tl\u0259r \u00f6z t\u0259sirl\u0259rini \u015fi\u015firdirl\u0259r<\/span><\/li>\n<li style=\"font-weight: 400;\" aria-level=\"1\"><b>Bacar\u0131q bo\u015fluqlar\u0131<\/b><span style=\"font-weight: 400;\"> davaml\u0131l\u0131q liderliyind\u0259 v\u0259 m\u0259lumatlar\u0131n idar\u0259 edilm\u0259sind\u0259<\/span><\/li>\n<\/ul>\n<p><span style=\"font-weight: 400;\">\ud83d\udd17 Onun vasit\u0259sil\u0259\u00a0<\/span><a title=\"INCIT-in T\u0259r\u0259fda\u015fl\u0131q Modeli\" href=\"https:\/\/incit.org\/az\/what-we-do\/partnership-model\/\" target=\"_blank\" rel=\"noopener\"><span style=\"font-weight: 400;\">t\u0259r\u0259fda\u015fl\u0131q modeli<\/span><\/a><span style=\"font-weight: 400;\">, INCIT t\u0259\u015fkilatlara bu sistemli mane\u0259l\u0259ri d\u0259f etm\u0259k \u00fc\u00e7\u00fcn sektorlar aras\u0131nda \u0259m\u0259kda\u015fl\u0131q etm\u0259y\u0259 k\u00f6m\u0259k edir.<\/span><\/p>\n<h2><b>SDG-l\u0259rin s\u00fcr\u0259tl\u0259ndirilm\u0259sind\u0259 r\u0259q\u0259msal transformasiyan\u0131n rolu<\/b><\/h2>\n<p><span style=\"font-weight: 400;\">R\u0259q\u0259msal al\u0259tl\u0259r davaml\u0131 t\u0259\u015f\u0259bb\u00fcsl\u0259rd\u0259 \u015f\u0259ffafl\u0131\u011fa, hesabatl\u0131l\u0131\u011fa v\u0259 miqyasl\u0131l\u0131\u011fa imkan verir.<\/span><\/p>\n<ul>\n<li style=\"font-weight: 400;\" aria-level=\"1\"><b>AI<\/b><span style=\"font-weight: 400;\"> s\u0259m\u0259r\u0259sizliyi v\u0259 karbon qaynar n\u00f6qt\u0259l\u0259rini m\u00fc\u0259yy\u0259n edir<\/span><\/li>\n<li style=\"font-weight: 400;\" aria-level=\"1\"><b>IoT sensorlar\u0131<\/b><span style=\"font-weight: 400;\"> enerji istifad\u0259sin\u0259 v\u0259 emissiyalara n\u0259zar\u0259t etm\u0259k<\/span><\/li>\n<li style=\"font-weight: 400;\" aria-level=\"1\"><b>R\u0259q\u0259msal platformalar<\/b><span style=\"font-weight: 400;\"> qlobal t\u0259chizat z\u0259ncirl\u0259ri aras\u0131nda \u0259m\u0259kda\u015fl\u0131\u011f\u0131 g\u00fccl\u0259ndirm\u0259k<\/span><\/li>\n<\/ul>\n<p><span style=\"font-weight: 400;\">R\u0259q\u0259msal yetkinlik indi ondan ayr\u0131lmazd\u0131r <\/span><b>davaml\u0131l\u0131q yetkinliyi<\/b><span style=\"font-weight: 400;\">.<\/span><\/p>\n<h2><b>D\u0130M-\u0259 uy\u011funla\u015fma \u00fc\u00e7\u00fcn Strateji Yol X\u0259rit\u0259si<\/b><\/h2>\n<h3><b>Add\u0131m 1: M\u00fcvafiq m\u0259qs\u0259dl\u0259r\u0259 \u00fcst\u00fcnl\u00fck verin<\/b><\/h3>\n<p><span style=\"font-weight: 400;\">S\u0259naye v\u0259 \u0259m\u0259liyyatlar\u0131n\u0131zla birba\u015fa \u0259laq\u0259li olan 3-5 SDG m\u00fc\u0259yy\u0259n edin.<\/span><\/p>\n<h3><b>Add\u0131m 2: \u00d6l\u00e7\u00fcl\u0259 bil\u0259n h\u0259d\u0259fl\u0259ri t\u0259yin edin<\/b><\/h3>\n<p><span style=\"font-weight: 400;\">Metrikl\u0259ri uy\u011funla\u015fd\u0131rmaq \u00fc\u00e7\u00fcn tan\u0131nm\u0131\u015f standartlardan istifad\u0259 edin.<\/span><\/p>\n<h3><b>Add\u0131m 3: Daxili \u0130mkanlar Yarad\u0131n<\/b><\/h3>\n<p><span style=\"font-weight: 400;\">\u0130\u015f\u00e7i q\u00fcvv\u0259nizi t\u0259kmill\u0259\u015fdirin, davaml\u0131 inki\u015faf liderl\u0259ri t\u0259yin edin v\u0259 D\u0130M t\u0259\u015f\u0259bb\u00fcsl\u0259rin\u0259 r\u0259hb\u0259rlik etm\u0259k \u00fc\u00e7\u00fcn komandalar\u0131 g\u00fccl\u0259ndirin.<\/span><\/p>\n<h3><b>Add\u0131m 4: Maraql\u0131 t\u0259r\u0259fl\u0259ri c\u0259lb edin<\/b><\/h3>\n<p><span style=\"font-weight: 400;\">Davaml\u0131l\u0131q yol x\u0259rit\u0259niz\u0259 i\u015f\u00e7il\u0259ri, m\u00fc\u015ft\u0259ril\u0259ri, investorlar\u0131 v\u0259 t\u0259nziml\u0259yicil\u0259ri c\u0259lb edin.<\/span><\/p>\n<h3><b>Add\u0131m 5: \u015e\u0259ffaf hesabat verin<\/b><\/h3>\n<p><span style=\"font-weight: 400;\">Etibarl\u0131, \u00fc\u00e7\u00fcnc\u00fc t\u0259r\u0259f t\u0259r\u0259find\u0259n t\u0259sdiql\u0259nmi\u015f m\u0259lumatlardan istifad\u0259 ed\u0259r\u0259k t\u0259r\u0259qqi il\u0259 ba\u011fl\u0131 m\u0259lumat verin.<\/span><\/p>\n<h2><b>N\u0259tic\u0259: Xeyriyy\u0259\u00e7ilik deyil, strategiya kimi davaml\u0131l\u0131q<\/b><\/h2>\n<p><span style=\"font-weight: 400;\">2025-ci ild\u0259 D\u0130M-l\u0259r\u0259 uy\u011funla\u015fmaq art\u0131q yax\u015f\u0131l\u0131q etm\u0259k deyil, daha \u00e7ox \u015fey etm\u0259kdir. <\/span><b>yax\u015f\u0131 i\u015f<\/b><span style=\"font-weight: 400;\">. Davaml\u0131l\u0131\u011f\u0131 f\u0259al \u015f\u0259kild\u0259 \u0259m\u0259liyyatlara daxil ed\u0259n s\u0259nayel\u0259r t\u0259kc\u0259 qlobal \u00f6hd\u0259likl\u0259ri yerin\u0259 yetirmir, h\u0259m d\u0259 innovasiya, istedadlar\u0131n saxlanmas\u0131 v\u0259 uzunm\u00fcdd\u0259tli davaml\u0131l\u0131\u011f\u0131n kilidini a\u00e7\u0131r.<\/span><\/p>\n<p><span style=\"font-weight: 400;\">At <\/span><a title=\"INCIT\" href=\"https:\/\/incit.org\/az\/\" target=\"_blank\" rel=\"noopener\"><span style=\"font-weight: 400;\">INCIT<\/span><\/a><span style=\"font-weight: 400;\">, biz inan\u0131r\u0131q ki, dayan\u0131ql\u0131 inki\u015faf r\u0259q\u0259msal v\u0259 t\u0259\u015fkilati imkanlarla \u0259l-\u0259l\u0259 verm\u0259lidir. Biz sizin transformasiyan\u0131z\u0131 d\u0259st\u0259kl\u0259m\u0259k \u00fc\u00e7\u00fcn buraday\u0131q - add\u0131m-add\u0131m, m\u0259qs\u0259d h\u0259d\u0259f.<\/span><\/p>\n<p><span style=\"font-weight: 400;\">\ud83d\udd17 Biznesinizi SDG-l\u0259r\u0259 uy\u011funla\u015fd\u0131rma\u011fa haz\u0131rs\u0131n\u0131z?<\/span> <a href=\"https:\/\/incit.org\/az\/what-we-do\/\" target=\"_blank\" rel=\"noopener\"><span style=\"font-weight: 400;\">Bacar\u0131qlar\u0131n art\u0131r\u0131lmas\u0131 \u00fc\u00e7\u00fcn h\u0259ll yollar\u0131m\u0131z\u0131 ara\u015fd\u0131r\u0131n<\/span><\/a><span style=\"font-weight: 400;\">.<\/span><\/p>\n<h2><b>\u0130stinadlar<\/b><\/h2>\n<ol>\n<li style=\"font-weight: 400;\" aria-level=\"1\"><span style=\"font-weight: 400;\">PwC. (2023). <\/span><i><span style=\"font-weight: 400;\">SDG \u0130nvestisiya v\u0259 Maliyy\u0259nin G\u0259l\u0259c\u0259yi<\/span><\/i><span style=\"font-weight: 400;\">. <\/span><a title=\"PwC. (2023). SDG \u0130nvestisiya v\u0259 Maliyy\u0259nin G\u0259l\u0259c\u0259yi\" href=\"https:\/\/www.pwc.se\/sv\/deals\/future-of-finance-july-2023.pdf\" target=\"_blank\" rel=\"noopener\"><span style=\"font-weight: 400;\">Link<\/span><\/a><\/li>\n<li style=\"font-weight: 400;\" aria-level=\"1\">Ellen MacArthur Fondu. (2023). <i><span>Dair\u0259vi \u0130qtisadiyyat F\u0259aliyy\u0259td\u0259dir<\/span><\/i><span>. <\/span><a title=\"Ellen MacArthur Fondu. (2023). Dair\u0259vi \u0130qtisadiyyat F\u0259aliyy\u0259td\u0259dir\" href=\"https:\/\/www.ellenmacarthurfoundation.org\/topics\/circular-economy-introduction\/overview\" target=\"_blank\" rel=\"noopener\"><span>Link<\/span><\/a><\/li>\n<\/ol>","protected":false},"excerpt":{"rendered":"<p>Giri\u015f 2015-ci ild\u0259 Birl\u0259\u015fmi\u015f Mill\u0259tl\u0259r T\u0259\u015fkilat\u0131n\u0131n b\u00fct\u00fcn \u00dczv D\u00f6vl\u0259tl\u0259ri t\u0259r\u0259find\u0259n q\u0259bul edilmi\u015f Dayan\u0131ql\u0131 \u0130nki\u015faf M\u0259qs\u0259dl\u0259ri (D\u0130M) qlobal bax\u0131\u015fdan daha \u00e7ox \u015feydir - onlar s\u0259nayel\u0259rin nec\u0259 f\u0259aliyy\u0259t g\u00f6st\u0259rdiyini d\u0259yi\u015fdirm\u0259k \u00fc\u00e7\u00fcn pland\u0131r. D\u00fcnya iqlim d\u0259yi\u015fikliyi, sosial b\u0259rab\u0259rsizlik v\u0259 r\u0259q\u0259msal pozulma il\u0259 m\u00fcbariz\u0259 aparark\u0259n, biznes modell\u0259rinin, istehsal sisteml\u0259rinin v\u0259 maraql\u0131 t\u0259r\u0259fl\u0259rin hesabatl\u0131l\u0131\u011f\u0131n\u0131n formala\u015fmas\u0131nda D\u0130M-l\u0259rin rolu [...]<\/p>","protected":false},"author":3,"featured_media":37201,"comment_status":"closed","ping_status":"open","sticky":false,"template":"","format":"standard","meta":{"_acf_changed":false,"footnotes":""},"categories":[17],"tags":[271,45],"class_list":["post-37195","post","type-post","status-publish","format-standard","has-post-thumbnail","hentry","category-thought-leadership","tag-sustainable-development-goals","tag-sustainable-manufacturing"],"acf":{"topic":"digitalisation"},"_links":{"self":[{"href":"https:\/\/incit.org\/az\/wp-json\/wp\/v2\/posts\/37195","targetHints":{"allow":["GET"]}}],"collection":[{"href":"https:\/\/incit.org\/az\/wp-json\/wp\/v2\/posts"}],"about":[{"href":"https:\/\/incit.org\/az\/wp-json\/wp\/v2\/types\/post"}],"author":[{"embeddable":true,"href":"https:\/\/incit.org\/az\/wp-json\/wp\/v2\/users\/3"}],"replies":[{"embeddable":true,"href":"https:\/\/incit.org\/az\/wp-json\/wp\/v2\/comments?post=37195"}],"version-history":[{"count":7,"href":"https:\/\/incit.org\/az\/wp-json\/wp\/v2\/posts\/37195\/revisions"}],"predecessor-version":[{"id":37215,"href":"https:\/\/incit.org\/az\/wp-json\/wp\/v2\/posts\/37195\/revisions\/37215"}],"wp:featuredmedia":[{"embeddable":true,"href":"https:\/\/incit.org\/az\/wp-json\/wp\/v2\/media\/37201"}],"wp:attachment":[{"href":"https:\/\/incit.org\/az\/wp-json\/wp\/v2\/media?parent=37195"}],"wp:term":[{"taxonomy":"category","embeddable":true,"href":"https:\/\/incit.org\/az\/wp-json\/wp\/v2\/categories?post=37195"},{"taxonomy":"post_tag","embeddable":true,"href":"https:\/\/incit.org\/az\/wp-json\/wp\/v2\/tags?post=37195"}],"curies":[{"name":"wp","href":"https:\/\/api.w.org\/{rel}","templated":true}]}}