{"id":6614,"date":"2022-11-28T11:22:49","date_gmt":"2022-11-28T03:22:49","guid":{"rendered":"https:\/\/incit.org\/?p=6614"},"modified":"2025-06-13T23:23:48","modified_gmt":"2025-06-13T15:23:48","slug":"global-manufacturing-reduce-carbon-footprint","status":"publish","type":"post","link":"https:\/\/incit.org\/az\/thought-leadership\/global-manufacturing-reduce-carbon-footprint\/","title":{"rendered":"Qlobal istehsal sah\u0259si 1, 2, 3 v\u0259 4 emissiyalar\u0131n\u0131n h\u0259llind\u0259 nec\u0259 ir\u0259lil\u0259yib?"},"content":{"rendered":"<p>Qlobal istehsal sektoru d\u00fcnyada istixana qazlar\u0131n\u0131n (\u0130Q) \u0259n b\u00f6y\u00fck t\u0259k emissiyalar\u0131ndan biridir v\u0259 <a href=\"https:\/\/incit.org\/az\/case-studies\/apac-network-interview-can-manufacturing-rise-to-the-climate-challenge\/\" target=\"_blank\" rel=\"noreferrer noopener\">d\u00fcnyan\u0131n \u00fcmumi \u0130XQ emissiyalar\u0131n\u0131n \u00fc\u00e7d\u0259 ikisini t\u0259\u015fkil edir<\/a>. Lakin qeyd etm\u0259k sevindiricidir ki, istehsal texnologiyas\u0131ndak\u0131 son ir\u0259lil\u0259yi\u015fl\u0259r v\u0259 daha dayan\u0131ql\u0131, eko-s\u0259m\u0259r\u0259li prosesl\u0259r\u0259 ba\u011fl\u0131l\u0131\u011f\u0131n artmas\u0131 s\u0259nayey\u0259 b\u00fct\u00f6vl\u00fckd\u0259 Scope 1, 2 v\u0259 3 emissiyalar\u0131n\u0131 azaltma\u011fa k\u00f6m\u0259k edib v\u0259 h\u0259m\u00e7inin Scope 4 emissiyalar\u0131n\u0131n h\u0259llin\u0259 start verib.\u00a0\u00a0\u00a0<\/p>\r\n\r\n\r\n\r\n<h2 class=\"wp-block-heading\">\u018fhat\u0259 1, 2, 3 v\u0259 4 emissiyalar\u0131 n\u0259l\u0259rdir?<\/h2>\r\n\r\n\r\n\r\n<figure class=\"wp-block-image size-full is-resized\"><img fetchpriority=\"high\" decoding=\"async\" class=\"size-full wp-image-35612 alignnone\" src=\"https:\/\/assets.incit.org\/wp-content\/uploads\/2022\/11\/18015128\/image.png.webp\" alt=\"\" width=\"858\" height=\"407\" srcset=\"https:\/\/assets.incit.org\/wp-content\/uploads\/2022\/11\/18015128\/image.png.webp 858w, https:\/\/assets.incit.org\/wp-content\/uploads\/2022\/11\/18015128\/image.png-300x142.webp 300w, https:\/\/assets.incit.org\/wp-content\/uploads\/2022\/11\/18015128\/image.png-768x364.webp 768w, https:\/\/assets.incit.org\/wp-content\/uploads\/2022\/11\/18015128\/image.png-18x9.webp 18w\" sizes=\"(max-width: 858px) 100vw, 858px\" \/><br \/>\r\n<figcaption class=\"wp-element-caption\"><em>Orijinal m\u0259nb\u0259: \u0130stixana Qaz\u0131 Protokolu <\/em><a href=\"https:\/\/ghgprotocol.org\/sites\/default\/files\/standards\/ghg-protocol-revised.pdf\" target=\"_blank\" rel=\"noreferrer noopener\"><em>https:\/\/ghgprotocol.org\/sites\/default\/files\/standards\/ghg-protocol-revised.pdf<\/em><\/a><\/figcaption>\r\n<\/figure>\r\n\r\n\r\n\r\n<ul class=\"wp-block-list\">\r\n<li><strong>\u018fhat\u0259 dair\u0259si 1<\/strong>: \u015firk\u0259t\u0259 m\u0259xsus v\u0259 n\u0259zar\u0259t edil\u0259n m\u0259nb\u0259l\u0259rd\u0259n birba\u015fa istixana qaz\u0131 emissiyalar\u0131n\u0131 \u0259hat\u0259 edir. \u00dcmumi f\u0259aliyy\u0259tl\u0259r\u0259 yanaca\u011f\u0131n yanmas\u0131 daxildir; fiziki v\u0259 ya kimy\u0259vi emal; materiallar\u0131n, m\u0259hsullar\u0131n, tullant\u0131lar\u0131n v\u0259 i\u015f\u00e7il\u0259rin da\u015f\u0131nmas\u0131; v\u0259 qa\u00e7aq emissiyalar.\u00a0\u00a0<\/li>\r\n<\/ul>\r\n\r\n\r\n\r\n<ul class=\"wp-block-list\">\r\n<li><strong>\u018fhat\u0259 dair\u0259si 2<\/strong>: Sah\u0259 1 f\u0259aliyy\u0259tl\u0259ri \u00fc\u00e7\u00fcn istifad\u0259 olunan al\u0131nm\u0131\u015f elektrik enerjisinin istehsal\u0131 n\u0259tic\u0259sind\u0259 yaranan dolay\u0131 \u0130XQ emissiyalar\u0131n\u0131 \u0259hat\u0259 edir.\u00a0\u00a0<\/li>\r\n<\/ul>\r\n\r\n\r\n\r\n<ul class=\"wp-block-list\">\r\n<li><strong>\u018fhat\u0259 dair\u0259si 3<\/strong>: xammal\u0131n \u00e7\u0131xar\u0131lmas\u0131 (yuxar\u0131) v\u0259 ya tullant\u0131lar\u0131n utilizasiyas\u0131 (a\u015fa\u011f\u0131 ax\u0131n\u0131) kimi \u015firk\u0259tin daha geni\u015f d\u0259y\u0259r z\u0259ncirind\u0259 yuxar\u0131 v\u0259 ya a\u015fa\u011f\u0131 ax\u0131n f\u0259aliyy\u0259tl\u0259ri n\u0259tic\u0259sind\u0259 yaranan dolay\u0131 istixana qaz\u0131 emissiyalar\u0131n\u0131 \u0259hat\u0259 edir. Bir \u015firk\u0259tin \u018fhat\u0259 1 v\u0259 2 emissiyalar\u0131 dig\u0259r \u015firk\u0259tin \u018fhat\u0259 3-d\u00fcr.\u00a0\u00a0<\/li>\r\n<\/ul>\r\n\r\n\r\n\r\n<ul class=\"wp-block-list\">\r\n<li><strong>\u018fhat\u0259 dair\u0259si 4<\/strong>: \u015firk\u0259tin m\u0259hsulunun istifad\u0259si n\u0259tic\u0259sind\u0259 qar\u015f\u0131s\u0131 al\u0131nan emissiyalar\u0131 \u0259hat\u0259 edir. \u018fhat\u0259 dair\u0259l\u0259ri 1-3-d\u0259n f\u0259rqli olaraq, \u015firk\u0259t \u018fhat\u0259 4 emissiyalar\u0131 \u00fczr\u0259 n\u0259 q\u0259d\u0259r y\u00fcks\u0259k bal toplay\u0131rsa, bir o q\u0259d\u0259r yax\u015f\u0131d\u0131r. \u018fhat\u0259 4 m\u0259hsulun iqlim\u0259 m\u00fcsb\u0259t t\u0259sirinin daha vahid hesablamas\u0131n\u0131 t\u0259min etm\u0259k \u00fc\u00e7\u00fcn t\u0259qdim edilmi\u015fdir. O, nisb\u0259t\u0259n yenidir v\u0259 \u0130XQ Protokolu t\u0259r\u0259find\u0259n r\u0259smi olaraq tan\u0131nmay\u0131b.<\/li>\r\n<\/ul>\r\n\r\n\r\n\r\n<h2 class=\"wp-block-heading\">S\u0259naye 4.0: qlobal istehsala karbon izini azaltma\u011fa k\u00f6m\u0259k etm\u0259k\u00a0<\/h2>\r\n\r\n\r\n\r\n<p>Texnologiyada ir\u0259lil\u0259yi\u015fl\u0259r, o c\u00fcml\u0259d\u0259n r\u0259q\u0259msal v\u0259 analitik vasit\u0259l\u0259rin inki\u015faf\u0131, daha \u00e7ox ekoloji c\u0259h\u0259td\u0259n s\u0259m\u0259r\u0259li istehsal prosesl\u0259ri v\u0259 emissiyalar\u0131n azalmas\u0131 il\u0259 n\u0259tic\u0259l\u0259ndi.<\/p>\r\n\r\n\r\n\r\n<p>\u0130stehsal s\u0259nayesi, h\u0259m\u00e7inin daha y\u00fcng\u00fcl karbon izi \u00fc\u00e7\u00fcn resurs istifad\u0259sini izl\u0259m\u0259k, izl\u0259m\u0259k v\u0259 t\u0259kmill\u0259\u015fdirm\u0259k \u00fc\u00e7\u00fcn \u018f\u015fyalar\u0131n \u0130nterneti (IoT), ma\u015f\u0131n \u00f6yr\u0259nm\u0259si, s\u00fcni intellekt (AI) v\u0259 avtomatla\u015fd\u0131rma kimi S\u0259naye 4.0 texnologiyalar\u0131ndan istifad\u0259 edir.\u00a0\u00a0<\/p>\r\n\r\n\r\n\r\n<p>t\u0259r\u0259find\u0259n t\u0259qdim olunan bir ne\u00e7\u0259 n\u00fcmun\u0259 ara\u015fd\u0131rmas\u0131 <a href=\"https:\/\/www3.weforum.org\/docs\/WEF_Global_Lighthouse_Network_Unlocking_Sustainability_Through_4IR.pdf\" target=\"_blank\" rel=\"noreferrer noopener\">D\u00fcnya \u0130qtisadi Forumu<\/a> bunu t\u0259svir edin.\u00a0\u00a0<\/p>\r\n\r\n\r\n\r\n<p>Ericsson-un AB\u015e-\u0131n Texas \u015ftat\u0131n\u0131n Lewisville \u015f\u0259h\u0259rind\u0259ki a\u011f\u0131ll\u0131 fabriki istehsal\u00e7\u0131lar\u0131n ya\u015f\u0131l enerji v\u0259 m\u0259lumat h\u0259ll\u0259rini nec\u0259 inteqrasiya etdiyini n\u00fcmayi\u015f etdirir. <a href=\"https:\/\/www.weforum.org\/agenda\/2021\/06\/manufacturing-industry-climate-change-goals\/\" target=\"_blank\" rel=\"noreferrer noopener\">&#039;azald\u0131n, t\u0259krar istifad\u0259 edin, t\u0259krar emal edin&#039;<\/a>, eyni zamanda m\u0259hsuldarl\u0131\u011f\u0131 yax\u015f\u0131la\u015fd\u0131rark\u0259n \u018fhat\u0259 1 v\u0259 2 emissiyalar\u0131n\u0131 azald\u0131r.<\/p>\r\n\r\n\r\n\r\n<p>Sah\u0259d\u0259 g\u00fcn\u0259\u015f panell\u0259ri v\u0259 ya\u011f\u0131\u015f suyu soyutma \u00e7\u0259nl\u0259ri al\u0131nm\u0131\u015f elektrik enerjisin\u0259 ehtiyac\u0131 azald\u0131r (\u018fhat\u0259 dair\u0259si 2), eyni zamanda 4G\/5G sensor \u015f\u0259b\u0259k\u0259si enerji istehlak\u0131n\u0131 izl\u0259yir v\u0259 t\u0259hlil edir, laz\u0131m olduqda avadanl\u0131\u011f\u0131 avtomatik yand\u0131r\u0131r v\u0259 ya s\u00f6nd\u00fcr\u00fcr (\u018fhat\u0259 1).\u00a0\u00a0<\/p>\r\n\r\n\r\n\r\n<p>Davaml\u0131l\u0131qla ba\u011fl\u0131 \u00f6l\u00e7\u00fcl\u0259rin investorlar, maraql\u0131 t\u0259r\u0259fl\u0259r v\u0259 istehlak\u00e7\u0131lar t\u0259r\u0259find\u0259n getdikc\u0259 daha \u00e7ox ara\u015fd\u0131r\u0131lmas\u0131 il\u0259 istehsal\u00e7\u0131lar h\u0259m d\u0259 t\u0259r\u0259fda\u015flar\u0131n\u0131n, t\u0259chizat\u00e7\u0131lar\u0131n\u0131n v\u0259 distribyutorlar\u0131n\u0131n Scope 3 emissiyalar\u0131na daha \u00e7ox diqq\u0259t yetirirl\u0259r.<\/p>\r\n\r\n\r\n\r\n<p>Bunun \u00f6hd\u0259sind\u0259n g\u0259lm\u0259k \u00fc\u00e7\u00fcn Tayland\u0131n Prachinburi \u015f\u0259h\u0259rind\u0259ki Western Digital real vaxt logistika m\u0259lumatlar\u0131n\u0131 izl\u0259m\u0259k v\u0259 g\u00f6nd\u0259rm\u0259 v\u0259 logistika optimalla\u015fd\u0131r\u0131c\u0131s\u0131n\u0131 inki\u015faf etdirm\u0259k \u00fc\u00e7\u00fcn IoT il\u0259 \u0259laq\u0259li sensorlar v\u0259 ma\u015f\u0131n \u00f6yr\u0259nm\u0259 texnologiyas\u0131n\u0131 birl\u0259\u015fdirdi. Onlar laz\u0131ms\u0131z da\u015f\u0131malar\u0131 effektiv \u015f\u0259kild\u0259 aradan qald\u0131rd\u0131, mar\u015frutun s\u0259m\u0259r\u0259liliyini art\u0131rd\u0131 v\u0259 n\u0259qliyyatla ba\u011fl\u0131 \u018fhat\u0259 3 emissiyalar\u0131n\u0131 azald\u0131b.\u00a0\u00a0<\/p>\r\n\r\n\r\n\r\n<h2 class=\"wp-block-heading\">\u0130stehsalda davaml\u0131l\u0131\u011f\u0131n \u00e7ox\u015fax\u0259li t\u0259bi\u0259ti<\/h2>\r\n\r\n\r\n\r\n<p>\u0130stehsal\u00e7\u0131lar\u0131n n\u0259zar\u0259tind\u0259n v\u0259 \u0259l\u00e7atanl\u0131\u011f\u0131ndan k\u0259narda olan \u018fhat\u0259 4 emissiyalar\u0131na \u00e7ox sayda xammal v\u0259 alt komponentl\u0259r daxil olmaqla, sondan sona d\u0259y\u0259r z\u0259nciri \u00fczr\u0259 emissiyalar\u0131n izl\u0259nilm\u0259si olduqca m\u00fcr\u0259kk\u0259b olsa da, \u018fhat\u0259 3 emissiyalar\u0131n\u0131n h\u0259lli qlobal s\u0259nayenin karbon izini azaltma\u011f\u0131n \u0259n vacib yollar\u0131ndan biri olaraq qal\u0131r.<\/p>\r\n\r\n\r\n\r\n<p>\u0130stehsal t\u0259dar\u00fck z\u0259nciri emissiyalar\u0131 \u0259m\u0259liyyat emissiyalar\u0131ndan 11 d\u0259f\u0259 \u00e7ox oldu\u011fundan bu, x\u00fcsusil\u0259 vacibdir.\u00a0\u00a0\u00a0\u00a0<\/p>\r\n\r\n\r\n\r\n<p>N\u0259tic\u0259 etibaril\u0259, \u018fhat\u0259 1, 2 v\u0259 3 emissiyalar\u0131n\u0131n daha u\u011furlu \u015f\u0259kild\u0259 azald\u0131lmas\u0131n\u0131n \u2013 v\u0259 \u018fhat\u0259 4 emissiyalar\u0131n\u0131n \u00fcnvanlanmas\u0131n\u0131n a\u00e7ar\u0131 m\u0259lumat m\u00fcbadil\u0259si v\u0259 \u015f\u0259ffafl\u0131qd\u0131r.<\/p>\r\n\r\n\r\n\r\n<p>\u0130stehsal\u00e7\u0131lar \u00f6z z\u0259ncirvari karbon izl\u0259rini daha yax\u015f\u0131 \u00f6l\u00e7\u0259 v\u0259 izl\u0259y\u0259 bilsinl\u0259r v\u0259 onu azaltma\u011f\u0131n \u0259n t\u0259sirli yollar\u0131n\u0131 m\u00fc\u0259yy\u0259n ed\u0259 bilsinl\u0259r ki, emissiyalarla ba\u011fl\u0131 m\u0259lumatlar\u0131 b\u00f6l\u00fc\u015fm\u0259k \u00fc\u00e7\u00fcn qlobal \u0259m\u0259kda\u015fl\u0131q laz\u0131md\u0131r.\u00a0\u00a0<\/p>\r\n\r\n\r\n\r\n<p>Qlobal istehsal\u00e7\u0131lara ham\u0131 \u00fc\u00e7\u00fcn daha yax\u015f\u0131 n\u0259tic\u0259l\u0259r \u0259ld\u0259 etm\u0259k \u00fc\u00e7\u00fcn transformasiyaya k\u00f6m\u0259k etm\u0259k \u00fc\u00e7\u00fcn g\u00f6rd\u00fcy\u00fcm\u00fcz i\u015f haqq\u0131nda \u0259trafl\u0131 m\u0259lumat \u0259ld\u0259 edin <a href=\"https:\/\/incit.org\/az\/newsroom\/\" target=\"_blank\" rel=\"noreferrer noopener\">burada.<\/a>\u00a0<\/p>","protected":false},"excerpt":{"rendered":"<p>\u0130stehsal sektoru istixana qazlar\u0131n\u0131n \u0259sas emissiyas\u0131d\u0131r, buna g\u00f6r\u0259 istehsal\u00e7\u0131lar iqlim b\u00f6hran\u0131 il\u0259 m\u00fcbariz\u0259d\u0259 \u00f6z \u00fcz\u0259rin\u0259 d\u00fc\u015f\u0259ni etm\u0259lidirl\u0259r. Qlobal istehsal bu g\u00fcn\u0259 q\u0259d\u0259r karbon izl\u0259rini nec\u0259 azald\u0131b v\u0259 bunu nec\u0259 s\u00fcr\u0259tl\u0259ndirm\u0259k olar?<\/p>","protected":false},"author":3,"featured_media":6616,"comment_status":"open","ping_status":"open","sticky":false,"template":"","format":"standard","meta":{"_acf_changed":false,"footnotes":""},"categories":[17],"tags":[36,37,38,39],"class_list":["post-6614","post","type-post","status-publish","format-standard","has-post-thumbnail","hentry","category-thought-leadership","tag-emissions","tag-global-manufacturing","tag-manufacturing-trends","tag-supply-chain"],"acf":{"topic":"sustainability"},"_links":{"self":[{"href":"https:\/\/incit.org\/az\/wp-json\/wp\/v2\/posts\/6614","targetHints":{"allow":["GET"]}}],"collection":[{"href":"https:\/\/incit.org\/az\/wp-json\/wp\/v2\/posts"}],"about":[{"href":"https:\/\/incit.org\/az\/wp-json\/wp\/v2\/types\/post"}],"author":[{"embeddable":true,"href":"https:\/\/incit.org\/az\/wp-json\/wp\/v2\/users\/3"}],"replies":[{"embeddable":true,"href":"https:\/\/incit.org\/az\/wp-json\/wp\/v2\/comments?post=6614"}],"version-history":[{"count":3,"href":"https:\/\/incit.org\/az\/wp-json\/wp\/v2\/posts\/6614\/revisions"}],"predecessor-version":[{"id":37898,"href":"https:\/\/incit.org\/az\/wp-json\/wp\/v2\/posts\/6614\/revisions\/37898"}],"wp:featuredmedia":[{"embeddable":true,"href":"https:\/\/incit.org\/az\/wp-json\/wp\/v2\/media\/6616"}],"wp:attachment":[{"href":"https:\/\/incit.org\/az\/wp-json\/wp\/v2\/media?parent=6614"}],"wp:term":[{"taxonomy":"category","embeddable":true,"href":"https:\/\/incit.org\/az\/wp-json\/wp\/v2\/categories?post=6614"},{"taxonomy":"post_tag","embeddable":true,"href":"https:\/\/incit.org\/az\/wp-json\/wp\/v2\/tags?post=6614"}],"curies":[{"name":"wp","href":"https:\/\/api.w.org\/{rel}","templated":true}]}}