{"id":9316,"date":"2023-04-27T11:30:00","date_gmt":"2023-04-27T03:30:00","guid":{"rendered":"https:\/\/incit.org\/?p=9316"},"modified":"2025-06-13T23:04:23","modified_gmt":"2025-06-13T15:04:23","slug":"hannover-messe-2023","status":"publish","type":"post","link":"https:\/\/incit.org\/az\/newsroom\/hannover-messe-2023\/","title":{"rendered":"Hannover Messe 2023: yeni texnologiyalar v\u0259 s\u00f6vd\u0259l\u0259\u015fm\u0259l\u0259rl\u0259 S\u0259naye 4.0 \u00fc\u00e7\u00fcn nikbin d\u00fcnyag\u00f6r\u00fc\u015f\u00fc"},"content":{"rendered":"<p><img decoding=\"async\" class=\"aligncenter\" src=\"https:\/\/assets.incit.org\/wp-content\/uploads\/2023\/04\/10111238\/Hannover-Messe-2023.jpg\" \/><\/p>\n<p><span data-contrast=\"auto\">R\u0259qab\u0259tli v\u0259 iqlim\u0259 uy\u011fun olmayan s\u0259naye istehsal\u0131na d\u0259st\u0259k verm\u0259k \u00fc\u00e7\u00fcn laz\u0131m olan texnologiyalar art\u0131q m\u00f6vcud olan S\u0259naye 4.0 v\u0259 istehsal \u00fc\u00e7\u00fcn g\u0259l\u0259c\u0259k parlaq g\u00f6r\u00fcn\u00fcr \u2013 bu, aprelin 17-d\u0259n aprelin 22-d\u0259k davam ed\u0259n Hannover Messe-nin builki n\u0259\u015frind\u0259n \u0259sas \u00e7\u0131x\u0131\u015f idi.\u00a0<\/span><span data-ccp-props=\"{&quot;201341983&quot;:0,&quot;335559739&quot;:160,&quot;335559740&quot;:259}\">\u00a0<\/span><\/p>\n<p><span data-contrast=\"auto\">D\u00fcnyan\u0131n apar\u0131c\u0131 s\u0259naye ticar\u0259t s\u0259rgisinin 2023-c\u00fc il burax\u0131l\u0131\u015f\u0131 4000-d\u0259n \u00e7ox i\u015ftirak\u00e7\u0131n\u0131 n\u00fcmayi\u015f etdirdi v\u0259 d\u00fcnyan\u0131n h\u0259r yerind\u0259n 130.000 ziyar\u0259t\u00e7ini qar\u015f\u0131lad\u0131. Dan\u0131\u015fan Qurucumuz v\u0259 Ba\u015f Direktorumuz Raimund Klein <\/span><span data-contrast=\"none\">GSBF Connect hadis\u0259si<\/span><span data-contrast=\"auto\"> Davaml\u0131l\u0131\u011f\u0131n ayd\u0131nla\u015fd\u0131r\u0131lmas\u0131 haqq\u0131nda, bunlardan biri idi.\u00a0<\/span><span data-ccp-props=\"{&quot;201341983&quot;:0,&quot;335559739&quot;:160,&quot;335559740&quot;:259}\">\u00a0<\/span><\/p>\n<p><span data-contrast=\"auto\">S\u0259rgid\u0259 bir s\u0131ra m\u00fch\u00fcm sazi\u015fl\u0259r, o c\u00fcml\u0259d\u0259n \u0130ndoneziyan\u0131n m\u00fcxt\u0259lif t\u0259r\u0259fl\u0259rl\u0259 imzalad\u0131\u011f\u0131 30-a yax\u0131n \u0259m\u0259kda\u015fl\u0131q m\u00fcqavil\u0259si imzalan\u0131b. <\/span><a href=\"https:\/\/en.antaranews.com\/news\/279456\/indonesia-signs-agreements-creating-80000-jobs-at-hannover-messe\" target=\"_blank\" rel=\"noopener\"><span data-contrast=\"none\">80 min n\u0259f\u0259r \u00fc\u00e7\u00fcn i\u015f yerinin yarad\u0131lmas\u0131<\/span><\/a><span data-contrast=\"auto\">. M\u00fcqavil\u0259l\u0259r investisiya v\u0259 s\u0259naye parklar\u0131, enerji davaml\u0131l\u0131\u011f\u0131 v\u0259 ke\u00e7id, insan resurslar\u0131 v\u0259 s. yar\u0131mke\u00e7iricil\u0259r, g\u00fcn\u0259\u015f enerjisi, tibbi cihazlar, tullant\u0131lar\u0131n idar\u0259 edilm\u0259si, \u018f\u015fyalar\u0131n \u0130nterneti, r\u0259q\u0259msal s\u0259naye v\u0259 elektrik n\u0259qliyyat vasit\u0259l\u0259rinin doldurulmas\u0131 v\u0259 akkumulyator sisteml\u0259ri daxil olmaqla sah\u0259l\u0259rd\u0259.\u00a0\u00a0\u00a0\u00a0<\/span><span data-ccp-props=\"{&quot;201341983&quot;:0,&quot;335559739&quot;:160,&quot;335559740&quot;:259}\">\u00a0<\/span><\/p>\n<p><span data-contrast=\"auto\">Bir \u00e7ox m\u00fc\u0259ssis\u0259l\u0259r daha y\u00fcks\u0259k \u0259m\u0259liyyat s\u0259m\u0259r\u0259liliyi, m\u0259hsuldarl\u0131q v\u0259 t\u0259hl\u00fck\u0259sizliyi t\u0259min etm\u0259k v\u0259 daha a\u011f\u0131ll\u0131, daha dayan\u0131ql\u0131 istehsal\u0131 d\u0259st\u0259kl\u0259m\u0259k \u00fc\u00e7\u00fcn innovativ texnologiyalar\u0131, el\u0259c\u0259 d\u0259 m\u00f6vcud texnologiyalardan istifad\u0259 etm\u0259yin yeni yollar\u0131n\u0131 b\u00f6l\u00fc\u015fd\u00fcl\u0259r. M\u0259s\u0259l\u0259n, partnyorumuz Rockwell Automation <\/span><a href=\"https:\/\/www.technologyrecord.com\/article\/hannover-messe-2023-how-microsoft-technologies-are-driving-smart-manufacturing\" target=\"_blank\" rel=\"noopener\"><span data-contrast=\"none\">n\u00fcmayi\u015f etdirildi<\/span><\/a><span data-contrast=\"auto\"> insanlar\u0131 v\u0259 sisteml\u0259ri birl\u0259\u015fdirm\u0259k, prosesl\u0259ri avtomatla\u015fd\u0131rmaq v\u0259 m\u0259lumatlar\u0131 ba\u015fdan sona izl\u0259m\u0259k \u00fc\u00e7\u00fcn Microsoft Azure-dan istifad\u0259 ed\u0259n Plex Smart \u0130stehsalat Platformas\u0131.\u00a0<\/span><span data-ccp-props=\"{&quot;201341983&quot;:0,&quot;335559739&quot;:160,&quot;335559740&quot;:259}\">\u00a0<\/span><\/p>\n<p><span data-contrast=\"auto\">INCIT-d\u0259 istehsal sektoruna r\u0259q\u0259msal transformasiyan\u0131 idar\u0259 etm\u0259y\u0259 nec\u0259 k\u00f6m\u0259k etdiyimizi \u00f6yr\u0259nin <\/span><a href=\"https:\/\/incit.org\/az\/services\/\"><span data-contrast=\"none\">burada<\/span><\/a><span data-contrast=\"auto\">.\u00a0\u00a0<\/span><span data-ccp-props=\"{&quot;201341983&quot;:0,&quot;335559739&quot;:160,&quot;335559740&quot;:259}\">\u00a0<\/span><\/p>","protected":false},"excerpt":{"rendered":"<p>R\u0259qab\u0259tli v\u0259 iqlim\u0259 uy\u011fun olmayan s\u0259naye istehsal\u0131na d\u0259st\u0259k verm\u0259k \u00fc\u00e7\u00fcn laz\u0131m olan texnologiyalar art\u0131q m\u00f6vcud olan S\u0259naye 4.0 v\u0259 istehsal \u00fc\u00e7\u00fcn g\u0259l\u0259c\u0259k parlaq g\u00f6r\u00fcn\u00fcr \u2013 bu, aprelin 17-d\u0259n aprelin 22-d\u0259k davam ed\u0259n Hannover Messe-nin builki n\u0259\u015frind\u0259n \u0259sas \u00e7\u0131x\u0131\u015f idi.  D\u00fcnyan\u0131n apar\u0131c\u0131 s\u0259naye ticar\u0259t s\u0259rgisinin 2023-c\u00fc il n\u0259\u015fri [\u2026]<\/p>","protected":false},"author":3,"featured_media":9318,"comment_status":"closed","ping_status":"open","sticky":false,"template":"","format":"standard","meta":{"_acf_changed":false,"footnotes":""},"categories":[18],"tags":[71,54,72],"class_list":["post-9316","post","type-post","status-publish","format-standard","has-post-thumbnail","hentry","category-newsroom","tag-hannover-messe","tag-industry-4-0","tag-technologies"],"acf":{"featured_post":false},"_links":{"self":[{"href":"https:\/\/incit.org\/az\/wp-json\/wp\/v2\/posts\/9316","targetHints":{"allow":["GET"]}}],"collection":[{"href":"https:\/\/incit.org\/az\/wp-json\/wp\/v2\/posts"}],"about":[{"href":"https:\/\/incit.org\/az\/wp-json\/wp\/v2\/types\/post"}],"author":[{"embeddable":true,"href":"https:\/\/incit.org\/az\/wp-json\/wp\/v2\/users\/3"}],"replies":[{"embeddable":true,"href":"https:\/\/incit.org\/az\/wp-json\/wp\/v2\/comments?post=9316"}],"version-history":[{"count":3,"href":"https:\/\/incit.org\/az\/wp-json\/wp\/v2\/posts\/9316\/revisions"}],"predecessor-version":[{"id":37867,"href":"https:\/\/incit.org\/az\/wp-json\/wp\/v2\/posts\/9316\/revisions\/37867"}],"wp:featuredmedia":[{"embeddable":true,"href":"https:\/\/incit.org\/az\/wp-json\/wp\/v2\/media\/9318"}],"wp:attachment":[{"href":"https:\/\/incit.org\/az\/wp-json\/wp\/v2\/media?parent=9316"}],"wp:term":[{"taxonomy":"category","embeddable":true,"href":"https:\/\/incit.org\/az\/wp-json\/wp\/v2\/categories?post=9316"},{"taxonomy":"post_tag","embeddable":true,"href":"https:\/\/incit.org\/az\/wp-json\/wp\/v2\/tags?post=9316"}],"curies":[{"name":"wp","href":"https:\/\/api.w.org\/{rel}","templated":true}]}}