{"id":9587,"date":"2023-05-25T15:39:39","date_gmt":"2023-05-25T07:39:39","guid":{"rendered":"https:\/\/incit.org\/?p=9587"},"modified":"2025-06-13T23:04:27","modified_gmt":"2025-06-13T15:04:27","slug":"how-to-establish-a-carbon-neutral-workplace","status":"publish","type":"post","link":"https:\/\/incit.org\/az\/thought-leadership\/how-to-establish-a-carbon-neutral-workplace\/","title":{"rendered":"Karbon neytral i\u015f yerini nec\u0259 qurmaq olar"},"content":{"rendered":"<p>Karbon izl\u0259rini azaltma\u011fa g\u0259ldikd\u0259, \u0259ks\u0259r istehsal\u00e7\u0131lar \u00fcst\u00fcnl\u00fck verirl\u0259r <a href=\"https:\/\/incit.org\/az\/thought-leadership\/impact-of-energy-efficiency-and-innovation-in-electronics-manufacturing\/\">enerji s\u0259m\u0259r\u0259liliyinin art\u0131r\u0131lmas\u0131<\/a> onlar\u0131n istehsal prosesl\u0259ri v\u0259 t\u0259dar\u00fck z\u0259ncirl\u0259ri. Bununla bel\u0259, g\u00fcnd\u0259lik i\u015f yeri il\u0259 ba\u011fl\u0131 karbon emissiyalar\u0131n\u0131n h\u0259lli daha az vacib deyil.<\/p>\n<p>G\u00fcnd\u0259lik ofis \u0259m\u0259liyyatlar\u0131nda ki\u00e7ik d\u0259yi\u015fiklikl\u0259r istixana qazlar\u0131 emissiyalar\u0131n\u0131n azalmas\u0131na, \u0259traf m\u00fchit, sosial v\u0259 idar\u0259etm\u0259 (ESG) g\u00f6st\u0259ricil\u0259rinin yax\u015f\u0131la\u015fd\u0131r\u0131lmas\u0131na v\u0259 daha \u00e7ox istedad c\u0259lb edilm\u0259sin\u0259 b\u00f6y\u00fck t\u00f6hf\u0259 ver\u0259 bil\u0259r. <a href=\"https:\/\/www.prnewswire.com\/news-releases\/ibm-global-consumer-study-sustainability-actions-can-speak-louder-than-intent-301524487.html\" target=\"_blank\" rel=\"noopener\">\u0130\u015f\u00e7il\u0259rin \u00fc\u00e7d\u0259 ikisind\u0259n \u00e7oxu<\/a> \u0259traf m\u00fchitin davaml\u0131l\u0131\u011f\u0131n\u0131 t\u0259\u015fviq ed\u0259n t\u0259\u015fkilatlara i\u015f m\u00fcraci\u0259ti v\u0259 q\u0259bul etm\u0259y\u0259 daha \u00e7ox h\u0259v\u0259sli olduqlar\u0131n\u0131 s\u00f6yl\u0259yirl\u0259r <a href=\"https:\/\/www2.deloitte.com\/content\/dam\/Deloitte\/ch\/Documents\/public-sector\/deloitte-ch-en-decarbonising-the-workplace.pdf\" target=\"_blank\" rel=\"noopener\">39%<\/a> onlar\u0131n i\u015f\u0259g\u00f6t\u00fcr\u0259nl\u0259rinin n\u00f6vb\u0259ti bir ne\u00e7\u0259 il \u0259rzind\u0259 emissiyalar\u0131 xalis s\u0131f\u0131ra endir\u0259c\u0259yini g\u00f6zl\u0259yirl\u0259r.<\/p>\n<p>Lakin daha \u00e7ox karbon-neytral i\u015f yerinin yarad\u0131lmas\u0131nda effektiv add\u0131mlar atmaq \u00fc\u00e7\u00fcn ilk n\u00f6vb\u0259d\u0259 m\u00f6vcud i\u015f yeri t\u0259cr\u00fcb\u0259l\u0259rinin t\u0259sirini bilm\u0259k vacibdir.<\/p>\n<p>Karbon-neytral istehsal\u0131n n\u00fcanslar\u0131n\u0131 ba\u015fa d\u00fc\u015fm\u0259k, davaml\u0131l\u0131q t\u0259cr\u00fcb\u0259l\u0259rini g\u00fccl\u0259ndirm\u0259yi h\u0259d\u0259fl\u0259y\u0259n m\u00fc\u0259ssis\u0259l\u0259r \u00fc\u00e7\u00fcn \u00e7ox vacibdir. Karbon-Neytral \u0130stehsalatda t\u0259f\u0259rr\u00fcatl\u0131 h\u0259rt\u0259r\u0259fli strategiyalar\u0131 v\u0259 n\u00fcmun\u0259l\u0259ri t\u0259dqiq etm\u0259kl\u0259 \u015firk\u0259tl\u0259r \u0259traf m\u00fchit\u0259 t\u0259sirl\u0259rini minimuma endirm\u0259k \u00fc\u00e7\u00fcn innovativ yollar k\u0259\u015ff ed\u0259 bil\u0259rl\u0259r. Bu resurs m\u0259hsuldarl\u0131\u011f\u0131n ekoloji m\u0259suliyy\u0259tl\u0259 balansla\u015fd\u0131r\u0131lmas\u0131na dair d\u0259y\u0259rli fikirl\u0259r t\u0259klif edir. Bu c\u00fcr yana\u015fmalar\u0131n m\u0259nims\u0259nilm\u0259si t\u0259kc\u0259 planeti d\u0259st\u0259kl\u0259mir, h\u0259m d\u0259 t\u0259\u015fkilat\u0131n \u0259traf m\u00fchit\u0259 n\u0259zar\u0259t \u00fczr\u0259 reputasiyas\u0131n\u0131 g\u00fccl\u0259ndirir.<\/p>\n<h2>\u0130\u015f yerinizd\u0259 karbon emissiyalar\u0131na n\u0259 daxildir?<\/h2>\n<ul>\n<li>\n<h3>Ofis avadanl\u0131qlar\u0131n\u0131n idar\u0259 olunmas\u0131<\/h3>\n<p>Sat\u0131nalma il\u0259 ba\u011fl\u0131 q\u0259rarlar q\u0259bul ed\u0259rk\u0259n, d\u0259rhal investisiyalar\u0131n uzunm\u00fcdd\u0259tli q\u0259na\u0259tl\u0259 n\u0259tic\u0259l\u0259n\u0259 bil\u0259c\u0259yini n\u0259z\u0259r\u0259 almaq vacibdir. Bunu AB\u015e \u018ftraf M\u00fchitin M\u00fchafiz\u0259si Agentliyi a\u015fkar edib <a href=\"https:\/\/www.energystar.gov\/ia\/partners\/publications\/pubdocs\/ENERGY%20STAR%20Office%20Equipment%20Brochure_508.pdf\" target=\"_blank\" rel=\"noopener\">1,5 milyard funt-sterlinqd\u0259n \u00e7ox istixana qaz\u0131 emissiyas\u0131 v\u0259 illik enerji x\u0259rcl\u0259ri $117 milyon AB\u015e dollar\u0131<\/a> \u00f6lk\u0259d\u0259 al\u0131nan h\u0259r bir ofis avadanl\u0131\u011f\u0131 ENERGY STAR sertifikat\u0131na malik olsayd\u0131, q\u0259na\u0259t edil\u0259 bil\u0259rdi. B\u00fct\u00fcn d\u00fcnyada ox\u015far sertifikatlar elektrik enerjisind\u0259n istifad\u0259d\u0259 60%-\u0259 q\u0259d\u0259r q\u0259na\u0259t ed\u0259 bil\u0259n komp\u00fcterl\u0259r, sur\u0259t\u00e7\u0131xarma ma\u015f\u0131nlar\u0131 v\u0259 printerl\u0259r, monitorlar v\u0259 televiziya displeyl\u0259ri d\u0259 daxil olmaqla daha \u00e7ox enerjiy\u0259 q\u0259na\u0259t ed\u0259n elektronikan\u0131n g\u00f6st\u0259ricil\u0259rini t\u0259klif edir. Bu, soyuducu, qabyuyan ma\u015f\u0131n, mikrodal\u011fal\u0131 soba v\u0259 s. kimi kiler cihazlar\u0131na aiddir.\n        <\/li>\n<li>\n<h3>\u0130stilik, soyutma v\u0259 i\u015f\u0131qland\u0131rma<\/h3>\n<p>Enerji istehlak\u0131n\u0131n dig\u0259r \u0259h\u0259miyy\u0259tli m\u0259nb\u0259yi istilik, soyutma v\u0259 i\u015f\u0131qland\u0131rmad\u0131r. \u0130\u015f saatlar\u0131ndan sonra kondisionerl\u0259rin v\u0259 i\u015f\u0131qlar\u0131n s\u00f6nm\u0259sini avtomatla\u015fd\u0131ran, gec i\u015fl\u0259y\u0259n i\u015f\u00e7il\u0259r\u0259 laz\u0131m g\u0259ldikd\u0259 \u0259razinin soyuducu v\u0259 i\u015f\u0131qland\u0131rmas\u0131n\u0131 \u0259l il\u0259 yand\u0131rma\u011fa imkan ver\u0259n \u201ci\u015f\u0131qlar\u0131n s\u00f6nm\u0259si\u201d siyas\u0259tinin t\u0259tbiqi il\u0259 elektrik enerjisi x\u0259rcl\u0259ri \u0259h\u0259miyy\u0259tli d\u0259r\u0259c\u0259d\u0259 azald\u0131la bil\u0259r. <a href=\"https:\/\/www.iea.org\/reports\/global-energy-review-co2-emissions-in-2021-2\" target=\"_blank\" rel=\"noopener\">enerji il\u0259 ba\u011fl\u0131 karbon emissiyalar\u0131 rekord h\u0259dd\u0259 \u00e7atm\u0131\u015fd\u0131r<\/a> son ill\u0259rd\u0259 enerji qiym\u0259tl\u0259ri artma\u011fa davam edir. \u0130\u015f yerini g\u00fccl\u0259ndirm\u0259k \u00fc\u00e7\u00fcn b\u0259rpa olunan enerjiy\u0259 s\u0259rmay\u0259 qoymadan, azald\u0131lm\u0131\u015f istehlak t\u0259\u015fkilat\u0131n karbon izini azaltma\u011f\u0131n \u0259n perspektivli yoludur.<\/li>\n<li>\n<h3>Tullant\u0131lar<\/h3>\n<p>Tullant\u0131lar\u0131n istehsal\u0131n\u0131n azald\u0131lmas\u0131 sad\u0259c\u0259 olaraq yax\u015f\u0131 i\u015fg\u00fczar m\u0259na k\u0259sb edir, \u00e7\u00fcnki bu, t\u0259\u015fkilatlar\u0131n bird\u0259f\u0259lik istifad\u0259 olunan b\u0131\u00e7aqlar, bird\u0259f\u0259lik plastik butulkalar, ka\u011f\u0131z d\u0259smallar v\u0259 sair kimi istehlak materiallar\u0131n\u0131n yenid\u0259n al\u0131nmas\u0131na s\u0259rf etdiyi pula q\u0259na\u0259t edir. Bu, i\u015f yerind\u0259 m\u0259d\u0259ni d\u0259yi\u015fiklikl\u0259 paralel gedir. Ka\u011f\u0131zs\u0131z i\u015fl\u0259m\u0259k, bioloji par\u00e7alana bil\u0259n ka\u011f\u0131z salfetl\u0259r v\u0259 d\u0259smal m\u0259hsullar\u0131 almaq, t\u0259krar emal prosesini qurmaq v\u0259 yaln\u0131z Fairtrade q\u0259hv\u0259 v\u0259 \u00e7aylar\u0131n\u0131 se\u00e7m\u0259k (fermerl\u0259r \u00fc\u00e7\u00fcn tullant\u0131lar\u0131n d\u00fczg\u00fcn idar\u0259 olunmas\u0131 t\u0259cr\u00fcb\u0259l\u0259rini t\u0259\u015fviq ed\u0259n) b\u00fct\u00fcn bunlar t\u0259\u015fkilat\u0131n karbon izini azaltma\u011fa k\u00f6m\u0259k edir.<\/li>\n<li>\n<h3>H\u0259r\u0259k\u0259tlilik<\/h3>\n<p>Ofis\u0259 v\u0259 g\u00f6r\u00fc\u015fl\u0259r\u0259 g\u00fcnd\u0259lik gedi\u015f-g\u0259li\u015f, el\u0259c\u0259 d\u0259 m\u00fcnt\u0259z\u0259m uzun m\u0259saf\u0259li u\u00e7u\u015flar da i\u015f yerind\u0259ki tullant\u0131lar\u0131n \u0259sas s\u0259b\u0259bl\u0259rind\u0259ndir. Hibrid i\u015f\u0259 ke\u00e7m\u0259k potensial olaraq gedi\u015f-g\u0259li\u015fi azalda v\u0259 i\u015f yerind\u0259ki emissiyalar\u0131 azalda bil\u0259r <a href=\"https:\/\/www.watershedclimate.com\/wfh-calculator?config=eyJ2IjoxLCJjb21tb25WYXJpYWJsZXMiOnsiY2l0eUlkIjoic2FuLWZyYW5jaXNjbyIsImVtcGxveWVlcyI6MjAwMH0sInZCIjpbbnVsbCw1LDAuNSx0cnVlLGZhbHNlLDMseyJfdmFsdWUiOjE4MDAsIl91bml0IjoiaW1wZXJpYWwifSwwLjUsbnVsbCxudWxsLG51bGwsbnVsbCxudWxsLG51bGxdLCJ2RiI6W251bGwsMywwLjUsdHJ1ZSxmYWxzZSwzLHsiX3ZhbHVlIjoxODAwLCJfdW5pdCI6ImltcGVyaWFsIn0sMC41LG51bGwsbnVsbCxudWxsLG51bGwsbnVsbCxudWxsXX0%3D\" target=\"_blank\" rel=\"noopener\">13%<\/a>, i\u015f\u0259g\u00f6t\u00fcr\u0259nl\u0259r \u00fc\u00e7\u00fcn dig\u0259r m\u00fclahiz\u0259l\u0259r\u0259 ictimai n\u0259qliyyat\u0131n qiym\u0259tinin subsidiyala\u015fd\u0131r\u0131lmas\u0131, uzunm\u00fcdd\u0259tli i\u015fg\u00fczar s\u0259f\u0259rl\u0259rin videokonfrans texnologiyas\u0131 il\u0259 \u0259v\u0259z edilm\u0259si v\u0259 avtomobil m\u00fcbadil\u0259si v\u0259 ya avtomobill\u0259rin istifad\u0259sinin t\u0259\u015fviqi daxildir. S\u0259yah\u0259tl\u0259 \u0259laq\u0259dar qa\u00e7\u0131n\u0131lmaz karbon emissiyalar\u0131 olan t\u0259\u015fkilatlar \u00fc\u00e7\u00fcn ba\u015fqa bir se\u00e7im karbon kompensasiyas\u0131 almaq v\u0259 ya s\u0259yah\u0259t izl\u0259rini minimuma endirm\u0259k \u00fc\u00e7\u00fcn i\u015fg\u00fczar s\u0259f\u0259rl\u0259r zaman\u0131 ya\u015f\u0131l otell\u0259rd\u0259 qalma\u011f\u0131 se\u00e7m\u0259kdir. Karbon kompensasiyas\u0131 b\u0259rpa olunan enerji layih\u0259l\u0259rini d\u0259st\u0259kl\u0259m\u0259k kimi \u0259lav\u0259 \u00fcst\u00fcnl\u00fckl\u0259r\u0259 malikdir.<\/li>\n<\/ul>\n<h2>S\u0259naye meyarlar\u0131 il\u0259 \u00f6l\u00e7m\u0259 probleml\u0259rini aradan qald\u0131r\u0131n<\/h2>\n<p>\u0130\u015f yerind\u0259 karbon neytrall\u0131\u011f\u0131na nail olmaq \u00fc\u00e7\u00fcn t\u0259\u015fkilatlar \u00f6z s\u0259m\u0259r\u0259liliyinin art\u0131r\u0131lmas\u0131n\u0131 x\u0259rit\u0259l\u0259\u015fdirm\u0259k \u00fc\u00e7\u00fcn enerji istifad\u0259l\u0259rini n\u0259z\u0259rd\u0259n ke\u00e7irm\u0259k \u00fc\u00e7\u00fcn daha yax\u015f\u0131 yollara ehtiyac duyurlar. Bu m\u0259qs\u0259dl\u0259, <a href=\"https:\/\/incit.org\/az\/services\/cosiri\/\">\u0130stehlak\u00e7\u0131 Davaml\u0131l\u0131q S\u0259nayesi Haz\u0131rl\u0131q \u0130ndeksi (COSIRI)<\/a> Qiym\u0259tl\u0259ndirm\u0259 prosesi, karbonsuzla\u015fd\u0131rmadan \u0259h\u0259miyy\u0259tli potensial iqtisadi fayda \u0259ld\u0259 etm\u0259k v\u0259 s\u00fcr\u0259tl\u0259ndirm\u0259k haqq\u0131nda daha yax\u015f\u0131 fikir \u0259ld\u0259 etm\u0259k \u00fc\u00e7\u00fcn \u015firk\u0259tl\u0259r \u00fc\u00e7\u00fcn qlobal miqyasda h\u0259mya\u015f\u0131dlar\u0131 il\u0259 davaml\u0131l\u0131q s\u0259yl\u0259rini izl\u0259m\u0259k v\u0259 m\u00fcqayis\u0259 etm\u0259k \u00fc\u00e7\u00fcn s\u00fcr\u0259tli v\u0259 asan bir yol olmaq \u00fc\u00e7\u00fcn n\u0259z\u0259rd\u0259 tutulmu\u015fdur.<\/p>","protected":false},"excerpt":{"rendered":"<p>Karbon izl\u0259rini azaltma\u011fa g\u0259ldikd\u0259, \u0259ks\u0259r istehsal\u00e7\u0131lar istehsal prosesl\u0259rinin v\u0259 t\u0259chizat z\u0259ncirl\u0259rinin enerji s\u0259m\u0259r\u0259liliyinin art\u0131r\u0131lmas\u0131na \u00fcst\u00fcnl\u00fck verirl\u0259r. Bununla bel\u0259, g\u00fcnd\u0259lik i\u015f yeri il\u0259 ba\u011fl\u0131 karbon emissiyalar\u0131n\u0131n h\u0259lli daha az \u0259h\u0259miyy\u0259t k\u0259sb etmir. G\u00fcnd\u0259lik ofis \u0259m\u0259liyyatlar\u0131nda ki\u00e7ik d\u0259yi\u015fiklikl\u0259r istixana qazlar\u0131 emissiyalar\u0131n\u0131n azalmas\u0131na, yax\u015f\u0131la\u015fmaya b\u00f6y\u00fck t\u00f6hf\u0259 ver\u0259 bil\u0259r [...]<\/p>","protected":false},"author":3,"featured_media":9599,"comment_status":"closed","ping_status":"open","sticky":false,"template":"","format":"standard","meta":{"_acf_changed":false,"footnotes":""},"categories":[17],"tags":[78,79,69,44],"class_list":["post-9587","post","type-post","status-publish","format-standard","has-post-thumbnail","hentry","category-thought-leadership","tag-carbon-emissions","tag-carbon-footprint","tag-esg","tag-spotlight"],"acf":{"topic":"sustainability"},"_links":{"self":[{"href":"https:\/\/incit.org\/az\/wp-json\/wp\/v2\/posts\/9587","targetHints":{"allow":["GET"]}}],"collection":[{"href":"https:\/\/incit.org\/az\/wp-json\/wp\/v2\/posts"}],"about":[{"href":"https:\/\/incit.org\/az\/wp-json\/wp\/v2\/types\/post"}],"author":[{"embeddable":true,"href":"https:\/\/incit.org\/az\/wp-json\/wp\/v2\/users\/3"}],"replies":[{"embeddable":true,"href":"https:\/\/incit.org\/az\/wp-json\/wp\/v2\/comments?post=9587"}],"version-history":[{"count":6,"href":"https:\/\/incit.org\/az\/wp-json\/wp\/v2\/posts\/9587\/revisions"}],"predecessor-version":[{"id":37870,"href":"https:\/\/incit.org\/az\/wp-json\/wp\/v2\/posts\/9587\/revisions\/37870"}],"wp:featuredmedia":[{"embeddable":true,"href":"https:\/\/incit.org\/az\/wp-json\/wp\/v2\/media\/9599"}],"wp:attachment":[{"href":"https:\/\/incit.org\/az\/wp-json\/wp\/v2\/media?parent=9587"}],"wp:term":[{"taxonomy":"category","embeddable":true,"href":"https:\/\/incit.org\/az\/wp-json\/wp\/v2\/categories?post=9587"},{"taxonomy":"post_tag","embeddable":true,"href":"https:\/\/incit.org\/az\/wp-json\/wp\/v2\/tags?post=9587"}],"curies":[{"name":"wp","href":"https:\/\/api.w.org\/{rel}","templated":true}]}}