{"id":16622,"date":"2023-10-25T15:21:07","date_gmt":"2023-10-25T07:21:07","guid":{"rendered":"https:\/\/incit.org\/?p=16622"},"modified":"2025-04-18T00:40:57","modified_gmt":"2025-04-17T16:40:57","slug":"recap-of-incits-participation-at-itap-2023-transforming-the-future-of-manufacturing","status":"publish","type":"post","link":"https:\/\/incit.org\/de\/newsroom\/recap-of-incits-participation-at-itap-2023-transforming-the-future-of-manufacturing\/","title":{"rendered":"R\u00fcckblick auf die Teilnahme von INCIT an der ITAP 2023: Die Zukunft der Fertigung ver\u00e4ndern"},"content":{"rendered":"<p><em>INCIT mit Frau Glory Wee (links) und Frau Sharon Tan (rechts), Vizepr\u00e4sidentin und stellvertretende Vizepr\u00e4sidentin des Singapore Economic Development Board (EDB).<\/em><\/p>\n<p>&nbsp;<\/p>\n<p>Mittwoch, 25. Oktober 2023, Singapur \u2013 Das International Centre for Industrial Transformation (INCIT) nahm stolz teil an der <a href=\"https:\/\/www.industrial-transformation.com\/\" target=\"_blank\" rel=\"noopener\">Industrielle Transformation Asien-Pazifik<\/a> (ITAP) 2023 Messe vom 18. bis 20. Oktober 2023 als Silberpartner, eine Veranstaltung, die f\u00fcr Innovation und Branchenexzellenz im Fertigungssektor steht. Mit dem Fokus auf praktische L\u00f6sungen und sinnvolle Engagements war unsere Reise durch die ITAP gepr\u00e4gt von wertvollen Interaktionen und aufschlussreichen Dialogen.<\/p>\n<p>Von Produktpr\u00e4sentationen \u00fcber gemeinsame Diskussionen bis hin zu umfassenden B\u00fchnenpr\u00e4sentationen \u2013 hier ist eine Zusammenfassung unserer Erfahrungen beim diesj\u00e4hrigen ITAP!<\/p>\n<h2><\/h2>\n<h2>Tag 1 auf der ITAP 2023: Bahnbrechende Partnerschaften und spannende Pr\u00e4sentationen<\/h2>\n<p>Der erste Tag der ITAP 2023 war ein pr\u00e4gender Tag, der die Teilnahme von INCIT dynamisch gestaltete. Eine hochkar\u00e4tige Delegation von Verb\u00e4nden aus verschiedenen L\u00e4ndern besuchte unseren Stand. Wir hatten eine tolle Zeit mit Branchenvertretern aus Malaysia, Vietnam, China, Indien, S\u00fcdkorea und weiteren L\u00e4ndern. Wir sprachen \u00fcber Schl\u00fcsselthemen rund um die digitale und nachhaltige Transformation anhand der Priorisierungsindizes von INCIT, wie zum Beispiel: <a href=\"https:\/\/incit.org\/en\/services\/siri\/\">Smart Industry Readiness Index<\/a> (SIRI) und <a href=\"https:\/\/incit.org\/en\/services\/cosiri\/\">Nachhaltigkeits-Branchenbereitschaftsindex f\u00fcr Verbraucher<\/a> (COSIRI) sowie unsere neu eingef\u00fchrte Analyseplattform XIRI-Analytics.<\/p>\n<p>&nbsp;<\/p>\n<figure id=\"attachment_35426\" aria-describedby=\"caption-attachment-35426\" style=\"width: 1012px\" class=\"wp-caption aligncenter\"><img fetchpriority=\"high\" decoding=\"async\" class=\"wp-image-35426\" src=\"https:\/\/assets.incit.org\/wp-content\/uploads\/2023\/10\/16000201\/INCIT-ITAP-2023-2.jpg-1024x768.webp\" alt=\"\" width=\"1012\" height=\"759\" srcset=\"https:\/\/assets.incit.org\/wp-content\/uploads\/2023\/10\/16000201\/INCIT-ITAP-2023-2.jpg-1024x768.webp 1024w, https:\/\/assets.incit.org\/wp-content\/uploads\/2023\/10\/16000201\/INCIT-ITAP-2023-2.jpg-300x225.webp 300w, https:\/\/assets.incit.org\/wp-content\/uploads\/2023\/10\/16000201\/INCIT-ITAP-2023-2.jpg-768x576.webp 768w, https:\/\/assets.incit.org\/wp-content\/uploads\/2023\/10\/16000201\/INCIT-ITAP-2023-2.jpg-16x12.webp 16w, https:\/\/assets.incit.org\/wp-content\/uploads\/2023\/10\/16000201\/INCIT-ITAP-2023-2.jpg.webp 1379w\" sizes=\"(max-width: 1012px) 100vw, 1012px\" \/><figcaption id=\"caption-attachment-35426\" class=\"wp-caption-text\">Delegation des Verbands malaysischer Hersteller (FMM).<\/figcaption><\/figure>\n<figure id=\"attachment_35427\" aria-describedby=\"caption-attachment-35427\" style=\"width: 1012px\" class=\"wp-caption aligncenter\"><img decoding=\"async\" class=\"wp-image-35427\" src=\"https:\/\/assets.incit.org\/wp-content\/uploads\/2023\/10\/16000258\/INCIT-ITAP-2023-3.jpg-1024x768.webp\" alt=\"\" width=\"1012\" height=\"759\" srcset=\"https:\/\/assets.incit.org\/wp-content\/uploads\/2023\/10\/16000258\/INCIT-ITAP-2023-3.jpg-1024x768.webp 1024w, https:\/\/assets.incit.org\/wp-content\/uploads\/2023\/10\/16000258\/INCIT-ITAP-2023-3.jpg-300x225.webp 300w, https:\/\/assets.incit.org\/wp-content\/uploads\/2023\/10\/16000258\/INCIT-ITAP-2023-3.jpg-768x576.webp 768w, https:\/\/assets.incit.org\/wp-content\/uploads\/2023\/10\/16000258\/INCIT-ITAP-2023-3.jpg-16x12.webp 16w, https:\/\/assets.incit.org\/wp-content\/uploads\/2023\/10\/16000258\/INCIT-ITAP-2023-3.jpg.webp 1379w\" sizes=\"(max-width: 1012px) 100vw, 1012px\" \/><figcaption id=\"caption-attachment-35427\" class=\"wp-caption-text\">Delegation der Korea Industry Intelligentization Association (KOIIA).<\/figcaption><\/figure>\n<figure id=\"attachment_35429\" aria-describedby=\"caption-attachment-35429\" style=\"width: 1012px\" class=\"wp-caption aligncenter\"><img decoding=\"async\" class=\"wp-image-35429\" src=\"https:\/\/assets.incit.org\/wp-content\/uploads\/2023\/10\/16000425\/INCIT-ITAP-2023-4.jpg-1024x725.webp\" alt=\"\" width=\"1012\" height=\"716\" srcset=\"https:\/\/assets.incit.org\/wp-content\/uploads\/2023\/10\/16000425\/INCIT-ITAP-2023-4.jpg-1024x725.webp 1024w, https:\/\/assets.incit.org\/wp-content\/uploads\/2023\/10\/16000425\/INCIT-ITAP-2023-4.jpg-300x212.webp 300w, https:\/\/assets.incit.org\/wp-content\/uploads\/2023\/10\/16000425\/INCIT-ITAP-2023-4.jpg-768x544.webp 768w, https:\/\/assets.incit.org\/wp-content\/uploads\/2023\/10\/16000425\/INCIT-ITAP-2023-4.jpg-18x12.webp 18w, https:\/\/assets.incit.org\/wp-content\/uploads\/2023\/10\/16000425\/INCIT-ITAP-2023-4.jpg.webp 1379w\" sizes=\"(max-width: 1012px) 100vw, 1012px\" \/><figcaption id=\"caption-attachment-35429\" class=\"wp-caption-text\">Chinesische Fachbesucher.<\/figcaption><\/figure>\n<p>Mit der formellen Unterzeichnung einer Schulungspartnerschaftsvereinbarung mit dem Temasek Polytechnic haben wir au\u00dferdem einen spannenden Meilenstein erreicht und damit ihre Rolle als gesch\u00e4tzter Partner in der COSIRI-Schulungsinitiative gefestigt.<\/p>\n<figure id=\"attachment_35565\" aria-describedby=\"caption-attachment-35565\" style=\"width: 800px\" class=\"wp-caption aligncenter\"><img loading=\"lazy\" decoding=\"async\" class=\"wp-image-35565 size-large\" src=\"https:\/\/assets.incit.org\/wp-content\/uploads\/2023\/10\/18003145\/INCIT-ITAP-2023-5.jpg-1-1024x768.webp\" alt=\"INCIT with Temasek Polytechnic representatives.\" width=\"800\" height=\"600\" srcset=\"https:\/\/assets.incit.org\/wp-content\/uploads\/2023\/10\/18003145\/INCIT-ITAP-2023-5.jpg-1-1024x768.webp 1024w, https:\/\/assets.incit.org\/wp-content\/uploads\/2023\/10\/18003145\/INCIT-ITAP-2023-5.jpg-1-300x225.webp 300w, https:\/\/assets.incit.org\/wp-content\/uploads\/2023\/10\/18003145\/INCIT-ITAP-2023-5.jpg-1-768x576.webp 768w, https:\/\/assets.incit.org\/wp-content\/uploads\/2023\/10\/18003145\/INCIT-ITAP-2023-5.jpg-1-16x12.webp 16w, https:\/\/assets.incit.org\/wp-content\/uploads\/2023\/10\/18003145\/INCIT-ITAP-2023-5.jpg-1.webp 1379w\" sizes=\"(max-width: 800px) 100vw, 800px\" \/><figcaption id=\"caption-attachment-35565\" class=\"wp-caption-text\">INCIT mit Vertretern des Temasek Polytechnic.<\/figcaption><\/figure>\n<p><img loading=\"lazy\" decoding=\"async\" class=\"aligncenter size-large wp-image-35564\" src=\"https:\/\/assets.incit.org\/wp-content\/uploads\/2023\/10\/18003143\/INCIT-ITAP-2023-6.jpg-1-1024x768.webp\" alt=\"\" width=\"800\" height=\"600\" srcset=\"https:\/\/assets.incit.org\/wp-content\/uploads\/2023\/10\/18003143\/INCIT-ITAP-2023-6.jpg-1-1024x768.webp 1024w, https:\/\/assets.incit.org\/wp-content\/uploads\/2023\/10\/18003143\/INCIT-ITAP-2023-6.jpg-1-300x225.webp 300w, https:\/\/assets.incit.org\/wp-content\/uploads\/2023\/10\/18003143\/INCIT-ITAP-2023-6.jpg-1-768x576.webp 768w, https:\/\/assets.incit.org\/wp-content\/uploads\/2023\/10\/18003143\/INCIT-ITAP-2023-6.jpg-1-16x12.webp 16w, https:\/\/assets.incit.org\/wp-content\/uploads\/2023\/10\/18003143\/INCIT-ITAP-2023-6.jpg-1.webp 1379w\" sizes=\"(max-width: 800px) 100vw, 800px\" \/><\/p>\n<p>Durch diese Zusammenarbeit wird das Temasek Polytechnic nun einer unserer Schulungspartner sein und Branchenexperten und Praktikern Schulungsprogramme zu den Themen ESG und Nachhaltigkeit anbieten und sie darin bef\u00e4higen, indem es das COSIRI-Framework und die dazugeh\u00f6rigen Tools, Konzepte usw. nutzt.<\/p>\n<p>Diese Initiative erm\u00f6glicht es zudem, zukunftsweisende und neue Nachhaltigkeitskonzepte in die Hochschulbildung und die akademische Ausbildung zu integrieren. Die Integration von Nachhaltigkeit in die Hochschulbildung ist f\u00fcr die Ausbildung der zuk\u00fcnftigen Arbeitskr\u00e4fte unerl\u00e4sslich.<\/p>\n<p><img loading=\"lazy\" decoding=\"async\" class=\"aligncenter size-large wp-image-35566\" src=\"https:\/\/assets.incit.org\/wp-content\/uploads\/2023\/10\/18003329\/INCIT-ITAP-2023-7.jpg-1-1024x768.webp\" alt=\"\" width=\"800\" height=\"600\" srcset=\"https:\/\/assets.incit.org\/wp-content\/uploads\/2023\/10\/18003329\/INCIT-ITAP-2023-7.jpg-1-1024x768.webp 1024w, https:\/\/assets.incit.org\/wp-content\/uploads\/2023\/10\/18003329\/INCIT-ITAP-2023-7.jpg-1-300x225.webp 300w, https:\/\/assets.incit.org\/wp-content\/uploads\/2023\/10\/18003329\/INCIT-ITAP-2023-7.jpg-1-768x576.webp 768w, https:\/\/assets.incit.org\/wp-content\/uploads\/2023\/10\/18003329\/INCIT-ITAP-2023-7.jpg-1-16x12.webp 16w, https:\/\/assets.incit.org\/wp-content\/uploads\/2023\/10\/18003329\/INCIT-ITAP-2023-7.jpg-1.webp 1379w\" sizes=\"(max-width: 800px) 100vw, 800px\" \/><\/p>\n<p>&nbsp;<\/p>\n<p>Der COSIRI-Plattformdirektor des INCIT nahm auch an der Industrie 4.0 Tech Capsule Stage teil und pr\u00e4sentierte einem begeisterten Publikum die Feinheiten von COSIRI. Das gro\u00dfe Interesse und die aktive Beteiligung des Publikums unterstrichen einmal mehr die Relevanz und Bedeutung von Nachhaltigkeit und wie die COSIRI-Initiative Unternehmen bei ihrem Transformationsprozess im Zuge der Weiterentwicklung der Industrielandschaft unterst\u00fctzen kann.<\/p>\n<figure id=\"attachment_35568\" aria-describedby=\"caption-attachment-35568\" style=\"width: 800px\" class=\"wp-caption aligncenter\"><img loading=\"lazy\" decoding=\"async\" class=\"wp-image-35568 size-large\" src=\"https:\/\/assets.incit.org\/wp-content\/uploads\/2023\/10\/18003403\/INCIT-ITAP-2023-8.jpg-1-1024x768.webp\" alt=\"\" width=\"800\" height=\"600\" srcset=\"https:\/\/assets.incit.org\/wp-content\/uploads\/2023\/10\/18003403\/INCIT-ITAP-2023-8.jpg-1-1024x768.webp 1024w, https:\/\/assets.incit.org\/wp-content\/uploads\/2023\/10\/18003403\/INCIT-ITAP-2023-8.jpg-1-300x225.webp 300w, https:\/\/assets.incit.org\/wp-content\/uploads\/2023\/10\/18003403\/INCIT-ITAP-2023-8.jpg-1-768x576.webp 768w, https:\/\/assets.incit.org\/wp-content\/uploads\/2023\/10\/18003403\/INCIT-ITAP-2023-8.jpg-1-16x12.webp 16w, https:\/\/assets.incit.org\/wp-content\/uploads\/2023\/10\/18003403\/INCIT-ITAP-2023-8.jpg-1.webp 1379w\" sizes=\"(max-width: 800px) 100vw, 800px\" \/><figcaption id=\"caption-attachment-35568\" class=\"wp-caption-text\">Pr\u00e4sentation des COSIRI-TIER-Frameworks auf der i4.0 Tech Capsule Stage.<\/figcaption><\/figure>\n<p><img loading=\"lazy\" decoding=\"async\" class=\"aligncenter size-large wp-image-35567\" src=\"https:\/\/assets.incit.org\/wp-content\/uploads\/2023\/10\/18003401\/INCIT-ITAP-2023-9.jpg-1-1024x768.webp\" alt=\"\" width=\"800\" height=\"600\" srcset=\"https:\/\/assets.incit.org\/wp-content\/uploads\/2023\/10\/18003401\/INCIT-ITAP-2023-9.jpg-1-1024x768.webp 1024w, https:\/\/assets.incit.org\/wp-content\/uploads\/2023\/10\/18003401\/INCIT-ITAP-2023-9.jpg-1-300x225.webp 300w, https:\/\/assets.incit.org\/wp-content\/uploads\/2023\/10\/18003401\/INCIT-ITAP-2023-9.jpg-1-768x576.webp 768w, https:\/\/assets.incit.org\/wp-content\/uploads\/2023\/10\/18003401\/INCIT-ITAP-2023-9.jpg-1-16x12.webp 16w, https:\/\/assets.incit.org\/wp-content\/uploads\/2023\/10\/18003401\/INCIT-ITAP-2023-9.jpg-1.webp 1379w\" sizes=\"(max-width: 800px) 100vw, 800px\" \/><\/p>\n<h2>Tag 2 auf der ITAP 2023: INCIT steht im Mittelpunkt<\/h2>\n<p>Der zweite Tag der ITAP 2023 war gepr\u00e4gt von einem starken Anstieg an Aktivit\u00e4t und Engagement. Unser Stand verzeichnete einen deutlichen Anstieg der Besuche von Fachbesuchern, Branchenexperten, Delegierten, Verb\u00e4nden und Partnern.<\/p>\n<p><img loading=\"lazy\" decoding=\"async\" class=\"aligncenter size-large wp-image-35570\" src=\"https:\/\/assets.incit.org\/wp-content\/uploads\/2023\/10\/18003441\/INCIT-ITAP-2023-10.jpg-1-1024x768.webp\" alt=\"\" width=\"800\" height=\"600\" srcset=\"https:\/\/assets.incit.org\/wp-content\/uploads\/2023\/10\/18003441\/INCIT-ITAP-2023-10.jpg-1-1024x768.webp 1024w, https:\/\/assets.incit.org\/wp-content\/uploads\/2023\/10\/18003441\/INCIT-ITAP-2023-10.jpg-1-300x225.webp 300w, https:\/\/assets.incit.org\/wp-content\/uploads\/2023\/10\/18003441\/INCIT-ITAP-2023-10.jpg-1-768x576.webp 768w, https:\/\/assets.incit.org\/wp-content\/uploads\/2023\/10\/18003441\/INCIT-ITAP-2023-10.jpg-1-16x12.webp 16w, https:\/\/assets.incit.org\/wp-content\/uploads\/2023\/10\/18003441\/INCIT-ITAP-2023-10.jpg-1.webp 1379w\" sizes=\"(max-width: 800px) 100vw, 800px\" \/><\/p>\n<p><img loading=\"lazy\" decoding=\"async\" class=\"aligncenter size-large wp-image-35569\" src=\"https:\/\/assets.incit.org\/wp-content\/uploads\/2023\/10\/18003440\/INCIT-ITAP-2023-11.jpg-1-961x1024.webp\" alt=\"\" width=\"800\" height=\"852\" srcset=\"https:\/\/assets.incit.org\/wp-content\/uploads\/2023\/10\/18003440\/INCIT-ITAP-2023-11.jpg-1-961x1024.webp 961w, https:\/\/assets.incit.org\/wp-content\/uploads\/2023\/10\/18003440\/INCIT-ITAP-2023-11.jpg-1-282x300.webp 282w, https:\/\/assets.incit.org\/wp-content\/uploads\/2023\/10\/18003440\/INCIT-ITAP-2023-11.jpg-1-768x818.webp 768w, https:\/\/assets.incit.org\/wp-content\/uploads\/2023\/10\/18003440\/INCIT-ITAP-2023-11.jpg-1-11x12.webp 11w, https:\/\/assets.incit.org\/wp-content\/uploads\/2023\/10\/18003440\/INCIT-ITAP-2023-11.jpg-1.webp 1379w\" sizes=\"(max-width: 800px) 100vw, 800px\" \/><\/p>\n<p>Ein bemerkenswerter Moment des Tages war, als unser Gr\u00fcnder und CEO Raimund Klein die B\u00fchne beim Industrial Transformation Forum (ITF) betrat und eine beeindruckende Menschenmenge anzog.<\/p>\n<p><img loading=\"lazy\" decoding=\"async\" class=\"aligncenter size-large wp-image-35572\" src=\"https:\/\/assets.incit.org\/wp-content\/uploads\/2023\/10\/18003511\/INCIT-ITAP-2023-12.jpg-1-1024x768.webp\" alt=\"\" width=\"800\" height=\"600\" srcset=\"https:\/\/assets.incit.org\/wp-content\/uploads\/2023\/10\/18003511\/INCIT-ITAP-2023-12.jpg-1-1024x768.webp 1024w, https:\/\/assets.incit.org\/wp-content\/uploads\/2023\/10\/18003511\/INCIT-ITAP-2023-12.jpg-1-300x225.webp 300w, https:\/\/assets.incit.org\/wp-content\/uploads\/2023\/10\/18003511\/INCIT-ITAP-2023-12.jpg-1-768x576.webp 768w, https:\/\/assets.incit.org\/wp-content\/uploads\/2023\/10\/18003511\/INCIT-ITAP-2023-12.jpg-1-16x12.webp 16w, https:\/\/assets.incit.org\/wp-content\/uploads\/2023\/10\/18003511\/INCIT-ITAP-2023-12.jpg-1.webp 1379w\" sizes=\"(max-width: 800px) 100vw, 800px\" \/><\/p>\n<p><img loading=\"lazy\" decoding=\"async\" class=\"aligncenter size-large wp-image-35571\" src=\"https:\/\/assets.incit.org\/wp-content\/uploads\/2023\/10\/18003509\/INCIT-ITAP-2023-13.jpg-1-1024x883.webp\" alt=\"\" width=\"800\" height=\"690\" srcset=\"https:\/\/assets.incit.org\/wp-content\/uploads\/2023\/10\/18003509\/INCIT-ITAP-2023-13.jpg-1-1024x883.webp 1024w, https:\/\/assets.incit.org\/wp-content\/uploads\/2023\/10\/18003509\/INCIT-ITAP-2023-13.jpg-1-300x259.webp 300w, https:\/\/assets.incit.org\/wp-content\/uploads\/2023\/10\/18003509\/INCIT-ITAP-2023-13.jpg-1-768x662.webp 768w, https:\/\/assets.incit.org\/wp-content\/uploads\/2023\/10\/18003509\/INCIT-ITAP-2023-13.jpg-1-14x12.webp 14w, https:\/\/assets.incit.org\/wp-content\/uploads\/2023\/10\/18003509\/INCIT-ITAP-2023-13.jpg-1.webp 1379w\" sizes=\"(max-width: 800px) 100vw, 800px\" \/><\/p>\n<p>&nbsp;<\/p>\n<p>Raimund erl\u00e4uterte die Mission und die Gesch\u00e4ftst\u00e4tigkeit unserer Organisation, insbesondere im Bereich Nachhaltigkeit. Er ging auf die Feinheiten von ESG-Ratings auf operativer Ebene ein und betonte unser Engagement f\u00fcr mehr Nachhaltigkeit in der Produktion. Bei der Vorstellung von COSIRI erl\u00e4uterte Raimund dem Publikum den Rahmen, die Dimensionen, Bausteine und S\u00e4ulen dieser transformativen Initiative.<\/p>\n<p>Diese aufschlussreiche Pr\u00e4sentation war nicht nur ein Nachhaltigkeits-Meisterkurs f\u00fcr die breite Masse \u2013 sie war auch eine Best\u00e4tigung unseres Engagements, eine nachhaltigere Zukunft f\u00fcr die Fertigungsindustrie zu gestalten.<\/p>\n<h2><\/h2>\n<p>&nbsp;<\/p>\n<h2>Tag 3: Zufriedenstellender Abschluss einer ereignisreichen Messe<\/h2>\n<p>Der letzte Tag der ITAP 2023 war f\u00fcr INCIT ein H\u00f6hepunkt bedeutender Engagements und fruchtbarer Interaktionen. Obwohl es der letzte Tag war, blieb der Besucherandrang hoch, und wir waren mehr als dankbar, unser Netzwerk mit verschiedenen Branchenexperten, Fachbesuchern und bedeutenden Pers\u00f6nlichkeiten aus aller Welt erweitern zu k\u00f6nnen.<\/p>\n<p>Am Morgen haben wir mit unserem Partner T\u00dcV S\u00dcD eine neue Vereinbarung f\u00fcr COSIRI unterzeichnet. T\u00dcV S\u00dcD wird COSIRI in K\u00fcrze integrieren, um umfassende Schulungs- und Pr\u00fcfungskurse anzubieten, f\u00fcr die sich jeder anmelden kann. Diese Initiative erh\u00f6ht nicht nur die Branchenstandards, sondern unterstreicht auch unser Engagement f\u00fcr eine nachhaltigere und widerstandsf\u00e4higere Zukunft f\u00fcr Unternehmen und Einzelpersonen weltweit.<\/p>\n<p><img loading=\"lazy\" decoding=\"async\" class=\"aligncenter size-large wp-image-35573\" src=\"https:\/\/assets.incit.org\/wp-content\/uploads\/2023\/10\/18003550\/INCIT-ITAP-2023-14.jpg-1024x783.webp\" alt=\"\" width=\"800\" height=\"612\" srcset=\"https:\/\/assets.incit.org\/wp-content\/uploads\/2023\/10\/18003550\/INCIT-ITAP-2023-14.jpg-1024x783.webp 1024w, https:\/\/assets.incit.org\/wp-content\/uploads\/2023\/10\/18003550\/INCIT-ITAP-2023-14.jpg-300x229.webp 300w, https:\/\/assets.incit.org\/wp-content\/uploads\/2023\/10\/18003550\/INCIT-ITAP-2023-14.jpg-768x587.webp 768w, https:\/\/assets.incit.org\/wp-content\/uploads\/2023\/10\/18003550\/INCIT-ITAP-2023-14.jpg-16x12.webp 16w, https:\/\/assets.incit.org\/wp-content\/uploads\/2023\/10\/18003550\/INCIT-ITAP-2023-14.jpg.webp 1379w\" sizes=\"(max-width: 800px) 100vw, 800px\" \/><\/p>\n<p>&nbsp;<\/p>\n<p>Auch das Wirtschaftsministerium der Republik Indonesien und seine gesch\u00e4tzten Delegierten besuchten am Nachmittag unseren Stand. Wir hatten die Ehre, Dr. Ir. Wahyu Otomo, MS, stellvertretenden Minister f\u00fcr Regionalentwicklung und Raumplanungskoordination, zu treffen. Bei diesem Treffen erl\u00e4uterten wir das transformative Potenzial des Smart Industry Readiness Index, COSIRI und XIRI Analytics f\u00fcr L\u00e4nder im asiatisch-pazifischen Raum und betonten die herausragende Rolle, die INCIT bei der F\u00f6rderung der industriellen Transformation und Bereitschaft spielen kann.<\/p>\n<figure id=\"attachment_35575\" aria-describedby=\"caption-attachment-35575\" style=\"width: 800px\" class=\"wp-caption aligncenter\"><img loading=\"lazy\" decoding=\"async\" class=\"wp-image-35575 size-large\" src=\"https:\/\/assets.incit.org\/wp-content\/uploads\/2023\/10\/18003616\/MicrosoftTeams-image-1-1536x1152.png-1024x768.webp\" alt=\"Founder and CEO of INCIT, Raimund Klein (left), with Dr. Ir. Wahyu Utomo, Ms., Deputy Minister for Regional Development and Spatial Planning Coordination (right).\" width=\"800\" height=\"600\" srcset=\"https:\/\/assets.incit.org\/wp-content\/uploads\/2023\/10\/18003616\/MicrosoftTeams-image-1-1536x1152.png-1024x768.webp 1024w, https:\/\/assets.incit.org\/wp-content\/uploads\/2023\/10\/18003616\/MicrosoftTeams-image-1-1536x1152.png-300x225.webp 300w, https:\/\/assets.incit.org\/wp-content\/uploads\/2023\/10\/18003616\/MicrosoftTeams-image-1-1536x1152.png-768x576.webp 768w, https:\/\/assets.incit.org\/wp-content\/uploads\/2023\/10\/18003616\/MicrosoftTeams-image-1-1536x1152.png-16x12.webp 16w, https:\/\/assets.incit.org\/wp-content\/uploads\/2023\/10\/18003616\/MicrosoftTeams-image-1-1536x1152.png.webp 1536w\" sizes=\"(max-width: 800px) 100vw, 800px\" \/><figcaption id=\"caption-attachment-35575\" class=\"wp-caption-text\">Gr\u00fcnder und CEO von INCIT, Raimund Klein (links), mit Dr. Ir. Wahyu Utomo, Ms., stellvertretende Ministerin f\u00fcr regionale Entwicklung und Raumplanungskoordination (rechts).<\/figcaption><\/figure>\n<p><img loading=\"lazy\" decoding=\"async\" class=\"aligncenter size-large wp-image-35574\" src=\"https:\/\/assets.incit.org\/wp-content\/uploads\/2023\/10\/18003614\/INCIT-ITAP-2023-16.jpg-1024x768.webp\" alt=\"\" width=\"800\" height=\"600\" srcset=\"https:\/\/assets.incit.org\/wp-content\/uploads\/2023\/10\/18003614\/INCIT-ITAP-2023-16.jpg-1024x768.webp 1024w, https:\/\/assets.incit.org\/wp-content\/uploads\/2023\/10\/18003614\/INCIT-ITAP-2023-16.jpg-300x225.webp 300w, https:\/\/assets.incit.org\/wp-content\/uploads\/2023\/10\/18003614\/INCIT-ITAP-2023-16.jpg-768x576.webp 768w, https:\/\/assets.incit.org\/wp-content\/uploads\/2023\/10\/18003614\/INCIT-ITAP-2023-16.jpg-16x12.webp 16w, https:\/\/assets.incit.org\/wp-content\/uploads\/2023\/10\/18003614\/INCIT-ITAP-2023-16.jpg.webp 1379w\" sizes=\"(max-width: 800px) 100vw, 800px\" \/><\/p>\n<p><img loading=\"lazy\" decoding=\"async\" class=\"aligncenter size-large wp-image-35577\" src=\"https:\/\/assets.incit.org\/wp-content\/uploads\/2023\/10\/18003656\/INCIT-ITAP-2023-17.jpg-1024x887.webp\" alt=\"\" width=\"800\" height=\"693\" srcset=\"https:\/\/assets.incit.org\/wp-content\/uploads\/2023\/10\/18003656\/INCIT-ITAP-2023-17.jpg-1024x887.webp 1024w, https:\/\/assets.incit.org\/wp-content\/uploads\/2023\/10\/18003656\/INCIT-ITAP-2023-17.jpg-300x260.webp 300w, https:\/\/assets.incit.org\/wp-content\/uploads\/2023\/10\/18003656\/INCIT-ITAP-2023-17.jpg-768x665.webp 768w, https:\/\/assets.incit.org\/wp-content\/uploads\/2023\/10\/18003656\/INCIT-ITAP-2023-17.jpg-14x12.webp 14w, https:\/\/assets.incit.org\/wp-content\/uploads\/2023\/10\/18003656\/INCIT-ITAP-2023-17.jpg.webp 1379w\" sizes=\"(max-width: 800px) 100vw, 800px\" \/><\/p>\n<p>Zum Abschluss der Veranstaltung zeigte sich der durchschlagende Erfolg unserer Teilnahme an der ITAP 2023. Das bemerkenswerte Engagement, die aufschlussreichen Diskussionen und die wertvollen Kontakte, die wir in diesen drei Tagen gekn\u00fcpft haben, haben die Weichen f\u00fcr zuk\u00fcnftige Fortschritte in der Industrielandschaft gestellt.<\/p>\n<p>Wir danken unserem Schulungspartner T\u00dcV S\u00dcD herzlich f\u00fcr seine unerm\u00fcdliche Unterst\u00fctzung und Pr\u00e4senz an unserem Stand w\u00e4hrend der gesamten Veranstaltung. Ihr Engagement, ihre Expertise und ihr Einsatz, den Smart Industry Readiness Index und COSIRI sowie den dazugeh\u00f6rigen Schulungs- und Pr\u00fcfungsprozess mit der \u00d6ffentlichkeit zu teilen, haben uns ma\u00dfgeblich dabei geholfen, die Bedeutung dieser beiden wichtigen Priorisierungsindizes einem breiteren Publikum bekannt zu machen.<\/p>\n<p>Dar\u00fcber hinaus gilt unser besonderer Dank und unsere Anerkennung unserem Marketingpartner Manning &amp; Co f\u00fcr seinen Beitrag zum Aufbau unseres Standes und seine unerm\u00fcdliche Unterst\u00fctzung unserer Plattform \u201eGlobal Industry Executive Talks\u201c (GETIT), die f\u00fcr Vordenker und Experten der Branche konzipiert ist, um Kontakte zu kn\u00fcpfen und die Transformation der Fertigung voranzutreiben.<\/p>\n<p><img loading=\"lazy\" decoding=\"async\" class=\"aligncenter size-large wp-image-35578\" src=\"https:\/\/assets.incit.org\/wp-content\/uploads\/2023\/10\/18003736\/MicrosoftTeams-image-3-1157x1536.jpg-771x1024.webp\" alt=\"\" width=\"771\" height=\"1024\" srcset=\"https:\/\/assets.incit.org\/wp-content\/uploads\/2023\/10\/18003736\/MicrosoftTeams-image-3-1157x1536.jpg-771x1024.webp 771w, https:\/\/assets.incit.org\/wp-content\/uploads\/2023\/10\/18003736\/MicrosoftTeams-image-3-1157x1536.jpg-226x300.webp 226w, https:\/\/assets.incit.org\/wp-content\/uploads\/2023\/10\/18003736\/MicrosoftTeams-image-3-1157x1536.jpg-768x1020.webp 768w, https:\/\/assets.incit.org\/wp-content\/uploads\/2023\/10\/18003736\/MicrosoftTeams-image-3-1157x1536.jpg-9x12.webp 9w, https:\/\/assets.incit.org\/wp-content\/uploads\/2023\/10\/18003736\/MicrosoftTeams-image-3-1157x1536.jpg.webp 1157w\" sizes=\"(max-width: 771px) 100vw, 771px\" \/><\/p>\n<h4>\u00dcber INCIT<\/h4>\n<p>Das International Centre for Industrial Transformation (INCIT) ist ein unabh\u00e4ngiges, nichtstaatliches Institut mit Sitz in Singapur, das mit dem Ziel gegr\u00fcndet wurde, die globale Transformation der Fertigung voranzutreiben. INCIT unterst\u00fctzt die Industrie 4.0-Entwicklung von Herstellern und entwickelt und implementiert global referenzierte Frameworks, Tools, Konzepte und Programme f\u00fcr alle Beteiligten in der Fertigung, um den globalen Aufstieg intelligenter und nachhaltiger Fertigung zu f\u00f6rdern.<\/p>\n<p>Weitere Informationen finden Sie unter: <a href=\"https:\/\/incit.org\/en\/\">https:\/\/incit.org\/<\/a><\/p>\n<p>&nbsp;<\/p>\n<p><strong>Um <a href=\"https:\/\/www.tuvsud.com\/en\" target=\"_blank\" rel=\"noopener\">T\u00dcV S\u00dcD<\/a><\/strong><\/p>\n<p>T\u00dcV S\u00dcD ist ein anerkannter und renommierter Komplettl\u00f6sungsanbieter f\u00fcr Unternehmen und langj\u00e4hriger Partner des INCIT bei der Bereitstellung von Schulungsprogrammen und zertifizierten Qualifikationen f\u00fcr den Smart Industry Readiness Index (SIRI).<\/p>\n<p>&nbsp;<\/p>\n<p><strong>Um <a href=\"https:\/\/manningandcogroup.com\/\" target=\"_blank\" rel=\"noopener\">Manning &amp; Co<\/a><\/strong><\/p>\n<p>Manning &amp; Co ist eine etablierte Marketingagentur, die sich dem Wachstum von Unternehmen verschrieben hat. Mit globaler Reichweite und zwei strategischen Schwerpunkten \u2013 Sydney, Australien und Singapur \u2013 ist M&amp;C ein zuverl\u00e4ssiger strategischer Partner f\u00fcr Unternehmen jeder Gr\u00f6\u00dfe. Derzeit arbeitet das Unternehmen mit INCIT zusammen, um GETIT voranzutreiben.<\/p>","protected":false},"excerpt":{"rendered":"<p>INCIT mit Frau Glory Wee (links) und Frau Sharon Tan (rechts), Vizepr\u00e4sidentin und stellvertretende Vizepr\u00e4sidentin des Singapore Economic Development Board (EDB). Mittwoch, 25. Oktober 2023, Singapur \u2013 Das International Centre for Industrial Transformation (INCIT) nahm stolz an der Fachmesse Industrial Transformation Asia-Pacific (ITAP) 2023 vom 18. bis 20. Oktober 2023 teil [\u2026]<\/p>","protected":false},"author":3,"featured_media":35580,"comment_status":"closed","ping_status":"open","sticky":false,"template":"","format":"standard","meta":{"_acf_changed":false,"footnotes":""},"categories":[18],"tags":[27],"class_list":["post-16622","post","type-post","status-publish","format-standard","has-post-thumbnail","hentry","category-newsroom","tag-mainspotlight"],"acf":{"featured_post":false},"_links":{"self":[{"href":"https:\/\/incit.org\/de\/wp-json\/wp\/v2\/posts\/16622","targetHints":{"allow":["GET"]}}],"collection":[{"href":"https:\/\/incit.org\/de\/wp-json\/wp\/v2\/posts"}],"about":[{"href":"https:\/\/incit.org\/de\/wp-json\/wp\/v2\/types\/post"}],"author":[{"embeddable":true,"href":"https:\/\/incit.org\/de\/wp-json\/wp\/v2\/users\/3"}],"replies":[{"embeddable":true,"href":"https:\/\/incit.org\/de\/wp-json\/wp\/v2\/comments?post=16622"}],"version-history":[{"count":4,"href":"https:\/\/incit.org\/de\/wp-json\/wp\/v2\/posts\/16622\/revisions"}],"predecessor-version":[{"id":35579,"href":"https:\/\/incit.org\/de\/wp-json\/wp\/v2\/posts\/16622\/revisions\/35579"}],"wp:featuredmedia":[{"embeddable":true,"href":"https:\/\/incit.org\/de\/wp-json\/wp\/v2\/media\/35580"}],"wp:attachment":[{"href":"https:\/\/incit.org\/de\/wp-json\/wp\/v2\/media?parent=16622"}],"wp:term":[{"taxonomy":"category","embeddable":true,"href":"https:\/\/incit.org\/de\/wp-json\/wp\/v2\/categories?post=16622"},{"taxonomy":"post_tag","embeddable":true,"href":"https:\/\/incit.org\/de\/wp-json\/wp\/v2\/tags?post=16622"}],"curies":[{"name":"wp","href":"https:\/\/api.w.org\/{rel}","templated":true}]}}