{"id":32595,"date":"2025-02-21T16:29:41","date_gmt":"2025-02-21T08:29:41","guid":{"rendered":"https:\/\/incit.org\/?p=32595"},"modified":"2025-06-10T13:50:24","modified_gmt":"2025-06-10T05:50:24","slug":"global-executive-industry-talks-getit-at-hannover-messe-2025","status":"publish","type":"post","link":"https:\/\/incit.org\/de\/newsroom\/global-executive-industry-talks-getit-at-hannover-messe-2025\/","title":{"rendered":"Global Executive Industry Talks (GETIT) auf der Hannover Messe 2025"},"content":{"rendered":"<p><img fetchpriority=\"high\" decoding=\"async\" class=\"aligncenter wp-image-35087 size-full\" src=\"https:\/\/assets.incit.org\/wp-content\/uploads\/2025\/02\/14141152\/Hannover-2025-INCIT-Article-Banner-scaled-1.jpg\" alt=\"\" width=\"2560\" height=\"1344\" srcset=\"https:\/\/assets.incit.org\/wp-content\/uploads\/2025\/02\/14141152\/Hannover-2025-INCIT-Article-Banner-scaled-1.jpg 2560w, https:\/\/assets.incit.org\/wp-content\/uploads\/2025\/02\/14141152\/Hannover-2025-INCIT-Article-Banner-scaled-1-300x158.jpg 300w, https:\/\/assets.incit.org\/wp-content\/uploads\/2025\/02\/14141152\/Hannover-2025-INCIT-Article-Banner-scaled-1-1024x538.jpg 1024w, https:\/\/assets.incit.org\/wp-content\/uploads\/2025\/02\/14141152\/Hannover-2025-INCIT-Article-Banner-scaled-1-768x403.jpg 768w, https:\/\/assets.incit.org\/wp-content\/uploads\/2025\/02\/14141152\/Hannover-2025-INCIT-Article-Banner-scaled-1-1536x806.jpg 1536w, https:\/\/assets.incit.org\/wp-content\/uploads\/2025\/02\/14141152\/Hannover-2025-INCIT-Article-Banner-scaled-1-2048x1075.jpg 2048w, https:\/\/assets.incit.org\/wp-content\/uploads\/2025\/02\/14141152\/Hannover-2025-INCIT-Article-Banner-scaled-1-18x9.jpg 18w\" sizes=\"(max-width: 2560px) 100vw, 2560px\" \/><\/p>\n<p><strong>Die Global Executive Industry Talks (GETIT)<\/strong> ist ein exklusives, hochrangiges Forum, das speziell f\u00fcr F\u00fchrungskr\u00e4fte der obersten F\u00fchrungsebene geschaffen wurde, um die wichtigsten Trends, Herausforderungen und Chancen der Zukunft der Industrie zu erkunden und zu diskutieren. Diese Veranstaltung dient als einzigartige Plattform f\u00fcr Wissensaustausch, strategisches Networking und Zusammenarbeit und befasst sich mit den dr\u00e4ngendsten Themen der Fertigungs- und Technologiebranche, darunter <strong>digitale Transformation, Nachhaltigkeit, Innovation,<\/strong> und die <strong>globale Wirtschaftsaussichten.<\/strong><\/p>\n<p>Findet statt w\u00e4hrend <strong>Hannover Messe<\/strong> am <strong>Smart Factory Academy im Pavillon 36<\/strong>Jeder Tag ist einem spezifischen Fertigungsthema gewidmet und bietet detaillierte Einblicke f\u00fchrender Branchenexperten. Dieses Format stellt sicher, dass jede Sitzung zielgerichtet, ansprechend und wirkungsvoll f\u00fcr alle Teilnehmer ist.<\/p>\n<p>Zus\u00e4tzlich zu den Kernsitzungen, <strong>GETIT \u2013 Espresso Networking<\/strong> bietet einen speziellen Raum f\u00fcr die Pflege sinnvoller Verbindungen und den Austausch von Erkenntnissen.<\/p>\n<h4><strong>Interessiert? Laden Sie hier unsere vollst\u00e4ndige Agenda herunter:<\/strong> <a href=\"https:\/\/assets.incit.org\/wp-content\/uploads\/2025\/06\/10134930\/AGENDA-GETIT-at-Hannover-Messe-2025-05.03.25.pdf\">GETIT Veranstaltungskalender<\/a><\/h4>\n<p>Die Teilnehmer haben die M\u00f6glichkeit, an t\u00e4glichen Networking-Sitzungen teilzunehmen, wobei sich die Diskussionen jeden Tag auf ein anderes wichtiges Thema konzentrieren:<\/p>\n<ul style=\"margin-bottom: 1rem;\">\n<li><strong>31. M\u00e4rz 2025, Montag<\/strong> \u2013 Bildungstechnologie (EdTech)<\/li>\n<li><strong>1. April 2025, Dienstag<\/strong> \u2013 Nachhaltigkeit und gr\u00fcne Technologie<\/li>\n<li><strong>2. April 2025, Mittwoch<\/strong> \u2013 Industrielle K\u00fcnstliche Intelligenz<\/li>\n<li><strong>3. April 2025, Donnerstag<\/strong> \u2013 Fortschrittliche Fertigung<\/li>\n<li><strong>4. April 2025, Freitag<\/strong> \u2013 Supply Chain Optimierung<\/li>\n<\/ul>\n<p>GETIT ist Ihre Gelegenheit, Kontakte zu Kollegen zu kn\u00fcpfen, umsetzbare Erkenntnisse zu gewinnen und an bahnbrechenden Diskussionen teilzunehmen, die die Zukunft der Fertigung vorantreiben. <strong>Verpassen Sie nicht dieses unverzichtbare Event <\/strong>\u2014Besuchen Sie uns auf <strong>Hannover Messe, Pavillon 36, <\/strong>f\u00fcr einen Tag voller Inspiration, Zusammenarbeit und strategischer Planung, der die Industrien von morgen pr\u00e4gen wird.<\/p>\n<h4><strong>\u00a0Registrieren Sie sich hier f\u00fcr eine kostenlose Eintrittskarte:<\/strong> <a href=\"https:\/\/www.hannovermesse.de\/en\/?open=ticketRegistration&amp;code=lFpOg\" target=\"_blank\" rel=\"noopener\">Ticketregistrierung<\/a><\/h4>\n<p><img decoding=\"async\" class=\"aligncenter wp-image-35086 size-full\" src=\"https:\/\/assets.incit.org\/wp-content\/uploads\/2025\/02\/14141149\/Hannover-2025-INCIT-Speaker-Social-Media.png\" alt=\"\" width=\"4800\" height=\"4800\" srcset=\"https:\/\/assets.incit.org\/wp-content\/uploads\/2025\/02\/14141149\/Hannover-2025-INCIT-Speaker-Social-Media.png 2560w, https:\/\/assets.incit.org\/wp-content\/uploads\/2025\/02\/14141149\/Hannover-2025-INCIT-Speaker-Social-Media-300x300.png 300w, https:\/\/assets.incit.org\/wp-content\/uploads\/2025\/02\/14141149\/Hannover-2025-INCIT-Speaker-Social-Media-1024x1024.png 1024w, https:\/\/assets.incit.org\/wp-content\/uploads\/2025\/02\/14141149\/Hannover-2025-INCIT-Speaker-Social-Media-150x150.png 150w, https:\/\/assets.incit.org\/wp-content\/uploads\/2025\/02\/14141149\/Hannover-2025-INCIT-Speaker-Social-Media-768x768.png 768w, https:\/\/assets.incit.org\/wp-content\/uploads\/2025\/02\/14141149\/Hannover-2025-INCIT-Speaker-Social-Media-1536x1536.png 1536w, https:\/\/assets.incit.org\/wp-content\/uploads\/2025\/02\/14141149\/Hannover-2025-INCIT-Speaker-Social-Media-2048x2048.png 2048w, https:\/\/assets.incit.org\/wp-content\/uploads\/2025\/02\/14141149\/Hannover-2025-INCIT-Speaker-Social-Media-12x12.png 12w\" sizes=\"(max-width: 4800px) 100vw, 4800px\" \/><\/p>\n<p>&nbsp;<\/p>","protected":false},"excerpt":{"rendered":"<p>Die Global Executive Industry Talks (GETIT) sind ein exklusives, hochrangiges Forum, das speziell f\u00fcr F\u00fchrungskr\u00e4fte der obersten F\u00fchrungsebene konzipiert wurde, um die wichtigsten Trends, Herausforderungen und Chancen der Zukunft der Industrie zu erkunden und zu diskutieren. Die Veranstaltung dient als einzigartige Plattform f\u00fcr Wissensaustausch, strategisches Networking und Zusammenarbeit und befasst sich mit den dr\u00e4ngendsten Themen der Fertigungs- und [\u2026]<\/p>","protected":false},"author":3,"featured_media":35087,"comment_status":"closed","ping_status":"open","sticky":false,"template":"","format":"standard","meta":{"_acf_changed":false,"footnotes":""},"categories":[18],"tags":[80,71,47,29,190],"class_list":["post-32595","post","type-post","status-publish","format-standard","has-post-thumbnail","hentry","category-newsroom","tag-getit","tag-hannover-messe","tag-incit","tag-incit-partnership","tag-unido"],"acf":{"featured_post":true},"_links":{"self":[{"href":"https:\/\/incit.org\/de\/wp-json\/wp\/v2\/posts\/32595","targetHints":{"allow":["GET"]}}],"collection":[{"href":"https:\/\/incit.org\/de\/wp-json\/wp\/v2\/posts"}],"about":[{"href":"https:\/\/incit.org\/de\/wp-json\/wp\/v2\/types\/post"}],"author":[{"embeddable":true,"href":"https:\/\/incit.org\/de\/wp-json\/wp\/v2\/users\/3"}],"replies":[{"embeddable":true,"href":"https:\/\/incit.org\/de\/wp-json\/wp\/v2\/comments?post=32595"}],"version-history":[{"count":3,"href":"https:\/\/incit.org\/de\/wp-json\/wp\/v2\/posts\/32595\/revisions"}],"predecessor-version":[{"id":37773,"href":"https:\/\/incit.org\/de\/wp-json\/wp\/v2\/posts\/32595\/revisions\/37773"}],"wp:featuredmedia":[{"embeddable":true,"href":"https:\/\/incit.org\/de\/wp-json\/wp\/v2\/media\/35087"}],"wp:attachment":[{"href":"https:\/\/incit.org\/de\/wp-json\/wp\/v2\/media?parent=32595"}],"wp:term":[{"taxonomy":"category","embeddable":true,"href":"https:\/\/incit.org\/de\/wp-json\/wp\/v2\/categories?post=32595"},{"taxonomy":"post_tag","embeddable":true,"href":"https:\/\/incit.org\/de\/wp-json\/wp\/v2\/tags?post=32595"}],"curies":[{"name":"wp","href":"https:\/\/api.w.org\/{rel}","templated":true}]}}