{"id":40802,"date":"2025-10-10T09:00:15","date_gmt":"2025-10-10T01:00:15","guid":{"rendered":"https:\/\/incit.org\/?p=40802"},"modified":"2025-10-10T13:08:56","modified_gmt":"2025-10-10T05:08:56","slug":"nextgen-manufacturing-summit-africa-2025","status":"publish","type":"post","link":"https:\/\/incit.org\/de\/newsroom\/nextgen-manufacturing-summit-africa-2025\/","title":{"rendered":"NextGen Manufacturing Summit Africa 2025: Afrika 4.0: Die Zukunft der afrikanischen Fertigung gestalten"},"content":{"rendered":"<p><img fetchpriority=\"high\" decoding=\"async\" class=\"size-large wp-image-40853 alignnone\" src=\"https:\/\/assets.incit.org\/wp-content\/uploads\/2025\/10\/09222411\/Newsletter-2-1024x576.jpg\" alt=\"\" width=\"800\" height=\"450\" srcset=\"https:\/\/assets.incit.org\/wp-content\/uploads\/2025\/10\/09222411\/Newsletter-2-1024x576.jpg 1024w, https:\/\/assets.incit.org\/wp-content\/uploads\/2025\/10\/09222411\/Newsletter-2-300x169.jpg 300w, https:\/\/assets.incit.org\/wp-content\/uploads\/2025\/10\/09222411\/Newsletter-2-768x432.jpg 768w, https:\/\/assets.incit.org\/wp-content\/uploads\/2025\/10\/09222411\/Newsletter-2-1536x864.jpg 1536w, https:\/\/assets.incit.org\/wp-content\/uploads\/2025\/10\/09222411\/Newsletter-2-2048x1152.jpg 2048w, https:\/\/assets.incit.org\/wp-content\/uploads\/2025\/10\/09222411\/Newsletter-2-18x10.jpg 18w\" sizes=\"(max-width: 800px) 100vw, 800px\" \/><\/p>\n<p><span data-contrast=\"auto\">NextGen Manufacturing Summit Africa 2025: Afrika 4.0: Die Zukunft der afrikanischen Fertigung gestalten\u00a0<\/span><span data-ccp-props=\"{}\">\u00a0<\/span><\/p>\n<p><span data-contrast=\"auto\">Die j\u00fcngste <\/span><b><span data-contrast=\"auto\">NextGen Manufacturing Summit Africa 2025<\/span><\/b><span data-contrast=\"auto\"> markierte einen entscheidenden Moment f\u00fcr die industrielle Zukunft des Kontinents und brachte wichtige Interessenvertreter aus ganz Afrika und der ganzen Welt zusammen, um die Vision von \u201eAfrika 4.0\u201c voranzutreiben.<\/span><span data-ccp-props=\"{}\">\u00a0<\/span><\/p>\n<p><img decoding=\"async\" class=\"size-large wp-image-40854 alignnone\" src=\"https:\/\/assets.incit.org\/wp-content\/uploads\/2025\/10\/09222448\/Newsletter-1-1024x576.jpg\" alt=\"\" width=\"800\" height=\"450\" srcset=\"https:\/\/assets.incit.org\/wp-content\/uploads\/2025\/10\/09222448\/Newsletter-1-1024x576.jpg 1024w, https:\/\/assets.incit.org\/wp-content\/uploads\/2025\/10\/09222448\/Newsletter-1-300x169.jpg 300w, https:\/\/assets.incit.org\/wp-content\/uploads\/2025\/10\/09222448\/Newsletter-1-768x432.jpg 768w, https:\/\/assets.incit.org\/wp-content\/uploads\/2025\/10\/09222448\/Newsletter-1-1536x864.jpg 1536w, https:\/\/assets.incit.org\/wp-content\/uploads\/2025\/10\/09222448\/Newsletter-1-2048x1152.jpg 2048w, https:\/\/assets.incit.org\/wp-content\/uploads\/2025\/10\/09222448\/Newsletter-1-18x10.jpg 18w\" sizes=\"(max-width: 800px) 100vw, 800px\" \/><\/p>\n<p><span data-contrast=\"auto\">Mit \u00fcber <\/span><b><span data-contrast=\"auto\">1.200 Teilnehmer vor Ort<\/span><\/b><span data-contrast=\"auto\"> und eine zus\u00e4tzliche <\/span><b><span data-contrast=\"auto\">1.000 nehmen online teil<\/span><\/b><span data-contrast=\"auto\">Die Veranstaltung verdeutlichte die wachsende Dynamik und den gemeinsamen Ehrgeiz, die Fertigungslandschaft Afrikas durch Innovation, Nachhaltigkeit und Zusammenarbeit zu ver\u00e4ndern.<\/span><span data-ccp-props=\"{}\">\u00a0<\/span><\/p>\n<p><span data-contrast=\"auto\">Der <\/span><b><span data-contrast=\"auto\">Internationales Zentrum f\u00fcr industrielle Transformation (INCIT)<\/span><\/b><span data-contrast=\"auto\"> hatte die Ehre, die Grundsatzrede auf dem Gipfel zu halten. CEO <\/span><b><span data-contrast=\"auto\">Herr Raimund Klein<\/span><\/b><span data-contrast=\"auto\"> teilte die Perspektive von INCIT zu den strategischen Wegen, die Afrika braucht, um sein Fertigungspotenzial freizusetzen und in der vierten industriellen Revolution (4IR) ein nachhaltiges, integratives Wachstum zu erzielen.\u00a0<\/span><span data-ccp-props=\"{}\">\u00a0<\/span><\/p>\n<p><span data-contrast=\"auto\">In seiner Ansprache betonte Herr Raimund drei wichtige S\u00e4ulen der Transformation:<\/span><span data-ccp-props=\"{}\">\u00a0<\/span><\/p>\n<ul>\n<li aria-setsize=\"-1\" data-leveltext=\"\uf0b7\" data-font=\"Symbol\" data-listid=\"1\" data-list-defn-props=\"{&quot;335552541&quot;:1,&quot;335559685&quot;:720,&quot;335559991&quot;:360,&quot;469769226&quot;:&quot;Symbol&quot;,&quot;469769242&quot;:[8226],&quot;469777803&quot;:&quot;left&quot;,&quot;469777804&quot;:&quot;\uf0b7&quot;,&quot;469777815&quot;:&quot;multilevel&quot;}\" data-aria-posinset=\"1\" data-aria-level=\"1\"><b><span data-contrast=\"auto\">Einf\u00fchrung fortschrittlicher Fertigungstechnologien<\/span><\/b><span data-ccp-props=\"{}\">\u00a0<\/span><\/li>\n<\/ul>\n<ul>\n<li aria-setsize=\"-1\" data-leveltext=\"\uf0b7\" data-font=\"Symbol\" data-listid=\"1\" data-list-defn-props=\"{&quot;335552541&quot;:1,&quot;335559685&quot;:720,&quot;335559991&quot;:360,&quot;469769226&quot;:&quot;Symbol&quot;,&quot;469769242&quot;:[8226],&quot;469777803&quot;:&quot;left&quot;,&quot;469777804&quot;:&quot;\uf0b7&quot;,&quot;469777815&quot;:&quot;multilevel&quot;}\" data-aria-posinset=\"2\" data-aria-level=\"1\"><b><span data-contrast=\"auto\">Bedeutung der Talententwicklung<\/span><\/b><span data-ccp-props=\"{}\">\u00a0<\/span><\/li>\n<\/ul>\n<ul>\n<li aria-setsize=\"-1\" data-leveltext=\"\uf0b7\" data-font=\"Symbol\" data-listid=\"1\" data-list-defn-props=\"{&quot;335552541&quot;:1,&quot;335559685&quot;:720,&quot;335559991&quot;:360,&quot;469769226&quot;:&quot;Symbol&quot;,&quot;469769242&quot;:[8226],&quot;469777803&quot;:&quot;left&quot;,&quot;469777804&quot;:&quot;\uf0b7&quot;,&quot;469777815&quot;:&quot;multilevel&quot;}\" data-aria-posinset=\"3\" data-aria-level=\"1\"><b><span data-contrast=\"auto\">Datengesteuerte Entscheidungsfindung und industrielles Wachstum<\/span><\/b><span data-ccp-props=\"{}\">\u00a0<\/span><\/li>\n<\/ul>\n<p><span data-contrast=\"auto\">Er stellte au\u00dferdem die weltweit anerkannten Tools von INCIT vor, darunter die <\/span><b><span data-contrast=\"auto\">Smart Industry Readiness Index (SIRI)<\/span><\/b><span data-contrast=\"auto\">, als praktische Rahmenbedingungen, die afrikanischen Unternehmen bei der Bewertung ihrer digitalen Reife und der Planung strukturierter Transformationsprozesse helfen k\u00f6nnen.<\/span><span data-ccp-props=\"{}\">\u00a0<\/span><\/p>\n<p><span data-contrast=\"auto\">Der Erfolg des Gipfels wurde durch die vision\u00e4ren Bem\u00fchungen von <\/span><b><span data-contrast=\"auto\">UM6P TechniX<\/span><\/b><span data-contrast=\"auto\">, <\/span><b><span data-contrast=\"auto\">UNIDO<\/span><\/b><span data-contrast=\"auto\">, <\/span><b><span data-contrast=\"auto\">AISMA<\/span><\/b><span data-contrast=\"auto\">, Und <\/span><b><span data-contrast=\"auto\">HANNOVER MESSE<\/span><\/b><span data-contrast=\"auto\">, deren kooperative F\u00fchrung eine dynamische Plattform f\u00fcr Dialog, Ideenfindung und Partnerschaft f\u00f6rderte. Die Atmosph\u00e4re war energiegeladen \u2013 ein Ausdruck des gemeinsamen Engagements, das Wachstum eines wettbewerbsf\u00e4higen, technologiegetriebenen afrikanischen Fertigungssektors zu f\u00f6rdern.<\/span><span data-ccp-props=\"{}\">\u00a0<\/span><\/p>\n<p><span data-contrast=\"auto\">Von Podiumsdiskussionen bis hin zu interaktiven Workshops erkundeten die Teilnehmer Strategien zur <\/span><b><span data-contrast=\"auto\">Lokalisieren Sie globale Best Practices<\/span><\/b><span data-contrast=\"auto\">, <\/span><b><span data-contrast=\"auto\">Innovations\u00f6kosysteme f\u00f6rdern<\/span><\/b><span data-contrast=\"auto\">, Und <\/span><b><span data-contrast=\"auto\">Schaffen Sie f\u00f6rderliche Umgebungen<\/span><\/b><span data-contrast=\"auto\"> die das Unternehmenswachstum und die industrielle Diversifizierung unterst\u00fctzen.<\/span><span data-ccp-props=\"{}\">\u00a0<\/span><\/p>\n<p><b><span data-contrast=\"auto\">Ausblick: Afrikas Rolle in der globalen Fertigung<\/span><\/b><span data-ccp-props=\"{}\">\u00a0<\/span><\/p>\n<p><span data-contrast=\"auto\">Die Begeisterung und die Erkenntnisse, die w\u00e4hrend des Gipfels geteilt wurden, bekr\u00e4ftigten Afrikas Bereitschaft, die Zukunft der globalen Fertigung mitzugestalten. INCIT ist stolz darauf, diesen Weg zu unterst\u00fctzen und setzt sich weiterhin f\u00fcr die Zusammenarbeit mit Regierungen, Branchenf\u00fchrern und Entwicklungspartnern auf dem gesamten Kontinent ein.<\/span><span data-ccp-props=\"{}\">\u00a0<\/span><\/p>\n<p>&nbsp;<\/p>\n<p><span data-contrast=\"auto\">Afrika setzt die vierte Industrierevolution weiter um und bietet unz\u00e4hlige M\u00f6glichkeiten, die Wirkung zu steigern, die Widerstandsf\u00e4higkeit zu st\u00e4rken und die n\u00e4chste Generation von Herstellern zu st\u00e4rken. INCIT freut sich darauf, sein Engagement zu vertiefen und zu einem mutigen neuen Kapitel der afrikanischen Industrialisierung beizutragen.<\/span><span data-ccp-props=\"{}\">\u00a0<\/span><\/p>\n<p><span data-contrast=\"auto\">Weitere Einzelheiten und Updates finden Sie in unserer Ank\u00fcndigung auf LinkedIn.<\/span><a href=\"https:\/\/www.linkedin.com\/company\/international-centre-for-industrial-transformation-ltd\" target=\"_blank\" rel=\"noopener\"><span data-contrast=\"none\">Hier<\/span><\/a><span data-contrast=\"auto\">\u202f \u202f<\/span><span data-ccp-props=\"{}\">\u00a0<\/span><\/p>\n<p><span data-contrast=\"auto\">F\u00fcr eine Zusammenarbeit und weitere Anfragen kontaktieren Sie bitte<\/span><a href=\"mailto:contact@incit.org\"><span data-contrast=\"none\">contact@incit.org<\/span><\/a><span data-contrast=\"auto\">oder fragen<\/span><a href=\"https:\/\/incit.org\/de\/contact-us\/\"><span data-contrast=\"none\">IC4IT<\/span><\/a><span data-ccp-props=\"{}\">\u00a0<\/span><\/p>","protected":false},"excerpt":{"rendered":"<p>NextGen Manufacturing Summit Africa 2025: Afrika 4.0: Die Zukunft der afrikanischen Fertigung gestalten Der j\u00fcngste NextGen Manufacturing Summit Africa 2025 markierte einen entscheidenden Moment f\u00fcr die industrielle Zukunft des Kontinents und brachte wichtige Interessenvertreter aus ganz Afrika und der ganzen Welt zusammen, um die Vision von \u201eAfrika 4.0\u201c voranzutreiben. Mit \u00fcber 1.200 Teilnehmern vor Ort und einem [\u2026]<\/p>","protected":false},"author":1,"featured_media":40853,"comment_status":"closed","ping_status":"open","sticky":false,"template":"","format":"standard","meta":{"_acf_changed":false,"footnotes":""},"categories":[18],"tags":[299,298,300,14],"class_list":["post-40802","post","type-post","status-publish","format-standard","has-post-thumbnail","hentry","category-newsroom","tag-africamanufacturing","tag-digitaltransformation","tag-industry40","tag-siri"],"acf":{"featured_post":true},"_links":{"self":[{"href":"https:\/\/incit.org\/de\/wp-json\/wp\/v2\/posts\/40802","targetHints":{"allow":["GET"]}}],"collection":[{"href":"https:\/\/incit.org\/de\/wp-json\/wp\/v2\/posts"}],"about":[{"href":"https:\/\/incit.org\/de\/wp-json\/wp\/v2\/types\/post"}],"author":[{"embeddable":true,"href":"https:\/\/incit.org\/de\/wp-json\/wp\/v2\/users\/1"}],"replies":[{"embeddable":true,"href":"https:\/\/incit.org\/de\/wp-json\/wp\/v2\/comments?post=40802"}],"version-history":[{"count":3,"href":"https:\/\/incit.org\/de\/wp-json\/wp\/v2\/posts\/40802\/revisions"}],"predecessor-version":[{"id":40867,"href":"https:\/\/incit.org\/de\/wp-json\/wp\/v2\/posts\/40802\/revisions\/40867"}],"wp:featuredmedia":[{"embeddable":true,"href":"https:\/\/incit.org\/de\/wp-json\/wp\/v2\/media\/40853"}],"wp:attachment":[{"href":"https:\/\/incit.org\/de\/wp-json\/wp\/v2\/media?parent=40802"}],"wp:term":[{"taxonomy":"category","embeddable":true,"href":"https:\/\/incit.org\/de\/wp-json\/wp\/v2\/categories?post=40802"},{"taxonomy":"post_tag","embeddable":true,"href":"https:\/\/incit.org\/de\/wp-json\/wp\/v2\/tags?post=40802"}],"curies":[{"name":"wp","href":"https:\/\/api.w.org\/{rel}","templated":true}]}}