{"id":7494,"date":"2023-01-26T17:10:19","date_gmt":"2023-01-26T09:10:19","guid":{"rendered":"https:\/\/incit.org\/?p=7494"},"modified":"2025-04-17T17:13:02","modified_gmt":"2025-04-17T09:13:02","slug":"world-leaders-gathered-at-world-economic-forum-annual-meeting-2023","status":"publish","type":"post","link":"https:\/\/incit.org\/de\/newsroom\/world-leaders-gathered-at-world-economic-forum-annual-meeting-2023\/","title":{"rendered":"Weltf\u00fchrer treffen sich auf der Jahrestagung des Weltwirtschaftsforums 2023"},"content":{"rendered":"<p><img decoding=\"async\" class=\"aligncenter\" src=\"https:\/\/assets.incit.org\/wp-content\/uploads\/2023\/01\/10111219\/samson-ZGjbiukp_-A-unsplash-11.jpg\" \/><\/p>\r\n<p>Vom 16. bis 20. Januar 2023 trafen sich die Staats- und Regierungschefs der Welt auf der <a href=\"https:\/\/www.weforum.org\/events\/world-economic-forum-annual-meeting-2023\" target=\"_blank\" rel=\"noreferrer noopener\">Jahrestagung des Weltwirtschaftsforums (WEF) 2023<\/a> in Davos, Schweiz, um Themen rund um das Thema \u201eZusammenarbeit in einer fragmentierten Welt\u201c zu diskutieren.\u00a0<\/p>\r\n\r\n\r\n\r\n<p>Die Veranstaltung markierte den 53.<sup>rd<\/sup> Die j\u00e4hrliche Ausgabe des WEF-Treffens bekr\u00e4ftigte den Wert und die Notwendigkeit des Dialogs und der \u00f6ffentlich-privaten Zusammenarbeit. Die Staats- und Regierungschefs er\u00f6rterten zudem, wie die sozio\u00f6konomischen und geopolitischen Probleme und Krisen, mit denen die Welt weiterhin konfrontiert ist, nach der COVID-19-Pandemie bew\u00e4ltigt werden k\u00f6nnen.\u00a0<\/p>\r\n\r\n\r\n\r\n<p>Erfahren Sie, wie f\u00fchrende Politiker, Unternehmer und B\u00fcrger vor dem Hintergrund beispielloser klimatischer, finanzieller und gesellschaftlicher Unsicherheiten Ver\u00e4nderungen vorantreiben und die Probleme von heute und morgen l\u00f6sen wollen. <a href=\"https:\/\/www.weforum.org\/events\/world-economic-forum-annual-meeting-2023\/about\/digital-members-programme\" target=\"_blank\" rel=\"noreferrer noopener\">Hier<\/a>.\u00a0<\/p>","protected":false},"excerpt":{"rendered":"<p>Vom 16. bis 20. Januar 2023 trafen sich f\u00fchrende Politikerinnen und Politiker aus aller Welt zum Jahrestreffen des Weltwirtschaftsforums (WEF) in Davos, Schweiz, um Themen rund um das Thema \u201eKooperation in einer fragmentierten Welt\u201c zu diskutieren. Die Veranstaltung war die 53. Ausgabe des WEF-Jahrestreffens und bekr\u00e4ftigte den Wert und die Notwendigkeit von Dialog und \u00f6ffentlich-privater Zusammenarbeit. Die Staats- und Regierungschefs [\u2026]<\/p>","protected":false},"author":3,"featured_media":7495,"comment_status":"open","ping_status":"open","sticky":false,"template":"","format":"standard","meta":{"_acf_changed":false,"footnotes":""},"categories":[18],"tags":[44,58],"class_list":["post-7494","post","type-post","status-publish","format-standard","has-post-thumbnail","hentry","category-newsroom","tag-spotlight","tag-world-economic-forum"],"acf":{"featured_post":false},"_links":{"self":[{"href":"https:\/\/incit.org\/de\/wp-json\/wp\/v2\/posts\/7494","targetHints":{"allow":["GET"]}}],"collection":[{"href":"https:\/\/incit.org\/de\/wp-json\/wp\/v2\/posts"}],"about":[{"href":"https:\/\/incit.org\/de\/wp-json\/wp\/v2\/types\/post"}],"author":[{"embeddable":true,"href":"https:\/\/incit.org\/de\/wp-json\/wp\/v2\/users\/3"}],"replies":[{"embeddable":true,"href":"https:\/\/incit.org\/de\/wp-json\/wp\/v2\/comments?post=7494"}],"version-history":[{"count":2,"href":"https:\/\/incit.org\/de\/wp-json\/wp\/v2\/posts\/7494\/revisions"}],"predecessor-version":[{"id":35515,"href":"https:\/\/incit.org\/de\/wp-json\/wp\/v2\/posts\/7494\/revisions\/35515"}],"wp:featuredmedia":[{"embeddable":true,"href":"https:\/\/incit.org\/de\/wp-json\/wp\/v2\/media\/7495"}],"wp:attachment":[{"href":"https:\/\/incit.org\/de\/wp-json\/wp\/v2\/media?parent=7494"}],"wp:term":[{"taxonomy":"category","embeddable":true,"href":"https:\/\/incit.org\/de\/wp-json\/wp\/v2\/categories?post=7494"},{"taxonomy":"post_tag","embeddable":true,"href":"https:\/\/incit.org\/de\/wp-json\/wp\/v2\/tags?post=7494"}],"curies":[{"name":"wp","href":"https:\/\/api.w.org\/{rel}","templated":true}]}}