{"id":35996,"date":"2025-04-28T17:38:20","date_gmt":"2025-04-28T09:38:20","guid":{"rendered":"https:\/\/incit.org\/?p=35996"},"modified":"2025-04-28T17:38:20","modified_gmt":"2025-04-28T09:38:20","slug":"small-and-medium-enterprises-digital-transformation-lag-threatens-survival-amidst-new-tax-storm","status":"publish","type":"post","link":"https:\/\/incit.org\/es_ar\/thought-leadership\/small-and-medium-enterprises-digital-transformation-lag-threatens-survival-amidst-new-tax-storm\/","title":{"rendered":"El rezago en la transformaci\u00f3n digital de las peque\u00f1as y medianas empresas amenaza su supervivencia en medio de una nueva tormenta fiscal"},"content":{"rendered":"<p><img fetchpriority=\"high\" decoding=\"async\" class=\"aligncenter wp-image-35997 size-full\" src=\"https:\/\/assets.incit.org\/wp-content\/uploads\/2025\/04\/28173248\/Tarrifs-Articles.png\" alt=\"\" width=\"2176\" height=\"1224\" srcset=\"https:\/\/assets.incit.org\/wp-content\/uploads\/2025\/04\/28173248\/Tarrifs-Articles.png 2176w, https:\/\/assets.incit.org\/wp-content\/uploads\/2025\/04\/28173248\/Tarrifs-Articles-300x169.png 300w, https:\/\/assets.incit.org\/wp-content\/uploads\/2025\/04\/28173248\/Tarrifs-Articles-1024x576.png 1024w, https:\/\/assets.incit.org\/wp-content\/uploads\/2025\/04\/28173248\/Tarrifs-Articles-768x432.png 768w, https:\/\/assets.incit.org\/wp-content\/uploads\/2025\/04\/28173248\/Tarrifs-Articles-1536x864.png 1536w, https:\/\/assets.incit.org\/wp-content\/uploads\/2025\/04\/28173248\/Tarrifs-Articles-2048x1152.png 2048w, https:\/\/assets.incit.org\/wp-content\/uploads\/2025\/04\/28173248\/Tarrifs-Articles-18x10.png 18w\" sizes=\"(max-width: 2176px) 100vw, 2176px\" \/><\/p>\n<p>Nuevos an\u00e1lisis de datos del Centro Internacional para la Transformaci\u00f3n Industrial (INCIT) destacan un desaf\u00edo urgente que enfrentan las peque\u00f1as y medianas empresas (pymes) de todo el mundo. Estos contribuyentes clave a la econom\u00eda global se est\u00e1n quedando peligrosamente rezagados en su camino hacia la transformaci\u00f3n digital, en un momento en que los nuevos aranceles fiscales est\u00e1n aumentando la presi\u00f3n sobre la productividad y la competitividad.<\/p>\n<p><strong>Un d\u00e9ficit digital preocupante<\/strong><br \/>\nEl an\u00e1lisis de INCIT revela que el puntaje promedio global del \u00cdndice de preparaci\u00f3n para la industria inteligente (SIRI) para las PYME actualmente oscila entre 0 y 2 en una escala de 0 a 5. Esto refleja bajos niveles de madurez digital en \u00e1reas esenciales como operaciones, adopci\u00f3n de tecnolog\u00eda y estructura organizacional.<\/p>\n<p>Esta brecha en las capacidades digitales se traduce directamente en una menor productividad y una menor eficiencia, dos desventajas cr\u00edticas en el panorama industrial actual, en r\u00e1pida evoluci\u00f3n. Si bien las grandes empresas siguen aprovechando los beneficios de la automatizaci\u00f3n, la integraci\u00f3n de datos y la agilidad digital, muchas pymes siguen dependiendo de procesos manuales y sistemas obsoletos.<\/p>\n<p><strong>Los nuevos aranceles fiscales aumentan la presi\u00f3n<\/strong><br \/>\nEl momento de este retraso digital es especialmente preocupante. Las recientes reformas fiscales y aranceles, introducidas en varias regiones para promover la localizaci\u00f3n e impulsar la productividad, probablemente afectar\u00e1n con mayor fuerza a las pymes. Sin las mejoras de productividad que facilitan las herramientas digitales, estas empresas podr\u00edan verse afectadas por el aumento de los costos de los insumos, la interrupci\u00f3n de las cadenas de suministro y la disminuci\u00f3n de la competitividad.<\/p>\n<p><strong>Transformaci\u00f3n digital: un imperativo empresarial<\/strong><br \/>\nPara las pymes, la transformaci\u00f3n digital ya no es opcional. Es una estrategia vital para la supervivencia y el crecimiento en un entorno econ\u00f3mico cada vez m\u00e1s exigente. Adoptar tecnolog\u00edas como la computaci\u00f3n en la nube, el an\u00e1lisis de datos y los sistemas conectados puede mejorar dr\u00e1sticamente la producci\u00f3n, la eficiencia y la resiliencia.<\/p>\n<p><strong>Cinco pasos para un futuro m\u00e1s resiliente para las PYME:<\/strong><\/p>\n<ol style=\"margin-bottom: 1rem;\">\n<li><strong>Evaluar y comprender<\/strong><br \/>\nEl primer paso es comprender la madurez digital actual. Herramientas como el \u00cdndice de Preparaci\u00f3n para la Industria Inteligente (SIRI) de INCIT ofrecen un punto de referencia completo y se\u00f1alan \u00e1reas de mejora.<\/li>\n<li><strong>Invertir estrat\u00e9gicamente<\/strong><br \/>\nLas PYMES deben realizar inversiones espec\u00edficas en tecnolog\u00edas digitales alineadas con las necesidades del negocio, desde herramientas de flujo de trabajo simples hasta plataformas de automatizaci\u00f3n avanzadas.<\/li>\n<li><strong>Empoderar a la fuerza laboral<\/strong><br \/>\nUna fuerza laboral digitalizada es esencial. La capacitaci\u00f3n continua y la mejora de las habilidades ayudan a los empleados a adaptarse y prosperar con las nuevas tecnolog\u00edas.<\/li>\n<li><strong>Colaborar para generar impacto<\/strong><br \/>\nLas asociaciones estrat\u00e9gicas (con proveedores de tecnolog\u00eda, asociaciones industriales o empresas m\u00e1s grandes) pueden ofrecer acceso a recursos y conocimientos cr\u00edticos que aceleran la transformaci\u00f3n.<\/li>\n<li><strong>Priorizar la agilidad<\/strong><br \/>\nLas herramientas digitales permiten flexibilidad y adaptabilidad, permitiendo a las PYME responder r\u00e1pidamente a los cambios econ\u00f3micos y los desaf\u00edos relacionados con las tarifas.<\/li>\n<\/ol>\n<p><strong>Una elecci\u00f3n clara y urgente<\/strong><br \/>\nEl mensaje de los datos es inequ\u00edvoco: las pymes se encuentran en una encrucijada. Continuar sin transformaci\u00f3n digital conlleva el riesgo no solo de estancamiento, sino tambi\u00e9n de una mayor exposici\u00f3n a presiones externas como los nuevos aranceles. Al priorizar la digitalizaci\u00f3n ahora, las pymes pueden fortalecer sus bases, impulsar su competitividad y construir un modelo de negocio m\u00e1s seguro y preparado para el futuro.<\/p>","protected":false},"excerpt":{"rendered":"<p>Nuevos an\u00e1lisis de datos del Centro Internacional para la Transformaci\u00f3n Industrial (INCIT) destacan un desaf\u00edo urgente para las peque\u00f1as y medianas empresas (pymes) de todo el mundo. Estos contribuyentes clave a la econom\u00eda global se est\u00e1n quedando peligrosamente rezagados en su camino hacia la transformaci\u00f3n digital, en un momento en que las nuevas tarifas fiscales est\u00e1n aumentando la presi\u00f3n sobre la productividad y la competitividad. Un informe sobre la transformaci\u00f3n digital [\u2026]<\/p>","protected":false},"author":3,"featured_media":35997,"comment_status":"closed","ping_status":"open","sticky":false,"template":"","format":"standard","meta":{"_acf_changed":false,"footnotes":""},"categories":[17],"tags":[47,257],"class_list":["post-35996","post","type-post","status-publish","format-standard","has-post-thumbnail","hentry","category-thought-leadership","tag-incit","tag-tariffs"],"acf":{"topic":"trends"},"_links":{"self":[{"href":"https:\/\/incit.org\/es_ar\/wp-json\/wp\/v2\/posts\/35996","targetHints":{"allow":["GET"]}}],"collection":[{"href":"https:\/\/incit.org\/es_ar\/wp-json\/wp\/v2\/posts"}],"about":[{"href":"https:\/\/incit.org\/es_ar\/wp-json\/wp\/v2\/types\/post"}],"author":[{"embeddable":true,"href":"https:\/\/incit.org\/es_ar\/wp-json\/wp\/v2\/users\/3"}],"replies":[{"embeddable":true,"href":"https:\/\/incit.org\/es_ar\/wp-json\/wp\/v2\/comments?post=35996"}],"version-history":[{"count":6,"href":"https:\/\/incit.org\/es_ar\/wp-json\/wp\/v2\/posts\/35996\/revisions"}],"predecessor-version":[{"id":36004,"href":"https:\/\/incit.org\/es_ar\/wp-json\/wp\/v2\/posts\/35996\/revisions\/36004"}],"wp:featuredmedia":[{"embeddable":true,"href":"https:\/\/incit.org\/es_ar\/wp-json\/wp\/v2\/media\/35997"}],"wp:attachment":[{"href":"https:\/\/incit.org\/es_ar\/wp-json\/wp\/v2\/media?parent=35996"}],"wp:term":[{"taxonomy":"category","embeddable":true,"href":"https:\/\/incit.org\/es_ar\/wp-json\/wp\/v2\/categories?post=35996"},{"taxonomy":"post_tag","embeddable":true,"href":"https:\/\/incit.org\/es_ar\/wp-json\/wp\/v2\/tags?post=35996"}],"curies":[{"name":"gracias","href":"https:\/\/api.w.org\/{rel}","templated":true}]}}