{"id":8483,"date":"2023-03-29T10:02:00","date_gmt":"2023-03-29T02:02:00","guid":{"rendered":"https:\/\/incit.org\/?p=8483"},"modified":"2023-03-29T10:02:00","modified_gmt":"2023-03-29T02:02:00","slug":"digital-transformation-in-textile-manufacturing","status":"publish","type":"post","link":"https:\/\/incit.org\/es_ar\/thought-leadership\/digital-transformation-in-textile-manufacturing\/","title":{"rendered":"C\u00f3mo la transformaci\u00f3n digital est\u00e1 mejorando la productividad en la fabricaci\u00f3n textil"},"content":{"rendered":"<p><span data-contrast=\"auto\">Los textiles son <\/span><a href=\"https:\/\/www.grandviewresearch.com\/industry-analysis\/textile-market\" target=\"_blank\" rel=\"noopener\"><span data-contrast=\"none\">una parte integral<\/span><\/a><span data-contrast=\"auto\"> De la vida cotidiana. Desde ropa y muebles hasta ropa de cama y textiles m\u00e9dicos como equipos de protecci\u00f3n individual y mascarillas quir\u00fargicas, es pr\u00e1cticamente imposible prescindir de ellos.\u00a0<\/span><span data-ccp-props=\"{&quot;201341983&quot;:0,&quot;335559739&quot;:160,&quot;335559740&quot;:259}\">\u00a0<\/span><\/p>\n<p><span data-contrast=\"auto\">Para satisfacer esta demanda mientras luchan con problemas en la cadena de suministro y costos crecientes de la energ\u00eda, los fabricantes textiles han tenido que encontrar formas de mejorar la productividad creando m\u00e1s con menos, y la transformaci\u00f3n digital podr\u00eda ser la clave.<\/span><\/p>\n<h2><span class=\"TextRun SCXW155609638 BCX0\" lang=\"EN-GB\" xml:lang=\"EN-GB\" data-contrast=\"none\"><span class=\"NormalTextRun SCXW155609638 BCX0\" data-ccp-parastyle=\"heading 2\">\u00bfPor qu\u00e9 es importante la transformaci\u00f3n digital para la industria textil?<\/span><\/span><\/h2>\n<p><span data-contrast=\"auto\">El <\/span><a href=\"https:\/\/incit.org\/es_ar\/thought-leadership\/how-we-can-fix-the-worlds-recurring-productivity-problem-once-and-for-all\/\"><span data-contrast=\"none\">crisis de productividad<\/span><\/a><span data-contrast=\"auto\"> La situaci\u00f3n en el sector manufacturero ha empeorado en los \u00faltimos a\u00f1os, especialmente en la industria textil. Tres factores influyen significativamente en ello.<\/span><span data-ccp-props=\"{&quot;201341983&quot;:0,&quot;335559739&quot;:160,&quot;335559740&quot;:259}\">\u00a0<\/span><\/p>\n<p><span data-contrast=\"auto\">En primer lugar, la cadena de suministro textil fue <\/span><a href=\"https:\/\/www.financialexpress.com\/industry\/pandemic-induced-supply-chain-disruption-in-the-fashion-world\/2566451\/\" target=\"_blank\" rel=\"noopener\"><span data-contrast=\"none\">gravemente afectado<\/span><\/a><span data-contrast=\"auto\"> La pandemia ha puesto de manifiesto la vulnerabilidad de la industria textil y de la moda ante estas disrupciones. Para gestionar mejor las cadenas de suministro y mitigar las disrupciones, los fabricantes deben lograr una mayor visibilidad de su log\u00edstica e identificar tendencias, as\u00ed como predecir mejor la demanda. Los fabricantes textiles tambi\u00e9n necesitan crear m\u00e1s productos con menos materiales. Esto pone de relieve la necesidad de... <\/span><a href=\"https:\/\/www.maersk.com\/insights\/digitalisation\/reduce-waste-with-digitalisation-in-logistics\" target=\"_blank\" rel=\"noopener\"><span data-contrast=\"none\">gesti\u00f3n de la cadena de suministro digital<\/span><\/a><span data-contrast=\"auto\">.<\/span><span data-ccp-props=\"{&quot;201341983&quot;:0,&quot;335559739&quot;:160,&quot;335559740&quot;:259}\">\u00a0<\/span><\/p>\n<p><span data-contrast=\"auto\">En segundo lugar, la <\/span><a href=\"https:\/\/www.fibre2fashion.com\/industry-article\/9495\/energy-crisis-and-its-impact-on-the-textile-industry\" target=\"_blank\" rel=\"noopener\"><span data-contrast=\"none\">crisis energ\u00e9tica<\/span><\/a><span data-contrast=\"auto\"> La crisis generada por problemas geopol\u00edticos ha incrementado los costos y ha causado gran agitaci\u00f3n econ\u00f3mica y dificultades a los pa\u00edses dependientes de la energ\u00eda, ya que los cortes de electricidad han resultado en semanas laborales m\u00e1s cortas. Por ello, la promesa de la transformaci\u00f3n digital y las ventajas de la optimizaci\u00f3n de procesos y el ahorro energ\u00e9tico se han vuelto m\u00e1s atractivas que nunca.<\/span><span data-ccp-props=\"{&quot;201341983&quot;:0,&quot;335559739&quot;:160,&quot;335559740&quot;:259}\">\u00a0<\/span><\/p>\n<p><span data-contrast=\"auto\">En tercer lugar, los fabricantes textiles han comenzado a implementar iniciativas ecol\u00f3gicas en respuesta a la evoluci\u00f3n de la percepci\u00f3n del consumidor, as\u00ed como a las cambiantes pol\u00edticas gubernamentales. Para establecer una econom\u00eda circular en la fabricaci\u00f3n de textiles, los fabricantes deben poder rastrear los textiles desde su origen hasta el final de su vida \u00fatil. <\/span><a href=\"https:\/\/www.market-prospects.com\/articles\/sustainable-fashion-and-digital-innovation-trends-in-the-textile-industry\" target=\"_blank\" rel=\"noopener\"><span data-contrast=\"none\">Identificaci\u00f3n circular<\/span><\/a><span data-contrast=\"auto\"> El proyecto utiliza tecnolog\u00edas blockchain y RFID para lograrlo, y tambi\u00e9n informa a los clientes a trav\u00e9s de c\u00f3digos QR sobre los textiles utilizados para fabricar el producto, de d\u00f3nde provienen y c\u00f3mo reciclarlos.<\/span><span data-ccp-props=\"{&quot;201341983&quot;:0,&quot;335559739&quot;:160,&quot;335559740&quot;:259}\">\u00a0<\/span><\/p>\n<p><span data-contrast=\"auto\">El proyecto CircularID permite una mayor transparencia y visibilidad en toda la cadena de suministro, garantizando que los materiales utilizados se fabriquen o adquieran de forma sostenible. Con estos identificadores, resulta mucho m\u00e1s f\u00e1cil recolectar, clasificar, reutilizar y reciclar textiles en plantas de clasificaci\u00f3n totalmente automatizadas.<\/span><span data-ccp-props=\"{&quot;201341983&quot;:0,&quot;335559739&quot;:160,&quot;335559740&quot;:259}\">\u00a0<\/span><\/p>\n<h2><span class=\"NormalTextRun SCXW150114832 BCX0\" data-ccp-parastyle=\"heading 2\">Estudio de caso<\/span><span class=\"NormalTextRun SCXW150114832 BCX0\" data-ccp-parastyle=\"heading 2\">: <\/span><span class=\"NormalTextRun SCXW150114832 BCX0\" data-ccp-parastyle=\"heading 2\">Uni<\/span><span class=\"NormalTextRun SCXW150114832 BCX0\" data-ccp-parastyle=\"heading 2\">q<\/span><span class=\"NormalTextRun SCXW150114832 BCX0\" data-ccp-parastyle=\"heading 2\">lo<\/span> <span class=\"NormalTextRun SCXW150114832 BCX0\" data-ccp-parastyle=\"heading 2\">marcas<\/span><span class=\"NormalTextRun SCXW150114832 BCX0\" data-ccp-parastyle=\"heading 2\"> &#039;verder&#039; <\/span><span class=\"NormalTextRun SCXW150114832 BCX0\" data-ccp-parastyle=\"heading 2\">dril<\/span><\/h2>\n<p><span data-contrast=\"auto\">El denim ha sido un b\u00e1sico del armario mundial durante casi un siglo debido a su apariencia atemporal y durabilidad. Sin embargo, producir denim... <\/span><a href=\"https:\/\/goodonyou.eco\/material-guide-ethical-denim\/\" target=\"_blank\" rel=\"noopener\"><span data-contrast=\"none\">da\u00f1os<\/span><\/a><span data-contrast=\"auto\"> el medio ambiente en gran medida.\u00a0<\/span><span data-ccp-props=\"{&quot;201341983&quot;:0,&quot;335559739&quot;:160,&quot;335559740&quot;:259}\">\u00a0<\/span><\/p>\n<p><span data-contrast=\"auto\">Seg\u00fan algunas estimaciones, un par de jeans de mezclilla requiere <\/span><a href=\"https:\/\/levistrauss.com\/wp-content\/uploads\/2015\/03\/Full-LCA-Results-Deck-FINAL.pdf\" target=\"_blank\" rel=\"noopener\"><span data-contrast=\"none\">3.781 litros de agua<\/span><\/a><span data-contrast=\"auto\"> Producir. <\/span><span data-contrast=\"auto\">(Descubrir <a href=\"https:\/\/incit.org\/es_ar\/thought-leadership\/water-efficiency-in-manufacturing\/\">C\u00f3mo mejorar la eficiencia del agua en la industria manufacturera para construir un negocio m\u00e1s sostenible.<\/a>)<\/span><span data-contrast=\"auto\"> A menudo se utilizan tintes t\u00f3xicos para crear el caracter\u00edstico color azul, y el aspecto descolorido y desgastado generalmente se logra mediante <\/span><a href=\"https:\/\/www.textileblog.com\/sandblasting-process-on-denim\/\" target=\"_blank\" rel=\"noopener\"><span data-contrast=\"none\">chorro de arena<\/span><\/a><span data-contrast=\"auto\">, un proceso que requiere mucha mano de obra y que puede ocasionar problemas de salud a los trabajadores.\u00a0<\/span><span data-ccp-props=\"{&quot;201341983&quot;:0,&quot;335559739&quot;:160,&quot;335559740&quot;:259}\">\u00a0<\/span><\/p>\n<p><span data-contrast=\"auto\">Afortunadamente, la digitalizaci\u00f3n y las nuevas tecnolog\u00edas pueden ayudar a abordar estos problemas.<\/span><span data-ccp-props=\"{&quot;201341983&quot;:0,&quot;335559739&quot;:160,&quot;335559740&quot;:259}\">\u00a0<\/span><\/p>\n<p><span data-contrast=\"auto\">Fabricaci\u00f3n <\/span><a href=\"https:\/\/www.uniqlo.com\/jp\/en\/contents\/sustainability\/planet\/products\/bluecyclejeans\/\" target=\"_blank\" rel=\"noopener\"><span data-contrast=\"none\">Vaqueros ciclistas azules de Uniqlo<\/span><\/a><span data-contrast=\"auto\"> Requiere menos agua que los jeans tradicionales. Las lavadoras con ozono, que utilizan nanoburbujas, reducen considerablemente la cantidad de agua necesaria para el proceso de acabado, hasta en 991 TP3T. Uniqlo tambi\u00e9n purifica y reutiliza las aguas residuales generadas por la fabricaci\u00f3n de jeans para reducir el volumen total de aguas residuales.<\/span><span data-ccp-props=\"{&quot;201341983&quot;:0,&quot;335559739&quot;:160,&quot;335559740&quot;:259}\">\u00a0<\/span><\/p>\n<p><span data-contrast=\"auto\">Adem\u00e1s, en lugar del m\u00e9todo tradicional de chorro de arena o lijado, Uniqlo utiliza l\u00e1seres para lograr el aspecto &quot;desgastado&quot;, reduciendo simult\u00e1neamente la carga de trabajo y mejorando el entorno laboral de los trabajadores.\u00a0<\/span><\/p>\n<h2><span class=\"NormalTextRun SCXW84465460 BCX0\" data-ccp-parastyle=\"heading 2\">\u00bfCu\u00e1les son los mayores desaf\u00edos?<\/span> <span class=\"NormalTextRun SCXW84465460 BCX0\" data-ccp-parastyle=\"heading 2\">a<\/span> <span class=\"NormalTextRun SCXW84465460 BCX0\" data-ccp-parastyle=\"heading 2\">transformaci\u00f3n digital en <\/span><span class=\"NormalTextRun SCXW84465460 BCX0\" data-ccp-parastyle=\"heading 2\">el <\/span><span class=\"NormalTextRun SCXW84465460 BCX0\" data-ccp-parastyle=\"heading 2\">industria textil<\/span><span class=\"NormalTextRun SCXW84465460 BCX0\" data-ccp-parastyle=\"heading 2\">?<\/span><\/h2>\n<p><span data-contrast=\"auto\">Las plantas de fabricaci\u00f3n textil suelen encontrarse en pa\u00edses subdesarrollados. Por ello, un obst\u00e1culo cr\u00edtico para la transformaci\u00f3n digital es el estado, generalmente deficiente, de la infraestructura y la red de datos en dichos lugares. Aspectos b\u00e1sicos de la fabricaci\u00f3n inteligente que los pa\u00edses desarrollados dan por sentado, como un suministro el\u00e9ctrico fiable y una buena conexi\u00f3n a internet, podr\u00edan no estar disponibles.<\/span><span data-ccp-props=\"{&quot;201341983&quot;:0,&quot;335559739&quot;:160,&quot;335559740&quot;:259}\">\u00a0<\/span><\/p>\n<p><span data-contrast=\"auto\">En otras palabras, antes de que la fabricaci\u00f3n de textiles pueda evolucionar y avanzar, primero necesitamos mejorar la infraestructura b\u00e1sica. Esto requiere una gran cantidad de recursos y un fuerte compromiso de m\u00faltiples partes interesadas, generalmente en forma de... <\/span><a href=\"http:\/\/vsi.gov.vn\/en\/news-supporting-industry\/digital-transformation-challenges-for-the-textile-industry-c1id781.html\" target=\"_blank\" rel=\"noopener\"><span data-contrast=\"none\">capital de inversi\u00f3n en tecnolog\u00eda avanzada<\/span><\/a><span data-contrast=\"auto\">Desafortunadamente, los inversores pueden dudar acerca de los altos costos iniciales que no resultan beneficiosos de inmediato.<\/span><span data-ccp-props=\"{&quot;201341983&quot;:0,&quot;335559739&quot;:160,&quot;335559740&quot;:259}\">\u00a0<\/span><\/p>\n<p><span data-contrast=\"auto\">Adem\u00e1s, los trabajadores de los pa\u00edses subdesarrollados podr\u00edan no contar con las habilidades y los conocimientos necesarios para impulsar y aprovechar al m\u00e1ximo el potencial de la transformaci\u00f3n de la Industria 4.0. Para ejecutar correctamente la transformaci\u00f3n digital en la industria textil, ser\u00e1 necesario que los trabajadores mejoren o recualifiquen sus competencias, lo que tambi\u00e9n requiere recursos.<\/span><span data-ccp-props=\"{&quot;201341983&quot;:0,&quot;335559739&quot;:160,&quot;335559740&quot;:259}\">\u00a0<\/span><\/p>\n<h2><span class=\"TextRun SCXW24445796 BCX0\" lang=\"EN-GB\" xml:lang=\"EN-GB\" data-contrast=\"none\"><span class=\"NormalTextRun SCXW24445796 BCX0\" data-ccp-parastyle=\"heading 2\">Pr\u00f3ximos pasos para transformar la fabricaci\u00f3n de textiles<\/span><\/span><\/h2>\n<p><span data-contrast=\"auto\">La transformaci\u00f3n digital podr\u00eda mejorar potencialmente la productividad en la industria textil en gran medida, ya que la adopci\u00f3n de la Industria 4.0 en la fabricaci\u00f3n textil es <\/span><a href=\"https:\/\/cambodianess.com\/article\/is-the-garment-industry-ready-for-industry-40\" target=\"_blank\" rel=\"noopener\"><span data-contrast=\"none\">todav\u00eda bajo<\/span><\/a><span data-contrast=\"auto\"> Aproximadamente 281 TP3T. En el cambiante mundo moderno, la digitalizaci\u00f3n es esencial para asegurar el futuro de la industria textil.<\/span><span data-ccp-props=\"{&quot;201341983&quot;:0,&quot;335559739&quot;:160,&quot;335559740&quot;:259}\">\u00a0<\/span><\/p>\n<p><span data-contrast=\"auto\">Para evaluar adecuadamente lo que necesita su f\u00e1brica textil y crear una hoja de ruta para su transformaci\u00f3n digital, aproveche el INCIT <\/span><a href=\"https:\/\/incit.org\/es_ar\/services\/siri\/\"><span data-contrast=\"none\">SIRI<\/span><\/a><span data-contrast=\"auto\"> Marco y herramientas. <\/span><a href=\"https:\/\/incit.org\/es_ar\/insights\/\"><span data-contrast=\"none\">M\u00e1s informaci\u00f3n<\/span><\/a><span data-contrast=\"auto\"> sobre lo que INCIT est\u00e1 haciendo para facilitar la transformaci\u00f3n industrial mientras trabajamos hacia un sector manufacturero m\u00e1s sostenible y preparado para el futuro, o suscr\u00edbase a nuestro bolet\u00edn mensual para estar al tanto de lo que est\u00e1 sucediendo en la industria.\u00a0<\/span><\/p>","protected":false},"excerpt":{"rendered":"<p>Los textiles son parte integral de la vida cotidiana. Desde ropa y muebles hasta ropa de cama y textiles m\u00e9dicos como equipos de protecci\u00f3n individual y mascarillas quir\u00fargicas, es pr\u00e1cticamente imposible prescindir de ellos. Para satisfacer esta demanda, a la vez que se enfrentan a problemas en la cadena de suministro y al aumento de los costes energ\u00e9ticos, los fabricantes textiles han tenido que encontrar maneras de mejorar [\u2026]<\/p>","protected":false},"author":3,"featured_media":8484,"comment_status":"closed","ping_status":"open","sticky":false,"template":"","format":"standard","meta":{"_acf_changed":false,"footnotes":""},"categories":[17],"tags":[22,27,68],"class_list":["post-8483","post","type-post","status-publish","format-standard","has-post-thumbnail","hentry","category-thought-leadership","tag-digital-transformation","tag-mainspotlight","tag-textile-manufacturing"],"acf":{"topic":"digitalisation"},"_links":{"self":[{"href":"https:\/\/incit.org\/es_ar\/wp-json\/wp\/v2\/posts\/8483","targetHints":{"allow":["GET"]}}],"collection":[{"href":"https:\/\/incit.org\/es_ar\/wp-json\/wp\/v2\/posts"}],"about":[{"href":"https:\/\/incit.org\/es_ar\/wp-json\/wp\/v2\/types\/post"}],"author":[{"embeddable":true,"href":"https:\/\/incit.org\/es_ar\/wp-json\/wp\/v2\/users\/3"}],"replies":[{"embeddable":true,"href":"https:\/\/incit.org\/es_ar\/wp-json\/wp\/v2\/comments?post=8483"}],"version-history":[{"count":0,"href":"https:\/\/incit.org\/es_ar\/wp-json\/wp\/v2\/posts\/8483\/revisions"}],"wp:featuredmedia":[{"embeddable":true,"href":"https:\/\/incit.org\/es_ar\/wp-json\/wp\/v2\/media\/8484"}],"wp:attachment":[{"href":"https:\/\/incit.org\/es_ar\/wp-json\/wp\/v2\/media?parent=8483"}],"wp:term":[{"taxonomy":"category","embeddable":true,"href":"https:\/\/incit.org\/es_ar\/wp-json\/wp\/v2\/categories?post=8483"},{"taxonomy":"post_tag","embeddable":true,"href":"https:\/\/incit.org\/es_ar\/wp-json\/wp\/v2\/tags?post=8483"}],"curies":[{"name":"gracias","href":"https:\/\/api.w.org\/{rel}","templated":true}]}}