{"id":36786,"date":"2025-05-18T04:14:30","date_gmt":"2025-05-17T20:14:30","guid":{"rendered":"https:\/\/incit.org\/?p=36786"},"modified":"2025-05-25T22:01:29","modified_gmt":"2025-05-25T14:01:29","slug":"top-10-industry-4-0-trends-shaping-the-future-of-work","status":"publish","type":"post","link":"https:\/\/incit.org\/es_es\/thought-leadership\/top-10-industry-4-0-trends-shaping-the-future-of-work\/","title":{"rendered":"Las 10 principales tendencias de la Industria 4.0 que est\u00e1n dando forma al futuro del trabajo"},"content":{"rendered":"<h2><b>Introducci\u00f3n<\/b><span style=\"font-weight: 400;\">\u00a0<\/span><\/h2>\n<p><span style=\"font-weight: 400;\">La cuarta revoluci\u00f3n industrial\u2014<\/span><b>Industria 4.0<\/b><span style=\"font-weight: 400;\">\u2014es m\u00e1s que un salto tecnol\u00f3gico; es un cambio fundamental en nuestra forma de trabajar, producir y relacionarnos. A medida que avanzamos hacia 2025, la convergencia de tecnolog\u00edas avanzadas est\u00e1 redefiniendo el panorama laboral en todos los sectores.\u00a0<\/span><\/p>\n<p><b>F\u00e1bricas inteligentes<\/b><span style=\"font-weight: 400;\"> y <\/span><b>Toma de decisiones impulsada por IA<\/b><span style=\"font-weight: 400;\"> Son prueba de que el entorno laboral est\u00e1 evolucionando m\u00e1s r\u00e1pido que nunca. Las organizaciones deben comprender y adoptar estos cambios, no solo para mantenerse competitivas, sino tambi\u00e9n para cultivar una fuerza laboral resiliente y preparada para el futuro.\u00a0<\/span><\/p>\n<p><span style=\"font-weight: 400;\">En este art\u00edculo, exploramos la <\/span><b>Las 10 principales tendencias de la Industria 4.0<\/b><span style=\"font-weight: 400;\"> dando forma al futuro del trabajo, lo que significan para las empresas y c\u00f3mo responder estrat\u00e9gicamente.\u00a0<\/span><\/p>\n<p><span style=\"font-weight: 400;\">\u00a0<\/span><\/p>\n<h2><b>\u00bfQu\u00e9 es la Industria 4.0?<\/b><span style=\"font-weight: 400;\">\u00a0<\/span><\/h2>\n<p><b>Industria 4.0<\/b><span style=\"font-weight: 400;\"> Se refiere a la integraci\u00f3n de tecnolog\u00edas digitales en la producci\u00f3n y las operaciones industriales. Se caracteriza por la automatizaci\u00f3n inteligente, los sistemas ciberf\u00edsicos, el Internet de las Cosas (IdC) y el an\u00e1lisis de big data.\u00a0<\/span><\/p>\n<p><span style=\"font-weight: 400;\">Pero en 2025, su alcance se ha extendido mucho m\u00e1s all\u00e1 de la fabricaci\u00f3n. Ahora abarca todos los aspectos de la empresa: desde la adquisici\u00f3n de talento y la colaboraci\u00f3n remota hasta la interacci\u00f3n con el cliente y la sostenibilidad.\u00a0<\/span><\/p>\n<p><span style=\"font-weight: 400;\">\ud83d\udd17 Descubra c\u00f3mo INCIT apoya a las empresas en la navegaci\u00f3n de la transformaci\u00f3n digital a trav\u00e9s de sus<\/span> <a href=\"https:\/\/incit.org\/es_es\/what-we-do\/siri\/\" target=\"_blank\" rel=\"noopener\"><span style=\"font-weight: 400;\">Marco SIRI<\/span><\/a><span style=\"font-weight: 400;\">.\u00a0<\/span><\/p>\n<p><span style=\"font-weight: 400;\">\u00a0<\/span><\/p>\n<ol>\n<li>\n<h3><b> La IA y el aprendizaje autom\u00e1tico como copilotos en el lugar de trabajo<\/b><\/h3>\n<\/li>\n<\/ol>\n<p><span style=\"font-weight: 400;\">La IA ya no se limita a los laboratorios de ciencia de datos. Ahora es un compa\u00f1ero de trabajo diario. Desde la automatizaci\u00f3n de tareas rutinarias hasta la optimizaci\u00f3n de la toma de decisiones con an\u00e1lisis en tiempo real, <\/span><b>La IA est\u00e1 empoderando a los humanos, no reemplaz\u00e1ndolos<\/b><span style=\"font-weight: 400;\">.\u00a0<\/span><\/p>\n<p><b>Ejemplo del mundo real<\/b><span style=\"font-weight: 400;\">\u00a0<\/span><\/p>\n<ul>\n<li style=\"font-weight: 400;\" aria-level=\"1\"><a href=\"https:\/\/copilot.microsoft.com\/\" target=\"_blank\" rel=\"noopener\"><b>Microsoft Copilot<\/b><\/a><span style=\"font-weight: 400;\"> integra IA en las herramientas de Office para mejorar la productividad. <\/span><span style=\"font-weight: 400;\"><br \/>\n<\/span><span style=\"font-weight: 400;\">\u00a0<\/span><\/li>\n<\/ul>\n<ul>\n<li style=\"font-weight: 400;\" aria-level=\"1\"><b>Chatbots y asistentes virtuales<\/b><span style=\"font-weight: 400;\"> Ahora gestione consultas internas, mesas de ayuda de RR.HH. y la incorporaci\u00f3n. <\/span><span style=\"font-weight: 400;\"><br \/>\n<\/span><span style=\"font-weight: 400;\">\u00a0<\/span><\/li>\n<\/ul>\n<p><b>Perspectiva de INCIT<\/b><span style=\"font-weight: 400;\">\u00a0<\/span><\/p>\n<p><span style=\"font-weight: 400;\">Las organizaciones deben <\/span><b>recapacitar a su fuerza laboral<\/b><span style=\"font-weight: 400;\"> Colaborar eficazmente con herramientas de IA. Esto incluye capacitar a los empleados para interpretar los resultados de la IA y aplicarlos \u00e9ticamente.\u00a0<\/span><\/p>\n<p><span style=\"font-weight: 400;\">\ud83d\udd17 Conozca c\u00f3mo INCIT facilita<\/span>\u00a0<a href=\"https:\/\/incit.org\/es_es\/what-we-do\/operi\/training-certification-centres\/\" target=\"_blank\" rel=\"noopener\"><span style=\"font-weight: 400;\">centros de formaci\u00f3n y certificaci\u00f3n<\/span><\/a><span style=\"font-weight: 400;\"> para desarrollar talento preparado para la IA.\u00a0<\/span><\/p>\n<p><span style=\"font-weight: 400;\">\u00a0<\/span><\/p>\n<ol start=\"2\">\n<li>\n<h3><b> El auge de los espacios de trabajo inteligentes y conectados<\/b><\/h3>\n<\/li>\n<\/ol>\n<p><span style=\"font-weight: 400;\">Gracias al IoT, nuestros espacios de trabajo se est\u00e1n volviendo <\/span><b>ecosistemas inteligentes<\/b><span style=\"font-weight: 400;\">Los sensores inteligentes monitorean todo, desde la calidad del aire hasta la ocupaci\u00f3n, mientras que los dispositivos conectados agilizan los flujos de trabajo y el uso de energ\u00eda.\u00a0<\/span><\/p>\n<p><b>Beneficios clave<\/b><span style=\"font-weight: 400;\">\u00a0<\/span><\/p>\n<ul>\n<li style=\"font-weight: 400;\" aria-level=\"1\"><span style=\"font-weight: 400;\">Mejorado <\/span><b>sostenibilidad<\/b><span style=\"font-weight: 400;\"> y <\/span><b>bienestar de los empleados<\/b> <span style=\"font-weight: 400;\"><br \/>\n<\/span><span style=\"font-weight: 400;\">\u00a0<\/span><\/li>\n<\/ul>\n<ul>\n<li style=\"font-weight: 400;\" aria-level=\"1\"><span style=\"font-weight: 400;\">Comentarios en tiempo real sobre la productividad y el uso <\/span><span style=\"font-weight: 400;\"><br \/>\n<\/span><span style=\"font-weight: 400;\">\u00a0<\/span><\/li>\n<\/ul>\n<ul>\n<li style=\"font-weight: 400;\" aria-level=\"1\"><span style=\"font-weight: 400;\">Coordinaci\u00f3n fluida del trabajo h\u00edbrido y remoto <\/span><span style=\"font-weight: 400;\"><br \/>\n<\/span><span style=\"font-weight: 400;\">\u00a0<\/span><\/li>\n<\/ul>\n<p><span style=\"font-weight: 400;\">\ud83d\udd17 Explora c\u00f3mo el\u00a0<\/span><a href=\"https:\/\/incit.org\/es_es\/what-we-do\/siri\/assessment\/\" target=\"_blank\" rel=\"noopener\"><span style=\"font-weight: 400;\">Evaluaci\u00f3n SIRI<\/span><\/a><span style=\"font-weight: 400;\"> Ayuda a evaluar la adopci\u00f3n de tecnolog\u00eda inteligente en entornos de fabricaci\u00f3n.\u00a0<\/span><\/p>\n<p><span style=\"font-weight: 400;\">\u00a0<\/span><\/p>\n<ol start=\"3\">\n<li>\n<h3><b> Gemelos digitales de la fuerza laboral<\/b><\/h3>\n<\/li>\n<\/ol>\n<p><span style=\"font-weight: 400;\">Si bien los gemelos digitales tradicionalmente han modelado activos f\u00edsicos, ahora se utilizan para simular <\/span><b>flujos de trabajo humanos<\/b><span style=\"font-weight: 400;\"> y <\/span><b>comportamiento organizacional<\/b><span style=\"font-weight: 400;\">.\u00a0<\/span><\/p>\n<p><span style=\"font-weight: 400;\">Esto permite:\u00a0<\/span><\/p>\n<ul>\n<li style=\"font-weight: 400;\" aria-level=\"1\"><span style=\"font-weight: 400;\">Optimizaci\u00f3n de la asignaci\u00f3n de tareas <\/span><span style=\"font-weight: 400;\"><br \/>\n<\/span><span style=\"font-weight: 400;\">\u00a0<\/span><\/li>\n<\/ul>\n<ul>\n<li style=\"font-weight: 400;\" aria-level=\"1\"><span style=\"font-weight: 400;\">Planificaci\u00f3n de escenarios para el despliegue de la fuerza laboral <\/span><span style=\"font-weight: 400;\"><br \/>\n<\/span><span style=\"font-weight: 400;\">\u00a0<\/span><\/li>\n<\/ul>\n<ul>\n<li style=\"font-weight: 400;\" aria-level=\"1\"><span style=\"font-weight: 400;\">Rutas de aprendizaje personalizadas <\/span><span style=\"font-weight: 400;\"><br \/>\n<\/span><span style=\"font-weight: 400;\">\u00a0<\/span><\/li>\n<\/ul>\n<p><b>Consideraci\u00f3n \u00e9tica<\/b><span style=\"font-weight: 400;\">\u00a0<\/span><\/p>\n<p><span style=\"font-weight: 400;\">Las aplicaciones gemelas digitales deben equilibrar la utilidad de los datos con <\/span><b>privacidad de los empleados<\/b><span style=\"font-weight: 400;\"> y <\/span><b>transparencia<\/b><span style=\"font-weight: 400;\">\u2014una preocupaci\u00f3n creciente entre los l\u00edderes de RRHH.\u00a0<\/span><\/p>\n<p><span style=\"font-weight: 400;\">\u00a0<\/span><\/p>\n<ol start=\"4\">\n<li>\n<h3><b> Hiperautomatizaci\u00f3n: automatizaci\u00f3n m\u00e1s all\u00e1 de la f\u00e1brica<\/b><\/h3>\n<p><img fetchpriority=\"high\" decoding=\"async\" class=\"alignnone wp-image-36788 size-full\" src=\"https:\/\/assets.incit.org\/wp-content\/uploads\/2025\/05\/19040916\/Hyperautomation.webp\" alt=\"Hyperautomation | INCIT\" width=\"1200\" height=\"1000\" srcset=\"https:\/\/assets.incit.org\/wp-content\/uploads\/2025\/05\/19040916\/Hyperautomation.webp 1200w, https:\/\/assets.incit.org\/wp-content\/uploads\/2025\/05\/19040916\/Hyperautomation-300x250.webp 300w, https:\/\/assets.incit.org\/wp-content\/uploads\/2025\/05\/19040916\/Hyperautomation-1024x853.webp 1024w, https:\/\/assets.incit.org\/wp-content\/uploads\/2025\/05\/19040916\/Hyperautomation-768x640.webp 768w, https:\/\/assets.incit.org\/wp-content\/uploads\/2025\/05\/19040916\/Hyperautomation-14x12.webp 14w\" sizes=\"(max-width: 1200px) 100vw, 1200px\" \/><\/li>\n<\/ol>\n<p><a href=\"https:\/\/incit.org\/es_es\/thought-leadership\/how-ai-and-hyperautomation-drive-sustainable-manufacturing\/\" target=\"_blank\" rel=\"noopener\"><b>Hiperautomatizaci\u00f3n<\/b><\/a><span style=\"font-weight: 400;\"> Combina la automatizaci\u00f3n de procesos rob\u00f3ticos (RPA), la inteligencia artificial y el aprendizaje autom\u00e1tico para automatizar procesos comerciales complejos de principio a fin.\u00a0<\/span><\/p>\n<p><b>Impacto en el trabajo<\/b><span style=\"font-weight: 400;\">\u00a0<\/span><\/p>\n<ul>\n<li style=\"font-weight: 400;\" aria-level=\"1\"><span style=\"font-weight: 400;\">Reduce el error humano y libera tiempo para tareas creativas de alto valor. <\/span><span style=\"font-weight: 400;\"><br \/>\n<\/span><span style=\"font-weight: 400;\">\u00a0<\/span><\/li>\n<\/ul>\n<ul>\n<li style=\"font-weight: 400;\" aria-level=\"1\"><span style=\"font-weight: 400;\">Habilita <\/span><b>operaciones de luces apagadas<\/b><span style=\"font-weight: 400;\"> en industrias como finanzas, log\u00edstica y TI <\/span><span style=\"font-weight: 400;\"><br \/>\n<\/span><span style=\"font-weight: 400;\">\u00a0<\/span><\/li>\n<\/ul>\n<p><span style=\"font-weight: 400;\">Seg\u00fan Gartner, para el a\u00f1o 2025, <\/span><b>El 70% de las organizaciones habr\u00e1n implementado la hiperautomatizaci\u00f3n<\/b><span style=\"font-weight: 400;\"> en al menos un \u00e1rea<a title=\"Las 10 principales tendencias tecnol\u00f3gicas estrat\u00e9gicas de Gartner para 2023\" href=\"https:\/\/www.gartner.com\/en\/articles\/gartner-top-10-strategic-technology-trends-for-2023\" target=\"_blank\" rel=\"noopener\">\u00b9<\/a><\/span><span style=\"font-weight: 400;\">. <\/span><\/p>\n<p><span style=\"font-weight: 400;\">\ud83d\udd17 Descubra c\u00f3mo INCIT equipa a las MIPYMES y PYMES para la automatizaci\u00f3n a trav\u00e9s de la\u00a0<\/span><a href=\"https:\/\/incit.org\/es_es\/what-we-do\/operi\/small-businesses\/\" target=\"_blank\" rel=\"noopener\"><span style=\"font-weight: 400;\">OPERI para MIPYMES y PYMES<\/span><\/a><span style=\"font-weight: 400;\">.\u00a0<\/span><\/p>\n<p><span style=\"font-weight: 400;\">\u00a0<\/span><\/p>\n<ol start=\"5\">\n<li>\n<h3><b> La alfabetizaci\u00f3n de datos como el nuevo lenguaje empresarial<\/b><\/h3>\n<\/li>\n<\/ol>\n<p><span style=\"font-weight: 400;\">En un mundo saturado de datos, <\/span><b>alfabetizaci\u00f3n de datos<\/b><span style=\"font-weight: 400;\"> Es fundamental. Los empleados de todos los niveles deben aprender a interpretar, cuestionar y aplicar la informaci\u00f3n obtenida de los datos con confianza.\u00a0<\/span><\/p>\n<p><b>Implicaciones en el lugar de trabajo<\/b><span style=\"font-weight: 400;\">\u00a0<\/span><\/p>\n<ul>\n<li style=\"font-weight: 400;\" aria-level=\"1\"><span style=\"font-weight: 400;\">La contrataci\u00f3n ahora incluye <\/span><b>competencia en datos<\/b><span style=\"font-weight: 400;\"> evaluaciones <\/span><span style=\"font-weight: 400;\"><br \/>\n<\/span><span style=\"font-weight: 400;\">\u00a0<\/span><\/li>\n<\/ul>\n<ul>\n<li style=\"font-weight: 400;\" aria-level=\"1\"><span style=\"font-weight: 400;\">Los equipos conf\u00edan en <\/span><b>paneles de control<\/b><span style=\"font-weight: 400;\"> y <\/span><b>an\u00e1lisis predictivo<\/b><span style=\"font-weight: 400;\"> para decisiones diarias <\/span><span style=\"font-weight: 400;\"><br \/>\n<\/span><span style=\"font-weight: 400;\">\u00a0<\/span><\/li>\n<\/ul>\n<p><span style=\"font-weight: 400;\">\ud83d\udd17 INCIT <a title=\"\u00bfQu\u00e9 es un marco de capacidades?\" href=\"https:\/\/incit.org\/es_es\/thought-leadership\/what-is-a-capability-framework\/\" target=\"_blank\" rel=\"noopener\">marco de capacidades<\/a> o el modelo de desarrollo de capacidades incluye el desarrollo de una estrategia de datos, garantizando que los empleados tomen mejores decisiones, m\u00e1s r\u00e1pido.\u00a0<\/span><\/p>\n<p><span style=\"font-weight: 400;\">\u00a0<\/span><\/p>\n<ol start=\"6\">\n<li>\n<h3><b> Ciberseguridad y entornos de trabajo de confianza cero<\/b><\/h3>\n<\/li>\n<\/ol>\n<p><span style=\"font-weight: 400;\">A medida que las fuerzas laborales se vuelven remotas y los ecosistemas se interconectan, <\/span><b>ciberseguridad<\/b><span style=\"font-weight: 400;\"> Ya no es s\u00f3lo responsabilidad de TI: es tarea de todos.\u00a0<\/span><\/p>\n<p><b>Principales prioridades de seguridad:<\/b><span style=\"font-weight: 400;\">\u00a0<\/span><\/p>\n<ul>\n<li style=\"font-weight: 400;\" aria-level=\"1\"><b>Arquitectura de confianza cero<\/b><span style=\"font-weight: 400;\">:\u201cNunca conf\u00edes, siempre verifica.\u201d <\/span><span style=\"font-weight: 400;\"><br \/>\n<\/span><span style=\"font-weight: 400;\">\u00a0<\/span><\/li>\n<\/ul>\n<ul>\n<li style=\"font-weight: 400;\" aria-level=\"1\"><b>Simulaciones de phishing de empleados<\/b><span style=\"font-weight: 400;\"> y <\/span><b>protocolos de acceso seguro<\/b> <span style=\"font-weight: 400;\"><br \/>\n<\/span><span style=\"font-weight: 400;\">\u00a0<\/span><\/li>\n<\/ul>\n<ul>\n<li style=\"font-weight: 400;\" aria-level=\"1\"><span style=\"font-weight: 400;\">Protecci\u00f3n de la propiedad intelectual digital y de los datos de los clientes <\/span><span style=\"font-weight: 400;\"><br \/>\n<\/span><span style=\"font-weight: 400;\">\u00a0<\/span><\/li>\n<\/ul>\n<p><span style=\"font-weight: 400;\">\ud83d\udd17 Conozca c\u00f3mo INCIT apoya la confianza digital a trav\u00e9s de sus\u00a0<\/span><a href=\"https:\/\/incit.org\/es_es\/what-we-do\/partnership-model\/\" target=\"_blank\" rel=\"noopener\"><span style=\"font-weight: 400;\">modelos de participaci\u00f3n de los socios<\/span><\/a><span style=\"font-weight: 400;\">.\u00a0<\/span><\/p>\n<p><span style=\"font-weight: 400;\">\u00a0<\/span><\/p>\n<ol start=\"7\">\n<li>\n<h3><b> Aprendizaje inmersivo a trav\u00e9s de AR y VR<\/b><\/h3>\n<\/li>\n<\/ol>\n<p><span style=\"font-weight: 400;\">Las tecnolog\u00edas AR\/VR est\u00e1n revolucionando <\/span><b>capacitaci\u00f3n y colaboraci\u00f3n de los empleados<\/b><span style=\"font-weight: 400;\">Estas herramientas ofrecen simulaciones realistas para el desarrollo de habilidades, especialmente en los sectores de fabricaci\u00f3n, atenci\u00f3n m\u00e9dica y roles t\u00e9cnicos.\u00a0<\/span><\/p>\n<p><b>Beneficios<\/b><span style=\"font-weight: 400;\">\u00a0<\/span><\/p>\n<ul>\n<li style=\"font-weight: 400;\" aria-level=\"1\"><span style=\"font-weight: 400;\">Entrenamiento seguro en entornos de alto riesgo <\/span><span style=\"font-weight: 400;\"><br \/>\n<\/span><span style=\"font-weight: 400;\">\u00a0<\/span><\/li>\n<\/ul>\n<ul>\n<li style=\"font-weight: 400;\" aria-level=\"1\"><span style=\"font-weight: 400;\">Retenci\u00f3n mejorada a trav\u00e9s de <\/span><b>aprendizaje experiencial<\/b> <span style=\"font-weight: 400;\"><br \/>\n<\/span><span style=\"font-weight: 400;\">\u00a0<\/span><\/li>\n<\/ul>\n<ul>\n<li style=\"font-weight: 400;\" aria-level=\"1\"><span style=\"font-weight: 400;\">Incorporaci\u00f3n desde cualquier parte del mundo <\/span><span style=\"font-weight: 400;\"><br \/>\n<\/span><span style=\"font-weight: 400;\">\u00a0<\/span><\/li>\n<\/ul>\n<p><span style=\"font-weight: 400;\">Se proyecta que la AR\/VR en la capacitaci\u00f3n crecer\u00e1 un <\/span><b>33% CAGR<\/b><span style=\"font-weight: 400;\"> hasta 2030<a title=\"C\u00f3mo la realidad virtual y la realidad aumentada transformar\u00e1n los negocios y la econom\u00eda\" href=\"https:\/\/www.pwc.com\/gx\/en\/industries\/technology\/publications\/economic-impact-of-vr-ar.html#:~:text=Our%20&#039;Seeing%20is%20believing&#039;%20report,retail%20and%20training%20and%20development\" target=\"_blank\" rel=\"noopener\">\u00b2<\/a><\/span><span style=\"font-weight: 400;\">.\u00a0<\/span><\/p>\n<p><span style=\"font-weight: 400;\">\u00a0<\/span><\/p>\n<ol start=\"8\">\n<li>\n<h3><b> La flexibilidad de la fuerza laboral y el auge de la fuerza laboral l\u00edquida<\/b><\/h3>\n<\/li>\n<\/ol>\n<p><span style=\"font-weight: 400;\">El futuro del trabajo es <\/span><b>l\u00edquido<\/b><span style=\"font-weight: 400;\">Cada vez m\u00e1s empleados trabajan en entornos h\u00edbridos, se unen a plataformas de trabajo temporal o participan en contratos basados en proyectos.\u00a0<\/span><\/p>\n<p><b>Estrategias para empleadores<\/b><span style=\"font-weight: 400;\">\u00a0<\/span><\/p>\n<ul>\n<li style=\"font-weight: 400;\" aria-level=\"1\"><span style=\"font-weight: 400;\">Redise\u00f1ar los roles para <\/span><b>agilidad y adaptabilidad<\/b> <span style=\"font-weight: 400;\"><br \/>\n<\/span><span style=\"font-weight: 400;\">\u00a0<\/span><\/li>\n<\/ul>\n<ul>\n<li style=\"font-weight: 400;\" aria-level=\"1\"><span style=\"font-weight: 400;\">Usar <\/span><b>mercados de talentos<\/b><span style=\"font-weight: 400;\"> para asignar proyectos din\u00e1micamente <\/span><span style=\"font-weight: 400;\"><br \/>\n<\/span><span style=\"font-weight: 400;\">\u00a0<\/span><\/li>\n<\/ul>\n<ul>\n<li style=\"font-weight: 400;\" aria-level=\"1\"><span style=\"font-weight: 400;\">Concentrarse en <\/span><b>experiencia del empleado<\/b><span style=\"font-weight: 400;\"> sobre presencia <\/span><span style=\"font-weight: 400;\"><br \/>\n<\/span><span style=\"font-weight: 400;\">\u00a0<\/span><\/li>\n<\/ul>\n<p><span style=\"font-weight: 400;\">\ud83d\udd17 Vea c\u00f3mo trabaja INCIT con<\/span><a title=\"Consultores OPERI\" href=\"https:\/\/incit.org\/es_es\/what-we-do\/operi\/consultants\/\" target=\"_blank\" rel=\"noopener\"> <span style=\"font-weight: 400;\">consultores de transformaci\u00f3n<\/span><\/a><span style=\"font-weight: 400;\"> Apoyar a las organizaciones en procesos de cambio cultural.\u00a0<\/span><\/p>\n<p><span style=\"font-weight: 400;\">\u00a0<\/span><\/p>\n<ol start=\"9\">\n<li>\n<h3><b> ESG y cultura laboral orientada a un prop\u00f3sito<\/b><\/h3>\n<\/li>\n<\/ol>\n<p><span style=\"font-weight: 400;\">Las generaciones m\u00e1s j\u00f3venes priorizan las empresas con una <\/span><b>prop\u00f3sito claro<\/b><span style=\"font-weight: 400;\"> y <\/span><b>objetivos de sostenibilidad<\/b><span style=\"font-weight: 400;\">Las herramientas de la Industria 4.0 ayudan a las organizaciones a integrar criterios ESG en sus operaciones y a realizar un seguimiento de su progreso.\u00a0<\/span><\/p>\n<p><b>Ejemplos:<\/b><span style=\"font-weight: 400;\">\u00a0<\/span><\/p>\n<ul>\n<li style=\"font-weight: 400;\" aria-level=\"1\"><span style=\"font-weight: 400;\">Redes inteligentes para reducir el consumo de energ\u00eda <\/span><span style=\"font-weight: 400;\"><br \/>\n<\/span><span style=\"font-weight: 400;\">\u00a0<\/span><\/li>\n<\/ul>\n<ul>\n<li style=\"font-weight: 400;\" aria-level=\"1\"><span style=\"font-weight: 400;\">Cadenas de suministro transparentes a trav\u00e9s de blockchain <\/span><span style=\"font-weight: 400;\"><br \/>\n<\/span><span style=\"font-weight: 400;\">\u00a0<\/span><\/li>\n<\/ul>\n<ul>\n<li style=\"font-weight: 400;\" aria-level=\"1\"><span style=\"font-weight: 400;\">Contrataci\u00f3n inclusiva respaldada por detecci\u00f3n de sesgos mediante IA <\/span><span style=\"font-weight: 400;\"><br \/>\n<\/span><span style=\"font-weight: 400;\">\u00a0<\/span><\/li>\n<\/ul>\n<p><span style=\"font-weight: 400;\">\u00a0<\/span><\/p>\n<ol start=\"10\">\n<li>\n<h3><b> El desarrollo continuo de capacidades como estrategia central<\/b><\/h3>\n<\/li>\n<\/ol>\n<p><span style=\"font-weight: 400;\">Las brechas de habilidades son la mayor barrera para la adopci\u00f3n de la Industria 4.0. La capacitaci\u00f3n no es una iniciativa \u00fanica, es un <\/span><b>inversi\u00f3n continua<\/b><span style=\"font-weight: 400;\">.\u00a0<\/span><\/p>\n<p><span style=\"font-weight: 400;\">Seg\u00fan el Foro Econ\u00f3mico Mundial, <\/span><b>El 44% de las habilidades de la fuerza laboral se ver\u00e1n afectadas en los pr\u00f3ximos cinco a\u00f1os<\/b><a href=\"https:\/\/www.weforum.org\/publications\/the-future-of-jobs-report-2023\/\" target=\"_blank\" rel=\"noopener\"><span style=\"font-weight: 400;\">3<\/span><\/a><span style=\"font-weight: 400;\">.\u00a0<\/span><\/p>\n<p><b>\u00c1reas clave de enfoque:<\/b><span style=\"font-weight: 400;\">\u00a0<\/span><\/p>\n<ul>\n<li style=\"font-weight: 400;\" aria-level=\"1\"><span style=\"font-weight: 400;\">Alfabetizaci\u00f3n digital <\/span><span style=\"font-weight: 400;\"><br \/>\n<\/span><span style=\"font-weight: 400;\">\u00a0<\/span><\/li>\n<\/ul>\n<ul>\n<li style=\"font-weight: 400;\" aria-level=\"1\"><span style=\"font-weight: 400;\">Concientizaci\u00f3n sobre la ciberseguridad <\/span><span style=\"font-weight: 400;\"><br \/>\n<\/span><span style=\"font-weight: 400;\">\u00a0<\/span><\/li>\n<\/ul>\n<ul>\n<li style=\"font-weight: 400;\" aria-level=\"1\"><span style=\"font-weight: 400;\">IA y an\u00e1lisis de datos <\/span><span style=\"font-weight: 400;\"><br \/>\n<\/span><span style=\"font-weight: 400;\">\u00a0<\/span><\/li>\n<\/ul>\n<ul>\n<li style=\"font-weight: 400;\" aria-level=\"1\"><span style=\"font-weight: 400;\">Gesti\u00f3n \u00e1gil de proyectos <\/span><span style=\"font-weight: 400;\"><br \/>\n<\/span><span style=\"font-weight: 400;\">\u00a0<\/span><\/li>\n<\/ul>\n<p><span style=\"font-weight: 400;\">\ud83d\udd17 Explora los programas de INCIT para\u00a0<\/span><a href=\"https:\/\/incit.org\/es_es\/what-we-do\/operi\/\" target=\"_blank\" rel=\"noopener\"><span style=\"font-weight: 400;\">desarrollo de capacidades<\/span><\/a><span style=\"font-weight: 400;\">, incluidas evaluaciones organizacionales y rutas de aprendizaje personalizadas.\u00a0<\/span><\/p>\n<p><span style=\"font-weight: 400;\">\u00a0<\/span><\/p>\n<h2><b>C\u00f3mo responder: un plan de acci\u00f3n de la Industria 4.0 para empleadores<\/b><span style=\"font-weight: 400;\">\u00a0<\/span><\/h2>\n<ol>\n<li>\n<h3><b> Realizar una evaluaci\u00f3n de preparaci\u00f3n<\/b><\/h3>\n<\/li>\n<\/ol>\n<p><span style=\"font-weight: 400;\">Utilice herramientas de capacidad digital como <\/span><b>SIRI<\/b><span style=\"font-weight: 400;\"> Para evaluar las necesidades de habilidades actuales y futuras. SIRI identifica \u00e1reas de mejora de alto impacto y ayuda a identificar las necesidades actuales y futuras de habilidades digitales y tecnolog\u00eda para priorizarlas y maximizar la competitividad.\u00a0<\/span><\/p>\n<ol start=\"2\">\n<li>\n<h3><b> Construir una cultura de aprendizaje<\/b><\/h3>\n<\/li>\n<\/ol>\n<p><span style=\"font-weight: 400;\">Incentivar el aprendizaje, reconocer el dominio de las habilidades e integrar la capacitaci\u00f3n en las m\u00e9tricas de desempe\u00f1o.\u00a0<\/span><\/p>\n<ol start=\"3\">\n<li>\n<h3><b> Repensar el dise\u00f1o de puestos de trabajo<\/b><\/h3>\n<\/li>\n<\/ol>\n<p><span style=\"font-weight: 400;\">Dise\u00f1e para colaborar con la tecnolog\u00eda, no para competir. Defina claramente los roles digitales.\u00a0<\/span><\/p>\n<ol start=\"4\">\n<li>\n<h3><b> Invierta en plataformas, no solo en herramientas<\/b><\/h3>\n<\/li>\n<\/ol>\n<p><span style=\"font-weight: 400;\">Aseg\u00farese de que sus inversiones digitales escalen y se integren perfectamente con su estrategia de personal.\u00a0<\/span><\/p>\n<p><span style=\"font-weight: 400;\">\u00a0<\/span><\/p>\n<h2><b>Conclusi\u00f3n: El lado humano de la Cuarta Revoluci\u00f3n Industrial<\/b><span style=\"font-weight: 400;\">\u00a0<\/span><\/h2>\n<p><span style=\"font-weight: 400;\">La Industria 4.0 no es solo una revoluci\u00f3n de las m\u00e1quinas, sino una reinvenci\u00f3n del potencial humano. Las tendencias que definen el futuro del trabajo en 2025 nos instan a repensar el significado del trabajo, c\u00f3mo se realiza y c\u00f3mo deber\u00eda evolucionar.\u00a0<\/span><\/p>\n<p><span style=\"font-weight: 400;\">En\u00a0<\/span><a title=\"INCIT\" href=\"https:\/\/incit.org\/es_es\/\" target=\"_blank\" rel=\"noopener\"><span style=\"font-weight: 400;\">INCIT<\/span><\/a><span style=\"font-weight: 400;\">Ayudamos a empresas, gobiernos e instituciones de aprendizaje a liderar con confianza hacia este futuro con estrategias orientadas a objetivos y herramientas de transformaci\u00f3n hol\u00edstica.\u00a0<\/span><\/p>\n<p><span style=\"font-weight: 400;\">\ud83d\udd17 \u00bfEst\u00e1s listo para preparar a tu fuerza laboral para el futuro?\u00a0<\/span><a href=\"https:\/\/incit.org\/es_es\/what-we-do\/\" target=\"_blank\" rel=\"noopener\"><span style=\"font-weight: 400;\">Comienza tu viaje de transformaci\u00f3n con INCIT<\/span><\/a><span style=\"font-weight: 400;\">.\u00a0<\/span><\/p>\n<p><span style=\"font-weight: 400;\">\u00a0<\/span><\/p>\n<p><b>Referencias<\/b><span style=\"font-weight: 400;\">\u00a0<\/span><\/p>\n<ol>\n<li><span style=\"font-weight: 400;\">Gartner. (2023). <\/span><i><span style=\"font-weight: 400;\">Principales tendencias tecnol\u00f3gicas estrat\u00e9gicas<\/span><\/i><span style=\"font-weight: 400;\">.\u00a0<\/span><a title=\"Las 10 principales tendencias tecnol\u00f3gicas estrat\u00e9gicas de Gartner para 2023\" href=\"https:\/\/www.gartner.com\/en\/articles\/gartner-top-10-strategic-technology-trends-for-2023\" target=\"_blank\" rel=\"noopener\"><span style=\"font-weight: 400;\">Enlace<\/span><\/a> <span style=\"font-weight: 400;\"><br \/>\n<\/span><span style=\"font-weight: 400;\">\u00a0<\/span><\/li>\n<li><span style=\"font-weight: 400;\">PwC. (2022). <\/span><i><span style=\"font-weight: 400;\">Ver para creer: el futuro de la realidad aumentada y la realidad virtual en el aprendizaje<\/span><\/i><span style=\"font-weight: 400;\">.\u00a0<\/span><a title=\"C\u00f3mo la realidad virtual y la realidad aumentada transformar\u00e1n los negocios y la econom\u00eda\" href=\"https:\/\/incit.org\/es_es\/newsroom\/incit-and-eficens-systems-announce-strategic-partnership-to-accelerate-global-industrial-transformation\/\" target=\"_blank\" rel=\"noopener\"><span style=\"font-weight: 400;\">Enlace<\/span><\/a> <span style=\"font-weight: 400;\"><br \/>\n<\/span><span style=\"font-weight: 400;\">\u00a0<\/span><\/li>\n<li><span style=\"font-weight: 400;\">Foro Econ\u00f3mico Mundial. (2023). <\/span><i><span style=\"font-weight: 400;\">Informe sobre el futuro del empleo<\/span><\/i><span style=\"font-weight: 400;\">.\u00a0<\/span><a title=\"Informe sobre el futuro del empleo 2023\" href=\"https:\/\/www.weforum.org\/publications\/the-future-of-jobs-report-2023\/\" target=\"_blank\" rel=\"noopener\"><span style=\"font-weight: 400;\">Enlace<\/span><\/a><span style=\"font-weight: 400;\">\u00a0<\/span><\/li>\n<\/ol>","protected":false},"excerpt":{"rendered":"<p>Introducci\u00f3n La cuarta revoluci\u00f3n industrial (Industria 4.0) es m\u00e1s que un salto tecnol\u00f3gico; supone un cambio fundamental en nuestra forma de trabajar, producir y relacionarnos. A medida que avanzamos hacia 2025, la convergencia de tecnolog\u00edas avanzadas est\u00e1 redefiniendo el panorama laboral en todos los sectores. Las f\u00e1bricas inteligentes y la toma de decisiones basada en IA demuestran que el entorno laboral est\u00e1 evolucionando m\u00e1s r\u00e1pido que nunca. Las organizaciones [\u2026]<\/p>","protected":false},"author":3,"featured_media":36787,"comment_status":"closed","ping_status":"open","sticky":false,"template":"","format":"standard","meta":{"_acf_changed":false,"footnotes":""},"categories":[17],"tags":[54],"class_list":["post-36786","post","type-post","status-publish","format-standard","has-post-thumbnail","hentry","category-thought-leadership","tag-industry-4-0"],"acf":{"topic":"digitalisation"},"_links":{"self":[{"href":"https:\/\/incit.org\/es_es\/wp-json\/wp\/v2\/posts\/36786","targetHints":{"allow":["GET"]}}],"collection":[{"href":"https:\/\/incit.org\/es_es\/wp-json\/wp\/v2\/posts"}],"about":[{"href":"https:\/\/incit.org\/es_es\/wp-json\/wp\/v2\/types\/post"}],"author":[{"embeddable":true,"href":"https:\/\/incit.org\/es_es\/wp-json\/wp\/v2\/users\/3"}],"replies":[{"embeddable":true,"href":"https:\/\/incit.org\/es_es\/wp-json\/wp\/v2\/comments?post=36786"}],"version-history":[{"count":8,"href":"https:\/\/incit.org\/es_es\/wp-json\/wp\/v2\/posts\/36786\/revisions"}],"predecessor-version":[{"id":36802,"href":"https:\/\/incit.org\/es_es\/wp-json\/wp\/v2\/posts\/36786\/revisions\/36802"}],"wp:featuredmedia":[{"embeddable":true,"href":"https:\/\/incit.org\/es_es\/wp-json\/wp\/v2\/media\/36787"}],"wp:attachment":[{"href":"https:\/\/incit.org\/es_es\/wp-json\/wp\/v2\/media?parent=36786"}],"wp:term":[{"taxonomy":"category","embeddable":true,"href":"https:\/\/incit.org\/es_es\/wp-json\/wp\/v2\/categories?post=36786"},{"taxonomy":"post_tag","embeddable":true,"href":"https:\/\/incit.org\/es_es\/wp-json\/wp\/v2\/tags?post=36786"}],"curies":[{"name":"gracias","href":"https:\/\/api.w.org\/{rel}","templated":true}]}}