{"id":40802,"date":"2025-10-10T09:00:15","date_gmt":"2025-10-10T01:00:15","guid":{"rendered":"https:\/\/incit.org\/?p=40802"},"modified":"2025-10-10T13:08:56","modified_gmt":"2025-10-10T05:08:56","slug":"nextgen-manufacturing-summit-africa-2025","status":"publish","type":"post","link":"https:\/\/incit.org\/es_es\/newsroom\/nextgen-manufacturing-summit-africa-2025\/","title":{"rendered":"Cumbre de Fabricaci\u00f3n NextGen \u00c1frica 2025: \u00c1frica 4.0: Dando forma al futuro de la fabricaci\u00f3n africana"},"content":{"rendered":"<p><img fetchpriority=\"high\" decoding=\"async\" class=\"size-large wp-image-40853 alignnone\" src=\"https:\/\/assets.incit.org\/wp-content\/uploads\/2025\/10\/09222411\/Newsletter-2-1024x576.jpg\" alt=\"\" width=\"800\" height=\"450\" srcset=\"https:\/\/assets.incit.org\/wp-content\/uploads\/2025\/10\/09222411\/Newsletter-2-1024x576.jpg 1024w, https:\/\/assets.incit.org\/wp-content\/uploads\/2025\/10\/09222411\/Newsletter-2-300x169.jpg 300w, https:\/\/assets.incit.org\/wp-content\/uploads\/2025\/10\/09222411\/Newsletter-2-768x432.jpg 768w, https:\/\/assets.incit.org\/wp-content\/uploads\/2025\/10\/09222411\/Newsletter-2-1536x864.jpg 1536w, https:\/\/assets.incit.org\/wp-content\/uploads\/2025\/10\/09222411\/Newsletter-2-2048x1152.jpg 2048w, https:\/\/assets.incit.org\/wp-content\/uploads\/2025\/10\/09222411\/Newsletter-2-18x10.jpg 18w\" sizes=\"(max-width: 800px) 100vw, 800px\" \/><\/p>\n<p><span data-contrast=\"auto\">Cumbre de Fabricaci\u00f3n NextGen \u00c1frica 2025: \u00c1frica 4.0: Dando forma al futuro de la fabricaci\u00f3n africana\u00a0<\/span><span data-ccp-props=\"{}\">\u00a0<\/span><\/p>\n<p><span data-contrast=\"auto\">El reciente <\/span><b><span data-contrast=\"auto\">Cumbre de Fabricaci\u00f3n NextGen de \u00c1frica 2025<\/span><\/b><span data-contrast=\"auto\"> marc\u00f3 un momento decisivo para el futuro industrial del continente, reuniendo a actores clave de toda \u00c1frica y el mundo para promover la visi\u00f3n de \u201c\u00c1frica 4.0\u201d.<\/span><span data-ccp-props=\"{}\">\u00a0<\/span><\/p>\n<p><img decoding=\"async\" class=\"size-large wp-image-40854 alignnone\" src=\"https:\/\/assets.incit.org\/wp-content\/uploads\/2025\/10\/09222448\/Newsletter-1-1024x576.jpg\" alt=\"\" width=\"800\" height=\"450\" srcset=\"https:\/\/assets.incit.org\/wp-content\/uploads\/2025\/10\/09222448\/Newsletter-1-1024x576.jpg 1024w, https:\/\/assets.incit.org\/wp-content\/uploads\/2025\/10\/09222448\/Newsletter-1-300x169.jpg 300w, https:\/\/assets.incit.org\/wp-content\/uploads\/2025\/10\/09222448\/Newsletter-1-768x432.jpg 768w, https:\/\/assets.incit.org\/wp-content\/uploads\/2025\/10\/09222448\/Newsletter-1-1536x864.jpg 1536w, https:\/\/assets.incit.org\/wp-content\/uploads\/2025\/10\/09222448\/Newsletter-1-2048x1152.jpg 2048w, https:\/\/assets.incit.org\/wp-content\/uploads\/2025\/10\/09222448\/Newsletter-1-18x10.jpg 18w\" sizes=\"(max-width: 800px) 100vw, 800px\" \/><\/p>\n<p><span data-contrast=\"auto\">Con m\u00e1s de <\/span><b><span data-contrast=\"auto\">1.200 participantes que asistieron en persona<\/span><\/b><span data-contrast=\"auto\"> y un adicional <\/span><b><span data-contrast=\"auto\">1.000 personas se unen en l\u00ednea<\/span><\/b><span data-contrast=\"auto\">El evento mostr\u00f3 el creciente impulso y la ambici\u00f3n colectiva de transformar el panorama manufacturero de \u00c1frica a trav\u00e9s de la innovaci\u00f3n, la sostenibilidad y la colaboraci\u00f3n.<\/span><span data-ccp-props=\"{}\">\u00a0<\/span><\/p>\n<p><span data-contrast=\"auto\">El <\/span><b><span data-contrast=\"auto\">Centro Internacional para la Transformaci\u00f3n Industrial (INCIT)<\/span><\/b><span data-contrast=\"auto\"> Tuve el honor de pronunciar el discurso inaugural en la cumbre. Director ejecutivo <\/span><b><span data-contrast=\"auto\">Se\u00f1or Raimund Klein<\/span><\/b><span data-contrast=\"auto\"> comparti\u00f3 la perspectiva de INCIT sobre las v\u00edas estrat\u00e9gicas necesarias para que \u00c1frica libere su potencial manufacturero y logre un crecimiento sostenible e inclusivo en la Cuarta Revoluci\u00f3n Industrial (4IR).\u00a0<\/span><span data-ccp-props=\"{}\">\u00a0<\/span><\/p>\n<p><span data-contrast=\"auto\">En su discurso, el Sr. Raimund destac\u00f3 tres pilares clave para la transformaci\u00f3n:<\/span><span data-ccp-props=\"{}\">\u00a0<\/span><\/p>\n<ul>\n<li aria-setsize=\"-1\" data-leveltext=\"\uf0b7\" data-font=\"Symbol\" data-listid=\"1\" data-list-defn-props=\"{&quot;335552541&quot;:1,&quot;335559685&quot;:720,&quot;335559991&quot;:360,&quot;469769226&quot;:&quot;Symbol&quot;,&quot;469769242&quot;:[8226],&quot;469777803&quot;:&quot;left&quot;,&quot;469777804&quot;:&quot;\uf0b7&quot;,&quot;469777815&quot;:&quot;multilevel&quot;}\" data-aria-posinset=\"1\" data-aria-level=\"1\"><b><span data-contrast=\"auto\">Adopci\u00f3n de tecnolog\u00edas de fabricaci\u00f3n avanzadas<\/span><\/b><span data-ccp-props=\"{}\">\u00a0<\/span><\/li>\n<\/ul>\n<ul>\n<li aria-setsize=\"-1\" data-leveltext=\"\uf0b7\" data-font=\"Symbol\" data-listid=\"1\" data-list-defn-props=\"{&quot;335552541&quot;:1,&quot;335559685&quot;:720,&quot;335559991&quot;:360,&quot;469769226&quot;:&quot;Symbol&quot;,&quot;469769242&quot;:[8226],&quot;469777803&quot;:&quot;left&quot;,&quot;469777804&quot;:&quot;\uf0b7&quot;,&quot;469777815&quot;:&quot;multilevel&quot;}\" data-aria-posinset=\"2\" data-aria-level=\"1\"><b><span data-contrast=\"auto\">Importancia del desarrollo del talento<\/span><\/b><span data-ccp-props=\"{}\">\u00a0<\/span><\/li>\n<\/ul>\n<ul>\n<li aria-setsize=\"-1\" data-leveltext=\"\uf0b7\" data-font=\"Symbol\" data-listid=\"1\" data-list-defn-props=\"{&quot;335552541&quot;:1,&quot;335559685&quot;:720,&quot;335559991&quot;:360,&quot;469769226&quot;:&quot;Symbol&quot;,&quot;469769242&quot;:[8226],&quot;469777803&quot;:&quot;left&quot;,&quot;469777804&quot;:&quot;\uf0b7&quot;,&quot;469777815&quot;:&quot;multilevel&quot;}\" data-aria-posinset=\"3\" data-aria-level=\"1\"><b><span data-contrast=\"auto\">Toma de decisiones basada en datos y crecimiento industrial<\/span><\/b><span data-ccp-props=\"{}\">\u00a0<\/span><\/li>\n<\/ul>\n<p><span data-contrast=\"auto\">Tambi\u00e9n present\u00f3 las herramientas mundialmente reconocidas de INCIT, incluidas las <\/span><b><span data-contrast=\"auto\">\u00cdndice de preparaci\u00f3n para la industria inteligente (SIRI)<\/span><\/b><span data-contrast=\"auto\">, como marcos pr\u00e1cticos que puedan orientar a las empresas africanas en la evaluaci\u00f3n de su madurez digital y la planificaci\u00f3n de viajes de transformaci\u00f3n estructurados.<\/span><span data-ccp-props=\"{}\">\u00a0<\/span><\/p>\n<p><span data-contrast=\"auto\">El \u00e9xito de la cumbre fue posible gracias a los esfuerzos visionarios de <\/span><b><span data-contrast=\"auto\">UM6P TechniX<\/span><\/b><span data-contrast=\"auto\">, <\/span><b><span data-contrast=\"auto\">ONUDI<\/span><\/b><span data-contrast=\"auto\">, <\/span><b><span data-contrast=\"auto\">AISMA<\/span><\/b><span data-contrast=\"auto\">, y <\/span><b><span data-contrast=\"auto\">Feria de Hannover<\/span><\/b><span data-contrast=\"auto\">, cuyo liderazgo colaborativo foment\u00f3 una plataforma din\u00e1mica para el di\u00e1logo, la generaci\u00f3n de ideas y la colaboraci\u00f3n. El ambiente estaba cargado de energ\u00eda, lo que reflejaba el compromiso compartido de catalizar el crecimiento de un sector manufacturero africano competitivo e impulsado por la tecnolog\u00eda.<\/span><span data-ccp-props=\"{}\">\u00a0<\/span><\/p>\n<p><span data-contrast=\"auto\">Desde mesas redondas hasta talleres interactivos, los participantes exploraron estrategias para <\/span><b><span data-contrast=\"auto\">localizar las mejores pr\u00e1cticas globales<\/span><\/b><span data-contrast=\"auto\">, <\/span><b><span data-contrast=\"auto\">fomentar ecosistemas de innovaci\u00f3n<\/span><\/b><span data-contrast=\"auto\">, y <\/span><b><span data-contrast=\"auto\">crear entornos propicios<\/span><\/b><span data-contrast=\"auto\"> que apoyan el crecimiento empresarial y la diversificaci\u00f3n industrial.<\/span><span data-ccp-props=\"{}\">\u00a0<\/span><\/p>\n<p><b><span data-contrast=\"auto\">Mirando hacia el futuro: el papel de \u00c1frica en la manufactura global<\/span><\/b><span data-ccp-props=\"{}\">\u00a0<\/span><\/p>\n<p><span data-contrast=\"auto\">El entusiasmo y la perspectiva compartidos durante la cumbre reafirmaron la disposici\u00f3n de \u00c1frica para liderar la construcci\u00f3n del futuro de la manufactura global. INCIT se enorgullece de apoyar este proceso y mantiene su compromiso de colaborar con gobiernos, l\u00edderes de la industria y socios para el desarrollo en todo el continente.<\/span><span data-ccp-props=\"{}\">\u00a0<\/span><\/p>\n<p>&nbsp;<\/p>\n<p><span data-contrast=\"auto\">A medida que \u00c1frica contin\u00faa adoptando la 4RI, las oportunidades para ampliar el impacto, impulsar la resiliencia y empoderar a la pr\u00f3xima generaci\u00f3n de fabricantes son ilimitadas. INCIT espera profundizar su compromiso y contribuir a un nuevo y audaz cap\u00edtulo en la industrializaci\u00f3n africana.<\/span><span data-ccp-props=\"{}\">\u00a0<\/span><\/p>\n<p><span data-contrast=\"auto\">Para m\u00e1s detalles y actualizaciones, siga nuestro anuncio en LinkedIn<\/span><a href=\"https:\/\/www.linkedin.com\/company\/international-centre-for-industrial-transformation-ltd\" target=\"_blank\" rel=\"noopener\"><span data-contrast=\"none\">aqu\u00ed<\/span><\/a><span data-contrast=\"auto\">\u202f \u202f<\/span><span data-ccp-props=\"{}\">\u00a0<\/span><\/p>\n<p><span data-contrast=\"auto\">Para colaboraci\u00f3n y m\u00e1s consultas, p\u00f3ngase en contacto con<\/span><a href=\"mailto:contact@incit.org\"><span data-contrast=\"none\">contact@incit.org<\/span><\/a><span data-contrast=\"auto\">o preguntar<\/span><a href=\"https:\/\/incit.org\/es_es\/contact-us\/\"><span data-contrast=\"none\">IC4IT<\/span><\/a><span data-ccp-props=\"{}\">\u00a0<\/span><\/p>","protected":false},"excerpt":{"rendered":"<p>NextGen Manufacturing Summit Africa 2025: \u00c1frica 4.0: Dando forma al futuro de la manufactura africana La reciente NextGen Manufacturing Summit Africa 2025 marc\u00f3 un momento decisivo para el futuro industrial del continente, reuniendo a actores clave de toda \u00c1frica y el mundo para promover la visi\u00f3n de \u201c\u00c1frica 4.0\u201d. Con m\u00e1s de 1200 participantes que asistieron en persona y un [\u2026]<\/p>","protected":false},"author":1,"featured_media":40853,"comment_status":"closed","ping_status":"open","sticky":false,"template":"","format":"standard","meta":{"_acf_changed":false,"footnotes":""},"categories":[18],"tags":[299,298,300,14],"class_list":["post-40802","post","type-post","status-publish","format-standard","has-post-thumbnail","hentry","category-newsroom","tag-africamanufacturing","tag-digitaltransformation","tag-industry40","tag-siri"],"acf":{"featured_post":true},"_links":{"self":[{"href":"https:\/\/incit.org\/es_es\/wp-json\/wp\/v2\/posts\/40802","targetHints":{"allow":["GET"]}}],"collection":[{"href":"https:\/\/incit.org\/es_es\/wp-json\/wp\/v2\/posts"}],"about":[{"href":"https:\/\/incit.org\/es_es\/wp-json\/wp\/v2\/types\/post"}],"author":[{"embeddable":true,"href":"https:\/\/incit.org\/es_es\/wp-json\/wp\/v2\/users\/1"}],"replies":[{"embeddable":true,"href":"https:\/\/incit.org\/es_es\/wp-json\/wp\/v2\/comments?post=40802"}],"version-history":[{"count":3,"href":"https:\/\/incit.org\/es_es\/wp-json\/wp\/v2\/posts\/40802\/revisions"}],"predecessor-version":[{"id":40867,"href":"https:\/\/incit.org\/es_es\/wp-json\/wp\/v2\/posts\/40802\/revisions\/40867"}],"wp:featuredmedia":[{"embeddable":true,"href":"https:\/\/incit.org\/es_es\/wp-json\/wp\/v2\/media\/40853"}],"wp:attachment":[{"href":"https:\/\/incit.org\/es_es\/wp-json\/wp\/v2\/media?parent=40802"}],"wp:term":[{"taxonomy":"category","embeddable":true,"href":"https:\/\/incit.org\/es_es\/wp-json\/wp\/v2\/categories?post=40802"},{"taxonomy":"post_tag","embeddable":true,"href":"https:\/\/incit.org\/es_es\/wp-json\/wp\/v2\/tags?post=40802"}],"curies":[{"name":"gracias","href":"https:\/\/api.w.org\/{rel}","templated":true}]}}