{"id":9316,"date":"2023-04-27T11:30:00","date_gmt":"2023-04-27T03:30:00","guid":{"rendered":"https:\/\/incit.org\/?p=9316"},"modified":"2025-06-13T23:04:23","modified_gmt":"2025-06-13T15:04:23","slug":"hannover-messe-2023","status":"publish","type":"post","link":"https:\/\/incit.org\/es_es\/newsroom\/hannover-messe-2023\/","title":{"rendered":"Hannover Messe 2023: perspectivas optimistas para la Industria 4.0 con nuevas tecnolog\u00edas y acuerdos"},"content":{"rendered":"<p><img decoding=\"async\" class=\"aligncenter\" src=\"https:\/\/assets.incit.org\/wp-content\/uploads\/2023\/04\/10111238\/Hannover-Messe-2023.jpg\" \/><\/p>\n<p><span data-contrast=\"auto\">El futuro parece brillante para la Industria 4.0 y la fabricaci\u00f3n, con las tecnolog\u00edas necesarias para respaldar una producci\u00f3n industrial competitiva y clim\u00e1ticamente neutra ya disponibles: esta fue una de las conclusiones clave de la edici\u00f3n de este a\u00f1o de Hannover Messe, que se desarroll\u00f3 del 17 al 22 de abril.\u00a0<\/span><span data-ccp-props=\"{&quot;201341983&quot;:0,&quot;335559739&quot;:160,&quot;335559740&quot;:259}\">\u00a0<\/span><\/p>\n<p><span data-contrast=\"auto\">La edici\u00f3n de 2023 de la feria industrial l\u00edder a nivel mundial cont\u00f3 con m\u00e1s de 4000 expositores y recibi\u00f3 a 130\u00a0000 visitantes de todo el mundo. Nuestro fundador y director ejecutivo, Raimund Klein, quien habl\u00f3 en <\/span><span data-contrast=\"none\">el evento GSBF Connect<\/span><span data-contrast=\"auto\"> Uno de ellos fue el de desmitificar la sostenibilidad.\u00a0<\/span><span data-ccp-props=\"{&quot;201341983&quot;:0,&quot;335559739&quot;:160,&quot;335559740&quot;:259}\">\u00a0<\/span><\/p>\n<p><span data-contrast=\"auto\">En la feria se firmaron varios acuerdos hist\u00f3ricos, incluidos unos 30 acuerdos de cooperaci\u00f3n firmados por Indonesia con varias partes que se espera que... <\/span><a href=\"https:\/\/en.antaranews.com\/news\/279456\/indonesia-signs-agreements-creating-80000-jobs-at-hannover-messe\" target=\"_blank\" rel=\"noopener\"><span data-contrast=\"none\">crear empleos para 80.000 personas<\/span><\/a><span data-contrast=\"auto\">Los acuerdos abarcan inversiones y parques industriales, sostenibilidad y transici\u00f3n energ\u00e9tica, recursos humanos y m\u00e1s; en \u00e1reas como semiconductores, energ\u00eda solar, dispositivos m\u00e9dicos, gesti\u00f3n de residuos, Internet de las cosas, industria digital y sistemas de carga y bater\u00edas para veh\u00edculos el\u00e9ctricos.\u00a0\u00a0\u00a0\u00a0<\/span><span data-ccp-props=\"{&quot;201341983&quot;:0,&quot;335559739&quot;:160,&quot;335559740&quot;:259}\">\u00a0<\/span><\/p>\n<p><span data-contrast=\"auto\">Muchas empresas tambi\u00e9n compartieron tecnolog\u00edas innovadoras, as\u00ed como nuevas formas de aprovechar las tecnolog\u00edas existentes, para lograr una mayor eficiencia operativa, productividad y seguridad, y promover una fabricaci\u00f3n m\u00e1s inteligente y sostenible. Por ejemplo, nuestro socio Rockwell Automation. <\/span><a href=\"https:\/\/www.technologyrecord.com\/article\/hannover-messe-2023-how-microsoft-technologies-are-driving-smart-manufacturing\" target=\"_blank\" rel=\"noopener\"><span data-contrast=\"none\">exhibido<\/span><\/a><span data-contrast=\"auto\"> su plataforma de fabricaci\u00f3n inteligente Plex, que utiliza Microsoft Azure para conectar personas y sistemas, automatizar procesos y rastrear datos de extremo a extremo.\u00a0<\/span><span data-ccp-props=\"{&quot;201341983&quot;:0,&quot;335559739&quot;:160,&quot;335559740&quot;:259}\">\u00a0<\/span><\/p>\n<p><span data-contrast=\"auto\">Descubra c\u00f3mo ayudamos a impulsar la transformaci\u00f3n digital para preparar el sector manufacturero para el futuro en INCIT <\/span><a href=\"https:\/\/incit.org\/es_es\/services\/\"><span data-contrast=\"none\">aqu\u00ed<\/span><\/a><span data-contrast=\"auto\">.\u00a0\u00a0<\/span><span data-ccp-props=\"{&quot;201341983&quot;:0,&quot;335559739&quot;:160,&quot;335559740&quot;:259}\">\u00a0<\/span><\/p>","protected":false},"excerpt":{"rendered":"<p>El futuro se presenta prometedor para la Industria 4.0 y la manufactura, con las tecnolog\u00edas necesarias para impulsar una producci\u00f3n industrial competitiva y clim\u00e1ticamente neutra ya disponibles. Esta fue una de las conclusiones clave de la edici\u00f3n de este a\u00f1o de la Hannover Messe, celebrada del 17 al 22 de abril. La edici\u00f3n de 2023 de la feria industrial l\u00edder a nivel mundial cont\u00f3 con m\u00e1s de [\u2026]<\/p>","protected":false},"author":3,"featured_media":9318,"comment_status":"closed","ping_status":"open","sticky":false,"template":"","format":"standard","meta":{"_acf_changed":false,"footnotes":""},"categories":[18],"tags":[71,54,72],"class_list":["post-9316","post","type-post","status-publish","format-standard","has-post-thumbnail","hentry","category-newsroom","tag-hannover-messe","tag-industry-4-0","tag-technologies"],"acf":{"featured_post":false},"_links":{"self":[{"href":"https:\/\/incit.org\/es_es\/wp-json\/wp\/v2\/posts\/9316","targetHints":{"allow":["GET"]}}],"collection":[{"href":"https:\/\/incit.org\/es_es\/wp-json\/wp\/v2\/posts"}],"about":[{"href":"https:\/\/incit.org\/es_es\/wp-json\/wp\/v2\/types\/post"}],"author":[{"embeddable":true,"href":"https:\/\/incit.org\/es_es\/wp-json\/wp\/v2\/users\/3"}],"replies":[{"embeddable":true,"href":"https:\/\/incit.org\/es_es\/wp-json\/wp\/v2\/comments?post=9316"}],"version-history":[{"count":3,"href":"https:\/\/incit.org\/es_es\/wp-json\/wp\/v2\/posts\/9316\/revisions"}],"predecessor-version":[{"id":37867,"href":"https:\/\/incit.org\/es_es\/wp-json\/wp\/v2\/posts\/9316\/revisions\/37867"}],"wp:featuredmedia":[{"embeddable":true,"href":"https:\/\/incit.org\/es_es\/wp-json\/wp\/v2\/media\/9318"}],"wp:attachment":[{"href":"https:\/\/incit.org\/es_es\/wp-json\/wp\/v2\/media?parent=9316"}],"wp:term":[{"taxonomy":"category","embeddable":true,"href":"https:\/\/incit.org\/es_es\/wp-json\/wp\/v2\/categories?post=9316"},{"taxonomy":"post_tag","embeddable":true,"href":"https:\/\/incit.org\/es_es\/wp-json\/wp\/v2\/tags?post=9316"}],"curies":[{"name":"gracias","href":"https:\/\/api.w.org\/{rel}","templated":true}]}}