{"id":40927,"date":"2025-10-13T14:19:48","date_gmt":"2025-10-13T06:19:48","guid":{"rendered":"https:\/\/incit.org\/?p=40927"},"modified":"2025-10-13T15:56:54","modified_gmt":"2025-10-13T07:56:54","slug":"incit-strategic-partnership-with-aidsmo","status":"publish","type":"post","link":"https:\/\/incit.org\/fr\/newsroom\/incit-strategic-partnership-with-aidsmo\/","title":{"rendered":"Partenariat strat\u00e9gique de l&#039;INCIT avec AIDSMO pour acc\u00e9l\u00e9rer la transformation industrielle arabe"},"content":{"rendered":"<p><img fetchpriority=\"high\" decoding=\"async\" class=\"size-large wp-image-40933 alignnone\" src=\"https:\/\/assets.incit.org\/wp-content\/uploads\/2025\/10\/13151831\/Newsletter-1-3-1024x576.png\" alt=\"\" width=\"800\" height=\"450\" srcset=\"https:\/\/assets.incit.org\/wp-content\/uploads\/2025\/10\/13151831\/Newsletter-1-3-1024x576.png 1024w, https:\/\/assets.incit.org\/wp-content\/uploads\/2025\/10\/13151831\/Newsletter-1-3-300x169.png 300w, https:\/\/assets.incit.org\/wp-content\/uploads\/2025\/10\/13151831\/Newsletter-1-3-768x432.png 768w, https:\/\/assets.incit.org\/wp-content\/uploads\/2025\/10\/13151831\/Newsletter-1-3-1536x864.png 1536w, https:\/\/assets.incit.org\/wp-content\/uploads\/2025\/10\/13151831\/Newsletter-1-3-2048x1152.png 2048w, https:\/\/assets.incit.org\/wp-content\/uploads\/2025\/10\/13151831\/Newsletter-1-3-18x10.png 18w\" sizes=\"(max-width: 800px) 100vw, 800px\" \/><\/p>\n<p><b><span data-contrast=\"auto\">Partenariat strat\u00e9gique de l&#039;INCIT avec AIDSMO pour acc\u00e9l\u00e9rer la transformation industrielle arabe<\/span><\/b><span data-ccp-props=\"{}\">\u00a0<\/span><\/p>\n<p><span data-contrast=\"auto\">Le <\/span><b><span data-contrast=\"auto\">Centre international pour la transformation industrielle (INCIT)<\/span><\/b><span data-contrast=\"auto\"> a le plaisir d&#039;annoncer la signature d&#039;un <\/span><b><span data-contrast=\"auto\">accord de coop\u00e9ration<\/span><\/b><span data-contrast=\"auto\"> avec le <\/span><b><span data-contrast=\"auto\">Organisation arabe pour le d\u00e9veloppement industriel, la normalisation et l&#039;exploitation mini\u00e8re (AIDSMO)<\/span><\/b><span data-contrast=\"auto\">. L&#039;accord a \u00e9t\u00e9 sign\u00e9 le 30 septembre 2025 \u00e0 <\/span><b><span data-contrast=\"auto\">Ben Gu\u00e9rir<\/span><\/b><span data-contrast=\"auto\">, Maroc, pendant la <\/span><b><span data-contrast=\"auto\">Sommet NextGen Manufacturing \u00ab Afrique \u00bb<\/span><\/b><span data-contrast=\"auto\">, h\u00e9berg\u00e9 par <\/span><b><span data-contrast=\"auto\">Universit\u00e9 Mohammed VI Polytechnique (UM6P)<\/span><\/b><span data-contrast=\"auto\">.<\/span><span data-ccp-props=\"{}\">\u00a0<\/span><\/p>\n<p><span data-contrast=\"auto\">L&#039;accord a \u00e9t\u00e9 officialis\u00e9 par <\/span><b><span data-contrast=\"auto\">Monsieur Raimund Klein<\/span><\/b><span data-contrast=\"auto\">, PDG d&#039;INCIT, et <\/span><b><span data-contrast=\"auto\">Ing. Tawfik Al-Rubaie<\/span><\/b><span data-contrast=\"auto\">, Directeur g\u00e9n\u00e9ral adjoint de l&#039;AIDMO, signifiant un engagement commun \u00e0 soutenir un d\u00e9veloppement industriel inclusif et durable dans les \u00c9tats membres de l&#039;AIDSMO.<\/span><span data-ccp-props=\"{}\">\u00a0<\/span><\/p>\n<p><b><span data-contrast=\"auto\">Soutenir les PME et favoriser la transformation num\u00e9rique<\/span><\/b><span data-ccp-props=\"{}\">\u00a0<\/span><\/p>\n<p><span data-contrast=\"auto\">Cette collaboration strat\u00e9gique vise \u00e0 autonomiser <\/span><b><span data-contrast=\"auto\">micro, petites et moyennes entreprises (MPME)<\/span><\/b><span data-contrast=\"auto\"> et les fabricants de toutes tailles \u00e0 adopter l&#039;Industrie 4.0 gr\u00e2ce \u00e0 des cadres de transformation reconnus mondialement. Le d\u00e9ploiement des deux indices phares de l&#039;INCIT est au c\u0153ur de ce partenariat\u00a0:<\/span><span data-ccp-props=\"{}\">\u00a0<\/span><\/p>\n<ul>\n<li aria-setsize=\"-1\" data-leveltext=\"\uf0b7\" data-font=\"Symbol\" data-listid=\"2\" data-list-defn-props=\"{&quot;335552541&quot;:1,&quot;335559685&quot;:720,&quot;335559991&quot;:360,&quot;469769226&quot;:&quot;Symbol&quot;,&quot;469769242&quot;:[8226],&quot;469777803&quot;:&quot;left&quot;,&quot;469777804&quot;:&quot;\uf0b7&quot;,&quot;469777815&quot;:&quot;multilevel&quot;}\" data-aria-posinset=\"1\" data-aria-level=\"1\"><span data-contrast=\"auto\">Le <\/span><b><span data-contrast=\"auto\">Indice de pr\u00e9paration \u00e0 l&#039;excellence op\u00e9rationnelle (OPERI)<\/span><\/b><span data-contrast=\"auto\"> \u2013 un outil de diagnostic con\u00e7u pour aider les MPME et les petites entreprises \u00e0 \u00e9valuer et \u00e0 am\u00e9liorer leurs capacit\u00e9s op\u00e9rationnelles, leur productivit\u00e9 et leur pr\u00e9paration \u00e0 la num\u00e9risation.<\/span><span data-ccp-props=\"{}\">\u00a0<\/span><\/li>\n<\/ul>\n<ul>\n<li aria-setsize=\"-1\" data-leveltext=\"\uf0b7\" data-font=\"Symbol\" data-listid=\"2\" data-list-defn-props=\"{&quot;335552541&quot;:1,&quot;335559685&quot;:720,&quot;335559991&quot;:360,&quot;469769226&quot;:&quot;Symbol&quot;,&quot;469769242&quot;:[8226],&quot;469777803&quot;:&quot;left&quot;,&quot;469777804&quot;:&quot;\uf0b7&quot;,&quot;469777815&quot;:&quot;multilevel&quot;}\" data-aria-posinset=\"2\" data-aria-level=\"1\"><span data-contrast=\"auto\">Le <\/span><b><span data-contrast=\"auto\">Indice de pr\u00e9paration de l&#039;industrie intelligente (SIRI)<\/span><\/b><span data-contrast=\"auto\"> \u2013 un cadre internationalement reconnu qui permet aux fabricants de lancer, de faire \u00e9voluer et de maintenir des initiatives de transformation num\u00e9rique de mani\u00e8re structur\u00e9e et strat\u00e9gique.<\/span><span data-ccp-props=\"{}\">\u00a0<\/span><\/li>\n<\/ul>\n<p><span data-contrast=\"auto\">En int\u00e9grant ces cadres dans le programme de d\u00e9veloppement r\u00e9gional d\u2019AIDSMO, les deux organisations visent \u00e0 aider les acteurs industriels \u00e0 am\u00e9liorer leur comp\u00e9titivit\u00e9, \u00e0 accro\u00eetre leur efficacit\u00e9 et \u00e0 adopter des technologies pr\u00eates pour l\u2019avenir.<\/span><span data-ccp-props=\"{}\">\u00a0<\/span><\/p>\n<p><b><span data-contrast=\"auto\">Renforcement des capacit\u00e9s et d\u00e9veloppement des comp\u00e9tences<\/span><\/b><span data-ccp-props=\"{}\">\u00a0<\/span><\/p>\n<p><span data-contrast=\"auto\">Outre les outils de transformation, l\u2019accord d\u00e9crit la collaboration sur <\/span><b><span data-contrast=\"auto\">projets de renforcement des capacit\u00e9s<\/span><\/b><span data-contrast=\"auto\">, <\/span><b><span data-contrast=\"auto\">activit\u00e9s de sensibilisation<\/span><\/b><span data-contrast=\"auto\">, et le co-d\u00e9veloppement de <\/span><b><span data-contrast=\"auto\">programmes de formation sur mesure<\/span><\/b><span data-contrast=\"auto\">Ces initiatives se concentreront sur le d\u00e9veloppement du capital humain et le renforcement des capacit\u00e9s institutionnelles dans les \u00c9tats membres de l&#039;AIDSMO, en mettant l&#039;accent sur la mise \u00e0 l&#039;\u00e9chelle. <\/span><b><span data-contrast=\"auto\">pratiques de fabrication durables<\/span><\/b><span data-contrast=\"auto\">.<\/span><span data-ccp-props=\"{}\">\u00a0<\/span><\/p>\n<p><span data-contrast=\"auto\">L\u2019INCIT et l\u2019AIDSMO travailleront \u00e9galement ensemble dans le but de mettre en \u0153uvre des programmes de renforcement des capacit\u00e9s industrielles multisectoriels.<\/span><span data-ccp-props=\"{}\">\u00a0<\/span><\/p>\n<p><b><span data-contrast=\"auto\">Une vision partag\u00e9e pour une croissance industrielle durable<\/span><\/b><span data-ccp-props=\"{}\">\u00a0<\/span><\/p>\n<p><span data-contrast=\"auto\">La signature de cet accord refl\u00e8te l&#039;engagement des deux organisations \u00e0 acc\u00e9l\u00e9rer une croissance industrielle durable, conform\u00e9ment aux meilleures pratiques internationales. Il s&#039;inscrit \u00e9galement dans la continuit\u00e9 des objectifs de l&#039;accord. <\/span><b><span data-contrast=\"auto\">Sommet NextGen Manufacturing \u00ab Afrique \u00bb<\/span><\/b><span data-contrast=\"auto\">, qui a r\u00e9uni des personnalit\u00e9s de premier plan de l&#039;industrie, du monde universitaire et du gouvernement pour explorer l&#039;\u00e9volution du paysage industriel africain et le r\u00f4le de la r\u00e9gion dans la quatri\u00e8me r\u00e9volution industrielle.<\/span><span data-ccp-props=\"{}\">\u00a0<\/span><\/p>\n<p><span data-contrast=\"auto\">La mise en \u0153uvre des objectifs de l&#039;accord sera men\u00e9e du c\u00f4t\u00e9 d&#039;AIDSMO par le <\/span><b><span data-contrast=\"auto\">Institut arabe de formation et de conseil industriel et minier<\/span><\/b><span data-contrast=\"auto\">, une filiale cl\u00e9 ax\u00e9e sur l\u2019assistance technique et le d\u00e9veloppement professionnel dans la r\u00e9gion.<\/span><\/p>\n<p><span data-ccp-props=\"{}\"><img decoding=\"async\" class=\"size-large wp-image-40934 alignnone\" src=\"https:\/\/assets.incit.org\/wp-content\/uploads\/2025\/10\/13151923\/Newsletter-2-3-1024x576.png\" alt=\"\" width=\"800\" height=\"450\" srcset=\"https:\/\/assets.incit.org\/wp-content\/uploads\/2025\/10\/13151923\/Newsletter-2-3-1024x576.png 1024w, https:\/\/assets.incit.org\/wp-content\/uploads\/2025\/10\/13151923\/Newsletter-2-3-300x169.png 300w, https:\/\/assets.incit.org\/wp-content\/uploads\/2025\/10\/13151923\/Newsletter-2-3-768x432.png 768w, https:\/\/assets.incit.org\/wp-content\/uploads\/2025\/10\/13151923\/Newsletter-2-3-1536x864.png 1536w, https:\/\/assets.incit.org\/wp-content\/uploads\/2025\/10\/13151923\/Newsletter-2-3-2048x1152.png 2048w, https:\/\/assets.incit.org\/wp-content\/uploads\/2025\/10\/13151923\/Newsletter-2-3-18x10.png 18w\" sizes=\"(max-width: 800px) 100vw, 800px\" \/>\u00a0<\/span><\/p>\n<p><span data-contrast=\"auto\">Pour plus de d\u00e9tails et de mises \u00e0 jour, suivez notre annonce sur LinkedIn<\/span><a href=\"https:\/\/www.linkedin.com\/company\/international-centre-for-industrial-transformation-ltd\" target=\"_blank\" rel=\"noopener\"><span data-contrast=\"none\">ici<\/span><\/a><span data-contrast=\"auto\">\u202f \u202f<\/span><span data-ccp-props=\"{}\">\u00a0<\/span><\/p>\n<p><span data-contrast=\"auto\">Pour une collaboration ou pour toute autre demande, veuillez contacter<\/span><a href=\"mailto:contact@incit.org\"><span data-contrast=\"none\">contact@incit.org<\/span><\/a><span data-contrast=\"auto\">ou demander<\/span><a href=\"https:\/\/incit.org\/fr\/contact-us\/\"><span data-contrast=\"none\">IC4IT<\/span><\/a><span data-ccp-props=\"{}\">\u00a0<\/span><\/p>","protected":false},"excerpt":{"rendered":"<p>Partenariat strat\u00e9gique de l&#039;INCIT avec l&#039;AIDSMO pour acc\u00e9l\u00e9rer la transformation industrielle arabe. Le Centre international pour la transformation industrielle (INCIT) a le plaisir d&#039;annoncer la signature d&#039;un accord de coop\u00e9ration avec l&#039;Organisation arabe pour le d\u00e9veloppement industriel, la normalisation et les mines (AIDSMO). Cet accord a \u00e9t\u00e9 sign\u00e9 le 30 septembre 2025 \u00e0 Ben Gu\u00e9rir, au Maroc, lors du NextGen Manufacturing Summit \u00ab\u00a0Afrique\u00a0\u00bb, [\u2026]<\/p>","protected":false},"author":1,"featured_media":40933,"comment_status":"closed","ping_status":"open","sticky":false,"template":"","format":"standard","meta":{"_acf_changed":false,"footnotes":""},"categories":[18],"tags":[301,298,300,188,183,57,14,302],"class_list":["post-40927","post","type-post","status-publish","format-standard","has-post-thumbnail","hentry","category-newsroom","tag-aidsmo","tag-digitaltransformation","tag-industry40","tag-msme","tag-operi","tag-partnership","tag-siri","tag-smartmanufacturing"],"acf":{"featured_post":true},"_links":{"self":[{"href":"https:\/\/incit.org\/fr\/wp-json\/wp\/v2\/posts\/40927","targetHints":{"allow":["GET"]}}],"collection":[{"href":"https:\/\/incit.org\/fr\/wp-json\/wp\/v2\/posts"}],"about":[{"href":"https:\/\/incit.org\/fr\/wp-json\/wp\/v2\/types\/post"}],"author":[{"embeddable":true,"href":"https:\/\/incit.org\/fr\/wp-json\/wp\/v2\/users\/1"}],"replies":[{"embeddable":true,"href":"https:\/\/incit.org\/fr\/wp-json\/wp\/v2\/comments?post=40927"}],"version-history":[{"count":4,"href":"https:\/\/incit.org\/fr\/wp-json\/wp\/v2\/posts\/40927\/revisions"}],"predecessor-version":[{"id":40937,"href":"https:\/\/incit.org\/fr\/wp-json\/wp\/v2\/posts\/40927\/revisions\/40937"}],"wp:featuredmedia":[{"embeddable":true,"href":"https:\/\/incit.org\/fr\/wp-json\/wp\/v2\/media\/40933"}],"wp:attachment":[{"href":"https:\/\/incit.org\/fr\/wp-json\/wp\/v2\/media?parent=40927"}],"wp:term":[{"taxonomy":"category","embeddable":true,"href":"https:\/\/incit.org\/fr\/wp-json\/wp\/v2\/categories?post=40927"},{"taxonomy":"post_tag","embeddable":true,"href":"https:\/\/incit.org\/fr\/wp-json\/wp\/v2\/tags?post=40927"}],"curies":[{"name":"wp","href":"https:\/\/api.w.org\/{rel}","templated":true}]}}