{"id":7494,"date":"2023-01-26T17:10:19","date_gmt":"2023-01-26T09:10:19","guid":{"rendered":"https:\/\/incit.org\/?p=7494"},"modified":"2025-04-17T17:13:02","modified_gmt":"2025-04-17T09:13:02","slug":"world-leaders-gathered-at-world-economic-forum-annual-meeting-2023","status":"publish","type":"post","link":"https:\/\/incit.org\/fr\/newsroom\/world-leaders-gathered-at-world-economic-forum-annual-meeting-2023\/","title":{"rendered":"Les dirigeants mondiaux se sont r\u00e9unis \u00e0 la r\u00e9union annuelle du Forum \u00e9conomique mondial 2023"},"content":{"rendered":"<p><img decoding=\"async\" class=\"aligncenter\" src=\"https:\/\/assets.incit.org\/wp-content\/uploads\/2023\/01\/10111219\/samson-ZGjbiukp_-A-unsplash-11.jpg\" \/><\/p>\r\n<p>Du 16 au 20 janvier 2023, les dirigeants mondiaux se sont r\u00e9unis au <a href=\"https:\/\/www.weforum.org\/events\/world-economic-forum-annual-meeting-2023\" target=\"_blank\" rel=\"noreferrer noopener\">R\u00e9union annuelle du Forum \u00e9conomique mondial (WEF) 2023<\/a> \u00e0 Davos, en Suisse, pour discuter de sujets autour du th\u00e8me \u00ab La coop\u00e9ration dans un monde fragment\u00e9 \u00bb.\u00a0<\/p>\r\n\r\n\r\n\r\n<p>L&#039;\u00e9v\u00e9nement a marqu\u00e9 le 53<sup>rd<\/sup> Cette \u00e9dition de la r\u00e9union annuelle du Forum \u00e9conomique mondial (WEF) a r\u00e9affirm\u00e9 la valeur et l&#039;imp\u00e9ratif du dialogue et de la coop\u00e9ration public-priv\u00e9. Les dirigeants ont \u00e9galement discut\u00e9 de la mani\u00e8re dont les probl\u00e8mes et crises socio\u00e9conomiques et g\u00e9opolitiques auxquels le monde continue d&#039;\u00eatre confront\u00e9 peuvent \u00eatre trait\u00e9s au sortir de la pand\u00e9mie de COVID-19.\u00a0<\/p>\r\n\r\n\r\n\r\n<p>D\u00e9couvrez comment les dirigeants du gouvernement, des entreprises et de la communaut\u00e9 cherchent \u00e0 conduire le changement et \u00e0 r\u00e9soudre les probl\u00e8mes d&#039;aujourd&#039;hui et de demain, dans un contexte d&#039;incertitudes climatiques, financi\u00e8res et soci\u00e9tales sans pr\u00e9c\u00e9dent. <a href=\"https:\/\/www.weforum.org\/events\/world-economic-forum-annual-meeting-2023\/about\/digital-members-programme\" target=\"_blank\" rel=\"noreferrer noopener\">ici<\/a>.\u00a0<\/p>","protected":false},"excerpt":{"rendered":"<p>Du 16 au 20 janvier 2023, les dirigeants mondiaux se sont r\u00e9unis \u00e0 Davos, en Suisse, \u00e0 l&#039;occasion de la r\u00e9union annuelle du Forum \u00e9conomique mondial (FEM), pour d\u00e9battre de sujets autour du th\u00e8me \u00ab\u00a0La coop\u00e9ration dans un monde fragment\u00e9\u00a0\u00bb. Cet \u00e9v\u00e9nement marquait la 53e \u00e9dition de la r\u00e9union annuelle du FEM, r\u00e9affirmant la valeur et l&#039;imp\u00e9ratif du dialogue et de la coop\u00e9ration public-priv\u00e9. Les dirigeants [\u2026]<\/p>","protected":false},"author":3,"featured_media":7495,"comment_status":"open","ping_status":"open","sticky":false,"template":"","format":"standard","meta":{"_acf_changed":false,"footnotes":""},"categories":[18],"tags":[44,58],"class_list":["post-7494","post","type-post","status-publish","format-standard","has-post-thumbnail","hentry","category-newsroom","tag-spotlight","tag-world-economic-forum"],"acf":{"featured_post":false},"_links":{"self":[{"href":"https:\/\/incit.org\/fr\/wp-json\/wp\/v2\/posts\/7494","targetHints":{"allow":["GET"]}}],"collection":[{"href":"https:\/\/incit.org\/fr\/wp-json\/wp\/v2\/posts"}],"about":[{"href":"https:\/\/incit.org\/fr\/wp-json\/wp\/v2\/types\/post"}],"author":[{"embeddable":true,"href":"https:\/\/incit.org\/fr\/wp-json\/wp\/v2\/users\/3"}],"replies":[{"embeddable":true,"href":"https:\/\/incit.org\/fr\/wp-json\/wp\/v2\/comments?post=7494"}],"version-history":[{"count":2,"href":"https:\/\/incit.org\/fr\/wp-json\/wp\/v2\/posts\/7494\/revisions"}],"predecessor-version":[{"id":35515,"href":"https:\/\/incit.org\/fr\/wp-json\/wp\/v2\/posts\/7494\/revisions\/35515"}],"wp:featuredmedia":[{"embeddable":true,"href":"https:\/\/incit.org\/fr\/wp-json\/wp\/v2\/media\/7495"}],"wp:attachment":[{"href":"https:\/\/incit.org\/fr\/wp-json\/wp\/v2\/media?parent=7494"}],"wp:term":[{"taxonomy":"category","embeddable":true,"href":"https:\/\/incit.org\/fr\/wp-json\/wp\/v2\/categories?post=7494"},{"taxonomy":"post_tag","embeddable":true,"href":"https:\/\/incit.org\/fr\/wp-json\/wp\/v2\/tags?post=7494"}],"curies":[{"name":"wp","href":"https:\/\/api.w.org\/{rel}","templated":true}]}}