{"id":16622,"date":"2023-10-25T15:21:07","date_gmt":"2023-10-25T07:21:07","guid":{"rendered":"https:\/\/incit.org\/?p=16622"},"modified":"2025-04-18T00:40:57","modified_gmt":"2025-04-17T16:40:57","slug":"recap-of-incits-participation-at-itap-2023-transforming-the-future-of-manufacturing","status":"publish","type":"post","link":"https:\/\/incit.org\/it\/newsroom\/recap-of-incits-participation-at-itap-2023-transforming-the-future-of-manufacturing\/","title":{"rendered":"Riepilogo della partecipazione di INCIT a ITAP 2023: trasformare il futuro della produzione"},"content":{"rendered":"<p><em>INCIT con la Sig.ra Glory Wee (a sinistra) e la Sig.ra Sharon Tan (a destra), Vicepresidente e Vicepresidente assistente del Singapore Economic Development Board (EDB).<\/em><\/p>\n<p>&nbsp;<\/p>\n<p>Mercoled\u00ec 25 ottobre 2023, Singapore \u2013 L\u2019International Centre for Industrial Transformation (INCIT) ha preso parte con orgoglio alla <a href=\"https:\/\/www.industrial-transformation.com\/\" target=\"_blank\" rel=\"noopener\">Trasformazione industriale Asia-Pacifico<\/a> (ITAP) 2023, dal 18 al 20 ottobre 2023, in qualit\u00e0 di Silver Partner, un evento sinonimo di innovazione ed eccellenza industriale per il settore manifatturiero. Con un&#039;attenzione particolare a soluzioni pratiche e a coinvolgimenti significativi, il nostro percorso all&#039;ITAP \u00e8 stato caratterizzato da interazioni preziose e dialoghi stimolanti.<\/p>\n<p>Ecco un riassunto della nostra esperienza all&#039;ITAP di quest&#039;anno: dalle presentazioni dei prodotti alle discussioni collaborative, fino alle presentazioni complete sul palco!<\/p>\n<h2><\/h2>\n<h2>Primo giorno all&#039;ITAP 2023: partnership pionieristiche e presentazioni coinvolgenti<\/h2>\n<p>Il primo giorno di ITAP 2023 \u00e8 stato decisivo, in quanto ha dato il tono dinamico alla partecipazione di INCIT. L&#039;evento ha visto una delegazione di alto livello di federazioni provenienti da diversi paesi visitare il nostro stand. Ci siamo divertiti moltissimo a dialogare con rappresentanti del settore provenienti da Malesia, Vietnam, Cina, India, Corea del Sud e altri paesi. Abbiamo affrontato temi chiave relativi alle trasformazioni digitali e alla sostenibilit\u00e0 attraverso l&#039;utilizzo degli indici di priorit\u00e0 di INCIT, come <a href=\"https:\/\/incit.org\/en\/services\/siri\/\">Indice di prontezza dell&#039;industria intelligente<\/a> (SIRI) e <a href=\"https:\/\/incit.org\/en\/services\/cosiri\/\">Indice di preparazione del settore alla sostenibilit\u00e0 dei consumatori<\/a> (COSIRI), nonch\u00e9 la nostra piattaforma di analisi di recente lancio XIRI-Analytics.<\/p>\n<p>&nbsp;<\/p>\n<figure id=\"attachment_35426\" aria-describedby=\"caption-attachment-35426\" style=\"width: 1012px\" class=\"wp-caption aligncenter\"><img fetchpriority=\"high\" decoding=\"async\" class=\"wp-image-35426\" src=\"https:\/\/assets.incit.org\/wp-content\/uploads\/2023\/10\/16000201\/INCIT-ITAP-2023-2.jpg-1024x768.webp\" alt=\"\" width=\"1012\" height=\"759\" srcset=\"https:\/\/assets.incit.org\/wp-content\/uploads\/2023\/10\/16000201\/INCIT-ITAP-2023-2.jpg-1024x768.webp 1024w, https:\/\/assets.incit.org\/wp-content\/uploads\/2023\/10\/16000201\/INCIT-ITAP-2023-2.jpg-300x225.webp 300w, https:\/\/assets.incit.org\/wp-content\/uploads\/2023\/10\/16000201\/INCIT-ITAP-2023-2.jpg-768x576.webp 768w, https:\/\/assets.incit.org\/wp-content\/uploads\/2023\/10\/16000201\/INCIT-ITAP-2023-2.jpg-16x12.webp 16w, https:\/\/assets.incit.org\/wp-content\/uploads\/2023\/10\/16000201\/INCIT-ITAP-2023-2.jpg.webp 1379w\" sizes=\"(max-width: 1012px) 100vw, 1012px\" \/><figcaption id=\"caption-attachment-35426\" class=\"wp-caption-text\">Delegazione della Federazione dei produttori malesi (FMM).<\/figcaption><\/figure>\n<figure id=\"attachment_35427\" aria-describedby=\"caption-attachment-35427\" style=\"width: 1012px\" class=\"wp-caption aligncenter\"><img decoding=\"async\" class=\"wp-image-35427\" src=\"https:\/\/assets.incit.org\/wp-content\/uploads\/2023\/10\/16000258\/INCIT-ITAP-2023-3.jpg-1024x768.webp\" alt=\"\" width=\"1012\" height=\"759\" srcset=\"https:\/\/assets.incit.org\/wp-content\/uploads\/2023\/10\/16000258\/INCIT-ITAP-2023-3.jpg-1024x768.webp 1024w, https:\/\/assets.incit.org\/wp-content\/uploads\/2023\/10\/16000258\/INCIT-ITAP-2023-3.jpg-300x225.webp 300w, https:\/\/assets.incit.org\/wp-content\/uploads\/2023\/10\/16000258\/INCIT-ITAP-2023-3.jpg-768x576.webp 768w, https:\/\/assets.incit.org\/wp-content\/uploads\/2023\/10\/16000258\/INCIT-ITAP-2023-3.jpg-16x12.webp 16w, https:\/\/assets.incit.org\/wp-content\/uploads\/2023\/10\/16000258\/INCIT-ITAP-2023-3.jpg.webp 1379w\" sizes=\"(max-width: 1012px) 100vw, 1012px\" \/><figcaption id=\"caption-attachment-35427\" class=\"wp-caption-text\">Delegazione della Korea Industry Intelligentization Association (KOIIA).<\/figcaption><\/figure>\n<figure id=\"attachment_35429\" aria-describedby=\"caption-attachment-35429\" style=\"width: 1012px\" class=\"wp-caption aligncenter\"><img decoding=\"async\" class=\"wp-image-35429\" src=\"https:\/\/assets.incit.org\/wp-content\/uploads\/2023\/10\/16000425\/INCIT-ITAP-2023-4.jpg-1024x725.webp\" alt=\"\" width=\"1012\" height=\"716\" srcset=\"https:\/\/assets.incit.org\/wp-content\/uploads\/2023\/10\/16000425\/INCIT-ITAP-2023-4.jpg-1024x725.webp 1024w, https:\/\/assets.incit.org\/wp-content\/uploads\/2023\/10\/16000425\/INCIT-ITAP-2023-4.jpg-300x212.webp 300w, https:\/\/assets.incit.org\/wp-content\/uploads\/2023\/10\/16000425\/INCIT-ITAP-2023-4.jpg-768x544.webp 768w, https:\/\/assets.incit.org\/wp-content\/uploads\/2023\/10\/16000425\/INCIT-ITAP-2023-4.jpg-18x12.webp 18w, https:\/\/assets.incit.org\/wp-content\/uploads\/2023\/10\/16000425\/INCIT-ITAP-2023-4.jpg.webp 1379w\" sizes=\"(max-width: 1012px) 100vw, 1012px\" \/><figcaption id=\"caption-attachment-35429\" class=\"wp-caption-text\">Visitatori commerciali cinesi.<\/figcaption><\/figure>\n<p>Abbiamo inoltre raggiunto un traguardo entusiasmante con la firma ufficiale di un accordo di partenariato formativo con Temasek Polytechnic, consolidando il loro ruolo di partner preziosi nell&#039;iniziativa formativa COSIRI.<\/p>\n<figure id=\"attachment_35565\" aria-describedby=\"caption-attachment-35565\" style=\"width: 800px\" class=\"wp-caption aligncenter\"><img loading=\"lazy\" decoding=\"async\" class=\"wp-image-35565 size-large\" src=\"https:\/\/assets.incit.org\/wp-content\/uploads\/2023\/10\/18003145\/INCIT-ITAP-2023-5.jpg-1-1024x768.webp\" alt=\"INCIT with Temasek Polytechnic representatives.\" width=\"800\" height=\"600\" srcset=\"https:\/\/assets.incit.org\/wp-content\/uploads\/2023\/10\/18003145\/INCIT-ITAP-2023-5.jpg-1-1024x768.webp 1024w, https:\/\/assets.incit.org\/wp-content\/uploads\/2023\/10\/18003145\/INCIT-ITAP-2023-5.jpg-1-300x225.webp 300w, https:\/\/assets.incit.org\/wp-content\/uploads\/2023\/10\/18003145\/INCIT-ITAP-2023-5.jpg-1-768x576.webp 768w, https:\/\/assets.incit.org\/wp-content\/uploads\/2023\/10\/18003145\/INCIT-ITAP-2023-5.jpg-1-16x12.webp 16w, https:\/\/assets.incit.org\/wp-content\/uploads\/2023\/10\/18003145\/INCIT-ITAP-2023-5.jpg-1.webp 1379w\" sizes=\"(max-width: 800px) 100vw, 800px\" \/><figcaption id=\"caption-attachment-35565\" class=\"wp-caption-text\">INCIT con i rappresentanti del Politecnico Temasek.<\/figcaption><\/figure>\n<p><img loading=\"lazy\" decoding=\"async\" class=\"aligncenter size-large wp-image-35564\" src=\"https:\/\/assets.incit.org\/wp-content\/uploads\/2023\/10\/18003143\/INCIT-ITAP-2023-6.jpg-1-1024x768.webp\" alt=\"\" width=\"800\" height=\"600\" srcset=\"https:\/\/assets.incit.org\/wp-content\/uploads\/2023\/10\/18003143\/INCIT-ITAP-2023-6.jpg-1-1024x768.webp 1024w, https:\/\/assets.incit.org\/wp-content\/uploads\/2023\/10\/18003143\/INCIT-ITAP-2023-6.jpg-1-300x225.webp 300w, https:\/\/assets.incit.org\/wp-content\/uploads\/2023\/10\/18003143\/INCIT-ITAP-2023-6.jpg-1-768x576.webp 768w, https:\/\/assets.incit.org\/wp-content\/uploads\/2023\/10\/18003143\/INCIT-ITAP-2023-6.jpg-1-16x12.webp 16w, https:\/\/assets.incit.org\/wp-content\/uploads\/2023\/10\/18003143\/INCIT-ITAP-2023-6.jpg-1.webp 1379w\" sizes=\"(max-width: 800px) 100vw, 800px\" \/><\/p>\n<p>Grazie a questa collaborazione, Temasek Polytechnic sar\u00e0 uno dei nostri partner di formazione, offrendo e potenziando i programmi di formazione ESG e sostenibilit\u00e0 a professionisti e operatori del settore, sfruttando il framework COSIRI e i relativi strumenti, concetti e altro ancora.<\/p>\n<p>Questa iniziativa apre anche le porte all&#039;introduzione di concetti di sostenibilit\u00e0 innovativi e lungimiranti nell&#039;istruzione terziaria e nel mondo accademico del futuro. Introdurre la sostenibilit\u00e0 nell&#039;istruzione terziaria \u00e8 essenziale per preparare la forza lavoro del futuro.<\/p>\n<p><img loading=\"lazy\" decoding=\"async\" class=\"aligncenter size-large wp-image-35566\" src=\"https:\/\/assets.incit.org\/wp-content\/uploads\/2023\/10\/18003329\/INCIT-ITAP-2023-7.jpg-1-1024x768.webp\" alt=\"\" width=\"800\" height=\"600\" srcset=\"https:\/\/assets.incit.org\/wp-content\/uploads\/2023\/10\/18003329\/INCIT-ITAP-2023-7.jpg-1-1024x768.webp 1024w, https:\/\/assets.incit.org\/wp-content\/uploads\/2023\/10\/18003329\/INCIT-ITAP-2023-7.jpg-1-300x225.webp 300w, https:\/\/assets.incit.org\/wp-content\/uploads\/2023\/10\/18003329\/INCIT-ITAP-2023-7.jpg-1-768x576.webp 768w, https:\/\/assets.incit.org\/wp-content\/uploads\/2023\/10\/18003329\/INCIT-ITAP-2023-7.jpg-1-16x12.webp 16w, https:\/\/assets.incit.org\/wp-content\/uploads\/2023\/10\/18003329\/INCIT-ITAP-2023-7.jpg-1.webp 1379w\" sizes=\"(max-width: 800px) 100vw, 800px\" \/><\/p>\n<p>&nbsp;<\/p>\n<p>Anche il Direttore della Piattaforma COSIRI di INCIT ha preso parte al Tech Capsule Stage dedicato all&#039;industria 4.0, presentando le complessit\u00e0 di COSIRI a un pubblico attento e attento. Il vivo interesse e il coinvolgimento attivo del pubblico hanno sottolineato ancora una volta la rilevanza e l&#039;importanza della sostenibilit\u00e0 e come l&#039;iniziativa COSIRI possa supportare le aziende nei loro percorsi di trasformazione, in linea con l&#039;evoluzione del panorama industriale.<\/p>\n<figure id=\"attachment_35568\" aria-describedby=\"caption-attachment-35568\" style=\"width: 800px\" class=\"wp-caption aligncenter\"><img loading=\"lazy\" decoding=\"async\" class=\"wp-image-35568 size-large\" src=\"https:\/\/assets.incit.org\/wp-content\/uploads\/2023\/10\/18003403\/INCIT-ITAP-2023-8.jpg-1-1024x768.webp\" alt=\"\" width=\"800\" height=\"600\" srcset=\"https:\/\/assets.incit.org\/wp-content\/uploads\/2023\/10\/18003403\/INCIT-ITAP-2023-8.jpg-1-1024x768.webp 1024w, https:\/\/assets.incit.org\/wp-content\/uploads\/2023\/10\/18003403\/INCIT-ITAP-2023-8.jpg-1-300x225.webp 300w, https:\/\/assets.incit.org\/wp-content\/uploads\/2023\/10\/18003403\/INCIT-ITAP-2023-8.jpg-1-768x576.webp 768w, https:\/\/assets.incit.org\/wp-content\/uploads\/2023\/10\/18003403\/INCIT-ITAP-2023-8.jpg-1-16x12.webp 16w, https:\/\/assets.incit.org\/wp-content\/uploads\/2023\/10\/18003403\/INCIT-ITAP-2023-8.jpg-1.webp 1379w\" sizes=\"(max-width: 800px) 100vw, 800px\" \/><figcaption id=\"caption-attachment-35568\" class=\"wp-caption-text\">Presentazione del framework COSIRI-TIER sul palco dell&#039;i4.0 Tech Capsule.<\/figcaption><\/figure>\n<p><img loading=\"lazy\" decoding=\"async\" class=\"aligncenter size-large wp-image-35567\" src=\"https:\/\/assets.incit.org\/wp-content\/uploads\/2023\/10\/18003401\/INCIT-ITAP-2023-9.jpg-1-1024x768.webp\" alt=\"\" width=\"800\" height=\"600\" srcset=\"https:\/\/assets.incit.org\/wp-content\/uploads\/2023\/10\/18003401\/INCIT-ITAP-2023-9.jpg-1-1024x768.webp 1024w, https:\/\/assets.incit.org\/wp-content\/uploads\/2023\/10\/18003401\/INCIT-ITAP-2023-9.jpg-1-300x225.webp 300w, https:\/\/assets.incit.org\/wp-content\/uploads\/2023\/10\/18003401\/INCIT-ITAP-2023-9.jpg-1-768x576.webp 768w, https:\/\/assets.incit.org\/wp-content\/uploads\/2023\/10\/18003401\/INCIT-ITAP-2023-9.jpg-1-16x12.webp 16w, https:\/\/assets.incit.org\/wp-content\/uploads\/2023\/10\/18003401\/INCIT-ITAP-2023-9.jpg-1.webp 1379w\" sizes=\"(max-width: 800px) 100vw, 800px\" \/><\/p>\n<h2>Giorno 2 all&#039;ITAP 2023: INCIT al centro della scena<\/h2>\n<p>Il secondo giorno di ITAP 2023 \u00e8 stato caratterizzato da un&#039;impennata di attivit\u00e0 e coinvolgimento. Il nostro stand ha registrato un aumento sostanziale delle visite da parte di operatori del settore, professionisti del settore, delegati, federazioni e partner.<\/p>\n<p><img loading=\"lazy\" decoding=\"async\" class=\"aligncenter size-large wp-image-35570\" src=\"https:\/\/assets.incit.org\/wp-content\/uploads\/2023\/10\/18003441\/INCIT-ITAP-2023-10.jpg-1-1024x768.webp\" alt=\"\" width=\"800\" height=\"600\" srcset=\"https:\/\/assets.incit.org\/wp-content\/uploads\/2023\/10\/18003441\/INCIT-ITAP-2023-10.jpg-1-1024x768.webp 1024w, https:\/\/assets.incit.org\/wp-content\/uploads\/2023\/10\/18003441\/INCIT-ITAP-2023-10.jpg-1-300x225.webp 300w, https:\/\/assets.incit.org\/wp-content\/uploads\/2023\/10\/18003441\/INCIT-ITAP-2023-10.jpg-1-768x576.webp 768w, https:\/\/assets.incit.org\/wp-content\/uploads\/2023\/10\/18003441\/INCIT-ITAP-2023-10.jpg-1-16x12.webp 16w, https:\/\/assets.incit.org\/wp-content\/uploads\/2023\/10\/18003441\/INCIT-ITAP-2023-10.jpg-1.webp 1379w\" sizes=\"(max-width: 800px) 100vw, 800px\" \/><\/p>\n<p><img loading=\"lazy\" decoding=\"async\" class=\"aligncenter size-large wp-image-35569\" src=\"https:\/\/assets.incit.org\/wp-content\/uploads\/2023\/10\/18003440\/INCIT-ITAP-2023-11.jpg-1-961x1024.webp\" alt=\"\" width=\"800\" height=\"852\" srcset=\"https:\/\/assets.incit.org\/wp-content\/uploads\/2023\/10\/18003440\/INCIT-ITAP-2023-11.jpg-1-961x1024.webp 961w, https:\/\/assets.incit.org\/wp-content\/uploads\/2023\/10\/18003440\/INCIT-ITAP-2023-11.jpg-1-282x300.webp 282w, https:\/\/assets.incit.org\/wp-content\/uploads\/2023\/10\/18003440\/INCIT-ITAP-2023-11.jpg-1-768x818.webp 768w, https:\/\/assets.incit.org\/wp-content\/uploads\/2023\/10\/18003440\/INCIT-ITAP-2023-11.jpg-1-11x12.webp 11w, https:\/\/assets.incit.org\/wp-content\/uploads\/2023\/10\/18003440\/INCIT-ITAP-2023-11.jpg-1.webp 1379w\" sizes=\"(max-width: 800px) 100vw, 800px\" \/><\/p>\n<p>Un momento degno di nota della giornata \u00e8 stato quando il nostro fondatore e CEO, Raimund Klein, \u00e8 salito sul palco dell&#039;Industrial Transformation Forum (ITF), attirando una folla impressionante.<\/p>\n<p><img loading=\"lazy\" decoding=\"async\" class=\"aligncenter size-large wp-image-35572\" src=\"https:\/\/assets.incit.org\/wp-content\/uploads\/2023\/10\/18003511\/INCIT-ITAP-2023-12.jpg-1-1024x768.webp\" alt=\"\" width=\"800\" height=\"600\" srcset=\"https:\/\/assets.incit.org\/wp-content\/uploads\/2023\/10\/18003511\/INCIT-ITAP-2023-12.jpg-1-1024x768.webp 1024w, https:\/\/assets.incit.org\/wp-content\/uploads\/2023\/10\/18003511\/INCIT-ITAP-2023-12.jpg-1-300x225.webp 300w, https:\/\/assets.incit.org\/wp-content\/uploads\/2023\/10\/18003511\/INCIT-ITAP-2023-12.jpg-1-768x576.webp 768w, https:\/\/assets.incit.org\/wp-content\/uploads\/2023\/10\/18003511\/INCIT-ITAP-2023-12.jpg-1-16x12.webp 16w, https:\/\/assets.incit.org\/wp-content\/uploads\/2023\/10\/18003511\/INCIT-ITAP-2023-12.jpg-1.webp 1379w\" sizes=\"(max-width: 800px) 100vw, 800px\" \/><\/p>\n<p><img loading=\"lazy\" decoding=\"async\" class=\"aligncenter size-large wp-image-35571\" src=\"https:\/\/assets.incit.org\/wp-content\/uploads\/2023\/10\/18003509\/INCIT-ITAP-2023-13.jpg-1-1024x883.webp\" alt=\"\" width=\"800\" height=\"690\" srcset=\"https:\/\/assets.incit.org\/wp-content\/uploads\/2023\/10\/18003509\/INCIT-ITAP-2023-13.jpg-1-1024x883.webp 1024w, https:\/\/assets.incit.org\/wp-content\/uploads\/2023\/10\/18003509\/INCIT-ITAP-2023-13.jpg-1-300x259.webp 300w, https:\/\/assets.incit.org\/wp-content\/uploads\/2023\/10\/18003509\/INCIT-ITAP-2023-13.jpg-1-768x662.webp 768w, https:\/\/assets.incit.org\/wp-content\/uploads\/2023\/10\/18003509\/INCIT-ITAP-2023-13.jpg-1-14x12.webp 14w, https:\/\/assets.incit.org\/wp-content\/uploads\/2023\/10\/18003509\/INCIT-ITAP-2023-13.jpg-1.webp 1379w\" sizes=\"(max-width: 800px) 100vw, 800px\" \/><\/p>\n<p>&nbsp;<\/p>\n<p>Raimund ha delineato la missione e le attivit\u00e0 della nostra organizzazione, con particolare attenzione alle iniziative di sostenibilit\u00e0. Ha approfondito le complessit\u00e0 dei rating ESG a livello operativo, evidenziando il nostro impegno nel promuovere la sostenibilit\u00e0 nel settore manifatturiero. Presentando COSIRI al pubblico, Raimund ha illustrato il framework, le dimensioni, gli elementi costitutivi e i pilastri che costituiscono il fondamento di questa iniziativa trasformativa.<\/p>\n<p>Questa presentazione illuminante non \u00e8 stata solo una lezione magistrale sulla sostenibilit\u00e0 per le masse, ma \u00e8 stata anche un rafforzamento del nostro impegno nel dare forma a un futuro pi\u00f9 sostenibile per l&#039;industria manifatturiera.<\/p>\n<h2><\/h2>\n<p>&nbsp;<\/p>\n<h2>Giorno 3: Una conclusione soddisfacente per una fiera ricca di eventi<\/h2>\n<p>L&#039;ultimo giorno di ITAP 2023 ha visto il culmine di impegni significativi e interazioni fruttuose per INCIT. Nonostante fosse l&#039;ultimo giorno, il traffico pedonale \u00e8 rimasto elevato e siamo stati pi\u00f9 che grati di poter ampliare la nostra rete con diversi professionisti del settore, visitatori professionali e importanti personalit\u00e0 globali.<\/p>\n<p>Stamattina abbiamo firmato un nuovo accordo con il nostro partner T\u00dcV S\u00dcD per COSIRI. T\u00dcV S\u00dcD integrer\u00e0 presto COSIRI per lanciare corsi di formazione e di esame completi, accessibili al pubblico per la registrazione. Questa iniziativa non solo eleva gli standard del settore, ma sottolinea anche il nostro impegno nel promuovere un futuro pi\u00f9 sostenibile e resiliente per aziende e privati in tutto il mondo.<\/p>\n<p><img loading=\"lazy\" decoding=\"async\" class=\"aligncenter size-large wp-image-35573\" src=\"https:\/\/assets.incit.org\/wp-content\/uploads\/2023\/10\/18003550\/INCIT-ITAP-2023-14.jpg-1024x783.webp\" alt=\"\" width=\"800\" height=\"612\" srcset=\"https:\/\/assets.incit.org\/wp-content\/uploads\/2023\/10\/18003550\/INCIT-ITAP-2023-14.jpg-1024x783.webp 1024w, https:\/\/assets.incit.org\/wp-content\/uploads\/2023\/10\/18003550\/INCIT-ITAP-2023-14.jpg-300x229.webp 300w, https:\/\/assets.incit.org\/wp-content\/uploads\/2023\/10\/18003550\/INCIT-ITAP-2023-14.jpg-768x587.webp 768w, https:\/\/assets.incit.org\/wp-content\/uploads\/2023\/10\/18003550\/INCIT-ITAP-2023-14.jpg-16x12.webp 16w, https:\/\/assets.incit.org\/wp-content\/uploads\/2023\/10\/18003550\/INCIT-ITAP-2023-14.jpg.webp 1379w\" sizes=\"(max-width: 800px) 100vw, 800px\" \/><\/p>\n<p>&nbsp;<\/p>\n<p>Anche il Ministero degli Affari Economici della Repubblica di Indonesia e i suoi stimati delegati hanno visitato il nostro stand nel pomeriggio. Abbiamo avuto il privilegio di incontrare il Dott. Ir. Wahyu Otomo, MS, Vice Ministro per lo Sviluppo Regionale e il Coordinamento della Pianificazione Territoriale. Durante questo incontro, abbiamo illustrato il potenziale trasformativo dello Smart Industry Readiness Index, di COSIRI e di XIRI Analytics per i paesi della regione Asia-Pacifico, evidenziando il ruolo fondamentale che l&#039;INCIT pu\u00f2 svolgere nel promuovere la trasformazione e la preparazione industriale.<\/p>\n<figure id=\"attachment_35575\" aria-describedby=\"caption-attachment-35575\" style=\"width: 800px\" class=\"wp-caption aligncenter\"><img loading=\"lazy\" decoding=\"async\" class=\"wp-image-35575 size-large\" src=\"https:\/\/assets.incit.org\/wp-content\/uploads\/2023\/10\/18003616\/MicrosoftTeams-image-1-1536x1152.png-1024x768.webp\" alt=\"Founder and CEO of INCIT, Raimund Klein (left), with Dr. Ir. Wahyu Utomo, Ms., Deputy Minister for Regional Development and Spatial Planning Coordination (right).\" width=\"800\" height=\"600\" srcset=\"https:\/\/assets.incit.org\/wp-content\/uploads\/2023\/10\/18003616\/MicrosoftTeams-image-1-1536x1152.png-1024x768.webp 1024w, https:\/\/assets.incit.org\/wp-content\/uploads\/2023\/10\/18003616\/MicrosoftTeams-image-1-1536x1152.png-300x225.webp 300w, https:\/\/assets.incit.org\/wp-content\/uploads\/2023\/10\/18003616\/MicrosoftTeams-image-1-1536x1152.png-768x576.webp 768w, https:\/\/assets.incit.org\/wp-content\/uploads\/2023\/10\/18003616\/MicrosoftTeams-image-1-1536x1152.png-16x12.webp 16w, https:\/\/assets.incit.org\/wp-content\/uploads\/2023\/10\/18003616\/MicrosoftTeams-image-1-1536x1152.png.webp 1536w\" sizes=\"(max-width: 800px) 100vw, 800px\" \/><figcaption id=\"caption-attachment-35575\" class=\"wp-caption-text\">Il fondatore e CEO dell&#039;INCIT, Raimund Klein (a sinistra), con la Dott.ssa Ir. Wahyu Utomo, Vice Ministra per lo Sviluppo Regionale e il Coordinamento della Pianificazione Territoriale (a destra).<\/figcaption><\/figure>\n<p><img loading=\"lazy\" decoding=\"async\" class=\"aligncenter size-large wp-image-35574\" src=\"https:\/\/assets.incit.org\/wp-content\/uploads\/2023\/10\/18003614\/INCIT-ITAP-2023-16.jpg-1024x768.webp\" alt=\"\" width=\"800\" height=\"600\" srcset=\"https:\/\/assets.incit.org\/wp-content\/uploads\/2023\/10\/18003614\/INCIT-ITAP-2023-16.jpg-1024x768.webp 1024w, https:\/\/assets.incit.org\/wp-content\/uploads\/2023\/10\/18003614\/INCIT-ITAP-2023-16.jpg-300x225.webp 300w, https:\/\/assets.incit.org\/wp-content\/uploads\/2023\/10\/18003614\/INCIT-ITAP-2023-16.jpg-768x576.webp 768w, https:\/\/assets.incit.org\/wp-content\/uploads\/2023\/10\/18003614\/INCIT-ITAP-2023-16.jpg-16x12.webp 16w, https:\/\/assets.incit.org\/wp-content\/uploads\/2023\/10\/18003614\/INCIT-ITAP-2023-16.jpg.webp 1379w\" sizes=\"(max-width: 800px) 100vw, 800px\" \/><\/p>\n<p><img loading=\"lazy\" decoding=\"async\" class=\"aligncenter size-large wp-image-35577\" src=\"https:\/\/assets.incit.org\/wp-content\/uploads\/2023\/10\/18003656\/INCIT-ITAP-2023-17.jpg-1024x887.webp\" alt=\"\" width=\"800\" height=\"693\" srcset=\"https:\/\/assets.incit.org\/wp-content\/uploads\/2023\/10\/18003656\/INCIT-ITAP-2023-17.jpg-1024x887.webp 1024w, https:\/\/assets.incit.org\/wp-content\/uploads\/2023\/10\/18003656\/INCIT-ITAP-2023-17.jpg-300x260.webp 300w, https:\/\/assets.incit.org\/wp-content\/uploads\/2023\/10\/18003656\/INCIT-ITAP-2023-17.jpg-768x665.webp 768w, https:\/\/assets.incit.org\/wp-content\/uploads\/2023\/10\/18003656\/INCIT-ITAP-2023-17.jpg-14x12.webp 14w, https:\/\/assets.incit.org\/wp-content\/uploads\/2023\/10\/18003656\/INCIT-ITAP-2023-17.jpg.webp 1379w\" sizes=\"(max-width: 800px) 100vw, 800px\" \/><\/p>\n<p>Con l&#039;avvicinarsi della conclusione dell&#039;evento, \u00e8 diventato evidente il clamoroso successo della nostra partecipazione a ITAP 2023. Il notevole coinvolgimento, le discussioni stimolanti e le preziose connessioni create in questi tre giorni hanno davvero gettato le basi per futuri progressi nel panorama industriale.<\/p>\n<p>Esprimiamo la nostra pi\u00f9 profonda gratitudine al nostro partner di formazione T\u00dcV S\u00dcD per il suo costante supporto e la sua presenza al nostro stand durante l&#039;evento. Il loro impegno, la loro competenza e la loro dedizione nel condividere con il pubblico informazioni sullo Smart Industry Readiness Index e sul COSIRI, nonch\u00e9 sul processo di formazione e di esame per la loro implementazione, hanno svolto un ruolo fondamentale nell&#039;aiutarci a diffondere l&#039;importanza di questi due indici di priorit\u00e0 fondamentali a un pubblico pi\u00f9 ampio.<\/p>\n<p>Inoltre, un ringraziamento speciale e un ringraziamento speciale al nostro partner di marketing, Manning &amp; Co, per il suo contributo nella costruzione del nostro stand e per il suo costante supporto alla nostra piattaforma Global Industry Executive Talks (GETIT), progettata per consentire ai leader di pensiero e agli esperti del settore di entrare in contatto e promuovere la trasformazione della produzione.<\/p>\n<p><img loading=\"lazy\" decoding=\"async\" class=\"aligncenter size-large wp-image-35578\" src=\"https:\/\/assets.incit.org\/wp-content\/uploads\/2023\/10\/18003736\/MicrosoftTeams-image-3-1157x1536.jpg-771x1024.webp\" alt=\"\" width=\"771\" height=\"1024\" srcset=\"https:\/\/assets.incit.org\/wp-content\/uploads\/2023\/10\/18003736\/MicrosoftTeams-image-3-1157x1536.jpg-771x1024.webp 771w, https:\/\/assets.incit.org\/wp-content\/uploads\/2023\/10\/18003736\/MicrosoftTeams-image-3-1157x1536.jpg-226x300.webp 226w, https:\/\/assets.incit.org\/wp-content\/uploads\/2023\/10\/18003736\/MicrosoftTeams-image-3-1157x1536.jpg-768x1020.webp 768w, https:\/\/assets.incit.org\/wp-content\/uploads\/2023\/10\/18003736\/MicrosoftTeams-image-3-1157x1536.jpg-9x12.webp 9w, https:\/\/assets.incit.org\/wp-content\/uploads\/2023\/10\/18003736\/MicrosoftTeams-image-3-1157x1536.jpg.webp 1157w\" sizes=\"(max-width: 771px) 100vw, 771px\" \/><\/p>\n<h4>Informazioni su INCIT<\/h4>\n<p>L&#039;International Centre for Industrial Transformation (INCIT) \u00e8 un istituto indipendente e non governativo, fondato con l&#039;obiettivo di guidare la trasformazione globale del settore manifatturiero e con sede a Singapore. L&#039;INCIT sostiene i percorsi Industria 4.0 delle aziende manifatturiere, sviluppando e implementando framework, strumenti, concetti e programmi di riferimento globale per tutti gli stakeholder del settore manifatturiero, al fine di promuovere l&#039;ascesa globale di una produzione intelligente e sostenibile.<\/p>\n<p>Per maggiori informazioni, visitare: <a href=\"https:\/\/incit.org\/en\/\">https:\/\/incit.org\/<\/a><\/p>\n<p>&nbsp;<\/p>\n<p><strong>Di <a href=\"https:\/\/www.tuvsud.com\/en\" target=\"_blank\" rel=\"noopener\">T\u00dcV S\u00dcD<\/a><\/strong><\/p>\n<p>T\u00dcV S\u00dcD \u00e8 un fornitore di soluzioni complete, riconosciuto e affidabile, per le aziende, nonch\u00e9 un partner di lunga data di INCIT per l&#039;offerta di programmi di formazione e qualifiche certificate per lo Smart Industry Readiness Index (SIRI).<\/p>\n<p>&nbsp;<\/p>\n<p><strong>Di <a href=\"https:\/\/manningandcogroup.com\/\" target=\"_blank\" rel=\"noopener\">Manning &amp; Co<\/a><\/strong><\/p>\n<p>Manning &amp; Co \u00e8 un&#039;affermata societ\u00e0 di marketing dedicata ad aiutare le aziende a crescere. Con una presenza globale grazie a due principali hub strategici: Sydney, Australia, e Singapore, M&amp;C \u00e8 un partner strategico affidabile per aziende di ogni dimensione e attualmente collabora con INCIT per guidare GETIT.<\/p>","protected":false},"excerpt":{"rendered":"<p>INCIT con la Sig.ra Glory Wee (a sinistra) e la Sig.ra Sharon Tan (a destra), Vicepresidente e Vicepresidente Aggiunto del Singapore Economic Development Board (EDB). Mercoled\u00ec 25 ottobre 2023, Singapore \u2013 L&#039;International Centre for Industrial Transformation (INCIT) ha partecipato con orgoglio alla fiera Industrial Transformation Asia-Pacific (ITAP) 2023, dal 18 al 20 ottobre 2023 [\u2026]<\/p>","protected":false},"author":3,"featured_media":35580,"comment_status":"closed","ping_status":"open","sticky":false,"template":"","format":"standard","meta":{"_acf_changed":false,"footnotes":""},"categories":[18],"tags":[27],"class_list":["post-16622","post","type-post","status-publish","format-standard","has-post-thumbnail","hentry","category-newsroom","tag-mainspotlight"],"acf":{"featured_post":false},"_links":{"self":[{"href":"https:\/\/incit.org\/it\/wp-json\/wp\/v2\/posts\/16622","targetHints":{"allow":["GET"]}}],"collection":[{"href":"https:\/\/incit.org\/it\/wp-json\/wp\/v2\/posts"}],"about":[{"href":"https:\/\/incit.org\/it\/wp-json\/wp\/v2\/types\/post"}],"author":[{"embeddable":true,"href":"https:\/\/incit.org\/it\/wp-json\/wp\/v2\/users\/3"}],"replies":[{"embeddable":true,"href":"https:\/\/incit.org\/it\/wp-json\/wp\/v2\/comments?post=16622"}],"version-history":[{"count":4,"href":"https:\/\/incit.org\/it\/wp-json\/wp\/v2\/posts\/16622\/revisions"}],"predecessor-version":[{"id":35579,"href":"https:\/\/incit.org\/it\/wp-json\/wp\/v2\/posts\/16622\/revisions\/35579"}],"wp:featuredmedia":[{"embeddable":true,"href":"https:\/\/incit.org\/it\/wp-json\/wp\/v2\/media\/35580"}],"wp:attachment":[{"href":"https:\/\/incit.org\/it\/wp-json\/wp\/v2\/media?parent=16622"}],"wp:term":[{"taxonomy":"category","embeddable":true,"href":"https:\/\/incit.org\/it\/wp-json\/wp\/v2\/categories?post=16622"},{"taxonomy":"post_tag","embeddable":true,"href":"https:\/\/incit.org\/it\/wp-json\/wp\/v2\/tags?post=16622"}],"curies":[{"name":"parola chiave","href":"https:\/\/api.w.org\/{rel}","templated":true}]}}