{"id":16622,"date":"2023-10-25T15:21:07","date_gmt":"2023-10-25T07:21:07","guid":{"rendered":"https:\/\/incit.org\/?p=16622"},"modified":"2025-04-18T00:40:57","modified_gmt":"2025-04-17T16:40:57","slug":"recap-of-incits-participation-at-itap-2023-transforming-the-future-of-manufacturing","status":"publish","type":"post","link":"https:\/\/incit.org\/nl\/newsroom\/recap-of-incits-participation-at-itap-2023-transforming-the-future-of-manufacturing\/","title":{"rendered":"Samenvatting van de deelname van INCIT aan ITAP 2023: De toekomst van de productie transformeren"},"content":{"rendered":"<p><em>INCIT met mevrouw Glory Wee (links) en mevrouw Sharon Tan (rechts), vicevoorzitter en assistent-vicevoorzitter van de Singapore Economic Development Board (EDB).<\/em><\/p>\n<p>&nbsp;<\/p>\n<p>Woensdag 25 oktober 2023, Singapore \u2013 Het International Centre for Industrial Transformation (INCIT) nam met trots deel aan de <a href=\"https:\/\/www.industrial-transformation.com\/\" target=\"_blank\" rel=\"noopener\">Industri\u00eble transformatie Azi\u00eb-Pacific<\/a> (ITAP) 2023 vakbeurs van 18 tot en met 20 oktober 2023 als zilveren partner, een evenement dat synoniem staat voor innovatie en industri\u00eble excellentie voor de maakindustrie. Met een focus op praktische oplossingen en zinvolle interacties, werd onze reis door ITAP gekenmerkt door waardevolle interacties en verhelderende dialogen.<\/p>\n<p>Van productpresentaties tot gezamenlijke discussies en uitgebreide podiumpresentaties: hier vindt u een samenvatting van onze ervaringen tijdens de ITAP van dit jaar!<\/p>\n<h2><\/h2>\n<h2>Dag 1 op ITAP 2023: baanbrekende partnerschappen en boeiende presentaties<\/h2>\n<p>De eerste dag van ITAP 2023 was een beslissende dag, die een dynamische toon zette voor de deelname van INCIT. Tijdens het evenement bezocht een vooraanstaande delegatie van federaties uit verschillende landen onze stand. We hebben een fantastische tijd gehad met gesprekken met vertegenwoordigers uit de industrie uit Maleisi\u00eb, Vietnam, China, India, Zuid-Korea en meer. We hebben belangrijke onderwerpen besproken met betrekking tot digitale en duurzaamheidstransformaties door gebruik te maken van de prioriteringsindexen van INCIT, zoals de <a href=\"https:\/\/incit.org\/en\/services\/siri\/\">Index voor de gereedheid van de slimme industrie<\/a> (SIRI) en <a href=\"https:\/\/incit.org\/en\/services\/cosiri\/\">Index voor de gereedheid van de industrie voor duurzaamheid van de consument<\/a> (COSIRI), en ons onlangs gelanceerde analyseplatform XIRI-Analytics.<\/p>\n<p>&nbsp;<\/p>\n<figure id=\"attachment_35426\" aria-describedby=\"caption-attachment-35426\" style=\"width: 1012px\" class=\"wp-caption aligncenter\"><img fetchpriority=\"high\" decoding=\"async\" class=\"wp-image-35426\" src=\"https:\/\/assets.incit.org\/wp-content\/uploads\/2023\/10\/16000201\/INCIT-ITAP-2023-2.jpg-1024x768.webp\" alt=\"\" width=\"1012\" height=\"759\" srcset=\"https:\/\/assets.incit.org\/wp-content\/uploads\/2023\/10\/16000201\/INCIT-ITAP-2023-2.jpg-1024x768.webp 1024w, https:\/\/assets.incit.org\/wp-content\/uploads\/2023\/10\/16000201\/INCIT-ITAP-2023-2.jpg-300x225.webp 300w, https:\/\/assets.incit.org\/wp-content\/uploads\/2023\/10\/16000201\/INCIT-ITAP-2023-2.jpg-768x576.webp 768w, https:\/\/assets.incit.org\/wp-content\/uploads\/2023\/10\/16000201\/INCIT-ITAP-2023-2.jpg-16x12.webp 16w, https:\/\/assets.incit.org\/wp-content\/uploads\/2023\/10\/16000201\/INCIT-ITAP-2023-2.jpg.webp 1379w\" sizes=\"(max-width: 1012px) 100vw, 1012px\" \/><figcaption id=\"caption-attachment-35426\" class=\"wp-caption-text\">Delegatie van de Federatie van Maleisische Fabrikanten (FMM).<\/figcaption><\/figure>\n<figure id=\"attachment_35427\" aria-describedby=\"caption-attachment-35427\" style=\"width: 1012px\" class=\"wp-caption aligncenter\"><img decoding=\"async\" class=\"wp-image-35427\" src=\"https:\/\/assets.incit.org\/wp-content\/uploads\/2023\/10\/16000258\/INCIT-ITAP-2023-3.jpg-1024x768.webp\" alt=\"\" width=\"1012\" height=\"759\" srcset=\"https:\/\/assets.incit.org\/wp-content\/uploads\/2023\/10\/16000258\/INCIT-ITAP-2023-3.jpg-1024x768.webp 1024w, https:\/\/assets.incit.org\/wp-content\/uploads\/2023\/10\/16000258\/INCIT-ITAP-2023-3.jpg-300x225.webp 300w, https:\/\/assets.incit.org\/wp-content\/uploads\/2023\/10\/16000258\/INCIT-ITAP-2023-3.jpg-768x576.webp 768w, https:\/\/assets.incit.org\/wp-content\/uploads\/2023\/10\/16000258\/INCIT-ITAP-2023-3.jpg-16x12.webp 16w, https:\/\/assets.incit.org\/wp-content\/uploads\/2023\/10\/16000258\/INCIT-ITAP-2023-3.jpg.webp 1379w\" sizes=\"(max-width: 1012px) 100vw, 1012px\" \/><figcaption id=\"caption-attachment-35427\" class=\"wp-caption-text\">Delegatie van de Korea Industry Intelligentization Association (KOIIA).<\/figcaption><\/figure>\n<figure id=\"attachment_35429\" aria-describedby=\"caption-attachment-35429\" style=\"width: 1012px\" class=\"wp-caption aligncenter\"><img decoding=\"async\" class=\"wp-image-35429\" src=\"https:\/\/assets.incit.org\/wp-content\/uploads\/2023\/10\/16000425\/INCIT-ITAP-2023-4.jpg-1024x725.webp\" alt=\"\" width=\"1012\" height=\"716\" srcset=\"https:\/\/assets.incit.org\/wp-content\/uploads\/2023\/10\/16000425\/INCIT-ITAP-2023-4.jpg-1024x725.webp 1024w, https:\/\/assets.incit.org\/wp-content\/uploads\/2023\/10\/16000425\/INCIT-ITAP-2023-4.jpg-300x212.webp 300w, https:\/\/assets.incit.org\/wp-content\/uploads\/2023\/10\/16000425\/INCIT-ITAP-2023-4.jpg-768x544.webp 768w, https:\/\/assets.incit.org\/wp-content\/uploads\/2023\/10\/16000425\/INCIT-ITAP-2023-4.jpg-18x12.webp 18w, https:\/\/assets.incit.org\/wp-content\/uploads\/2023\/10\/16000425\/INCIT-ITAP-2023-4.jpg.webp 1379w\" sizes=\"(max-width: 1012px) 100vw, 1012px\" \/><figcaption id=\"caption-attachment-35429\" class=\"wp-caption-text\">Chinese vakbezoekers.<\/figcaption><\/figure>\n<p>Ook bereikten we een mijlpaal met de formele ondertekening van een opleidingspartnerschapsovereenkomst met Temasek Polytechnic. Daarmee verstevigen we hun rol als gewaardeerde partners in het COSIRI-opleidingsinitiatief.<\/p>\n<figure id=\"attachment_35565\" aria-describedby=\"caption-attachment-35565\" style=\"width: 800px\" class=\"wp-caption aligncenter\"><img loading=\"lazy\" decoding=\"async\" class=\"wp-image-35565 size-large\" src=\"https:\/\/assets.incit.org\/wp-content\/uploads\/2023\/10\/18003145\/INCIT-ITAP-2023-5.jpg-1-1024x768.webp\" alt=\"INCIT with Temasek Polytechnic representatives.\" width=\"800\" height=\"600\" srcset=\"https:\/\/assets.incit.org\/wp-content\/uploads\/2023\/10\/18003145\/INCIT-ITAP-2023-5.jpg-1-1024x768.webp 1024w, https:\/\/assets.incit.org\/wp-content\/uploads\/2023\/10\/18003145\/INCIT-ITAP-2023-5.jpg-1-300x225.webp 300w, https:\/\/assets.incit.org\/wp-content\/uploads\/2023\/10\/18003145\/INCIT-ITAP-2023-5.jpg-1-768x576.webp 768w, https:\/\/assets.incit.org\/wp-content\/uploads\/2023\/10\/18003145\/INCIT-ITAP-2023-5.jpg-1-16x12.webp 16w, https:\/\/assets.incit.org\/wp-content\/uploads\/2023\/10\/18003145\/INCIT-ITAP-2023-5.jpg-1.webp 1379w\" sizes=\"(max-width: 800px) 100vw, 800px\" \/><figcaption id=\"caption-attachment-35565\" class=\"wp-caption-text\">INCIT met vertegenwoordigers van Temasek Polytechnic.<\/figcaption><\/figure>\n<p><img loading=\"lazy\" decoding=\"async\" class=\"aligncenter size-large wp-image-35564\" src=\"https:\/\/assets.incit.org\/wp-content\/uploads\/2023\/10\/18003143\/INCIT-ITAP-2023-6.jpg-1-1024x768.webp\" alt=\"\" width=\"800\" height=\"600\" srcset=\"https:\/\/assets.incit.org\/wp-content\/uploads\/2023\/10\/18003143\/INCIT-ITAP-2023-6.jpg-1-1024x768.webp 1024w, https:\/\/assets.incit.org\/wp-content\/uploads\/2023\/10\/18003143\/INCIT-ITAP-2023-6.jpg-1-300x225.webp 300w, https:\/\/assets.incit.org\/wp-content\/uploads\/2023\/10\/18003143\/INCIT-ITAP-2023-6.jpg-1-768x576.webp 768w, https:\/\/assets.incit.org\/wp-content\/uploads\/2023\/10\/18003143\/INCIT-ITAP-2023-6.jpg-1-16x12.webp 16w, https:\/\/assets.incit.org\/wp-content\/uploads\/2023\/10\/18003143\/INCIT-ITAP-2023-6.jpg-1.webp 1379w\" sizes=\"(max-width: 800px) 100vw, 800px\" \/><\/p>\n<p>Dankzij deze samenwerking is Temasek Polytechnic nu een van onze trainingspartners. We bieden professionals en professionals uit de industrie trainingsprogramma&#039;s over ESG en duurzaamheid, waarbij we gebruikmaken van het COSIRI-raamwerk en de bijbehorende hulpmiddelen, concepten en meer.<\/p>\n<p>Dit initiatief opent ook de deur naar het stimuleren van vooruitstrevende en nieuwe duurzaamheidsconcepten in het hoger onderwijs en de academische wereld in de toekomst. Het integreren van duurzaamheid in het hoger onderwijs is essentieel om de beroepsbevolking van de toekomst voor te bereiden.<\/p>\n<p><img loading=\"lazy\" decoding=\"async\" class=\"aligncenter size-large wp-image-35566\" src=\"https:\/\/assets.incit.org\/wp-content\/uploads\/2023\/10\/18003329\/INCIT-ITAP-2023-7.jpg-1-1024x768.webp\" alt=\"\" width=\"800\" height=\"600\" srcset=\"https:\/\/assets.incit.org\/wp-content\/uploads\/2023\/10\/18003329\/INCIT-ITAP-2023-7.jpg-1-1024x768.webp 1024w, https:\/\/assets.incit.org\/wp-content\/uploads\/2023\/10\/18003329\/INCIT-ITAP-2023-7.jpg-1-300x225.webp 300w, https:\/\/assets.incit.org\/wp-content\/uploads\/2023\/10\/18003329\/INCIT-ITAP-2023-7.jpg-1-768x576.webp 768w, https:\/\/assets.incit.org\/wp-content\/uploads\/2023\/10\/18003329\/INCIT-ITAP-2023-7.jpg-1-16x12.webp 16w, https:\/\/assets.incit.org\/wp-content\/uploads\/2023\/10\/18003329\/INCIT-ITAP-2023-7.jpg-1.webp 1379w\" sizes=\"(max-width: 800px) 100vw, 800px\" \/><\/p>\n<p>&nbsp;<\/p>\n<p>De COSIRI Platform Director van INCIT nam ook deel aan de Industry 4.0 Tech Capsule Stage en presenteerde de fijne kneepjes van COSIRI aan een geboeid publiek. De grote interesse en actieve betrokkenheid van het publiek onderstreepten eens te meer de relevantie en het belang van duurzaamheid en hoe het COSIRI-initiatief bedrijven kan helpen bij hun transformatieproces naarmate het industri\u00eble landschap evolueert.<\/p>\n<figure id=\"attachment_35568\" aria-describedby=\"caption-attachment-35568\" style=\"width: 800px\" class=\"wp-caption aligncenter\"><img loading=\"lazy\" decoding=\"async\" class=\"wp-image-35568 size-large\" src=\"https:\/\/assets.incit.org\/wp-content\/uploads\/2023\/10\/18003403\/INCIT-ITAP-2023-8.jpg-1-1024x768.webp\" alt=\"\" width=\"800\" height=\"600\" srcset=\"https:\/\/assets.incit.org\/wp-content\/uploads\/2023\/10\/18003403\/INCIT-ITAP-2023-8.jpg-1-1024x768.webp 1024w, https:\/\/assets.incit.org\/wp-content\/uploads\/2023\/10\/18003403\/INCIT-ITAP-2023-8.jpg-1-300x225.webp 300w, https:\/\/assets.incit.org\/wp-content\/uploads\/2023\/10\/18003403\/INCIT-ITAP-2023-8.jpg-1-768x576.webp 768w, https:\/\/assets.incit.org\/wp-content\/uploads\/2023\/10\/18003403\/INCIT-ITAP-2023-8.jpg-1-16x12.webp 16w, https:\/\/assets.incit.org\/wp-content\/uploads\/2023\/10\/18003403\/INCIT-ITAP-2023-8.jpg-1.webp 1379w\" sizes=\"(max-width: 800px) 100vw, 800px\" \/><figcaption id=\"caption-attachment-35568\" class=\"wp-caption-text\">Presentatie van het COSIRI-TIER Framework op de i4.0 Tech Capsule Stage.<\/figcaption><\/figure>\n<p><img loading=\"lazy\" decoding=\"async\" class=\"aligncenter size-large wp-image-35567\" src=\"https:\/\/assets.incit.org\/wp-content\/uploads\/2023\/10\/18003401\/INCIT-ITAP-2023-9.jpg-1-1024x768.webp\" alt=\"\" width=\"800\" height=\"600\" srcset=\"https:\/\/assets.incit.org\/wp-content\/uploads\/2023\/10\/18003401\/INCIT-ITAP-2023-9.jpg-1-1024x768.webp 1024w, https:\/\/assets.incit.org\/wp-content\/uploads\/2023\/10\/18003401\/INCIT-ITAP-2023-9.jpg-1-300x225.webp 300w, https:\/\/assets.incit.org\/wp-content\/uploads\/2023\/10\/18003401\/INCIT-ITAP-2023-9.jpg-1-768x576.webp 768w, https:\/\/assets.incit.org\/wp-content\/uploads\/2023\/10\/18003401\/INCIT-ITAP-2023-9.jpg-1-16x12.webp 16w, https:\/\/assets.incit.org\/wp-content\/uploads\/2023\/10\/18003401\/INCIT-ITAP-2023-9.jpg-1.webp 1379w\" sizes=\"(max-width: 800px) 100vw, 800px\" \/><\/p>\n<h2>Dag 2 op ITAP 2023: INCIT staat centraal<\/h2>\n<p>De tweede dag van ITAP 2023 werd gekenmerkt door een toename van activiteit en betrokkenheid. Onze stand trok aanzienlijk meer bezoekers van vakbezoekers, professionals uit de industrie, afgevaardigden, federaties en partners.<\/p>\n<p><img loading=\"lazy\" decoding=\"async\" class=\"aligncenter size-large wp-image-35570\" src=\"https:\/\/assets.incit.org\/wp-content\/uploads\/2023\/10\/18003441\/INCIT-ITAP-2023-10.jpg-1-1024x768.webp\" alt=\"\" width=\"800\" height=\"600\" srcset=\"https:\/\/assets.incit.org\/wp-content\/uploads\/2023\/10\/18003441\/INCIT-ITAP-2023-10.jpg-1-1024x768.webp 1024w, https:\/\/assets.incit.org\/wp-content\/uploads\/2023\/10\/18003441\/INCIT-ITAP-2023-10.jpg-1-300x225.webp 300w, https:\/\/assets.incit.org\/wp-content\/uploads\/2023\/10\/18003441\/INCIT-ITAP-2023-10.jpg-1-768x576.webp 768w, https:\/\/assets.incit.org\/wp-content\/uploads\/2023\/10\/18003441\/INCIT-ITAP-2023-10.jpg-1-16x12.webp 16w, https:\/\/assets.incit.org\/wp-content\/uploads\/2023\/10\/18003441\/INCIT-ITAP-2023-10.jpg-1.webp 1379w\" sizes=\"(max-width: 800px) 100vw, 800px\" \/><\/p>\n<p><img loading=\"lazy\" decoding=\"async\" class=\"aligncenter size-large wp-image-35569\" src=\"https:\/\/assets.incit.org\/wp-content\/uploads\/2023\/10\/18003440\/INCIT-ITAP-2023-11.jpg-1-961x1024.webp\" alt=\"\" width=\"800\" height=\"852\" srcset=\"https:\/\/assets.incit.org\/wp-content\/uploads\/2023\/10\/18003440\/INCIT-ITAP-2023-11.jpg-1-961x1024.webp 961w, https:\/\/assets.incit.org\/wp-content\/uploads\/2023\/10\/18003440\/INCIT-ITAP-2023-11.jpg-1-282x300.webp 282w, https:\/\/assets.incit.org\/wp-content\/uploads\/2023\/10\/18003440\/INCIT-ITAP-2023-11.jpg-1-768x818.webp 768w, https:\/\/assets.incit.org\/wp-content\/uploads\/2023\/10\/18003440\/INCIT-ITAP-2023-11.jpg-1-11x12.webp 11w, https:\/\/assets.incit.org\/wp-content\/uploads\/2023\/10\/18003440\/INCIT-ITAP-2023-11.jpg-1.webp 1379w\" sizes=\"(max-width: 800px) 100vw, 800px\" \/><\/p>\n<p>Een bijzonder moment van de dag was toen onze oprichter en CEO, Raimund Klein, het podium betrad van het Industrial Transformation Forum (ITF) en een indrukwekkende menigte trok.<\/p>\n<p><img loading=\"lazy\" decoding=\"async\" class=\"aligncenter size-large wp-image-35572\" src=\"https:\/\/assets.incit.org\/wp-content\/uploads\/2023\/10\/18003511\/INCIT-ITAP-2023-12.jpg-1-1024x768.webp\" alt=\"\" width=\"800\" height=\"600\" srcset=\"https:\/\/assets.incit.org\/wp-content\/uploads\/2023\/10\/18003511\/INCIT-ITAP-2023-12.jpg-1-1024x768.webp 1024w, https:\/\/assets.incit.org\/wp-content\/uploads\/2023\/10\/18003511\/INCIT-ITAP-2023-12.jpg-1-300x225.webp 300w, https:\/\/assets.incit.org\/wp-content\/uploads\/2023\/10\/18003511\/INCIT-ITAP-2023-12.jpg-1-768x576.webp 768w, https:\/\/assets.incit.org\/wp-content\/uploads\/2023\/10\/18003511\/INCIT-ITAP-2023-12.jpg-1-16x12.webp 16w, https:\/\/assets.incit.org\/wp-content\/uploads\/2023\/10\/18003511\/INCIT-ITAP-2023-12.jpg-1.webp 1379w\" sizes=\"(max-width: 800px) 100vw, 800px\" \/><\/p>\n<p><img loading=\"lazy\" decoding=\"async\" class=\"aligncenter size-large wp-image-35571\" src=\"https:\/\/assets.incit.org\/wp-content\/uploads\/2023\/10\/18003509\/INCIT-ITAP-2023-13.jpg-1-1024x883.webp\" alt=\"\" width=\"800\" height=\"690\" srcset=\"https:\/\/assets.incit.org\/wp-content\/uploads\/2023\/10\/18003509\/INCIT-ITAP-2023-13.jpg-1-1024x883.webp 1024w, https:\/\/assets.incit.org\/wp-content\/uploads\/2023\/10\/18003509\/INCIT-ITAP-2023-13.jpg-1-300x259.webp 300w, https:\/\/assets.incit.org\/wp-content\/uploads\/2023\/10\/18003509\/INCIT-ITAP-2023-13.jpg-1-768x662.webp 768w, https:\/\/assets.incit.org\/wp-content\/uploads\/2023\/10\/18003509\/INCIT-ITAP-2023-13.jpg-1-14x12.webp 14w, https:\/\/assets.incit.org\/wp-content\/uploads\/2023\/10\/18003509\/INCIT-ITAP-2023-13.jpg-1.webp 1379w\" sizes=\"(max-width: 800px) 100vw, 800px\" \/><\/p>\n<p>&nbsp;<\/p>\n<p>Raimund schetste de missie en activiteiten van onze organisatie, met speciale aandacht voor duurzaamheidsinitiatieven. Hij verdiepte zich in de complexiteit van ESG-ratings op operationeel niveau en benadrukte onze toewijding aan het stimuleren van duurzaamheid in de maakindustrie. Raimund introduceerde COSIRI aan het publiek en lichtte het raamwerk, de dimensies, bouwstenen en pijlers toe die de basis vormen van dit transformatieve initiatief.<\/p>\n<p>Deze verhelderende presentatie was niet alleen een masterclass duurzaamheid voor het grote publiek, maar ook een bevestiging van onze toewijding om een duurzamere toekomst voor de maakindustrie vorm te geven.<\/p>\n<h2><\/h2>\n<p>&nbsp;<\/p>\n<h2>Dag 3: Een bevredigende afsluiting van een bewogen beurs<\/h2>\n<p>De laatste dag van ITAP 2023 was een hoogtepunt van belangrijke bijeenkomsten en vruchtbare interacties voor INCIT. Ondanks dat het de laatste dag was, bleef het aantal bezoekers hoog en waren we meer dan dankbaar dat we ons netwerk konden uitbreiden met diverse professionals uit de branche, vakbezoekers en belangrijke internationale figuren.<\/p>\n<p>Vanochtend tekenden we een nieuwe overeenkomst met onze partner T\u00dcV S\u00dcD voor COSIRI. T\u00dcV S\u00dcD zal binnenkort COSIRI integreren om uitgebreide trainings- en examencursussen te lanceren die openbaar toegankelijk zijn voor registratie. Dit initiatief verhoogt niet alleen de industrienormen, maar onderstreept ook onze inzet voor een duurzamere en veerkrachtigere toekomst voor bedrijven en particulieren wereldwijd.<\/p>\n<p><img loading=\"lazy\" decoding=\"async\" class=\"aligncenter size-large wp-image-35573\" src=\"https:\/\/assets.incit.org\/wp-content\/uploads\/2023\/10\/18003550\/INCIT-ITAP-2023-14.jpg-1024x783.webp\" alt=\"\" width=\"800\" height=\"612\" srcset=\"https:\/\/assets.incit.org\/wp-content\/uploads\/2023\/10\/18003550\/INCIT-ITAP-2023-14.jpg-1024x783.webp 1024w, https:\/\/assets.incit.org\/wp-content\/uploads\/2023\/10\/18003550\/INCIT-ITAP-2023-14.jpg-300x229.webp 300w, https:\/\/assets.incit.org\/wp-content\/uploads\/2023\/10\/18003550\/INCIT-ITAP-2023-14.jpg-768x587.webp 768w, https:\/\/assets.incit.org\/wp-content\/uploads\/2023\/10\/18003550\/INCIT-ITAP-2023-14.jpg-16x12.webp 16w, https:\/\/assets.incit.org\/wp-content\/uploads\/2023\/10\/18003550\/INCIT-ITAP-2023-14.jpg.webp 1379w\" sizes=\"(max-width: 800px) 100vw, 800px\" \/><\/p>\n<p>&nbsp;<\/p>\n<p>Het Ministerie van Economische Zaken van de Republiek Indonesi\u00eb en hun gewaardeerde afgevaardigden brachten &#039;s middags ook een bezoek aan onze stand. We hadden het voorrecht om Dr. Ir. Wahyu Otomo, MS, viceminister voor Regionale Ontwikkeling en Ruimtelijke Ordening, te ontmoeten. Tijdens deze bijeenkomst hebben we het transformatieve potentieel van de Smart Industry Readiness Index, COSIRI en XIRI Analytics voor landen in de regio Azi\u00eb-Pacific uiteengezet, waarbij we de buitengewone rol benadrukten die INCIT kan spelen bij het bevorderen van industri\u00eble transformatie en paraatheid.<\/p>\n<figure id=\"attachment_35575\" aria-describedby=\"caption-attachment-35575\" style=\"width: 800px\" class=\"wp-caption aligncenter\"><img loading=\"lazy\" decoding=\"async\" class=\"wp-image-35575 size-large\" src=\"https:\/\/assets.incit.org\/wp-content\/uploads\/2023\/10\/18003616\/MicrosoftTeams-image-1-1536x1152.png-1024x768.webp\" alt=\"Founder and CEO of INCIT, Raimund Klein (left), with Dr. Ir. Wahyu Utomo, Ms., Deputy Minister for Regional Development and Spatial Planning Coordination (right).\" width=\"800\" height=\"600\" srcset=\"https:\/\/assets.incit.org\/wp-content\/uploads\/2023\/10\/18003616\/MicrosoftTeams-image-1-1536x1152.png-1024x768.webp 1024w, https:\/\/assets.incit.org\/wp-content\/uploads\/2023\/10\/18003616\/MicrosoftTeams-image-1-1536x1152.png-300x225.webp 300w, https:\/\/assets.incit.org\/wp-content\/uploads\/2023\/10\/18003616\/MicrosoftTeams-image-1-1536x1152.png-768x576.webp 768w, https:\/\/assets.incit.org\/wp-content\/uploads\/2023\/10\/18003616\/MicrosoftTeams-image-1-1536x1152.png-16x12.webp 16w, https:\/\/assets.incit.org\/wp-content\/uploads\/2023\/10\/18003616\/MicrosoftTeams-image-1-1536x1152.png.webp 1536w\" sizes=\"(max-width: 800px) 100vw, 800px\" \/><figcaption id=\"caption-attachment-35575\" class=\"wp-caption-text\">Oprichter en CEO van INCIT, Raimund Klein (links), met Dr. Ir. Wahyu Utomo, mevrouw, plaatsvervangend minister voor Regionale Ontwikkeling en Co\u00f6rdinatie van Ruimtelijke Planning (rechts).<\/figcaption><\/figure>\n<p><img loading=\"lazy\" decoding=\"async\" class=\"aligncenter size-large wp-image-35574\" src=\"https:\/\/assets.incit.org\/wp-content\/uploads\/2023\/10\/18003614\/INCIT-ITAP-2023-16.jpg-1024x768.webp\" alt=\"\" width=\"800\" height=\"600\" srcset=\"https:\/\/assets.incit.org\/wp-content\/uploads\/2023\/10\/18003614\/INCIT-ITAP-2023-16.jpg-1024x768.webp 1024w, https:\/\/assets.incit.org\/wp-content\/uploads\/2023\/10\/18003614\/INCIT-ITAP-2023-16.jpg-300x225.webp 300w, https:\/\/assets.incit.org\/wp-content\/uploads\/2023\/10\/18003614\/INCIT-ITAP-2023-16.jpg-768x576.webp 768w, https:\/\/assets.incit.org\/wp-content\/uploads\/2023\/10\/18003614\/INCIT-ITAP-2023-16.jpg-16x12.webp 16w, https:\/\/assets.incit.org\/wp-content\/uploads\/2023\/10\/18003614\/INCIT-ITAP-2023-16.jpg.webp 1379w\" sizes=\"(max-width: 800px) 100vw, 800px\" \/><\/p>\n<p><img loading=\"lazy\" decoding=\"async\" class=\"aligncenter size-large wp-image-35577\" src=\"https:\/\/assets.incit.org\/wp-content\/uploads\/2023\/10\/18003656\/INCIT-ITAP-2023-17.jpg-1024x887.webp\" alt=\"\" width=\"800\" height=\"693\" srcset=\"https:\/\/assets.incit.org\/wp-content\/uploads\/2023\/10\/18003656\/INCIT-ITAP-2023-17.jpg-1024x887.webp 1024w, https:\/\/assets.incit.org\/wp-content\/uploads\/2023\/10\/18003656\/INCIT-ITAP-2023-17.jpg-300x260.webp 300w, https:\/\/assets.incit.org\/wp-content\/uploads\/2023\/10\/18003656\/INCIT-ITAP-2023-17.jpg-768x665.webp 768w, https:\/\/assets.incit.org\/wp-content\/uploads\/2023\/10\/18003656\/INCIT-ITAP-2023-17.jpg-14x12.webp 14w, https:\/\/assets.incit.org\/wp-content\/uploads\/2023\/10\/18003656\/INCIT-ITAP-2023-17.jpg.webp 1379w\" sizes=\"(max-width: 800px) 100vw, 800px\" \/><\/p>\n<p>Toen het evenement ten einde liep, werd het overweldigende succes van onze deelname aan ITAP 2023 duidelijk. De opmerkelijke betrokkenheid, inzichtelijke discussies en waardevolle connecties die gedurende deze drie dagen zijn ontstaan, hebben de weg vrijgemaakt voor toekomstige vooruitgang in het industri\u00eble landschap.<\/p>\n<p>We willen onze trainingspartner T\u00dcV S\u00dcD hartelijk danken voor hun onwrikbare steun en aanwezigheid op onze stand gedurende het hele evenement. Hun inzet, expertise en toewijding om de Smart Industry Readiness Index en COSIRI, evenals de training en het examenproces daarvoor, met het publiek te delen, hebben een belangrijke rol gespeeld bij het verspreiden van de betekenis van deze twee cruciale prioriteringsindexen onder een breder publiek.<\/p>\n<p>Daarnaast willen we graag onze marketingpartner, Manning &amp; Co, speciaal bedanken voor hun bijdrage aan de bouw van onze stand en hun trouwe steun voor ons Global Industry Executive Talks (GETIT)-platform. Dit platform is bedoeld om vooraanstaande experts en experts uit de sector met elkaar in contact te brengen en de transformatie van de productiesector vooruit te helpen.<\/p>\n<p><img loading=\"lazy\" decoding=\"async\" class=\"aligncenter size-large wp-image-35578\" src=\"https:\/\/assets.incit.org\/wp-content\/uploads\/2023\/10\/18003736\/MicrosoftTeams-image-3-1157x1536.jpg-771x1024.webp\" alt=\"\" width=\"771\" height=\"1024\" srcset=\"https:\/\/assets.incit.org\/wp-content\/uploads\/2023\/10\/18003736\/MicrosoftTeams-image-3-1157x1536.jpg-771x1024.webp 771w, https:\/\/assets.incit.org\/wp-content\/uploads\/2023\/10\/18003736\/MicrosoftTeams-image-3-1157x1536.jpg-226x300.webp 226w, https:\/\/assets.incit.org\/wp-content\/uploads\/2023\/10\/18003736\/MicrosoftTeams-image-3-1157x1536.jpg-768x1020.webp 768w, https:\/\/assets.incit.org\/wp-content\/uploads\/2023\/10\/18003736\/MicrosoftTeams-image-3-1157x1536.jpg-9x12.webp 9w, https:\/\/assets.incit.org\/wp-content\/uploads\/2023\/10\/18003736\/MicrosoftTeams-image-3-1157x1536.jpg.webp 1157w\" sizes=\"(max-width: 771px) 100vw, 771px\" \/><\/p>\n<h4>Over INCIT<\/h4>\n<p>Het International Centre for Industrial Transformation (INCIT) is een onafhankelijk, niet-gouvernementeel instituut, opgericht met als doel de wereldwijde transformatie van de maakindustrie te stimuleren en met hoofdkantoor in Singapore. INCIT zet zich in voor de Industrie 4.0-transformatie van fabrikanten en ontwikkelt en implementeert wereldwijd erkende kaders, tools, concepten en programma&#039;s voor alle belanghebbenden in de maakindustrie om de wereldwijde opkomst van slimme en duurzame productie te bevorderen.<\/p>\n<p>Voor meer informatie kunt u terecht op: <a href=\"https:\/\/incit.org\/en\/\">https:\/\/incit.org\/<\/a><\/p>\n<p>&nbsp;<\/p>\n<p><strong>Over <a href=\"https:\/\/www.tuvsud.com\/en\" target=\"_blank\" rel=\"noopener\">T\u00dcV S\u00dcD<\/a><\/strong><\/p>\n<p>T\u00dcV S\u00dcD is een erkende en gerenommeerde one-stop solutions provider voor bedrijven en een langetermijnpartner van INCIT voor het verzorgen van trainingsprogramma&#039;s en gecertificeerde kwalificaties voor de Smart Industry Readiness Index (SIRI).<\/p>\n<p>&nbsp;<\/p>\n<p><strong>Over <a href=\"https:\/\/manningandcogroup.com\/\" target=\"_blank\" rel=\"noopener\">Manning &amp; Co<\/a><\/strong><\/p>\n<p>Manning &amp; Co is een gerenommeerd marketingbureau dat zich toelegt op het helpen van bedrijven om te groeien. Met een wereldwijd bereik vanuit twee belangrijke strategische centra \u2013 Sydney, Australi\u00eb en Singapore \u2013 is M&amp;C een vertrouwde strategische partner voor bedrijven van elke omvang. Momenteel werken ze samen met INCIT om GETIT te leiden.<\/p>","protected":false},"excerpt":{"rendered":"<p>INCIT met mevrouw Glory Wee (links) en mevrouw Sharon Tan (rechts), vicevoorzitter en assistent-vicevoorzitter van de Singapore Economic Development Board (EDB). Woensdag 25 oktober 2023, Singapore \u2013 Het International Centre for Industrial Transformation (INCIT) nam met trots deel aan de vakbeurs Industrial Transformation Asia-Pacific (ITAP) 2023 van 18 tot en met 20 oktober 2023 [\u2026]<\/p>","protected":false},"author":3,"featured_media":35580,"comment_status":"closed","ping_status":"open","sticky":false,"template":"","format":"standard","meta":{"_acf_changed":false,"footnotes":""},"categories":[18],"tags":[27],"class_list":["post-16622","post","type-post","status-publish","format-standard","has-post-thumbnail","hentry","category-newsroom","tag-mainspotlight"],"acf":{"featured_post":false},"_links":{"self":[{"href":"https:\/\/incit.org\/nl\/wp-json\/wp\/v2\/posts\/16622","targetHints":{"allow":["GET"]}}],"collection":[{"href":"https:\/\/incit.org\/nl\/wp-json\/wp\/v2\/posts"}],"about":[{"href":"https:\/\/incit.org\/nl\/wp-json\/wp\/v2\/types\/post"}],"author":[{"embeddable":true,"href":"https:\/\/incit.org\/nl\/wp-json\/wp\/v2\/users\/3"}],"replies":[{"embeddable":true,"href":"https:\/\/incit.org\/nl\/wp-json\/wp\/v2\/comments?post=16622"}],"version-history":[{"count":4,"href":"https:\/\/incit.org\/nl\/wp-json\/wp\/v2\/posts\/16622\/revisions"}],"predecessor-version":[{"id":35579,"href":"https:\/\/incit.org\/nl\/wp-json\/wp\/v2\/posts\/16622\/revisions\/35579"}],"wp:featuredmedia":[{"embeddable":true,"href":"https:\/\/incit.org\/nl\/wp-json\/wp\/v2\/media\/35580"}],"wp:attachment":[{"href":"https:\/\/incit.org\/nl\/wp-json\/wp\/v2\/media?parent=16622"}],"wp:term":[{"taxonomy":"category","embeddable":true,"href":"https:\/\/incit.org\/nl\/wp-json\/wp\/v2\/categories?post=16622"},{"taxonomy":"post_tag","embeddable":true,"href":"https:\/\/incit.org\/nl\/wp-json\/wp\/v2\/tags?post=16622"}],"curies":[{"name":"wp","href":"https:\/\/api.w.org\/{rel}","templated":true}]}}