{"id":40802,"date":"2025-10-10T09:00:15","date_gmt":"2025-10-10T01:00:15","guid":{"rendered":"https:\/\/incit.org\/?p=40802"},"modified":"2025-10-10T13:08:56","modified_gmt":"2025-10-10T05:08:56","slug":"nextgen-manufacturing-summit-africa-2025","status":"publish","type":"post","link":"https:\/\/incit.org\/pl\/newsroom\/nextgen-manufacturing-summit-africa-2025\/","title":{"rendered":"NextGen Manufacturing Summit Africa 2025: Afryka 4.0: Kszta\u0142towanie przysz\u0142o\u015bci afryka\u0144skiej produkcji"},"content":{"rendered":"<p><img fetchpriority=\"high\" decoding=\"async\" class=\"size-large wp-image-40853 alignnone\" src=\"https:\/\/assets.incit.org\/wp-content\/uploads\/2025\/10\/09222411\/Newsletter-2-1024x576.jpg\" alt=\"\" width=\"800\" height=\"450\" srcset=\"https:\/\/assets.incit.org\/wp-content\/uploads\/2025\/10\/09222411\/Newsletter-2-1024x576.jpg 1024w, https:\/\/assets.incit.org\/wp-content\/uploads\/2025\/10\/09222411\/Newsletter-2-300x169.jpg 300w, https:\/\/assets.incit.org\/wp-content\/uploads\/2025\/10\/09222411\/Newsletter-2-768x432.jpg 768w, https:\/\/assets.incit.org\/wp-content\/uploads\/2025\/10\/09222411\/Newsletter-2-1536x864.jpg 1536w, https:\/\/assets.incit.org\/wp-content\/uploads\/2025\/10\/09222411\/Newsletter-2-2048x1152.jpg 2048w, https:\/\/assets.incit.org\/wp-content\/uploads\/2025\/10\/09222411\/Newsletter-2-18x10.jpg 18w\" sizes=\"(max-width: 800px) 100vw, 800px\" \/><\/p>\n<p><span data-contrast=\"auto\">NextGen Manufacturing Summit Africa 2025: Afryka 4.0: Kszta\u0142towanie przysz\u0142o\u015bci afryka\u0144skiej produkcji\u00a0<\/span><span data-ccp-props=\"{}\">\u00a0<\/span><\/p>\n<p><span data-contrast=\"auto\">Ostatnie <\/span><b><span data-contrast=\"auto\">Szczyt Produkcji Nowej Generacji Afryka 2025<\/span><\/b><span data-contrast=\"auto\"> by\u0142o decyduj\u0105cym momentem dla przemys\u0142owej przysz\u0142o\u015bci kontynentu, gromadz\u0105c kluczowych interesariuszy z ca\u0142ej Afryki i \u015bwiata w celu realizacji wizji \u201eAfryki 4.0\u201d.<\/span><span data-ccp-props=\"{}\">\u00a0<\/span><\/p>\n<p><img decoding=\"async\" class=\"size-large wp-image-40854 alignnone\" src=\"https:\/\/assets.incit.org\/wp-content\/uploads\/2025\/10\/09222448\/Newsletter-1-1024x576.jpg\" alt=\"\" width=\"800\" height=\"450\" srcset=\"https:\/\/assets.incit.org\/wp-content\/uploads\/2025\/10\/09222448\/Newsletter-1-1024x576.jpg 1024w, https:\/\/assets.incit.org\/wp-content\/uploads\/2025\/10\/09222448\/Newsletter-1-300x169.jpg 300w, https:\/\/assets.incit.org\/wp-content\/uploads\/2025\/10\/09222448\/Newsletter-1-768x432.jpg 768w, https:\/\/assets.incit.org\/wp-content\/uploads\/2025\/10\/09222448\/Newsletter-1-1536x864.jpg 1536w, https:\/\/assets.incit.org\/wp-content\/uploads\/2025\/10\/09222448\/Newsletter-1-2048x1152.jpg 2048w, https:\/\/assets.incit.org\/wp-content\/uploads\/2025\/10\/09222448\/Newsletter-1-18x10.jpg 18w\" sizes=\"(max-width: 800px) 100vw, 800px\" \/><\/p>\n<p><span data-contrast=\"auto\">Z ponad <\/span><b><span data-contrast=\"auto\">1200 uczestnik\u00f3w obecnych osobi\u015bcie<\/span><\/b><span data-contrast=\"auto\"> i dodatkowy <\/span><b><span data-contrast=\"auto\">1000 os\u00f3b do\u0142\u0105cza online<\/span><\/b><span data-contrast=\"auto\">Wydarzenie to by\u0142o dowodem na rosn\u0105c\u0105 dynamik\u0119 i kolektywne ambicje maj\u0105ce na celu przekszta\u0142cenie sektora produkcyjnego Afryki poprzez innowacje, zr\u00f3wnowa\u017cony rozw\u00f3j i wsp\u00f3\u0142prac\u0119.<\/span><span data-ccp-props=\"{}\">\u00a0<\/span><\/p>\n<p><span data-contrast=\"auto\">Ten <\/span><b><span data-contrast=\"auto\">Mi\u0119dzynarodowe Centrum Transformacji Przemys\u0142owej (INCIT)<\/span><\/b><span data-contrast=\"auto\"> mia\u0142 zaszczyt wyg\u0142osi\u0107 przem\u00f3wienie otwieraj\u0105ce szczyt. Dyrektor generalny <\/span><b><span data-contrast=\"auto\">Pan Raimund Klein<\/span><\/b><span data-contrast=\"auto\"> podzieli\u0142 si\u0119 perspektyw\u0105 INCIT na temat strategicznych \u015bcie\u017cek niezb\u0119dnych Afryce do uwolnienia jej potencja\u0142u produkcyjnego i osi\u0105gni\u0119cia zr\u00f3wnowa\u017conego, inkluzywnego wzrostu w ramach Czwartej Rewolucji Przemys\u0142owej (4IR).\u00a0<\/span><span data-ccp-props=\"{}\">\u00a0<\/span><\/p>\n<p><span data-contrast=\"auto\">W swoim przem\u00f3wieniu pan Raimund podkre\u015bli\u0142 trzy kluczowe filary transformacji:<\/span><span data-ccp-props=\"{}\">\u00a0<\/span><\/p>\n<ul>\n<li aria-setsize=\"-1\" data-leveltext=\"\uf0b7\" data-font=\"Symbol\" data-listid=\"1\" data-list-defn-props=\"{&quot;335552541&quot;:1,&quot;335559685&quot;:720,&quot;335559991&quot;:360,&quot;469769226&quot;:&quot;Symbol&quot;,&quot;469769242&quot;:[8226],&quot;469777803&quot;:&quot;left&quot;,&quot;469777804&quot;:&quot;\uf0b7&quot;,&quot;469777815&quot;:&quot;multilevel&quot;}\" data-aria-posinset=\"1\" data-aria-level=\"1\"><b><span data-contrast=\"auto\">Wdra\u017canie zaawansowanych technologii produkcyjnych<\/span><\/b><span data-ccp-props=\"{}\">\u00a0<\/span><\/li>\n<\/ul>\n<ul>\n<li aria-setsize=\"-1\" data-leveltext=\"\uf0b7\" data-font=\"Symbol\" data-listid=\"1\" data-list-defn-props=\"{&quot;335552541&quot;:1,&quot;335559685&quot;:720,&quot;335559991&quot;:360,&quot;469769226&quot;:&quot;Symbol&quot;,&quot;469769242&quot;:[8226],&quot;469777803&quot;:&quot;left&quot;,&quot;469777804&quot;:&quot;\uf0b7&quot;,&quot;469777815&quot;:&quot;multilevel&quot;}\" data-aria-posinset=\"2\" data-aria-level=\"1\"><b><span data-contrast=\"auto\">Znaczenie rozwoju talent\u00f3w<\/span><\/b><span data-ccp-props=\"{}\">\u00a0<\/span><\/li>\n<\/ul>\n<ul>\n<li aria-setsize=\"-1\" data-leveltext=\"\uf0b7\" data-font=\"Symbol\" data-listid=\"1\" data-list-defn-props=\"{&quot;335552541&quot;:1,&quot;335559685&quot;:720,&quot;335559991&quot;:360,&quot;469769226&quot;:&quot;Symbol&quot;,&quot;469769242&quot;:[8226],&quot;469777803&quot;:&quot;left&quot;,&quot;469777804&quot;:&quot;\uf0b7&quot;,&quot;469777815&quot;:&quot;multilevel&quot;}\" data-aria-posinset=\"3\" data-aria-level=\"1\"><b><span data-contrast=\"auto\">Podejmowanie decyzji w oparciu o dane i rozw\u00f3j przemys\u0142u<\/span><\/b><span data-ccp-props=\"{}\">\u00a0<\/span><\/li>\n<\/ul>\n<p><span data-contrast=\"auto\">Przedstawi\u0142 r\u00f3wnie\u017c uznane na ca\u0142ym \u015bwiecie narz\u0119dzia INCIT, w tym: <\/span><b><span data-contrast=\"auto\">Wska\u017anik gotowo\u015bci inteligentnego przemys\u0142u (SIRI)<\/span><\/b><span data-contrast=\"auto\">, jako praktyczne ramy, kt\u00f3re mog\u0105 pom\u00f3c przedsi\u0119biorstwom afryka\u0144skim w ocenie ich dojrza\u0142o\u015bci cyfrowej i planowaniu ustrukturyzowanej drogi transformacji.<\/span><span data-ccp-props=\"{}\">\u00a0<\/span><\/p>\n<p><span data-contrast=\"auto\">Sukces szczytu by\u0142 mo\u017cliwy dzi\u0119ki wizjonerskim wysi\u0142kom <\/span><b><span data-contrast=\"auto\">UM6P TechniX<\/span><\/b><span data-contrast=\"auto\">, <\/span><b><span data-contrast=\"auto\">ZJEDNOCZONY<\/span><\/b><span data-contrast=\"auto\">, <\/span><b><span data-contrast=\"auto\">AISMA<\/span><\/b><span data-contrast=\"auto\">, I <\/span><b><span data-contrast=\"auto\">TARGI HANNOVER<\/span><\/b><span data-contrast=\"auto\">, kt\u00f3rego wsp\u00f3lne przyw\u00f3dztwo stworzy\u0142o dynamiczn\u0105 platform\u0119 dialogu, wymiany pomys\u0142\u00f3w i partnerstwa. Atmosfera by\u0142a przepe\u0142niona energi\u0105 \u2013 odzwierciedlaj\u0105c wsp\u00f3lne zaanga\u017cowanie w stymulowanie rozwoju konkurencyjnego, opartego na technologii afryka\u0144skiego sektora produkcyjnego.<\/span><span data-ccp-props=\"{}\">\u00a0<\/span><\/p>\n<p><span data-contrast=\"auto\">Od dyskusji panelowych po interaktywne warsztaty uczestnicy badali strategie <\/span><b><span data-contrast=\"auto\">lokalizowa\u0107 najlepsze globalne praktyki<\/span><\/b><span data-contrast=\"auto\">, <\/span><b><span data-contrast=\"auto\">wspiera\u0107 ekosystemy innowacji<\/span><\/b><span data-contrast=\"auto\">, I <\/span><b><span data-contrast=\"auto\">tworzy\u0107 \u015brodowiska sprzyjaj\u0105ce<\/span><\/b><span data-contrast=\"auto\"> kt\u00f3re wspieraj\u0105 rozw\u00f3j biznesu i dywersyfikacj\u0119 przemys\u0142ow\u0105.<\/span><span data-ccp-props=\"{}\">\u00a0<\/span><\/p>\n<p><b><span data-contrast=\"auto\">Spojrzenie w przysz\u0142o\u015b\u0107: rola Afryki w globalnej produkcji<\/span><\/b><span data-ccp-props=\"{}\">\u00a0<\/span><\/p>\n<p><span data-contrast=\"auto\">Entuzjazm i spostrze\u017cenia, kt\u00f3rymi podzielono si\u0119 podczas szczytu, potwierdzi\u0142y gotowo\u015b\u0107 Afryki do przewodzenia w kszta\u0142towaniu przysz\u0142o\u015bci globalnego przemys\u0142u. INCIT z dum\u0105 wspiera t\u0119 podr\u00f3\u017c i pozostaje zaanga\u017cowany we wsp\u00f3\u0142prac\u0119 z rz\u0105dami, liderami bran\u017cy i partnerami rozwojowymi na ca\u0142ym kontynencie.<\/span><span data-ccp-props=\"{}\">\u00a0<\/span><\/p>\n<p>&nbsp;<\/p>\n<p><span data-contrast=\"auto\">W miar\u0119 jak Afryka nadal wdra\u017ca 4IR, mo\u017cliwo\u015bci skalowania wp\u0142ywu, zwi\u0119kszania odporno\u015bci i wspierania kolejnego pokolenia producent\u00f3w s\u0105 nieograniczone. INCIT z niecierpliwo\u015bci\u0105 oczekuje na pog\u0142\u0119bienie swojego zaanga\u017cowania i przyczynienie si\u0119 do nowego, \u015bmia\u0142ego rozdzia\u0142u w industrializacji Afryki.<\/span><span data-ccp-props=\"{}\">\u00a0<\/span><\/p>\n<p><span data-contrast=\"auto\">Wi\u0119cej szczeg\u00f3\u0142\u00f3w i aktualizacji znajdziesz, \u015bledz\u0105c nasze og\u0142oszenie na LinkedIn<\/span><a href=\"https:\/\/www.linkedin.com\/company\/international-centre-for-industrial-transformation-ltd\" target=\"_blank\" rel=\"noopener\"><span data-contrast=\"none\">Tutaj<\/span><\/a><span data-contrast=\"auto\">\u202f \u202f<\/span><span data-ccp-props=\"{}\">\u00a0<\/span><\/p>\n<p><span data-contrast=\"auto\">W celu nawi\u0105zania wsp\u00f3\u0142pracy lub uzyskania dalszych informacji prosimy o kontakt<\/span><a href=\"mailto:contact@incit.org\"><span data-contrast=\"none\">contact@incit.org<\/span><\/a><span data-contrast=\"auto\">lub zapytaj<\/span><a href=\"https:\/\/incit.org\/pl\/contact-us\/\"><span data-contrast=\"none\">IC4IT<\/span><\/a><span data-ccp-props=\"{}\">\u00a0<\/span><\/p>","protected":false},"excerpt":{"rendered":"<p>NextGen Manufacturing Summit Africa 2025: Afryka 4.0: kszta\u0142towanie przysz\u0142o\u015bci afryka\u0144skiego przemys\u0142u Niedawno zorganizowany NextGen Manufacturing Summit Africa 2025 by\u0142 prze\u0142omowym momentem dla przemys\u0142owej przysz\u0142o\u015bci kontynentu, gromadz\u0105c kluczowych interesariuszy z ca\u0142ej Afryki i \u015bwiata w celu realizacji wizji \u201eAfryki 4.0\u201d. W wydarzeniu wzi\u0119\u0142o udzia\u0142 osobi\u015bcie ponad 1200 uczestnik\u00f3w, a [\u2026]<\/p>","protected":false},"author":1,"featured_media":40853,"comment_status":"closed","ping_status":"open","sticky":false,"template":"","format":"standard","meta":{"_acf_changed":false,"footnotes":""},"categories":[18],"tags":[299,298,300,14],"class_list":["post-40802","post","type-post","status-publish","format-standard","has-post-thumbnail","hentry","category-newsroom","tag-africamanufacturing","tag-digitaltransformation","tag-industry40","tag-siri"],"acf":{"featured_post":true},"_links":{"self":[{"href":"https:\/\/incit.org\/pl\/wp-json\/wp\/v2\/posts\/40802","targetHints":{"allow":["GET"]}}],"collection":[{"href":"https:\/\/incit.org\/pl\/wp-json\/wp\/v2\/posts"}],"about":[{"href":"https:\/\/incit.org\/pl\/wp-json\/wp\/v2\/types\/post"}],"author":[{"embeddable":true,"href":"https:\/\/incit.org\/pl\/wp-json\/wp\/v2\/users\/1"}],"replies":[{"embeddable":true,"href":"https:\/\/incit.org\/pl\/wp-json\/wp\/v2\/comments?post=40802"}],"version-history":[{"count":3,"href":"https:\/\/incit.org\/pl\/wp-json\/wp\/v2\/posts\/40802\/revisions"}],"predecessor-version":[{"id":40867,"href":"https:\/\/incit.org\/pl\/wp-json\/wp\/v2\/posts\/40802\/revisions\/40867"}],"wp:featuredmedia":[{"embeddable":true,"href":"https:\/\/incit.org\/pl\/wp-json\/wp\/v2\/media\/40853"}],"wp:attachment":[{"href":"https:\/\/incit.org\/pl\/wp-json\/wp\/v2\/media?parent=40802"}],"wp:term":[{"taxonomy":"category","embeddable":true,"href":"https:\/\/incit.org\/pl\/wp-json\/wp\/v2\/categories?post=40802"},{"taxonomy":"post_tag","embeddable":true,"href":"https:\/\/incit.org\/pl\/wp-json\/wp\/v2\/tags?post=40802"}],"curies":[{"name":"wp","href":"https:\/\/api.w.org\/{rel}","templated":true}]}}