{"id":7494,"date":"2023-01-26T17:10:19","date_gmt":"2023-01-26T09:10:19","guid":{"rendered":"https:\/\/incit.org\/?p=7494"},"modified":"2025-04-17T17:13:02","modified_gmt":"2025-04-17T09:13:02","slug":"world-leaders-gathered-at-world-economic-forum-annual-meeting-2023","status":"publish","type":"post","link":"https:\/\/incit.org\/pl\/newsroom\/world-leaders-gathered-at-world-economic-forum-annual-meeting-2023\/","title":{"rendered":"Przyw\u00f3dcy \u015bwiata zebrali si\u0119 na dorocznym spotkaniu \u015awiatowego Forum Ekonomicznego 2023"},"content":{"rendered":"<p><img decoding=\"async\" class=\"aligncenter\" src=\"https:\/\/assets.incit.org\/wp-content\/uploads\/2023\/01\/10111219\/samson-ZGjbiukp_-A-unsplash-11.jpg\" \/><\/p>\r\n<p>W dniach od 16 do 20 stycznia 2023 r. \u015bwiatowi przyw\u00f3dcy zgromadzili si\u0119 w <a href=\"https:\/\/www.weforum.org\/events\/world-economic-forum-annual-meeting-2023\" target=\"_blank\" rel=\"noreferrer noopener\">Roczne spotkanie \u015awiatowego Forum Ekonomicznego (WEF) 2023<\/a> w Davos w Szwajcarii, aby om\u00f3wi\u0107 tematyk\u0119 \u201eWsp\u00f3\u0142praca w rozdrobnionym \u015bwiecie\u201d.\u00a0<\/p>\r\n\r\n\r\n\r\n<p>Wydarzenie to upami\u0119tni\u0142o 53.<sup>rd<\/sup> iteracja corocznego spotkania WEF, potwierdzaj\u0105ca warto\u015b\u0107 i konieczno\u015b\u0107 dialogu oraz wsp\u00f3\u0142pracy publiczno-prywatnej. Liderzy om\u00f3wili r\u00f3wnie\u017c, w jaki spos\u00f3b mo\u017cna rozwi\u0105za\u0107 problemy spo\u0142eczno-ekonomiczne i geopolityczne oraz kryzysy, z kt\u00f3rymi \u015bwiat nadal si\u0119 zmaga, po wyj\u015bciu ze skutk\u00f3w pandemii COVID-19.\u00a0<\/p>\r\n\r\n\r\n\r\n<p>Dowiedz si\u0119, w jaki spos\u00f3b liderzy w rz\u0105dzie, biznesie i spo\u0142eczno\u015bci staraj\u0105 si\u0119 wprowadza\u0107 zmiany i rozwi\u0105zywa\u0107 problemy dnia dzisiejszego i jutrzejszego, w obliczu niespotykanej dot\u0105d niepewno\u015bci klimatycznej, finansowej i spo\u0142ecznej <a href=\"https:\/\/www.weforum.org\/events\/world-economic-forum-annual-meeting-2023\/about\/digital-members-programme\" target=\"_blank\" rel=\"noreferrer noopener\">Tutaj<\/a>.\u00a0<\/p>","protected":false},"excerpt":{"rendered":"<p>Od 16 stycznia do 20 stycznia 2023 r. \u015bwiatowi przyw\u00f3dcy zgromadzili si\u0119 na dorocznym spotkaniu \u015awiatowego Forum Ekonomicznego (WEF) 2023 w Davos w Szwajcarii, aby om\u00f3wi\u0107 tematy wok\u00f3\u0142 tematu \u201eWsp\u00f3\u0142praca w rozdrobnionym \u015bwiecie\u201d. Wydarzenie to by\u0142o 53. edycj\u0105 corocznego spotkania WEF, potwierdzaj\u0105c warto\u015b\u0107 i konieczno\u015b\u0107 dialogu oraz wsp\u00f3\u0142pracy publiczno-prywatnej. Przyw\u00f3dcy [\u2026]<\/p>","protected":false},"author":3,"featured_media":7495,"comment_status":"open","ping_status":"open","sticky":false,"template":"","format":"standard","meta":{"_acf_changed":false,"footnotes":""},"categories":[18],"tags":[44,58],"class_list":["post-7494","post","type-post","status-publish","format-standard","has-post-thumbnail","hentry","category-newsroom","tag-spotlight","tag-world-economic-forum"],"acf":{"featured_post":false},"_links":{"self":[{"href":"https:\/\/incit.org\/pl\/wp-json\/wp\/v2\/posts\/7494","targetHints":{"allow":["GET"]}}],"collection":[{"href":"https:\/\/incit.org\/pl\/wp-json\/wp\/v2\/posts"}],"about":[{"href":"https:\/\/incit.org\/pl\/wp-json\/wp\/v2\/types\/post"}],"author":[{"embeddable":true,"href":"https:\/\/incit.org\/pl\/wp-json\/wp\/v2\/users\/3"}],"replies":[{"embeddable":true,"href":"https:\/\/incit.org\/pl\/wp-json\/wp\/v2\/comments?post=7494"}],"version-history":[{"count":2,"href":"https:\/\/incit.org\/pl\/wp-json\/wp\/v2\/posts\/7494\/revisions"}],"predecessor-version":[{"id":35515,"href":"https:\/\/incit.org\/pl\/wp-json\/wp\/v2\/posts\/7494\/revisions\/35515"}],"wp:featuredmedia":[{"embeddable":true,"href":"https:\/\/incit.org\/pl\/wp-json\/wp\/v2\/media\/7495"}],"wp:attachment":[{"href":"https:\/\/incit.org\/pl\/wp-json\/wp\/v2\/media?parent=7494"}],"wp:term":[{"taxonomy":"category","embeddable":true,"href":"https:\/\/incit.org\/pl\/wp-json\/wp\/v2\/categories?post=7494"},{"taxonomy":"post_tag","embeddable":true,"href":"https:\/\/incit.org\/pl\/wp-json\/wp\/v2\/tags?post=7494"}],"curies":[{"name":"wp","href":"https:\/\/api.w.org\/{rel}","templated":true}]}}