{"id":40802,"date":"2025-10-10T09:00:15","date_gmt":"2025-10-10T01:00:15","guid":{"rendered":"https:\/\/incit.org\/?p=40802"},"modified":"2025-10-10T13:08:56","modified_gmt":"2025-10-10T05:08:56","slug":"nextgen-manufacturing-summit-africa-2025","status":"publish","type":"post","link":"https:\/\/incit.org\/pt\/newsroom\/nextgen-manufacturing-summit-africa-2025\/","title":{"rendered":"NextGen Manufacturing Summit \u00c1frica 2025: \u00c1frica 4.0: Moldando o Futuro da Manufatura Africana"},"content":{"rendered":"<p><img fetchpriority=\"high\" decoding=\"async\" class=\"size-large wp-image-40853 alignnone\" src=\"https:\/\/assets.incit.org\/wp-content\/uploads\/2025\/10\/09222411\/Newsletter-2-1024x576.jpg\" alt=\"\" width=\"800\" height=\"450\" srcset=\"https:\/\/assets.incit.org\/wp-content\/uploads\/2025\/10\/09222411\/Newsletter-2-1024x576.jpg 1024w, https:\/\/assets.incit.org\/wp-content\/uploads\/2025\/10\/09222411\/Newsletter-2-300x169.jpg 300w, https:\/\/assets.incit.org\/wp-content\/uploads\/2025\/10\/09222411\/Newsletter-2-768x432.jpg 768w, https:\/\/assets.incit.org\/wp-content\/uploads\/2025\/10\/09222411\/Newsletter-2-1536x864.jpg 1536w, https:\/\/assets.incit.org\/wp-content\/uploads\/2025\/10\/09222411\/Newsletter-2-2048x1152.jpg 2048w, https:\/\/assets.incit.org\/wp-content\/uploads\/2025\/10\/09222411\/Newsletter-2-18x10.jpg 18w\" sizes=\"(max-width: 800px) 100vw, 800px\" \/><\/p>\n<p><span data-contrast=\"auto\">NextGen Manufacturing Summit \u00c1frica 2025: \u00c1frica 4.0: Moldando o Futuro da Manufatura Africana\u00a0<\/span><span data-ccp-props=\"{}\">\u00a0<\/span><\/p>\n<p><span data-contrast=\"auto\">O recente <\/span><b><span data-contrast=\"auto\">C\u00fapula de Manufatura NextGen \u00c1frica 2025<\/span><\/b><span data-contrast=\"auto\"> marcou um momento decisivo para o futuro industrial do continente, reunindo as principais partes interessadas de toda a \u00c1frica e do mundo para promover a vis\u00e3o da \u201c\u00c1frica 4.0\u201d.<\/span><span data-ccp-props=\"{}\">\u00a0<\/span><\/p>\n<p><img decoding=\"async\" class=\"size-large wp-image-40854 alignnone\" src=\"https:\/\/assets.incit.org\/wp-content\/uploads\/2025\/10\/09222448\/Newsletter-1-1024x576.jpg\" alt=\"\" width=\"800\" height=\"450\" srcset=\"https:\/\/assets.incit.org\/wp-content\/uploads\/2025\/10\/09222448\/Newsletter-1-1024x576.jpg 1024w, https:\/\/assets.incit.org\/wp-content\/uploads\/2025\/10\/09222448\/Newsletter-1-300x169.jpg 300w, https:\/\/assets.incit.org\/wp-content\/uploads\/2025\/10\/09222448\/Newsletter-1-768x432.jpg 768w, https:\/\/assets.incit.org\/wp-content\/uploads\/2025\/10\/09222448\/Newsletter-1-1536x864.jpg 1536w, https:\/\/assets.incit.org\/wp-content\/uploads\/2025\/10\/09222448\/Newsletter-1-2048x1152.jpg 2048w, https:\/\/assets.incit.org\/wp-content\/uploads\/2025\/10\/09222448\/Newsletter-1-18x10.jpg 18w\" sizes=\"(max-width: 800px) 100vw, 800px\" \/><\/p>\n<p><span data-contrast=\"auto\">Com mais de <\/span><b><span data-contrast=\"auto\">1.200 participantes presentes pessoalmente<\/span><\/b><span data-contrast=\"auto\"> e um adicional <\/span><b><span data-contrast=\"auto\">1.000 inscritos online<\/span><\/b><span data-contrast=\"auto\">, o evento demonstrou o crescente impulso e a ambi\u00e7\u00e3o coletiva de transformar o cen\u00e1rio industrial da \u00c1frica por meio da inova\u00e7\u00e3o, sustentabilidade e colabora\u00e7\u00e3o.<\/span><span data-ccp-props=\"{}\">\u00a0<\/span><\/p>\n<p><span data-contrast=\"auto\">O <\/span><b><span data-contrast=\"auto\">Centro Internacional para a Transforma\u00e7\u00e3o Industrial (INCIT)<\/span><\/b><span data-contrast=\"auto\"> teve a honra de proferir o discurso principal na c\u00fapula. CEO <\/span><b><span data-contrast=\"auto\">Senhor Raimund Klein<\/span><\/b><span data-contrast=\"auto\"> compartilhou a perspectiva do INCIT sobre os caminhos estrat\u00e9gicos necess\u00e1rios para que a \u00c1frica libere seu potencial de manufatura e alcance um crescimento sustent\u00e1vel e inclusivo na Quarta Revolu\u00e7\u00e3o Industrial (4IR).\u00a0<\/span><span data-ccp-props=\"{}\">\u00a0<\/span><\/p>\n<p><span data-contrast=\"auto\">Em seu discurso, o Sr. Raimund enfatizou tr\u00eas pilares fundamentais para a transforma\u00e7\u00e3o:<\/span><span data-ccp-props=\"{}\">\u00a0<\/span><\/p>\n<ul>\n<li aria-setsize=\"-1\" data-leveltext=\"\uf0b7\" data-font=\"Symbol\" data-listid=\"1\" data-list-defn-props=\"{&quot;335552541&quot;:1,&quot;335559685&quot;:720,&quot;335559991&quot;:360,&quot;469769226&quot;:&quot;Symbol&quot;,&quot;469769242&quot;:[8226],&quot;469777803&quot;:&quot;left&quot;,&quot;469777804&quot;:&quot;\uf0b7&quot;,&quot;469777815&quot;:&quot;multilevel&quot;}\" data-aria-posinset=\"1\" data-aria-level=\"1\"><b><span data-contrast=\"auto\">Ado\u00e7\u00e3o de Tecnologias Avan\u00e7adas de Fabrica\u00e7\u00e3o<\/span><\/b><span data-ccp-props=\"{}\">\u00a0<\/span><\/li>\n<\/ul>\n<ul>\n<li aria-setsize=\"-1\" data-leveltext=\"\uf0b7\" data-font=\"Symbol\" data-listid=\"1\" data-list-defn-props=\"{&quot;335552541&quot;:1,&quot;335559685&quot;:720,&quot;335559991&quot;:360,&quot;469769226&quot;:&quot;Symbol&quot;,&quot;469769242&quot;:[8226],&quot;469777803&quot;:&quot;left&quot;,&quot;469777804&quot;:&quot;\uf0b7&quot;,&quot;469777815&quot;:&quot;multilevel&quot;}\" data-aria-posinset=\"2\" data-aria-level=\"1\"><b><span data-contrast=\"auto\">Import\u00e2ncia do Desenvolvimento de Talentos<\/span><\/b><span data-ccp-props=\"{}\">\u00a0<\/span><\/li>\n<\/ul>\n<ul>\n<li aria-setsize=\"-1\" data-leveltext=\"\uf0b7\" data-font=\"Symbol\" data-listid=\"1\" data-list-defn-props=\"{&quot;335552541&quot;:1,&quot;335559685&quot;:720,&quot;335559991&quot;:360,&quot;469769226&quot;:&quot;Symbol&quot;,&quot;469769242&quot;:[8226],&quot;469777803&quot;:&quot;left&quot;,&quot;469777804&quot;:&quot;\uf0b7&quot;,&quot;469777815&quot;:&quot;multilevel&quot;}\" data-aria-posinset=\"3\" data-aria-level=\"1\"><b><span data-contrast=\"auto\">Tomada de decis\u00e3o baseada em dados e crescimento industrial<\/span><\/b><span data-ccp-props=\"{}\">\u00a0<\/span><\/li>\n<\/ul>\n<p><span data-contrast=\"auto\">Ele tamb\u00e9m apresentou as ferramentas mundialmente reconhecidas do INCIT, incluindo o <\/span><b><span data-contrast=\"auto\">\u00cdndice de Prontid\u00e3o da Ind\u00fastria Inteligente (SIRI)<\/span><\/b><span data-contrast=\"auto\">, como estruturas pr\u00e1ticas que podem orientar empresas africanas na avalia\u00e7\u00e3o de sua maturidade digital e no planejamento de jornadas de transforma\u00e7\u00e3o estruturadas.<\/span><span data-ccp-props=\"{}\">\u00a0<\/span><\/p>\n<p><span data-contrast=\"auto\">O sucesso da cimeira foi poss\u00edvel gra\u00e7as aos esfor\u00e7os vision\u00e1rios de <\/span><b><span data-contrast=\"auto\">UM6P TechniX<\/span><\/b><span data-contrast=\"auto\">, <\/span><b><span data-contrast=\"auto\">ONUDI<\/span><\/b><span data-contrast=\"auto\">, <\/span><b><span data-contrast=\"auto\">AISMA<\/span><\/b><span data-contrast=\"auto\">, e <\/span><b><span data-contrast=\"auto\">FEIRA DE HANNOVER<\/span><\/b><span data-contrast=\"auto\">, cuja lideran\u00e7a colaborativa fomentou uma plataforma din\u00e2mica para di\u00e1logo, idea\u00e7\u00e3o e parceria. A atmosfera estava carregada de energia, refletindo um compromisso compartilhado para catalisar o crescimento de um setor manufatureiro africano competitivo e impulsionado pela tecnologia.<\/span><span data-ccp-props=\"{}\">\u00a0<\/span><\/p>\n<p><span data-contrast=\"auto\">Desde pain\u00e9is de discuss\u00e3o a workshops interativos, os participantes exploraram estrat\u00e9gias para <\/span><b><span data-contrast=\"auto\">localizar as melhores pr\u00e1ticas globais<\/span><\/b><span data-contrast=\"auto\">, <\/span><b><span data-contrast=\"auto\">fomentar ecossistemas de inova\u00e7\u00e3o<\/span><\/b><span data-contrast=\"auto\">, e <\/span><b><span data-contrast=\"auto\">criar ambientes prop\u00edcios<\/span><\/b><span data-contrast=\"auto\"> que apoiam o crescimento empresarial e a diversifica\u00e7\u00e3o industrial.<\/span><span data-ccp-props=\"{}\">\u00a0<\/span><\/p>\n<p><b><span data-contrast=\"auto\">Olhando para o futuro: o papel da \u00c1frica na ind\u00fastria global<\/span><\/b><span data-ccp-props=\"{}\">\u00a0<\/span><\/p>\n<p><span data-contrast=\"auto\">O entusiasmo e a vis\u00e3o compartilhados durante a c\u00fapula reafirmaram a prontid\u00e3o da \u00c1frica para liderar a constru\u00e7\u00e3o do futuro da ind\u00fastria manufatureira global. A INCIT tem orgulho de apoiar essa jornada e continua comprometida em colaborar com governos, l\u00edderes da ind\u00fastria e parceiros de desenvolvimento em todo o continente.<\/span><span data-ccp-props=\"{}\">\u00a0<\/span><\/p>\n<p>&nbsp;<\/p>\n<p><span data-contrast=\"auto\">\u00c0 medida que a \u00c1frica continua a adotar a 4IR, as oportunidades para ampliar o impacto, impulsionar a resili\u00eancia e capacitar a pr\u00f3xima gera\u00e7\u00e3o de fabricantes s\u00e3o ilimitadas. A INCIT espera aprofundar seu engajamento e contribuir para um novo e ousado cap\u00edtulo na industrializa\u00e7\u00e3o africana.<\/span><span data-ccp-props=\"{}\">\u00a0<\/span><\/p>\n<p><span data-contrast=\"auto\">Para mais detalhes e atualiza\u00e7\u00f5es, siga nosso an\u00fancio no LinkedIn<\/span><a href=\"https:\/\/www.linkedin.com\/company\/international-centre-for-industrial-transformation-ltd\" target=\"_blank\" rel=\"noopener\"><span data-contrast=\"none\">aqui<\/span><\/a><span data-contrast=\"auto\">\u202f \u202f<\/span><span data-ccp-props=\"{}\">\u00a0<\/span><\/p>\n<p><span data-contrast=\"auto\">Para colabora\u00e7\u00e3o e mais informa\u00e7\u00f5es, entre em contato<\/span><a href=\"mailto:contact@incit.org\"><span data-contrast=\"none\">contact@incit.org<\/span><\/a><span data-contrast=\"auto\">ou pergunte<\/span><a href=\"https:\/\/incit.org\/pt\/contact-us\/\"><span data-contrast=\"none\">IC4IT<\/span><\/a><span data-ccp-props=\"{}\">\u00a0<\/span><\/p>","protected":false},"excerpt":{"rendered":"<p>NextGen Manufacturing Summit Africa 2025: \u00c1frica 4.0: moldando o futuro da manufatura africana O recente NextGen Manufacturing Summit Africa 2025 marcou um momento decisivo para o futuro industrial do continente, reunindo as principais partes interessadas de toda a \u00c1frica e do mundo para promover a vis\u00e3o da \u201c\u00c1frica 4.0\u201d. Com mais de 1.200 participantes presentes pessoalmente e um [\u2026]<\/p>","protected":false},"author":1,"featured_media":40853,"comment_status":"closed","ping_status":"open","sticky":false,"template":"","format":"standard","meta":{"_acf_changed":false,"footnotes":""},"categories":[18],"tags":[299,298,300,14],"class_list":["post-40802","post","type-post","status-publish","format-standard","has-post-thumbnail","hentry","category-newsroom","tag-africamanufacturing","tag-digitaltransformation","tag-industry40","tag-siri"],"acf":{"featured_post":true},"_links":{"self":[{"href":"https:\/\/incit.org\/pt\/wp-json\/wp\/v2\/posts\/40802","targetHints":{"allow":["GET"]}}],"collection":[{"href":"https:\/\/incit.org\/pt\/wp-json\/wp\/v2\/posts"}],"about":[{"href":"https:\/\/incit.org\/pt\/wp-json\/wp\/v2\/types\/post"}],"author":[{"embeddable":true,"href":"https:\/\/incit.org\/pt\/wp-json\/wp\/v2\/users\/1"}],"replies":[{"embeddable":true,"href":"https:\/\/incit.org\/pt\/wp-json\/wp\/v2\/comments?post=40802"}],"version-history":[{"count":3,"href":"https:\/\/incit.org\/pt\/wp-json\/wp\/v2\/posts\/40802\/revisions"}],"predecessor-version":[{"id":40867,"href":"https:\/\/incit.org\/pt\/wp-json\/wp\/v2\/posts\/40802\/revisions\/40867"}],"wp:featuredmedia":[{"embeddable":true,"href":"https:\/\/incit.org\/pt\/wp-json\/wp\/v2\/media\/40853"}],"wp:attachment":[{"href":"https:\/\/incit.org\/pt\/wp-json\/wp\/v2\/media?parent=40802"}],"wp:term":[{"taxonomy":"category","embeddable":true,"href":"https:\/\/incit.org\/pt\/wp-json\/wp\/v2\/categories?post=40802"},{"taxonomy":"post_tag","embeddable":true,"href":"https:\/\/incit.org\/pt\/wp-json\/wp\/v2\/tags?post=40802"}],"curies":[{"name":"wp","href":"https:\/\/api.w.org\/{rel}","templated":true}]}}