{"id":7494,"date":"2023-01-26T17:10:19","date_gmt":"2023-01-26T09:10:19","guid":{"rendered":"https:\/\/incit.org\/?p=7494"},"modified":"2025-04-17T17:13:02","modified_gmt":"2025-04-17T09:13:02","slug":"world-leaders-gathered-at-world-economic-forum-annual-meeting-2023","status":"publish","type":"post","link":"https:\/\/incit.org\/pt\/newsroom\/world-leaders-gathered-at-world-economic-forum-annual-meeting-2023\/","title":{"rendered":"L\u00edderes mundiais reunidos na Reuni\u00e3o Anual do F\u00f3rum Econ\u00f4mico Mundial de 2023"},"content":{"rendered":"<p><img decoding=\"async\" class=\"aligncenter\" src=\"https:\/\/assets.incit.org\/wp-content\/uploads\/2023\/01\/10111219\/samson-ZGjbiukp_-A-unsplash-11.jpg\" \/><\/p>\r\n<p>De 16 a 20 de janeiro de 2023, os l\u00edderes mundiais se reuniram na <a href=\"https:\/\/www.weforum.org\/events\/world-economic-forum-annual-meeting-2023\" target=\"_blank\" rel=\"noreferrer noopener\">Reuni\u00e3o Anual do F\u00f3rum Econ\u00f4mico Mundial (FEM) de 2023<\/a> em Davos, Su\u00ed\u00e7a, para discutir t\u00f3picos em torno do tema \u201cCoopera\u00e7\u00e3o em um mundo fragmentado\u201d.\u00a0<\/p>\r\n\r\n\r\n\r\n<p>O evento marcou o 53\u00ba<sup>rd<\/sup> itera\u00e7\u00e3o da reuni\u00e3o anual do F\u00f3rum Econ\u00f4mico Mundial, reafirmando o valor e a import\u00e2ncia do di\u00e1logo e da coopera\u00e7\u00e3o p\u00fablico-privada. Os l\u00edderes tamb\u00e9m discutiram como as quest\u00f5es e crises socioecon\u00f4micas e geopol\u00edticas que o mundo continua a enfrentar podem ser enfrentadas \u00e0 medida que o pa\u00eds supera as consequ\u00eancias da pandemia de COVID-19.\u00a0<\/p>\r\n\r\n\r\n\r\n<p>Descubra como os l\u00edderes do governo, das empresas e da comunidade est\u00e3o buscando impulsionar mudan\u00e7as e resolver os problemas de hoje e de amanh\u00e3, em um cen\u00e1rio de incertezas clim\u00e1ticas, financeiras e sociais sem precedentes. <a href=\"https:\/\/www.weforum.org\/events\/world-economic-forum-annual-meeting-2023\/about\/digital-members-programme\" target=\"_blank\" rel=\"noreferrer noopener\">aqui<\/a>.\u00a0<\/p>","protected":false},"excerpt":{"rendered":"<p>De 16 a 20 de janeiro de 2023, l\u00edderes mundiais se reuniram na Reuni\u00e3o Anual do F\u00f3rum Econ\u00f4mico Mundial (FEM) de 2023, em Davos, Su\u00ed\u00e7a, para discutir temas relacionados ao tema &quot;Coopera\u00e7\u00e3o em um Mundo Fragmentado&quot;. O evento marcou a 53\u00aa edi\u00e7\u00e3o da reuni\u00e3o anual do FEM, reafirmando o valor e a import\u00e2ncia do di\u00e1logo e da coopera\u00e7\u00e3o p\u00fablico-privada. L\u00edderes [\u2026]<\/p>","protected":false},"author":3,"featured_media":7495,"comment_status":"open","ping_status":"open","sticky":false,"template":"","format":"standard","meta":{"_acf_changed":false,"footnotes":""},"categories":[18],"tags":[44,58],"class_list":["post-7494","post","type-post","status-publish","format-standard","has-post-thumbnail","hentry","category-newsroom","tag-spotlight","tag-world-economic-forum"],"acf":{"featured_post":false},"_links":{"self":[{"href":"https:\/\/incit.org\/pt\/wp-json\/wp\/v2\/posts\/7494","targetHints":{"allow":["GET"]}}],"collection":[{"href":"https:\/\/incit.org\/pt\/wp-json\/wp\/v2\/posts"}],"about":[{"href":"https:\/\/incit.org\/pt\/wp-json\/wp\/v2\/types\/post"}],"author":[{"embeddable":true,"href":"https:\/\/incit.org\/pt\/wp-json\/wp\/v2\/users\/3"}],"replies":[{"embeddable":true,"href":"https:\/\/incit.org\/pt\/wp-json\/wp\/v2\/comments?post=7494"}],"version-history":[{"count":2,"href":"https:\/\/incit.org\/pt\/wp-json\/wp\/v2\/posts\/7494\/revisions"}],"predecessor-version":[{"id":35515,"href":"https:\/\/incit.org\/pt\/wp-json\/wp\/v2\/posts\/7494\/revisions\/35515"}],"wp:featuredmedia":[{"embeddable":true,"href":"https:\/\/incit.org\/pt\/wp-json\/wp\/v2\/media\/7495"}],"wp:attachment":[{"href":"https:\/\/incit.org\/pt\/wp-json\/wp\/v2\/media?parent=7494"}],"wp:term":[{"taxonomy":"category","embeddable":true,"href":"https:\/\/incit.org\/pt\/wp-json\/wp\/v2\/categories?post=7494"},{"taxonomy":"post_tag","embeddable":true,"href":"https:\/\/incit.org\/pt\/wp-json\/wp\/v2\/tags?post=7494"}],"curies":[{"name":"wp","href":"https:\/\/api.w.org\/{rel}","templated":true}]}}