{"id":8245,"date":"2023-02-20T12:51:33","date_gmt":"2023-02-20T04:51:33","guid":{"rendered":"https:\/\/incit.org\/?p=8245"},"modified":"2025-04-17T16:41:13","modified_gmt":"2025-04-17T08:41:13","slug":"incit-announces-senior-appointment-in-emea","status":"publish","type":"post","link":"https:\/\/incit.org\/pt\/newsroom\/incit-announces-senior-appointment-in-emea\/","title":{"rendered":"INCIT anuncia nomea\u00e7\u00e3o s\u00eanior na EMEA"},"content":{"rendered":"<p><img decoding=\"async\" class=\"aligncenter\" src=\"https:\/\/assets.incit.org\/wp-content\/uploads\/2023\/02\/10111227\/pexels-pixabay-41949.jpg\" \/><\/p>\r\n<p>A INCIT anunciou uma nova nomea\u00e7\u00e3o s\u00eanior, impulsionando a expans\u00e3o internacional de suas opera\u00e7\u00f5es pelo think tank global. Aykut Yeni foi nomeado Diretor de Desenvolvimento de Neg\u00f3cios para atender a regi\u00e3o EMEA (Europa, Oriente M\u00e9dio e \u00c1frica) e desenvolver a equipe de Parceiros e Membros de An\u00e1lise de Dados da INCIT.\u00a0<\/p>\r\n\r\n\r\n\r\n<p>A INCIT est\u00e1 expandindo rapidamente sua presen\u00e7a nessa regi\u00e3o e, com essa nomea\u00e7\u00e3o, poder\u00e1 atender melhor clientes novos e existentes dentro de seus pr\u00f3prios fusos hor\u00e1rios.\u00a0\u00a0<\/p>\r\n\r\n\r\n\r\n<p>Aykut \u00e9 um especialista s\u00eanior em manufatura e traz consigo mais de 15 anos de experi\u00eancia em diversos neg\u00f3cios em contexto internacional. Engenheiro e consultor de manufatura altamente qualificado, como Lean Six Sigma Master Black Belt e avaliador, trabalhou em estreita colabora\u00e7\u00e3o com empresas de primeira linha e assessorou diversas empresas nos setores automotivo e aeroespacial em todo o mundo.\u00a0\u00a0<\/p>\r\n\r\n\r\n\r\n<p>O CEO da INCIT, Raimund Klein, comentou sobre a nomea\u00e7\u00e3o: \u201cEstamos entusiasmados em receber Aykut em nossa crescente equipe global. A experi\u00eancia e os insights de Aykut ser\u00e3o de grande valor para nossos parceiros e clientes na regi\u00e3o, \u00e0 medida que eles se voltam para a acelera\u00e7\u00e3o da Ind\u00fastria 4.0. Continuamos comprometidos com o avan\u00e7o do setor manufatureiro global e esta nomea\u00e7\u00e3o reflete isso.\u201d\u00a0<\/p>\r\n\r\n\r\n\r\n<p>Aykut oferece servi\u00e7os de avalia\u00e7\u00e3o de maturidade digital, treinamento e consultoria, al\u00e9m de auxiliar fabricantes a obter insights profundos que podem ajudar a acelerar seus neg\u00f3cios e a transforma\u00e7\u00e3o digital. Ele \u00e9 um profissional certificado <a href=\"https:\/\/incit.org\/pt\/services\/siri\/\" target=\"_blank\" rel=\"noreferrer noopener\">\u00cdndice de Prontid\u00e3o da Ind\u00fastria Inteligente (SIRI)<\/a> Avaliador e <a href=\"https:\/\/incit.org\/pt\/services\/cosiri\/\" target=\"_blank\" rel=\"noreferrer noopener\">\u00cdndice de Prepara\u00e7\u00e3o da Ind\u00fastria para a Sustentabilidade do Consumidor (COSIRI)<\/a> avaliador e traz para a mesa experi\u00eancia adicional em Otimiza\u00e7\u00e3o da Cadeia de Suprimentos, Transforma\u00e7\u00e3o Digital e Otimiza\u00e7\u00e3o de Processos.<\/p>\r\n\r\n\r\n\r\n<p><strong>Consultas da m\u00eddia<\/strong>\u00a0<\/p>\r\n\r\n\r\n\r\n<p>J\u00e9ssica Melky-Macnamara\u00a0<br \/>Grupo Manning e Co\u00a0\u00a0<br \/><a href=\"mailto:Jessica@manningandcogroup.com\" target=\"_blank\" rel=\"noreferrer noopener\">Jessica@manningandcogroup.com<\/a>\u00a0<br \/>+61 411 586 244\u00a0<\/p>\r\n\r\n\r\n\r\n<p><strong>Sobre o INCIT<\/strong><\/p>\r\n\r\n\r\n\r\n<p>Fundado com o objetivo de liderar a transforma\u00e7\u00e3o global da manufatura, o Centro Internacional para a Transforma\u00e7\u00e3o Industrial (INCIT) defende as jornadas da Ind\u00fastria 4.0 dos fabricantes e a ascens\u00e3o global da manufatura inteligente. O INCIT \u00e9 um instituto independente e n\u00e3o governamental que desenvolve e implementa estruturas, ferramentas, conceitos e programas de refer\u00eancia global para todas as partes interessadas na manufatura, a fim de ajudar a impulsionar a transforma\u00e7\u00e3o digital.\u00a0\u00a0\u00a0<\/p>","protected":false},"excerpt":{"rendered":"<p>A INCIT anunciou uma nova nomea\u00e7\u00e3o s\u00eanior, impulsionando a expans\u00e3o internacional de suas opera\u00e7\u00f5es pelo think tank global. Aykut Yeni foi nomeado Diretor de Desenvolvimento de Neg\u00f3cios para atender a regi\u00e3o EMEA (Europa, Oriente M\u00e9dio e \u00c1frica) e desenvolver a Associa\u00e7\u00e3o de Parceiros e An\u00e1lise de Dados da INCIT. A INCIT est\u00e1 expandindo rapidamente sua presen\u00e7a nessa regi\u00e3o e, com isso, [\u2026]<\/p>","protected":false},"author":3,"featured_media":8248,"comment_status":"closed","ping_status":"open","sticky":false,"template":"","format":"standard","meta":{"_acf_changed":false,"footnotes":""},"categories":[18],"tags":[63,64,44],"class_list":["post-8245","post","type-post","status-publish","format-standard","has-post-thumbnail","hentry","category-newsroom","tag-announcement","tag-emea","tag-spotlight"],"acf":{"featured_post":false},"_links":{"self":[{"href":"https:\/\/incit.org\/pt\/wp-json\/wp\/v2\/posts\/8245","targetHints":{"allow":["GET"]}}],"collection":[{"href":"https:\/\/incit.org\/pt\/wp-json\/wp\/v2\/posts"}],"about":[{"href":"https:\/\/incit.org\/pt\/wp-json\/wp\/v2\/types\/post"}],"author":[{"embeddable":true,"href":"https:\/\/incit.org\/pt\/wp-json\/wp\/v2\/users\/3"}],"replies":[{"embeddable":true,"href":"https:\/\/incit.org\/pt\/wp-json\/wp\/v2\/comments?post=8245"}],"version-history":[{"count":2,"href":"https:\/\/incit.org\/pt\/wp-json\/wp\/v2\/posts\/8245\/revisions"}],"predecessor-version":[{"id":35498,"href":"https:\/\/incit.org\/pt\/wp-json\/wp\/v2\/posts\/8245\/revisions\/35498"}],"wp:featuredmedia":[{"embeddable":true,"href":"https:\/\/incit.org\/pt\/wp-json\/wp\/v2\/media\/8248"}],"wp:attachment":[{"href":"https:\/\/incit.org\/pt\/wp-json\/wp\/v2\/media?parent=8245"}],"wp:term":[{"taxonomy":"category","embeddable":true,"href":"https:\/\/incit.org\/pt\/wp-json\/wp\/v2\/categories?post=8245"},{"taxonomy":"post_tag","embeddable":true,"href":"https:\/\/incit.org\/pt\/wp-json\/wp\/v2\/tags?post=8245"}],"curies":[{"name":"wp","href":"https:\/\/api.w.org\/{rel}","templated":true}]}}