{"id":8483,"date":"2023-03-29T10:02:00","date_gmt":"2023-03-29T02:02:00","guid":{"rendered":"https:\/\/incit.org\/?p=8483"},"modified":"2023-03-29T10:02:00","modified_gmt":"2023-03-29T02:02:00","slug":"digital-transformation-in-textile-manufacturing","status":"publish","type":"post","link":"https:\/\/incit.org\/pt\/thought-leadership\/digital-transformation-in-textile-manufacturing\/","title":{"rendered":"Como a transforma\u00e7\u00e3o digital est\u00e1 aumentando a produtividade na ind\u00fastria t\u00eaxtil"},"content":{"rendered":"<p><span data-contrast=\"auto\">Os t\u00eaxteis s\u00e3o <\/span><a href=\"https:\/\/www.grandviewresearch.com\/industry-analysis\/textile-market\" target=\"_blank\" rel=\"noopener\"><span data-contrast=\"none\">uma parte integrante<\/span><\/a><span data-contrast=\"auto\"> da vida cotidiana. De roupas e m\u00f3veis a roupas de cama e t\u00eaxteis m\u00e9dicos, como Equipamentos de Prote\u00e7\u00e3o Individual e m\u00e1scaras cir\u00fargicas, \u00e9 praticamente imposs\u00edvel viver sem eles.\u00a0<\/span><span data-ccp-props=\"{&quot;201341983&quot;:0,&quot;335559739&quot;:160,&quot;335559740&quot;:259}\">\u00a0<\/span><\/p>\n<p><span data-contrast=\"auto\">Para atender a essa demanda e, ao mesmo tempo, lidar com problemas na cadeia de suprimentos e custos crescentes de energia, os fabricantes t\u00eaxteis tiveram que encontrar maneiras de melhorar a produtividade criando mais com menos \u2014 e a transforma\u00e7\u00e3o digital pode ser a chave.<\/span><\/p>\n<h2><span class=\"TextRun SCXW155609638 BCX0\" lang=\"EN-GB\" xml:lang=\"EN-GB\" data-contrast=\"none\"><span class=\"NormalTextRun SCXW155609638 BCX0\" data-ccp-parastyle=\"heading 2\">Por que a transforma\u00e7\u00e3o digital \u00e9 importante para a ind\u00fastria t\u00eaxtil?<\/span><\/span><\/h2>\n<p><span data-contrast=\"auto\">O <\/span><a href=\"https:\/\/incit.org\/pt\/thought-leadership\/how-we-can-fix-the-worlds-recurring-productivity-problem-once-and-for-all\/\"><span data-contrast=\"none\">crise de produtividade<\/span><\/a><span data-contrast=\"auto\"> A situa\u00e7\u00e3o na ind\u00fastria manufatureira piorou nos \u00faltimos anos, especialmente na ind\u00fastria t\u00eaxtil. Tr\u00eas fatores desempenham um papel importante nisso.<\/span><span data-ccp-props=\"{&quot;201341983&quot;:0,&quot;335559739&quot;:160,&quot;335559740&quot;:259}\">\u00a0<\/span><\/p>\n<p><span data-contrast=\"auto\">Em primeiro lugar, a cadeia de abastecimento t\u00eaxtil era <\/span><a href=\"https:\/\/www.financialexpress.com\/industry\/pandemic-induced-supply-chain-disruption-in-the-fashion-world\/2566451\/\" target=\"_blank\" rel=\"noopener\"><span data-contrast=\"none\">gravemente afetado<\/span><\/a><span data-contrast=\"auto\"> pela pandemia e exp\u00f4s a vulnerabilidade da ind\u00fastria da moda e t\u00eaxtil a tais interrup\u00e7\u00f5es. Para melhor gerenciar as cadeias de suprimentos e mitigar interrup\u00e7\u00f5es, os fabricantes precisam permitir maior visibilidade de sua log\u00edstica e identificar tend\u00eancias, al\u00e9m de prever melhor a demanda. Os fabricantes t\u00eaxteis tamb\u00e9m precisam criar mais produtos com menos materiais. Isso destaca a necessidade de <\/span><a href=\"https:\/\/www.maersk.com\/insights\/digitalisation\/reduce-waste-with-digitalisation-in-logistics\" target=\"_blank\" rel=\"noopener\"><span data-contrast=\"none\">gest\u00e3o da cadeia de suprimentos digital<\/span><\/a><span data-contrast=\"auto\">.<\/span><span data-ccp-props=\"{&quot;201341983&quot;:0,&quot;335559739&quot;:160,&quot;335559740&quot;:259}\">\u00a0<\/span><\/p>\n<p><span data-contrast=\"auto\">Em segundo lugar, o <\/span><a href=\"https:\/\/www.fibre2fashion.com\/industry-article\/9495\/energy-crisis-and-its-impact-on-the-textile-industry\" target=\"_blank\" rel=\"noopener\"><span data-contrast=\"none\">crise energ\u00e9tica<\/span><\/a><span data-contrast=\"auto\"> A crise gerada por quest\u00f5es geopol\u00edticas aumentou os custos e causou muita turbul\u00eancia e dificuldades econ\u00f4micas aos pa\u00edses dependentes de energia, com cortes de energia resultando em jornadas de trabalho mais curtas. Assim, a promessa da transforma\u00e7\u00e3o digital e as vantagens de processos simplificados e economia de energia tornaram-se mais atraentes do que nunca.<\/span><span data-ccp-props=\"{&quot;201341983&quot;:0,&quot;335559739&quot;:160,&quot;335559740&quot;:259}\">\u00a0<\/span><\/p>\n<p><span data-contrast=\"auto\">Em terceiro lugar, os fabricantes t\u00eaxteis come\u00e7aram a embarcar em iniciativas verdes em resposta \u00e0s mudan\u00e7as no sentimento do consumidor, bem como \u00e0s mudan\u00e7as nas pol\u00edticas governamentais. Para estabelecer uma economia circular na fabrica\u00e7\u00e3o de t\u00eaxteis, os fabricantes devem ser capazes de rastrear os t\u00eaxteis desde a origem at\u00e9 o fim da vida \u00fatil. <\/span><a href=\"https:\/\/www.market-prospects.com\/articles\/sustainable-fashion-and-digital-innovation-trends-in-the-textile-industry\" target=\"_blank\" rel=\"noopener\"><span data-contrast=\"none\">CircularID<\/span><\/a><span data-contrast=\"auto\"> O projeto usa tecnologias blockchain e RFID para atingir esse objetivo e tamb\u00e9m informa os clientes por meio de c\u00f3digos QR sobre os tecidos usados para fazer o produto, sua origem e como recicl\u00e1-los.<\/span><span data-ccp-props=\"{&quot;201341983&quot;:0,&quot;335559739&quot;:160,&quot;335559740&quot;:259}\">\u00a0<\/span><\/p>\n<p><span data-contrast=\"auto\">O projeto CircularID permite maior transpar\u00eancia e visibilidade em toda a cadeia de suprimentos, garantindo que os materiais utilizados sejam produzidos ou obtidos de forma sustent\u00e1vel. Com esses identificadores, fica muito mais f\u00e1cil coletar, classificar, reutilizar e reciclar t\u00eaxteis em unidades de triagem totalmente automatizadas.<\/span><span data-ccp-props=\"{&quot;201341983&quot;:0,&quot;335559739&quot;:160,&quot;335559740&quot;:259}\">\u00a0<\/span><\/p>\n<h2><span class=\"NormalTextRun SCXW150114832 BCX0\" data-ccp-parastyle=\"heading 2\">Estudo de caso<\/span><span class=\"NormalTextRun SCXW150114832 BCX0\" data-ccp-parastyle=\"heading 2\">: <\/span><span class=\"NormalTextRun SCXW150114832 BCX0\" data-ccp-parastyle=\"heading 2\">Uni<\/span><span class=\"NormalTextRun SCXW150114832 BCX0\" data-ccp-parastyle=\"heading 2\">q<\/span><span class=\"NormalTextRun SCXW150114832 BCX0\" data-ccp-parastyle=\"heading 2\">lo<\/span> <span class=\"NormalTextRun SCXW150114832 BCX0\" data-ccp-parastyle=\"heading 2\">faz<\/span><span class=\"NormalTextRun SCXW150114832 BCX0\" data-ccp-parastyle=\"heading 2\"> &#039;mais verde&#039; <\/span><span class=\"NormalTextRun SCXW150114832 BCX0\" data-ccp-parastyle=\"heading 2\">jeans<\/span><\/h2>\n<p><span data-contrast=\"auto\">O jeans \u00e9 uma pe\u00e7a essencial no guarda-roupa global h\u00e1 quase um s\u00e9culo, gra\u00e7as \u00e0 sua apar\u00eancia atemporal e durabilidade. No entanto, a produ\u00e7\u00e3o de jeans <\/span><a href=\"https:\/\/goodonyou.eco\/material-guide-ethical-denim\/\" target=\"_blank\" rel=\"noopener\"><span data-contrast=\"none\">danos<\/span><\/a><span data-contrast=\"auto\"> o meio ambiente em grande parte.\u00a0<\/span><span data-ccp-props=\"{&quot;201341983&quot;:0,&quot;335559739&quot;:160,&quot;335559740&quot;:259}\">\u00a0<\/span><\/p>\n<p><span data-contrast=\"auto\">De acordo com algumas estimativas, um par de jeans requer <\/span><a href=\"https:\/\/levistrauss.com\/wp-content\/uploads\/2015\/03\/Full-LCA-Results-Deck-FINAL.pdf\" target=\"_blank\" rel=\"noopener\"><span data-contrast=\"none\">3.781 litros de \u00e1gua<\/span><\/a><span data-contrast=\"auto\"> para produzir. <\/span><span data-contrast=\"auto\">(Descobrir <a href=\"https:\/\/incit.org\/pt\/thought-leadership\/water-efficiency-in-manufacturing\/\">como melhorar a efici\u00eancia h\u00eddrica na fabrica\u00e7\u00e3o para construir um neg\u00f3cio mais sustent\u00e1vel.<\/a>)<\/span><span data-contrast=\"auto\"> Corantes t\u00f3xicos s\u00e3o frequentemente usados para criar a cor azul caracter\u00edstica, e a apar\u00eancia desbotada e desgastada geralmente \u00e9 obtida por meio de <\/span><a href=\"https:\/\/www.textileblog.com\/sandblasting-process-on-denim\/\" target=\"_blank\" rel=\"noopener\"><span data-contrast=\"none\">jateamento de areia<\/span><\/a><span data-contrast=\"auto\">, um processo trabalhoso que pode resultar em problemas de sa\u00fade para os trabalhadores.\u00a0<\/span><span data-ccp-props=\"{&quot;201341983&quot;:0,&quot;335559739&quot;:160,&quot;335559740&quot;:259}\">\u00a0<\/span><\/p>\n<p><span data-contrast=\"auto\">Felizmente, a digitaliza\u00e7\u00e3o e as novas tecnologias podem ajudar a resolver esses problemas.<\/span><span data-ccp-props=\"{&quot;201341983&quot;:0,&quot;335559739&quot;:160,&quot;335559740&quot;:259}\">\u00a0<\/span><\/p>\n<p><span data-contrast=\"auto\">Fabrica\u00e7\u00e3o <\/span><a href=\"https:\/\/www.uniqlo.com\/jp\/en\/contents\/sustainability\/planet\/products\/bluecyclejeans\/\" target=\"_blank\" rel=\"noopener\"><span data-contrast=\"none\">Cal\u00e7a jeans azul para ciclismo da Uniqlo<\/span><\/a><span data-contrast=\"auto\"> O processo de lavagem envolve menos \u00e1gua do que o jeans tradicional. As m\u00e1quinas de lavar com n\u00e9voa de oz\u00f4nio \u2013 que utilizam nanobolhas \u2013 reduzem significativamente a quantidade de \u00e1gua necess\u00e1ria para o processo de acabamento, em at\u00e9 99%. A Uniqlo tamb\u00e9m purifica e reutiliza as \u00e1guas residuais geradas no processo de fabrica\u00e7\u00e3o do jeans, reduzindo o volume total de \u00e1guas residuais.<\/span><span data-ccp-props=\"{&quot;201341983&quot;:0,&quot;335559739&quot;:160,&quot;335559740&quot;:259}\">\u00a0<\/span><\/p>\n<p><span data-contrast=\"auto\">Al\u00e9m disso, em vez do m\u00e9todo tradicional de jateamento de areia ou lixa, a Uniqlo usa lasers para obter uma apar\u00eancia &quot;desgastada&quot;, reduzindo simultaneamente a carga de trabalho e melhorando o ambiente de trabalho para os trabalhadores.\u00a0<\/span><\/p>\n<h2><span class=\"NormalTextRun SCXW84465460 BCX0\" data-ccp-parastyle=\"heading 2\">Quais s\u00e3o os maiores desafios<\/span> <span class=\"NormalTextRun SCXW84465460 BCX0\" data-ccp-parastyle=\"heading 2\">para<\/span> <span class=\"NormalTextRun SCXW84465460 BCX0\" data-ccp-parastyle=\"heading 2\">transforma\u00e7\u00e3o digital em <\/span><span class=\"NormalTextRun SCXW84465460 BCX0\" data-ccp-parastyle=\"heading 2\">o <\/span><span class=\"NormalTextRun SCXW84465460 BCX0\" data-ccp-parastyle=\"heading 2\">ind\u00fastria t\u00eaxtil<\/span><span class=\"NormalTextRun SCXW84465460 BCX0\" data-ccp-parastyle=\"heading 2\">?<\/span><\/h2>\n<p><span data-contrast=\"auto\">Instala\u00e7\u00f5es de fabrica\u00e7\u00e3o t\u00eaxtil s\u00e3o frequentemente encontradas em pa\u00edses subdesenvolvidos. Assim, um obst\u00e1culo cr\u00edtico \u00e0 transforma\u00e7\u00e3o digital \u00e9 o estado tipicamente prec\u00e1rio da infraestrutura e da rede de dados nesses locais. Aspectos b\u00e1sicos da manufatura inteligente que os pa\u00edses desenvolvidos podem considerar garantidos, como fornecimento confi\u00e1vel de energia el\u00e9trica e conectividade de internet decente, podem n\u00e3o estar dispon\u00edveis.<\/span><span data-ccp-props=\"{&quot;201341983&quot;:0,&quot;335559739&quot;:160,&quot;335559740&quot;:259}\">\u00a0<\/span><\/p>\n<p><span data-contrast=\"auto\">Em outras palavras, antes que a ind\u00fastria t\u00eaxtil possa evoluir e avan\u00e7ar, precisamos primeiro melhorar a infraestrutura b\u00e1sica. Isso exige uma grande quantidade de recursos e um forte comprometimento de diversas partes interessadas, geralmente na forma de <\/span><a href=\"http:\/\/vsi.gov.vn\/en\/news-supporting-industry\/digital-transformation-challenges-for-the-textile-industry-c1id781.html\" target=\"_blank\" rel=\"noopener\"><span data-contrast=\"none\">capital de investimento em tecnologia avan\u00e7ada<\/span><\/a><span data-contrast=\"auto\">. Infelizmente, os investidores podem ficar hesitantes em rela\u00e7\u00e3o a altos custos iniciais que n\u00e3o se mostram imediatamente ben\u00e9ficos.<\/span><span data-ccp-props=\"{&quot;201341983&quot;:0,&quot;335559739&quot;:160,&quot;335559740&quot;:259}\">\u00a0<\/span><\/p>\n<p><span data-contrast=\"auto\">Al\u00e9m disso, os trabalhadores em pa\u00edses subdesenvolvidos podem n\u00e3o estar equipados com as habilidades e o conhecimento necess\u00e1rios para apoiar e concretizar plenamente o potencial da transforma\u00e7\u00e3o da Ind\u00fastria 4.0. Para executar adequadamente a transforma\u00e7\u00e3o digital na ind\u00fastria t\u00eaxtil, os trabalhadores precisar\u00e3o ser qualificados ou requalificados \u2013 um feito que tamb\u00e9m exige recursos.<\/span><span data-ccp-props=\"{&quot;201341983&quot;:0,&quot;335559739&quot;:160,&quot;335559740&quot;:259}\">\u00a0<\/span><\/p>\n<h2><span class=\"TextRun SCXW24445796 BCX0\" lang=\"EN-GB\" xml:lang=\"EN-GB\" data-contrast=\"none\"><span class=\"NormalTextRun SCXW24445796 BCX0\" data-ccp-parastyle=\"heading 2\">Pr\u00f3ximos passos para transformar a produ\u00e7\u00e3o t\u00eaxtil<\/span><\/span><\/h2>\n<p><span data-contrast=\"auto\">A transforma\u00e7\u00e3o digital pode potencialmente melhorar significativamente a produtividade na ind\u00fastria t\u00eaxtil, uma vez que a adop\u00e7\u00e3o da Ind\u00fastria 4.0 na produ\u00e7\u00e3o t\u00eaxtil \u00e9 <\/span><a href=\"https:\/\/cambodianess.com\/article\/is-the-garment-industry-ready-for-industry-40\" target=\"_blank\" rel=\"noopener\"><span data-contrast=\"none\">ainda baixo<\/span><\/a><span data-contrast=\"auto\"> em torno de 28%. No mundo moderno em r\u00e1pida transforma\u00e7\u00e3o, a digitaliza\u00e7\u00e3o \u00e9 essencial para preparar a ind\u00fastria t\u00eaxtil para o futuro.<\/span><span data-ccp-props=\"{&quot;201341983&quot;:0,&quot;335559739&quot;:160,&quot;335559740&quot;:259}\">\u00a0<\/span><\/p>\n<p><span data-contrast=\"auto\">Para avaliar adequadamente as necessidades da sua f\u00e1brica t\u00eaxtil e criar um roteiro para sua transforma\u00e7\u00e3o digital, aproveite o INCIT <\/span><a href=\"https:\/\/incit.org\/pt\/services\/siri\/\"><span data-contrast=\"none\">SIRI<\/span><\/a><span data-contrast=\"auto\"> estrutura e ferramentas. <\/span><a href=\"https:\/\/incit.org\/pt\/insights\/\"><span data-contrast=\"none\">Saber mais<\/span><\/a><span data-contrast=\"auto\"> sobre o que a INCIT est\u00e1 fazendo para facilitar a transforma\u00e7\u00e3o industrial enquanto trabalhamos em dire\u00e7\u00e3o a um setor de manufatura mais sustent\u00e1vel e preparado para o futuro, ou assine nosso boletim mensal para ficar por dentro do que est\u00e1 acontecendo no setor.\u00a0<\/span><\/p>","protected":false},"excerpt":{"rendered":"<p>Os t\u00eaxteis s\u00e3o parte integrante da vida cotidiana. De roupas e m\u00f3veis a roupas de cama e t\u00eaxteis m\u00e9dicos, como Equipamentos de Prote\u00e7\u00e3o Individual e m\u00e1scaras cir\u00fargicas, \u00e9 praticamente imposs\u00edvel viver sem eles. Para atender a essa demanda, enquanto lidam com problemas na cadeia de suprimentos e o aumento dos custos de energia, os fabricantes t\u00eaxteis tiveram que encontrar maneiras de melhorar [\u2026]<\/p>","protected":false},"author":3,"featured_media":8484,"comment_status":"closed","ping_status":"open","sticky":false,"template":"","format":"standard","meta":{"_acf_changed":false,"footnotes":""},"categories":[17],"tags":[22,27,68],"class_list":["post-8483","post","type-post","status-publish","format-standard","has-post-thumbnail","hentry","category-thought-leadership","tag-digital-transformation","tag-mainspotlight","tag-textile-manufacturing"],"acf":{"topic":"digitalisation"},"_links":{"self":[{"href":"https:\/\/incit.org\/pt\/wp-json\/wp\/v2\/posts\/8483","targetHints":{"allow":["GET"]}}],"collection":[{"href":"https:\/\/incit.org\/pt\/wp-json\/wp\/v2\/posts"}],"about":[{"href":"https:\/\/incit.org\/pt\/wp-json\/wp\/v2\/types\/post"}],"author":[{"embeddable":true,"href":"https:\/\/incit.org\/pt\/wp-json\/wp\/v2\/users\/3"}],"replies":[{"embeddable":true,"href":"https:\/\/incit.org\/pt\/wp-json\/wp\/v2\/comments?post=8483"}],"version-history":[{"count":0,"href":"https:\/\/incit.org\/pt\/wp-json\/wp\/v2\/posts\/8483\/revisions"}],"wp:featuredmedia":[{"embeddable":true,"href":"https:\/\/incit.org\/pt\/wp-json\/wp\/v2\/media\/8484"}],"wp:attachment":[{"href":"https:\/\/incit.org\/pt\/wp-json\/wp\/v2\/media?parent=8483"}],"wp:term":[{"taxonomy":"category","embeddable":true,"href":"https:\/\/incit.org\/pt\/wp-json\/wp\/v2\/categories?post=8483"},{"taxonomy":"post_tag","embeddable":true,"href":"https:\/\/incit.org\/pt\/wp-json\/wp\/v2\/tags?post=8483"}],"curies":[{"name":"wp","href":"https:\/\/api.w.org\/{rel}","templated":true}]}}