{"id":26171,"date":"2024-07-15T16:44:20","date_gmt":"2024-07-15T08:44:20","guid":{"rendered":"https:\/\/incit.org\/?p=26171"},"modified":"2025-04-16T18:16:30","modified_gmt":"2025-04-16T10:16:30","slug":"azerbaijan-hosts-idea-event-featuring-incit-organised-by-wef-unescap-c4ir-azerbaijan-and-more","status":"publish","type":"post","link":"https:\/\/incit.org\/pt_pt\/newsroom\/azerbaijan-hosts-idea-event-featuring-incit-organised-by-wef-unescap-c4ir-azerbaijan-and-more\/","title":{"rendered":"Azerbaij\u00e3o sedia evento IDEA com INCIT, organizado pelo F\u00f3rum Econ\u00f4mico Mundial, UNESCAP, C4IR Azerbaij\u00e3o e mais"},"content":{"rendered":"<p>Segunda-feira, 15 de julho de 2024, Cingapura \u2013 O <a href=\"https:\/\/incit.org\/en\/\">Centro Internacional para a Transforma\u00e7\u00e3o Industrial (INCIT)<\/a> apresentado no evento recente do projeto \u201cInvestindo na Economia Digital do Azerbaij\u00e3o\u201d (IDEA), realizado em Baku em 12 de junho de 2024.<\/p>\n<p>A sess\u00e3o do INCIT intitulada \u201cCapacite sua empresa: Alavancando o \u00cdndice de Prepara\u00e7\u00e3o da Ind\u00fastria Inteligente para Estrat\u00e9gias de Fabrica\u00e7\u00e3o Inteligente Baseadas em Dados\u201d teve como objetivo oferecer estrat\u00e9gias de fabrica\u00e7\u00e3o adaptadas \u00e0 regi\u00e3o, apresentando ao p\u00fablico as melhores pr\u00e1ticas e ferramentas inovadoras, como <a href=\"https:\/\/incit.org\/en\/what-we-do\/siri\/\">\u00cdndice de Prontid\u00e3o da Ind\u00fastria Inteligente (SIRI)<\/a>.<\/p>\n<p><img fetchpriority=\"high\" decoding=\"async\" class=\"size-large wp-image-35342 aligncenter\" src=\"https:\/\/assets.incit.org\/wp-content\/uploads\/2024\/07\/15130637\/d20ea084-ba93-4ec1-b50a-4815f774443c-926x1024.jpg\" alt=\"\" width=\"800\" height=\"885\" srcset=\"https:\/\/assets.incit.org\/wp-content\/uploads\/2024\/07\/15130637\/d20ea084-ba93-4ec1-b50a-4815f774443c-926x1024.jpg 926w, https:\/\/assets.incit.org\/wp-content\/uploads\/2024\/07\/15130637\/d20ea084-ba93-4ec1-b50a-4815f774443c-271x300.jpg 271w, https:\/\/assets.incit.org\/wp-content\/uploads\/2024\/07\/15130637\/d20ea084-ba93-4ec1-b50a-4815f774443c-768x849.jpg 768w, https:\/\/assets.incit.org\/wp-content\/uploads\/2024\/07\/15130637\/d20ea084-ba93-4ec1-b50a-4815f774443c-11x12.jpg 11w, https:\/\/assets.incit.org\/wp-content\/uploads\/2024\/07\/15130637\/d20ea084-ba93-4ec1-b50a-4815f774443c.jpg 990w\" sizes=\"(max-width: 800px) 100vw, 800px\" \/><\/p>\n<p>&nbsp;<\/p>\n<p>Durante a sess\u00e3o do INCIT, composta principalmente por pequenas e m\u00e9dias empresas de manufatura, os participantes foram apresentados \u00e0 estrutura do \u00cdndice de Prontid\u00e3o da Ind\u00fastria Inteligente e seus principais benef\u00edcios para impulsionar a transforma\u00e7\u00e3o da Ind\u00fastria 4.0. A apresenta\u00e7\u00e3o tamb\u00e9m destacou a import\u00e2ncia de avaliar as capacidades atuais de manufatura inteligente das empresas de manufatura e forneceu orienta\u00e7\u00f5es sobre o desenvolvimento de um roteiro para a ado\u00e7\u00e3o da ind\u00fastria inteligente. Melhores pr\u00e1ticas e estudos de caso de empresas tamb\u00e9m foram compartilhados para destacar a import\u00e2ncia de ferramentas como o \u00cdndice de Prontid\u00e3o da Ind\u00fastria Inteligente e como elas podem aprimorar as opera\u00e7\u00f5es de manufatura. O INCIT tamb\u00e9m defendeu a import\u00e2ncia de fomentar uma comunidade de aprendizagem e colabora\u00e7\u00e3o entre as empresas de manufatura que embarcam em sua jornada rumo \u00e0 f\u00e1brica inteligente.<\/p>\n<p>&nbsp;<\/p>\n<h2>A segunda fase da IDEA<\/h2>\n<p>O evento foi a segunda fase do projeto e foi iniciado pelo Centro de An\u00e1lise e Coordena\u00e7\u00e3o da Quarta Revolu\u00e7\u00e3o Industrial (C4IR Azerbaij\u00e3o) e pelo F\u00f3rum Econ\u00f4mico Mundial (FEM). O evento foi organizado pela Comiss\u00e3o Econ\u00f4mica e Social das Na\u00e7\u00f5es Unidas para a \u00c1sia e o Pac\u00edfico (UNESCAP), que trabalhou para garantir que o workshop n\u00e3o apenas apoiasse empresas manufatureiras, mas tamb\u00e9m as apresentasse e incentivasse a investir na economia digital e na transforma\u00e7\u00e3o da Ind\u00fastria 4.0 do Azerbaij\u00e3o.<\/p>\n<p>&nbsp;<\/p>\n<h2>O que vem a seguir para o Azerbaij\u00e3o?<\/h2>\n<p>Antes deste evento, o Azerbaij\u00e3o foi anunciado como o <a href=\"https:\/\/www.weforum.org\/agenda\/2024\/06\/energy-news-azerbaijan-green-investment\/\" target=\"_blank\" rel=\"noopener\">pa\u00eds anfitri\u00e3o da c\u00fapula do clima<\/a> Confer\u00eancia das Partes (COP29) em novembro de 2024. O pa\u00eds tamb\u00e9m come\u00e7ou a acelerar sua jornada de transforma\u00e7\u00e3o digital e a aumentar sua participa\u00e7\u00e3o de energias renov\u00e1veis em seu setor energ\u00e9tico para quase um ter\u00e7o.<\/p>\n<p>O <a href=\"https:\/\/www.weforum.org\/publications\/idea-investing-in-the-digital-economy-of-azerbaijan\/\" target=\"_blank\" rel=\"noopener\">Projeto IDEA<\/a>, uma colabora\u00e7\u00e3o entre o F\u00f3rum Econ\u00f4mico Mundial, o C4IR Azerbaij\u00e3o e a Ag\u00eancia de Promo\u00e7\u00e3o de Exporta\u00e7\u00f5es e Investimentos do Azerbaij\u00e3o, apoiar\u00e1 o pa\u00eds em sua transforma\u00e7\u00e3o da Ind\u00fastria 4.0 e tem um objetivo duplo:<\/p>\n<ol>\n<li>Apoiar o Azerbaij\u00e3o na expans\u00e3o do investimento estrangeiro direto na economia digital; e<\/li>\n<li>Entenda quais ferramentas tecnol\u00f3gicas, como o Smart Industry Readiness Index, podem ser aproveitadas para atrair e promover investimentos.<\/li>\n<\/ol>\n<p>O INCIT espera poder colaborar ainda mais com o projeto IDEA, o Azerbaij\u00e3o, o F\u00f3rum Econ\u00f4mico Mundial e outros parceiros para ajudar a facilitar mais suporte e garantir que o pa\u00eds progrida em sua pr\u00f3pria transforma\u00e7\u00e3o Industrial 4.0.<\/p>\n<p><img decoding=\"async\" class=\"size-large wp-image-35341 aligncenter\" src=\"https:\/\/assets.incit.org\/wp-content\/uploads\/2024\/07\/15130635\/newsroom-3-576x1024.jpg\" alt=\"\" width=\"576\" height=\"1024\" srcset=\"https:\/\/assets.incit.org\/wp-content\/uploads\/2024\/07\/15130635\/newsroom-3-576x1024.jpg 576w, https:\/\/assets.incit.org\/wp-content\/uploads\/2024\/07\/15130635\/newsroom-3-169x300.jpg 169w, https:\/\/assets.incit.org\/wp-content\/uploads\/2024\/07\/15130635\/newsroom-3-768x1364.jpg 768w, https:\/\/assets.incit.org\/wp-content\/uploads\/2024\/07\/15130635\/newsroom-3-865x1536.jpg 865w, https:\/\/assets.incit.org\/wp-content\/uploads\/2024\/07\/15130635\/newsroom-3-7x12.jpg 7w, https:\/\/assets.incit.org\/wp-content\/uploads\/2024\/07\/15130635\/newsroom-3.jpg 980w\" sizes=\"(max-width: 576px) 100vw, 576px\" \/><\/p>\n<h2><\/h2>\n<p>&nbsp;<\/p>\n<h2>Sobre o INCIT<\/h2>\n<p>O <a href=\"https:\/\/incit.org\/en\/\">Centro Internacional para a Transforma\u00e7\u00e3o Industrial (INCIT)<\/a> \u00e9 um instituto independente e n\u00e3o governamental, fundado com a vis\u00e3o de liderar a transforma\u00e7\u00e3o global da manufatura em todo o mundo. O INCIT colabora com os fabricantes em suas jornadas rumo \u00e0 Ind\u00fastria 4.0, impulsionando a inova\u00e7\u00e3o como um parceiro confi\u00e1vel com suas estruturas, ferramentas, conceitos e programas de refer\u00eancia global para permitir o crescimento da manufatura inteligente e sustent\u00e1vel.<\/p>\n<p>&nbsp;<\/p>\n<h2>Sobre o \u00cdndice de Prontid\u00e3o da Ind\u00fastria Inteligente<\/h2>\n<p>O <a href=\"https:\/\/incit.org\/en\/what-we-do\/siri\/\">\u00cdndice de Prontid\u00e3o da Ind\u00fastria Inteligente (SIRI)<\/a> \u00e9 uma ferramenta abrangente projetada para ajudar empresas de manufatura a avaliar suas capacidades atuais na Ind\u00fastria 4.0 e fornecer uma abordagem estruturada para a transforma\u00e7\u00e3o inteligente da ind\u00fastria. Desenvolvido pelo Conselho de Desenvolvimento Econ\u00f4mico de Singapura (EDB) em parceria com l\u00edderes globais da ind\u00fastria, o \u00cdndice de Prontid\u00e3o para a Ind\u00fastria Inteligente abrange tr\u00eas pilares fundamentais da Ind\u00fastria 4.0: Processo, Tecnologia e Organiza\u00e7\u00e3o. O \u00edndice avalia 16 dimens\u00f5es da prontid\u00e3o para a manufatura inteligente, permitindo que as empresas comparem seu progresso com o de seus pares do setor e desenvolvam uma estrat\u00e9gia personalizada para a ado\u00e7\u00e3o de f\u00e1bricas inteligentes. Aprenda como levar sua organiza\u00e7\u00e3o ao pr\u00f3ximo n\u00edvel em sua jornada na Ind\u00fastria 4.0.<\/p>","protected":false},"excerpt":{"rendered":"<p>Segunda-feira, 15 de julho de 2024, Cingapura \u2013 O Centro Internacional para Transforma\u00e7\u00e3o Industrial (INCIT) fez uma apresenta\u00e7\u00e3o no evento recente do projeto \u201cInvestindo na Economia Digital do Azerbaij\u00e3o\u201d (IDEA), realizado em Baku em 12 de junho de 2024. A sess\u00e3o do INCIT intitulada \u201cCapacite sua empresa: Alavancando o \u00cdndice de Prontid\u00e3o da Ind\u00fastria Inteligente para Estrat\u00e9gias de Manufatura Inteligente Baseadas em Dados\u201d teve como objetivo [\u2026]<\/p>","protected":false},"author":3,"featured_media":35340,"comment_status":"closed","ping_status":"open","sticky":false,"template":"","format":"standard","meta":{"_acf_changed":false,"footnotes":""},"categories":[18],"tags":[],"class_list":["post-26171","post","type-post","status-publish","format-standard","has-post-thumbnail","hentry","category-newsroom"],"acf":{"featured_post":false},"_links":{"self":[{"href":"https:\/\/incit.org\/pt_pt\/wp-json\/wp\/v2\/posts\/26171","targetHints":{"allow":["GET"]}}],"collection":[{"href":"https:\/\/incit.org\/pt_pt\/wp-json\/wp\/v2\/posts"}],"about":[{"href":"https:\/\/incit.org\/pt_pt\/wp-json\/wp\/v2\/types\/post"}],"author":[{"embeddable":true,"href":"https:\/\/incit.org\/pt_pt\/wp-json\/wp\/v2\/users\/3"}],"replies":[{"embeddable":true,"href":"https:\/\/incit.org\/pt_pt\/wp-json\/wp\/v2\/comments?post=26171"}],"version-history":[{"count":2,"href":"https:\/\/incit.org\/pt_pt\/wp-json\/wp\/v2\/posts\/26171\/revisions"}],"predecessor-version":[{"id":35460,"href":"https:\/\/incit.org\/pt_pt\/wp-json\/wp\/v2\/posts\/26171\/revisions\/35460"}],"wp:featuredmedia":[{"embeddable":true,"href":"https:\/\/incit.org\/pt_pt\/wp-json\/wp\/v2\/media\/35340"}],"wp:attachment":[{"href":"https:\/\/incit.org\/pt_pt\/wp-json\/wp\/v2\/media?parent=26171"}],"wp:term":[{"taxonomy":"category","embeddable":true,"href":"https:\/\/incit.org\/pt_pt\/wp-json\/wp\/v2\/categories?post=26171"},{"taxonomy":"post_tag","embeddable":true,"href":"https:\/\/incit.org\/pt_pt\/wp-json\/wp\/v2\/tags?post=26171"}],"curies":[{"name":"wp","href":"https:\/\/api.w.org\/{rel}","templated":true}]}}