{"id":40927,"date":"2025-10-13T14:19:48","date_gmt":"2025-10-13T06:19:48","guid":{"rendered":"https:\/\/incit.org\/?p=40927"},"modified":"2025-10-13T15:56:54","modified_gmt":"2025-10-13T07:56:54","slug":"incit-strategic-partnership-with-aidsmo","status":"publish","type":"post","link":"https:\/\/incit.org\/pt_pt\/newsroom\/incit-strategic-partnership-with-aidsmo\/","title":{"rendered":"Parceria estrat\u00e9gica da INCIT com a AIDSMO para acelerar a transforma\u00e7\u00e3o industrial \u00e1rabe"},"content":{"rendered":"<p><img fetchpriority=\"high\" decoding=\"async\" class=\"size-large wp-image-40933 alignnone\" src=\"https:\/\/assets.incit.org\/wp-content\/uploads\/2025\/10\/13151831\/Newsletter-1-3-1024x576.png\" alt=\"\" width=\"800\" height=\"450\" srcset=\"https:\/\/assets.incit.org\/wp-content\/uploads\/2025\/10\/13151831\/Newsletter-1-3-1024x576.png 1024w, https:\/\/assets.incit.org\/wp-content\/uploads\/2025\/10\/13151831\/Newsletter-1-3-300x169.png 300w, https:\/\/assets.incit.org\/wp-content\/uploads\/2025\/10\/13151831\/Newsletter-1-3-768x432.png 768w, https:\/\/assets.incit.org\/wp-content\/uploads\/2025\/10\/13151831\/Newsletter-1-3-1536x864.png 1536w, https:\/\/assets.incit.org\/wp-content\/uploads\/2025\/10\/13151831\/Newsletter-1-3-2048x1152.png 2048w, https:\/\/assets.incit.org\/wp-content\/uploads\/2025\/10\/13151831\/Newsletter-1-3-18x10.png 18w\" sizes=\"(max-width: 800px) 100vw, 800px\" \/><\/p>\n<p><b><span data-contrast=\"auto\">Parceria estrat\u00e9gica da INCIT com a AIDSMO para acelerar a transforma\u00e7\u00e3o industrial \u00e1rabe<\/span><\/b><span data-ccp-props=\"{}\">\u00a0<\/span><\/p>\n<p><span data-contrast=\"auto\">O <\/span><b><span data-contrast=\"auto\">Centro Internacional para a Transforma\u00e7\u00e3o Industrial (INCIT)<\/span><\/b><span data-contrast=\"auto\"> tem o prazer de anunciar a assinatura de um <\/span><b><span data-contrast=\"auto\">acordo de coopera\u00e7\u00e3o<\/span><\/b><span data-contrast=\"auto\"> com o <\/span><b><span data-contrast=\"auto\">Organiza\u00e7\u00e3o \u00c1rabe de Desenvolvimento Industrial, Padroniza\u00e7\u00e3o e Minera\u00e7\u00e3o (AIDSMO)<\/span><\/b><span data-contrast=\"auto\">. O acordo foi assinado em 30 de setembro de 2025 em <\/span><b><span data-contrast=\"auto\">Ben Guerir<\/span><\/b><span data-contrast=\"auto\">, Marrocos, durante o <\/span><b><span data-contrast=\"auto\">C\u00fapula de Manufatura NextGen \u201c\u00c1frica\u201d<\/span><\/b><span data-contrast=\"auto\">, hospedado por <\/span><b><span data-contrast=\"auto\">Universidade Polit\u00e9cnica Mohammed VI (UM6P)<\/span><\/b><span data-contrast=\"auto\">.<\/span><span data-ccp-props=\"{}\">\u00a0<\/span><\/p>\n<p><span data-contrast=\"auto\">O acordo foi formalizado por <\/span><b><span data-contrast=\"auto\">Senhor Raimund Klein<\/span><\/b><span data-contrast=\"auto\">, CEO da INCIT, e <\/span><b><span data-contrast=\"auto\">Eng. Tawfik Al-Rubaie<\/span><\/b><span data-contrast=\"auto\">, Diretor Geral Adjunto da AIDMO, significando um compromisso compartilhado para apoiar o desenvolvimento industrial inclusivo e sustent\u00e1vel em todos os Estados-Membros da AIDSMO.<\/span><span data-ccp-props=\"{}\">\u00a0<\/span><\/p>\n<p><b><span data-contrast=\"auto\">Apoiando as MPMEs e possibilitando a transforma\u00e7\u00e3o digital<\/span><\/b><span data-ccp-props=\"{}\">\u00a0<\/span><\/p>\n<p><span data-contrast=\"auto\">Esta colabora\u00e7\u00e3o estrat\u00e9gica concentra-se em capacitar <\/span><b><span data-contrast=\"auto\">micro, pequenas e m\u00e9dias empresas (MPMEs)<\/span><\/b><span data-contrast=\"auto\"> e fabricantes de todos os portes para adotar a Ind\u00fastria 4.0 por meio de estruturas de transforma\u00e7\u00e3o reconhecidas globalmente. A implementa\u00e7\u00e3o dos dois principais \u00edndices do INCIT \u00e9 fundamental para a parceria:<\/span><span data-ccp-props=\"{}\">\u00a0<\/span><\/p>\n<ul>\n<li aria-setsize=\"-1\" data-leveltext=\"\uf0b7\" data-font=\"Symbol\" data-listid=\"2\" data-list-defn-props=\"{&quot;335552541&quot;:1,&quot;335559685&quot;:720,&quot;335559991&quot;:360,&quot;469769226&quot;:&quot;Symbol&quot;,&quot;469769242&quot;:[8226],&quot;469777803&quot;:&quot;left&quot;,&quot;469777804&quot;:&quot;\uf0b7&quot;,&quot;469777815&quot;:&quot;multilevel&quot;}\" data-aria-posinset=\"1\" data-aria-level=\"1\"><span data-contrast=\"auto\">O <\/span><b><span data-contrast=\"auto\">\u00cdndice de Prontid\u00e3o para Excel\u00eancia Operacional (OPERI)<\/span><\/b><span data-contrast=\"auto\"> \u2013 uma ferramenta de diagn\u00f3stico projetada para ajudar MPMEs e pequenas empresas a avaliar e melhorar as capacidades operacionais, a produtividade e a prontid\u00e3o para a digitaliza\u00e7\u00e3o.<\/span><span data-ccp-props=\"{}\">\u00a0<\/span><\/li>\n<\/ul>\n<ul>\n<li aria-setsize=\"-1\" data-leveltext=\"\uf0b7\" data-font=\"Symbol\" data-listid=\"2\" data-list-defn-props=\"{&quot;335552541&quot;:1,&quot;335559685&quot;:720,&quot;335559991&quot;:360,&quot;469769226&quot;:&quot;Symbol&quot;,&quot;469769242&quot;:[8226],&quot;469777803&quot;:&quot;left&quot;,&quot;469777804&quot;:&quot;\uf0b7&quot;,&quot;469777815&quot;:&quot;multilevel&quot;}\" data-aria-posinset=\"2\" data-aria-level=\"1\"><span data-contrast=\"auto\">O <\/span><b><span data-contrast=\"auto\">\u00cdndice de Prontid\u00e3o da Ind\u00fastria Inteligente (SIRI)<\/span><\/b><span data-contrast=\"auto\"> \u2013 uma estrutura reconhecida internacionalmente que permite aos fabricantes iniciar, dimensionar e sustentar iniciativas de transforma\u00e7\u00e3o digital de maneira estruturada e estrat\u00e9gica.<\/span><span data-ccp-props=\"{}\">\u00a0<\/span><\/li>\n<\/ul>\n<p><span data-contrast=\"auto\">Ao integrar essas estruturas \u00e0 agenda de desenvolvimento regional da AIDSMO, as duas organiza\u00e7\u00f5es visam ajudar as partes interessadas da ind\u00fastria a aumentar a competitividade, impulsionar a efici\u00eancia e adotar tecnologias prontas para o futuro.<\/span><span data-ccp-props=\"{}\">\u00a0<\/span><\/p>\n<p><b><span data-contrast=\"auto\">Capacita\u00e7\u00e3o e Desenvolvimento de Habilidades<\/span><\/b><span data-ccp-props=\"{}\">\u00a0<\/span><\/p>\n<p><span data-contrast=\"auto\">Al\u00e9m das ferramentas de transforma\u00e7\u00e3o, o acordo prev\u00ea a colabora\u00e7\u00e3o em <\/span><b><span data-contrast=\"auto\">projetos de capacita\u00e7\u00e3o<\/span><\/b><span data-contrast=\"auto\">, <\/span><b><span data-contrast=\"auto\">atividades de conscientiza\u00e7\u00e3o<\/span><\/b><span data-contrast=\"auto\">, e o co-desenvolvimento de <\/span><b><span data-contrast=\"auto\">programas de treinamento personalizados<\/span><\/b><span data-contrast=\"auto\">. Estas iniciativas centrar-se-\u00e3o no desenvolvimento do capital humano e no refor\u00e7o das capacidades institucionais nos Estados-Membros da AIDSMO, com especial \u00eanfase na amplia\u00e7\u00e3o <\/span><b><span data-contrast=\"auto\">pr\u00e1ticas de fabrica\u00e7\u00e3o sustent\u00e1veis<\/span><\/b><span data-contrast=\"auto\">.<\/span><span data-ccp-props=\"{}\">\u00a0<\/span><\/p>\n<p><span data-contrast=\"auto\">O INCIT e o AIDSMO tamb\u00e9m trabalhar\u00e3o juntos com o objetivo de fornecer programas de capacidade industrial multissetoriais.<\/span><span data-ccp-props=\"{}\">\u00a0<\/span><\/p>\n<p><b><span data-contrast=\"auto\">Uma Vis\u00e3o Compartilhada para o Crescimento Industrial Sustent\u00e1vel<\/span><\/b><span data-ccp-props=\"{}\">\u00a0<\/span><\/p>\n<p><span data-contrast=\"auto\">A assinatura deste acordo reflete o compromisso de ambas as organiza\u00e7\u00f5es em acelerar o crescimento industrial sustent\u00e1vel, em linha com as melhores pr\u00e1ticas internacionais. Tamb\u00e9m se alinha com os objetivos da <\/span><b><span data-contrast=\"auto\">C\u00fapula de Manufatura NextGen \u201c\u00c1frica\u201d<\/span><\/b><span data-contrast=\"auto\">, que reuniu vozes importantes da ind\u00fastria, da academia e do governo para explorar o cen\u00e1rio industrial africano em evolu\u00e7\u00e3o e o papel da regi\u00e3o na Quarta Revolu\u00e7\u00e3o Industrial.<\/span><span data-ccp-props=\"{}\">\u00a0<\/span><\/p>\n<p><span data-contrast=\"auto\">A implementa\u00e7\u00e3o dos objectivos do acordo ser\u00e1 liderada pelo AIDSMO pelo <\/span><b><span data-contrast=\"auto\">Instituto \u00c1rabe de Treinamento e Consultoria Industrial e de Minera\u00e7\u00e3o<\/span><\/b><span data-contrast=\"auto\">, uma subsidi\u00e1ria importante focada em assist\u00eancia t\u00e9cnica e desenvolvimento profissional na regi\u00e3o.<\/span><\/p>\n<p><span data-ccp-props=\"{}\"><img decoding=\"async\" class=\"size-large wp-image-40934 alignnone\" src=\"https:\/\/assets.incit.org\/wp-content\/uploads\/2025\/10\/13151923\/Newsletter-2-3-1024x576.png\" alt=\"\" width=\"800\" height=\"450\" srcset=\"https:\/\/assets.incit.org\/wp-content\/uploads\/2025\/10\/13151923\/Newsletter-2-3-1024x576.png 1024w, https:\/\/assets.incit.org\/wp-content\/uploads\/2025\/10\/13151923\/Newsletter-2-3-300x169.png 300w, https:\/\/assets.incit.org\/wp-content\/uploads\/2025\/10\/13151923\/Newsletter-2-3-768x432.png 768w, https:\/\/assets.incit.org\/wp-content\/uploads\/2025\/10\/13151923\/Newsletter-2-3-1536x864.png 1536w, https:\/\/assets.incit.org\/wp-content\/uploads\/2025\/10\/13151923\/Newsletter-2-3-2048x1152.png 2048w, https:\/\/assets.incit.org\/wp-content\/uploads\/2025\/10\/13151923\/Newsletter-2-3-18x10.png 18w\" sizes=\"(max-width: 800px) 100vw, 800px\" \/>\u00a0<\/span><\/p>\n<p><span data-contrast=\"auto\">Para mais detalhes e atualiza\u00e7\u00f5es, siga nosso an\u00fancio no LinkedIn<\/span><a href=\"https:\/\/www.linkedin.com\/company\/international-centre-for-industrial-transformation-ltd\" target=\"_blank\" rel=\"noopener\"><span data-contrast=\"none\">aqui<\/span><\/a><span data-contrast=\"auto\">\u202f \u202f<\/span><span data-ccp-props=\"{}\">\u00a0<\/span><\/p>\n<p><span data-contrast=\"auto\">Para colabora\u00e7\u00e3o e mais informa\u00e7\u00f5es, entre em contato<\/span><a href=\"mailto:contact@incit.org\"><span data-contrast=\"none\">contact@incit.org<\/span><\/a><span data-contrast=\"auto\">ou pergunte<\/span><a href=\"https:\/\/incit.org\/pt_pt\/contact-us\/\"><span data-contrast=\"none\">IC4IT<\/span><\/a><span data-ccp-props=\"{}\">\u00a0<\/span><\/p>","protected":false},"excerpt":{"rendered":"<p>Parceria estrat\u00e9gica do INCIT com a AIDSMO para acelerar a transforma\u00e7\u00e3o industrial \u00e1rabe O Centro Internacional para a Transforma\u00e7\u00e3o Industrial (INCIT) tem o prazer de anunciar a assinatura de um acordo de coopera\u00e7\u00e3o com a Organiza\u00e7\u00e3o \u00c1rabe para o Desenvolvimento Industrial, Padroniza\u00e7\u00e3o e Minera\u00e7\u00e3o (AIDSMO). O acordo foi assinado em 30 de setembro de 2025 em Ben Guerir, Marrocos, durante o NextGen Manufacturing Summit \u201c\u00c1frica\u201d, [\u2026]<\/p>","protected":false},"author":1,"featured_media":40933,"comment_status":"closed","ping_status":"open","sticky":false,"template":"","format":"standard","meta":{"_acf_changed":false,"footnotes":""},"categories":[18],"tags":[301,298,300,188,183,57,14,302],"class_list":["post-40927","post","type-post","status-publish","format-standard","has-post-thumbnail","hentry","category-newsroom","tag-aidsmo","tag-digitaltransformation","tag-industry40","tag-msme","tag-operi","tag-partnership","tag-siri","tag-smartmanufacturing"],"acf":{"featured_post":true},"_links":{"self":[{"href":"https:\/\/incit.org\/pt_pt\/wp-json\/wp\/v2\/posts\/40927","targetHints":{"allow":["GET"]}}],"collection":[{"href":"https:\/\/incit.org\/pt_pt\/wp-json\/wp\/v2\/posts"}],"about":[{"href":"https:\/\/incit.org\/pt_pt\/wp-json\/wp\/v2\/types\/post"}],"author":[{"embeddable":true,"href":"https:\/\/incit.org\/pt_pt\/wp-json\/wp\/v2\/users\/1"}],"replies":[{"embeddable":true,"href":"https:\/\/incit.org\/pt_pt\/wp-json\/wp\/v2\/comments?post=40927"}],"version-history":[{"count":4,"href":"https:\/\/incit.org\/pt_pt\/wp-json\/wp\/v2\/posts\/40927\/revisions"}],"predecessor-version":[{"id":40937,"href":"https:\/\/incit.org\/pt_pt\/wp-json\/wp\/v2\/posts\/40927\/revisions\/40937"}],"wp:featuredmedia":[{"embeddable":true,"href":"https:\/\/incit.org\/pt_pt\/wp-json\/wp\/v2\/media\/40933"}],"wp:attachment":[{"href":"https:\/\/incit.org\/pt_pt\/wp-json\/wp\/v2\/media?parent=40927"}],"wp:term":[{"taxonomy":"category","embeddable":true,"href":"https:\/\/incit.org\/pt_pt\/wp-json\/wp\/v2\/categories?post=40927"},{"taxonomy":"post_tag","embeddable":true,"href":"https:\/\/incit.org\/pt_pt\/wp-json\/wp\/v2\/tags?post=40927"}],"curies":[{"name":"wp","href":"https:\/\/api.w.org\/{rel}","templated":true}]}}