{"id":6614,"date":"2022-11-28T11:22:49","date_gmt":"2022-11-28T03:22:49","guid":{"rendered":"https:\/\/incit.org\/?p=6614"},"modified":"2025-06-13T23:23:48","modified_gmt":"2025-06-13T15:23:48","slug":"global-manufacturing-reduce-carbon-footprint","status":"publish","type":"post","link":"https:\/\/incit.org\/pt_pt\/thought-leadership\/global-manufacturing-reduce-carbon-footprint\/","title":{"rendered":"Como a produ\u00e7\u00e3o global progrediu no enfrentamento das emiss\u00f5es de Escopo 1, 2, 3 e 4"},"content":{"rendered":"<p>O setor industrial global \u00e9 um dos maiores emissores individuais de gases com efeito de estufa (GEE) do mundo, respons\u00e1vel por <a href=\"https:\/\/incit.org\/pt_pt\/case-studies\/apac-network-interview-can-manufacturing-rise-to-the-climate-challenge\/\" target=\"_blank\" rel=\"noreferrer noopener\">dois ter\u00e7os das emiss\u00f5es totais de GEE do mundo<\/a>. Mas \u00e9 animador notar que os avan\u00e7os recentes na tecnologia de fabrica\u00e7\u00e3o e o crescente comprometimento com processos mais sustent\u00e1veis e ecoeficientes ajudaram a ind\u00fastria a reduzir as emiss\u00f5es de Escopo 1, 2 e 3 em geral \u2014 e tamb\u00e9m come\u00e7aram a abordar as emiss\u00f5es de Escopo 4.\u00a0\u00a0\u00a0<\/p>\r\n\r\n\r\n\r\n<h2 class=\"wp-block-heading\">O que s\u00e3o emiss\u00f5es de Escopo 1, 2, 3 e 4?<\/h2>\r\n\r\n\r\n\r\n<figure class=\"wp-block-image size-full is-resized\"><img fetchpriority=\"high\" decoding=\"async\" class=\"size-full wp-image-35612 alignnone\" src=\"https:\/\/assets.incit.org\/wp-content\/uploads\/2022\/11\/18015128\/image.png.webp\" alt=\"\" width=\"858\" height=\"407\" srcset=\"https:\/\/assets.incit.org\/wp-content\/uploads\/2022\/11\/18015128\/image.png.webp 858w, https:\/\/assets.incit.org\/wp-content\/uploads\/2022\/11\/18015128\/image.png-300x142.webp 300w, https:\/\/assets.incit.org\/wp-content\/uploads\/2022\/11\/18015128\/image.png-768x364.webp 768w, https:\/\/assets.incit.org\/wp-content\/uploads\/2022\/11\/18015128\/image.png-18x9.webp 18w\" sizes=\"(max-width: 858px) 100vw, 858px\" \/><br \/>\r\n<figcaption class=\"wp-element-caption\"><em>Fonte original: Protocolo de Gases de Efeito Estufa <\/em><a href=\"https:\/\/ghgprotocol.org\/sites\/default\/files\/standards\/ghg-protocol-revised.pdf\" target=\"_blank\" rel=\"noreferrer noopener\"><em>https:\/\/ghgprotocol.org\/sites\/default\/files\/standards\/ghg-protocol-revised.pdf<\/em><\/a><\/figcaption>\r\n<\/figure>\r\n\r\n\r\n\r\n<ul class=\"wp-block-list\">\r\n<li><strong>Escopo 1<\/strong>: abrange as emiss\u00f5es diretas de GEE de fontes de propriedade e controladas pela empresa. As atividades comuns incluem a combust\u00e3o de combust\u00edvel; processamento f\u00edsico ou qu\u00edmico; transporte de materiais, produtos, res\u00edduos e funcion\u00e1rios; e emiss\u00f5es fugitivas.\u00a0\u00a0<\/li>\r\n<\/ul>\r\n\r\n\r\n\r\n<ul class=\"wp-block-list\">\r\n<li><strong>Escopo 2<\/strong>: abrange emiss\u00f5es indiretas de GEE causadas pela gera\u00e7\u00e3o de eletricidade comprada e usada para atividades do Escopo 1.\u00a0\u00a0<\/li>\r\n<\/ul>\r\n\r\n\r\n\r\n<ul class=\"wp-block-list\">\r\n<li><strong>Escopo 3<\/strong>: abrange as emiss\u00f5es indiretas de GEE causadas por atividades a montante ou a jusante na cadeia de valor mais ampla de uma empresa, como a extra\u00e7\u00e3o de mat\u00e9rias-primas (a montante) ou o descarte de res\u00edduos (a jusante). As emiss\u00f5es de Escopo 1 e 2 de uma empresa s\u00e3o as de Escopo 3 de outra.\u00a0\u00a0<\/li>\r\n<\/ul>\r\n\r\n\r\n\r\n<ul class=\"wp-block-list\">\r\n<li><strong>Escopo 4<\/strong>: abrange as emiss\u00f5es evitadas devido ao uso do produto de uma empresa. Ao contr\u00e1rio dos Escopos 1 a 3, quanto maior a pontua\u00e7\u00e3o de uma empresa nas emiss\u00f5es do Escopo 4, melhor. O Escopo 4 foi introduzido para fornecer um c\u00e1lculo mais hol\u00edstico do impacto clim\u00e1tico positivo de um produto. \u00c9 relativamente novo e n\u00e3o \u00e9 oficialmente reconhecido pelo Protocolo GHG.<\/li>\r\n<\/ul>\r\n\r\n\r\n\r\n<h2 class=\"wp-block-heading\">Ind\u00fastria 4.0: ajudando a ind\u00fastria global a reduzir sua pegada de carbono\u00a0<\/h2>\r\n\r\n\r\n\r\n<p>Os avan\u00e7os na tecnologia, incluindo o avan\u00e7o de ferramentas digitais e anal\u00edticas, resultaram em processos de fabrica\u00e7\u00e3o mais ecoeficientes e emiss\u00f5es reduzidas.<\/p>\r\n\r\n\r\n\r\n<p>A ind\u00fastria de manufatura tamb\u00e9m est\u00e1 aproveitando as tecnologias da Ind\u00fastria 4.0, como a Internet das Coisas (IoT), aprendizado de m\u00e1quina, intelig\u00eancia artificial (IA) e automa\u00e7\u00e3o para rastrear, monitorar e melhorar o uso de recursos para uma pegada de carbono mais leve.\u00a0\u00a0<\/p>\r\n\r\n\r\n\r\n<p>V\u00e1rios estudos de caso apresentados pela <a href=\"https:\/\/www3.weforum.org\/docs\/WEF_Global_Lighthouse_Network_Unlocking_Sustainability_Through_4IR.pdf\" target=\"_blank\" rel=\"noreferrer noopener\">F\u00f3rum Econ\u00f4mico Mundial<\/a> ilustrar isso.\u00a0\u00a0<\/p>\r\n\r\n\r\n\r\n<p>A f\u00e1brica inteligente da Ericsson em Lewisville, Texas, nos EUA, mostra como os fabricantes est\u00e3o integrando solu\u00e7\u00f5es de energia verde e dados para <a href=\"https:\/\/www.weforum.org\/agenda\/2021\/06\/manufacturing-industry-climate-change-goals\/\" target=\"_blank\" rel=\"noreferrer noopener\">&#039;reduzir, reutilizar, reciclar&#039;<\/a>, cortando simultaneamente as emiss\u00f5es de Escopo 1 e 2 e melhorando a produtividade.<\/p>\r\n\r\n\r\n\r\n<p>Pain\u00e9is solares no local e tanques de resfriamento de \u00e1gua da chuva reduzem a necessidade de eletricidade comprada (Escopo 2), enquanto uma rede de sensores 4G\/5G monitora e analisa o consumo de energia, ligando ou desligando automaticamente os equipamentos conforme necess\u00e1rio (Escopo 1).\u00a0\u00a0<\/p>\r\n\r\n\r\n\r\n<p>Com m\u00e9tricas relacionadas \u00e0 sustentabilidade sendo cada vez mais examinadas por investidores, partes interessadas e consumidores, os fabricantes tamb\u00e9m t\u00eam prestado mais aten\u00e7\u00e3o \u00e0s emiss\u00f5es de Escopo 3 de seus parceiros, fornecedores e distribuidores.<\/p>\r\n\r\n\r\n\r\n<p>Para lidar com isso, a Western Digital em Prachinburi, Tail\u00e2ndia, combinou sensores conectados \u00e0 IoT e tecnologia de aprendizado de m\u00e1quina para rastrear dados log\u00edsticos em tempo real e desenvolver um otimizador de remessas e log\u00edstica. A empresa eliminou efetivamente remessas desnecess\u00e1rias, melhorou a efici\u00eancia das rotas e reduziu as emiss\u00f5es de Escopo 3 relacionadas ao transporte.\u00a0\u00a0<\/p>\r\n\r\n\r\n\r\n<h2 class=\"wp-block-heading\">A natureza multifacetada da sustentabilidade na ind\u00fastria<\/h2>\r\n\r\n\r\n\r\n<p>Embora o rastreamento de emiss\u00f5es em toda a cadeia de valor de ponta a ponta seja altamente complexo, com v\u00e1rios n\u00edveis de mat\u00e9rias-primas e subcomponentes a serem considerados e emiss\u00f5es de Escopo 4 ainda mais al\u00e9m do controle e acesso dos fabricantes, abordar as emiss\u00f5es de Escopo 3 continua sendo uma das maneiras mais importantes de reduzir a pegada de carbono da ind\u00fastria global.<\/p>\r\n\r\n\r\n\r\n<p>Isso \u00e9 especialmente importante porque as emiss\u00f5es da cadeia de suprimentos de fabrica\u00e7\u00e3o s\u00e3o mais de 11 vezes maiores que as emiss\u00f5es operacionais.\u00a0\u00a0\u00a0\u00a0<\/p>\r\n\r\n\r\n\r\n<p>Consequentemente, a chave para uma redu\u00e7\u00e3o mais bem-sucedida das emiss\u00f5es de Escopo 1, 2 e 3 \u2014 e para abordar as emiss\u00f5es de Escopo 4 \u2014 \u00e9 o compartilhamento de dados e a transpar\u00eancia.<\/p>\r\n\r\n\r\n\r\n<p>\u00c9 necess\u00e1ria uma colabora\u00e7\u00e3o global para compartilhar informa\u00e7\u00f5es relacionadas \u00e0s emiss\u00f5es, para que os fabricantes possam medir e monitorar melhor sua pegada de carbono em toda a cadeia \u2013 e identificar as maneiras mais impactantes de reduzi-la.\u00a0\u00a0<\/p>\r\n\r\n\r\n\r\n<p>Saiba mais sobre o trabalho que temos feito para ajudar os fabricantes globais a se transformarem para alcan\u00e7ar melhores resultados para todos <a href=\"https:\/\/incit.org\/pt_pt\/newsroom\/\" target=\"_blank\" rel=\"noreferrer noopener\">aqui.<\/a>\u00a0<\/p>","protected":false},"excerpt":{"rendered":"<p>O setor manufatureiro \u00e9 um grande emissor de gases de efeito estufa, e \u00e9 por isso que os fabricantes precisam fazer a sua parte para enfrentar a crise clim\u00e1tica. Como a ind\u00fastria global reduziu sua pegada de carbono at\u00e9 o momento \u2013 e como isso pode ser acelerado?<\/p>","protected":false},"author":3,"featured_media":6616,"comment_status":"open","ping_status":"open","sticky":false,"template":"","format":"standard","meta":{"_acf_changed":false,"footnotes":""},"categories":[17],"tags":[36,37,38,39],"class_list":["post-6614","post","type-post","status-publish","format-standard","has-post-thumbnail","hentry","category-thought-leadership","tag-emissions","tag-global-manufacturing","tag-manufacturing-trends","tag-supply-chain"],"acf":{"topic":"sustainability"},"_links":{"self":[{"href":"https:\/\/incit.org\/pt_pt\/wp-json\/wp\/v2\/posts\/6614","targetHints":{"allow":["GET"]}}],"collection":[{"href":"https:\/\/incit.org\/pt_pt\/wp-json\/wp\/v2\/posts"}],"about":[{"href":"https:\/\/incit.org\/pt_pt\/wp-json\/wp\/v2\/types\/post"}],"author":[{"embeddable":true,"href":"https:\/\/incit.org\/pt_pt\/wp-json\/wp\/v2\/users\/3"}],"replies":[{"embeddable":true,"href":"https:\/\/incit.org\/pt_pt\/wp-json\/wp\/v2\/comments?post=6614"}],"version-history":[{"count":3,"href":"https:\/\/incit.org\/pt_pt\/wp-json\/wp\/v2\/posts\/6614\/revisions"}],"predecessor-version":[{"id":37898,"href":"https:\/\/incit.org\/pt_pt\/wp-json\/wp\/v2\/posts\/6614\/revisions\/37898"}],"wp:featuredmedia":[{"embeddable":true,"href":"https:\/\/incit.org\/pt_pt\/wp-json\/wp\/v2\/media\/6616"}],"wp:attachment":[{"href":"https:\/\/incit.org\/pt_pt\/wp-json\/wp\/v2\/media?parent=6614"}],"wp:term":[{"taxonomy":"category","embeddable":true,"href":"https:\/\/incit.org\/pt_pt\/wp-json\/wp\/v2\/categories?post=6614"},{"taxonomy":"post_tag","embeddable":true,"href":"https:\/\/incit.org\/pt_pt\/wp-json\/wp\/v2\/tags?post=6614"}],"curies":[{"name":"wp","href":"https:\/\/api.w.org\/{rel}","templated":true}]}}