{"id":29438,"date":"2024-10-21T11:41:00","date_gmt":"2024-10-21T03:41:00","guid":{"rendered":"https:\/\/incit.org\/?p=29438"},"modified":"2025-06-19T23:46:48","modified_gmt":"2025-06-19T15:46:48","slug":"from-emissions-offender-to-defender-how-manufacturing-ceos-can-drive-positive-sustainable-change","status":"publish","type":"post","link":"https:\/\/incit.org\/sv\/thought-leadership\/from-emissions-offender-to-defender-how-manufacturing-ceos-can-drive-positive-sustainable-change\/","title":{"rendered":"Fr\u00e5n utsl\u00e4ppsbrottsling till f\u00f6rsvarare: hur tillverkningsindustrins VD:ar kan driva positiv h\u00e5llbar f\u00f6r\u00e4ndring"},"content":{"rendered":"<p>Tillverkningsindustrin st\u00e5r p\u00e5 randen av en omv\u00e4lvande f\u00f6r\u00e4ndring, till stor del driven av h\u00e5llbarhetsagendan. Och VD:ar st\u00e5r i framkant av denna f\u00f6r\u00e4ndring och beh\u00f6ver f\u00f6respr\u00e5ka h\u00e5llbarhet och milj\u00f6r\u00e4ttvisa samt anamma innovativa gr\u00f6na tekniker f\u00f6r att minska utsl\u00e4ppen av v\u00e4xthusgaser. Trots det tr\u00e4ngande behovet f\u00f6r alla f\u00f6retag, oavsett storlek, att ta itu med detta ekologiska hot, rapporterar Internationella energiorganet (IEA) att de globala energirelaterade utsl\u00e4ppen \u00f6kade f\u00f6rra \u00e5ret med ... <a title=\"1.1%\" href=\"https:\/\/www.iea.org\/reports\/co2-emissions-in-2023\/executive-summary\" target=\"_blank\" rel=\"noopener\">1.1%<\/a>och n\u00e5r ytterligare ett rekord.<\/p>\n<p>Enligt <a title=\"V\u00e4rldsmeteorologiska organisationen\" href=\"https:\/\/www.reuters.com\/business\/environment\/un-weather-agency-says-no-end-sight-rising-greenhouse-gases-2023-11-15\/#:~:text=GENEVA%2C%20Nov%2015%20%28Reuters%29%20-%20The%20concentration%20of,was%20%22no%20end%20in%20sight%22%20to%20the%20trend.\" target=\"_blank\" rel=\"noopener\">V\u00e4rldsmeteorologiska organisationen<\/a> (WMO), finns det <a title=\"inget slut i sikte p\u00e5 uppg\u00e5ngen\" href=\"https:\/\/www.reuters.com\/business\/environment\/un-weather-agency-says-no-end-sight-rising-greenhouse-gases-2023-11-15\/#:~:text=GENEVA%2C%20Nov%2015%20%28Reuters%29%20-%20The%20concentration%20of,was%20%22no%20end%20in%20sight%22%20to%20the%20trend.\" target=\"_blank\" rel=\"noopener\">inget slut i sikte p\u00e5 uppg\u00e5ngen<\/a> utsl\u00e4pp av v\u00e4xthusgaser, d\u00e4r tillverkare pekas ut som en stor bidragsgivare. FN:s klimatf\u00f6r\u00e4ndringsavdelnings rapport fann att ungef\u00e4r <a title=\"34 procent av alla utsl\u00e4pp\" href=\"https:\/\/unfccc.int\/news\/action-to-decarbonize-high-emitting-industrial-sectors-gathers-pace-key-steps-by-the-technology#:~:text=The%20Regenerative%20Burner%20Combustion%20System%20results%20in%20a\" target=\"_blank\" rel=\"noopener\">34 procent av alla utsl\u00e4pp<\/a> kommer fr\u00e5n tillverkare, vilket \u00e4r alarmerande h\u00f6gt. Det \u00e4r inte konstigt att tillverkare m\u00e5ste vidta omedelbara \u00e5tg\u00e4rder f\u00f6r att minska sin andel av utsl\u00e4ppen.<\/p>\n<p>\u00c4nd\u00e5 \u00e4r minskningen av v\u00e4xthusgaser inte bara ett tillverkningsproblem utan en global milj\u00f6utmaning f\u00f6r att h\u00e5lla sig inom <a title=\"1,5 \u00b0C temperaturm\u00e5l\" href=\"https:\/\/www.weforum.org\/agenda\/2023\/09\/prevent-1-5-degrees-celsius-climate-threshold\/#:~:text=The%20Paris%20Agreement%20set%20a%20goal%20of%20limiting\" target=\"_blank\" rel=\"noopener\">1,5 \u00b0C temperaturm\u00e5l<\/a> av Parisavtalet. Ledarna \u00e4r emot det, eftersom det \u00e4r notoriskt sv\u00e5rt att sp\u00e5ra och rapportera utsl\u00e4pp av v\u00e4xthusgaser, men vad mer hindrar tillverkare fr\u00e5n att ta itu med dessa komplexa utmaningar?<\/p>\n<p>&nbsp;<\/p>\n<h2>Varf\u00f6r \u00e4r v\u00e4xthusgasutmaningarna s\u00e5 utmanande?<\/h2>\n<p>Olika hinder hindrar tillverkare fr\u00e5n att ta itu med utsl\u00e4ppen av v\u00e4xthusgaser. Rapportering och sp\u00e5rning av korrekta v\u00e4xthusgasdata \u00e4r en utbredd utmaning, vilket understryks av BCG som visar att bara 10 procent av <a title=\"f\u00f6retag\" href=\"https:\/\/www.bcg.com\/press\/16november2023-just-14-percent-of-companies-reduced-carbon-emissions-in-line-with-ambitions-past-five-years\" target=\"_blank\" rel=\"noopener\">f\u00f6retag<\/a> m\u00e4ter alla sina utsl\u00e4pp p\u00e5 ett omfattande s\u00e4tt. PricewaterhouseCoopers (PwC) anger att detta sannolikt beror p\u00e5 <a title=\"tidskr\u00e4vande natur\" href=\"https:\/\/www.pwc.com.au\/energy-transition\/scope-three-challenge.html\" target=\"_blank\" rel=\"noopener\">tidskr\u00e4vande natur<\/a> av uppgiften. Andra ytterligare utmaningar varierar och inkluderar brist p\u00e5 expertis och organisationsstruktur f\u00f6r att framg\u00e5ngsrikt m\u00e4ta utsl\u00e4pp av v\u00e4xthusgaser. Dessutom kanske m\u00e5nga f\u00f6retag inte f\u00f6rst\u00e5r hur deras verksamhet kan p\u00e5verka samh\u00e4llen eller var de ska b\u00f6rja.<\/p>\n<p>F\u00f6r att hantera dessa utmaningar och \u00e4ven f\u00e5 intressenternas engagemang, omfatta <a title=\"h\u00e5llbar tillverkning\" href=\"https:\/\/incit.org\/sv\/thought-leadership\/less-waste-more-efficiency-how-ai-enables-sustainable-manufacturing-practices\/\" target=\"_blank\" rel=\"noopener\">h\u00e5llbar tillverkning<\/a> metoder kan hj\u00e4lpa till att \u00f6verbrygga rapporteringsgapet f\u00f6r v\u00e4xthusgaser genom att fr\u00e4mja ekonomiskt sunda processer fr\u00e5n b\u00f6rjan. I en forskningsartikel med titeln <em><a title=\"En helhetssyn p\u00e5 h\u00e5llbar tillverkning: Omarbetning, gr\u00f6n teknik och koldioxidpolitik\" href=\"https:\/\/www.sciencedirect.com\/science\/article\/abs\/pii\/S0957417423034450\" target=\"_blank\" rel=\"noopener\">En helhetssyn p\u00e5 h\u00e5llbar tillverkning: Omarbetning, gr\u00f6n teknik och koldioxidpolitik<\/a><\/em>, h\u00e4vdar experterna att h\u00e5llbar tillverkning i kombination med gr\u00f6n teknik kan \u201dinte bara minska avfall och f\u00f6rb\u00e4ttra produktiviteten utan ocks\u00e5 minimera ekologiska fotavtryck och bidra till att fr\u00e4mja globala h\u00e5llbarhetsm\u00e5l.\u201d<\/p>\n<p>&nbsp;<\/p>\n<h2>Nu b\u00f6rjar vi \u2013 de 5 b\u00e4sta strategierna f\u00f6r att hantera utsl\u00e4ppen av v\u00e4xthusgaser<\/h2>\n<p>H\u00e5llbar teknik erbjuder en lovande l\u00f6sning som VD:ar kan utnyttja. Smarta ledare inser v\u00e4rdet av gr\u00f6n teknik, med <a title=\"sextiofyra procent\" href=\"https:\/\/www.gartner.com\/en\/newsroom\/press-releases\/2023-11-07-gartner-says-cios-must-balance-the-environmental-promises-and-risks-of-ai\" target=\"_blank\" rel=\"noopener\">sextiofyra procent<\/a> av VD:ar som tillfr\u00e5gats av Gartner Inc. visar att kombinationen av digitalisering, s\u00e5som AI-anv\u00e4ndning, och milj\u00f6m\u00e4ssig h\u00e5llbarhet \u00e4r en viktig tillv\u00e4xtm\u00f6jlighet. Det \u00e4r en v\u00e4xande marknad som aktiveras av str\u00e4van att \u00f6ka milj\u00f6m\u00e4ssiga, sociala och statliga (ESG) framsteg och fungera som en m\u00f6jligg\u00f6rare f\u00f6r sp\u00e5rning av v\u00e4xthusgaser.<\/p>\n<p>Siffrorna talar f\u00f6r sig sj\u00e4lva, och Fortune Business Insights f\u00f6rutsp\u00e5r att marknaden f\u00f6r h\u00e5llbar teknik \u00e4r redo f\u00f6r en boom och kommer att v\u00e4xa fr\u00e5n 1,5 till 19,76 miljarder dollar \u00e5r 2024 till ... <a title=\"$89,97 miljarder \u00e5r 2032\" href=\"https:\/\/www.fortunebusinessinsights.com\/green-technology-and-sustainability-market-102221\" target=\"_blank\" rel=\"noopener\">$89,97 miljarder \u00e5r 2032<\/a>H\u00e4r \u00e4r de fem viktigaste strategierna som kan skapa f\u00f6rb\u00e4ttrade h\u00e5llbarhetsframsteg f\u00f6r en b\u00e4ttre morgondag:<\/p>\n<p>&nbsp;<\/p>\n<h3>1. Omfamna smart tillverkning<\/h3>\n<p>Smart tillverkning st\u00f6der i sig h\u00e5llbarhetsframsteg och minskade utsl\u00e4pp av v\u00e4xthusgaser. Smart tillverkning driver f\u00f6retag att anta l\u00f6sningar som f\u00f6rnybar energi, AI, stordatateknik och smarta fabriker. Genom att implementera dessa strategier \u00f6kar f\u00f6retag inte bara produktiviteten utan minskar ocks\u00e5 den totala utsl\u00e4ppen. <a title=\"milj\u00f6utsl\u00e4pp\" href=\"https:\/\/www.nature.com\/articles\/s41599-024-03623-z#:~:text=By%20employing%20big%20data%20technologies,overall%20environmental%20emissions%20for%20enterprises\" target=\"_blank\" rel=\"noopener\">milj\u00f6utsl\u00e4pp<\/a>.<\/p>\n<p>&nbsp;<\/p>\n<h3>2. H\u00e5llbar teknik driver ESG-framsteg<\/h3>\n<p>Enligt Gartner, <a title=\"ESG-programvara\" href=\"https:\/\/www.gartner.com\/en\/chief-information-officer\/topics\/sustainable-technology\" target=\"_blank\" rel=\"noopener\">ESG-programvara<\/a> erbjuder insikter i realtid med automatiserade och effektiva verktyg f\u00f6r insamling, analys, insikter och rapportering. Denna data kan hj\u00e4lpa tillverkare att f\u00f6rst\u00e5 vilka omr\u00e5den de beh\u00f6ver \u00e5tg\u00e4rda och ger anv\u00e4ndbara insikter, vilket ger ledare m\u00f6jlighet att fatta snabbare strategiska beslut.<\/p>\n<p>&nbsp;<\/p>\n<h3>3. F\u00e5nga vinster med AI och automatisering<\/h3>\n<p>Gartner marknadsf\u00f6r \u00e4ven <a title=\"anv\u00e4ndning av AI\" href=\"https:\/\/www.gartner.com\/en\/chief-information-officer\/topics\/sustainable-technology\" target=\"_blank\" rel=\"noopener\">anv\u00e4ndning av AI<\/a>, eftersom det f\u00f6rb\u00e4ttrar aff\u00e4rsverksamhet och processer f\u00f6r att minska utsl\u00e4ppen av v\u00e4xthusgaser genom att minska ett f\u00f6retags milj\u00f6avtryck. AI kan ocks\u00e5 m\u00f6jligg\u00f6ra automatisering f\u00f6r att &quot;\u00f6vervaka, f\u00f6ruts\u00e4ga, mildra och f\u00f6rb\u00e4ttra milj\u00f6problem&quot;.<\/p>\n<p>&nbsp;<\/p>\n<h3>4. Anv\u00e4nd ett l\u00e5ngsiktigt perspektiv<\/h3>\n<p>En <a title=\"Deloitte-rapport\" href=\"https:\/\/www.deloitte.com\/nl\/en\/issues\/climate\/challenges-and-solutions-scope-3-emissions.html\" target=\"_blank\" rel=\"noopener\">Deloitte-rapport<\/a> att minskning av v\u00e4xthusgaser \u00e4r en uppf\u00f6rsbacke, och genom att implementera ett l\u00e5ngsiktigt perspektiv kommer f\u00f6retag inte bara att fokusera p\u00e5 det nuvarande l\u00e4get f\u00f6r sina utsl\u00e4pp. Ledare kommer att uppmuntra arbetstagare att genomf\u00f6ra h\u00e5llbarhetsinitiativ f\u00f6r att m\u00e4ta och genomf\u00f6ra korrekt utsl\u00e4ppsrapportering effektivt.<\/p>\n<p>&nbsp;<\/p>\n<h3>5. Intelligens \u00f6kar \u2013 ESG-kunskap \u00e4r makt<\/h3>\n<p>I takt med att regler och policyer f\u00f6r\u00e4ndras m\u00e5ste ledare fr\u00e4mja en kultur av kontinuerligt l\u00e4rande f\u00f6r att uppfylla alla krav p\u00e5 rapportering av v\u00e4xthusgaser. Kunskap \u00e4r avg\u00f6rande, och ledare m\u00e5ste h\u00e5lla sig uppdaterade om den senaste utvecklingen genom artiklar, utbildning och kongresser f\u00f6r att s\u00e4kerst\u00e4lla ett korrekt perspektiv p\u00e5 kraven f\u00f6r v\u00e4xthusgaser.<\/p>\n<p>&nbsp;<\/p>\n<h2>En uppmaning till handling f\u00f6r att anv\u00e4nda gr\u00f6n teknik f\u00f6r att m\u00f6jligg\u00f6ra transparens och rapportering av v\u00e4xthusgaser<\/h2>\n<p>Sammanfattningsvis har tillverkare ett stort jobb framf\u00f6r sig. Det finns ett \u00f6kande tryck att minska utsl\u00e4ppen snabbt, och det \u00e4r dags att agera nu. VD:ar kan optimera sin verksamhet genom att utnyttja smart tillverkning och gr\u00f6n teknik, vilket inte bara m\u00f6jligg\u00f6r rapportering av v\u00e4xthusgaser utan ocks\u00e5 st\u00f6djer dem i deras ESG- och h\u00e5llbarhetsresa. Men var b\u00f6rjar man?<\/p>\n<p>Att omfamna ett h\u00e5llbart ramverk som <a title=\"COSIRI (Consumer Sustainability Index)\" href=\"https:\/\/incit.org\/sv\/what-we-do\/cosiri\/\" target=\"_blank\" rel=\"noopener\">COSIRI (Consumer Sustainability Index)<\/a> ger VD:ar klarhet i sin nuvarande situation och v\u00e4gleder dem i de strategiska, skr\u00e4ddarsydda stegen de ska ta f\u00f6r att uppn\u00e5 mer positiva ESG-resultat. Det har varit en fullst\u00e4ndig revolution f\u00f6r att driva h\u00e5llbar aff\u00e4rsframg\u00e5ng f\u00f6r v\u00e5ra INCIT-partners. Bes\u00f6k v\u00e5r webbsida f\u00f6r att l\u00e4ra dig mer om COSIRI, den ledande <a title=\"ESG-bed\u00f6mningsramverk\" href=\"https:\/\/incit.org\/sv\/what-we-do\/cosiri\/cosiri-assessment\/\" target=\"_blank\" rel=\"noopener\">ESG-bed\u00f6mningsramverk<\/a> globalt st\u00f6dd av V\u00e4rldsekonomiskt forum (WEF).<\/p>\n<p>&nbsp;<\/p>\n<h2>Vanliga fr\u00e5gor om h\u00e5llbart ledarskap inom tillverkning<\/h2>\n<style>#sp-ea-37995 .spcollapsing { height: 0; overflow: hidden; transition-property: height;transition-duration: 300ms;}#sp-ea-37995.sp-easy-accordion>.sp-ea-single {margin-bottom: 10px; border: 1px solid #e2e2e2; }#sp-ea-37995.sp-easy-accordion>.sp-ea-single>.ea-header a {color: #444;}#sp-ea-37995.sp-easy-accordion>.sp-ea-single>.sp-collapse>.ea-body {background: #fff; color: #444;}#sp-ea-37995.sp-easy-accordion>.sp-ea-single {background: #eee;}#sp-ea-37995.sp-easy-accordion>.sp-ea-single>.ea-header a .ea-expand-icon { float: left; color: #444;font-size: 16px;}<\/style><div id=\"sp_easy_accordion-1750330397\"><div id=\"sp-ea-37995\" class=\"sp-ea-one sp-easy-accordion\" data-ea-active=\"ea-click\" data-ea-mode=\"vertical\" data-preloader=\"\" data-scroll-active-item=\"\" data-offset-to-scroll=\"0\"><div class=\"ea-card ea-expand sp-ea-single\"><h3 class=\"ea-header\"><a class=\"collapsed\" id=\"ea-header-379950\" role=\"button\" data-sptoggle=\"spcollapse\" data-sptarget=\"#collapse379950\" aria-controls=\"collapse379950\" href=\"#\" aria-expanded=\"true\" tabindex=\"0\"><i aria-hidden=\"true\" role=\"presentation\" class=\"ea-expand-icon eap-icon-ea-expand-minus\"><\/i> Varf\u00f6r ska VD:ar leda h\u00e5llbarhetsarbetet inom tillverkningsindustrin?<\/a><\/h3><div class=\"sp-collapse spcollapse collapsed show\" id=\"collapse379950\" data-parent=\"#sp-ea-37995\" role=\"region\" aria-labelledby=\"ea-header-379950\"> <div class=\"ea-body\"><p><span style=\"font-weight: 400\">VD:ar b\u00f6r leda h\u00e5llbarhetsarbetet inom tillverkningsindustrin eftersom de s\u00e4tter den strategiska riktningen, p\u00e5verkar f\u00f6retagskulturen och kan driva systemf\u00f6r\u00e4ndringar f\u00f6r att minska milj\u00f6p\u00e5verkan och uppn\u00e5 ESG-m\u00e5l.<\/span><\/p><\/div><\/div><\/div><div class=\"ea-card sp-ea-single\"><h3 class=\"ea-header\"><a class=\"collapsed\" id=\"ea-header-379951\" role=\"button\" data-sptoggle=\"spcollapse\" data-sptarget=\"#collapse379951\" aria-controls=\"collapse379951\" href=\"#\" aria-expanded=\"false\" tabindex=\"0\"><i aria-hidden=\"true\" role=\"presentation\" class=\"ea-expand-icon eap-icon-ea-expand-plus\"><\/i> Hur kan VD:ar inom tillverkningsindustrin minska koldioxidutsl\u00e4ppen i sin verksamhet?<\/a><\/h3><div class=\"sp-collapse spcollapse\" id=\"collapse379951\" data-parent=\"#sp-ea-37995\" role=\"region\" aria-labelledby=\"ea-header-379951\"> <div class=\"ea-body\"><p><span style=\"font-weight: 400\">VD:ar inom tillverkningsindustrin kan minska koldioxidutsl\u00e4ppen genom att investera i f\u00f6rnybar energi, f\u00f6rb\u00e4ttra energieffektiviteten, uppgradera maskiner, optimera leveranskedjor och s\u00e4tta tydliga m\u00e5l f\u00f6r utsl\u00e4ppsminskning.<\/span><\/p><\/div><\/div><\/div><div class=\"ea-card sp-ea-single\"><h3 class=\"ea-header\"><a class=\"collapsed\" id=\"ea-header-379952\" role=\"button\" data-sptoggle=\"spcollapse\" data-sptarget=\"#collapse379952\" aria-controls=\"collapse379952\" href=\"#\" aria-expanded=\"false\" tabindex=\"0\"><i aria-hidden=\"true\" role=\"presentation\" class=\"ea-expand-icon eap-icon-ea-expand-plus\"><\/i> Vilken \u00e4r ledningens roll i ESG-strategi?<\/a><\/h3><div class=\"sp-collapse spcollapse\" id=\"collapse379952\" data-parent=\"#sp-ea-37995\" role=\"region\" aria-labelledby=\"ea-header-379952\"> <div class=\"ea-body\"><p><span style=\"font-weight: 400\">Ledningen spelar en avg\u00f6rande roll i ESG-strategin genom att integrera h\u00e5llbarhet i k\u00e4rnverksamheten, anpassa intressenter kring klimatm\u00e5len och s\u00e4kerst\u00e4lla ansvarsskyldighet f\u00f6r milj\u00f6m\u00e4ssiga och sociala resultat.<\/span><\/p><\/div><\/div><\/div><div class=\"ea-card sp-ea-single\"><h3 class=\"ea-header\"><a class=\"collapsed\" id=\"ea-header-379953\" role=\"button\" data-sptoggle=\"spcollapse\" data-sptarget=\"#collapse379953\" aria-controls=\"collapse379953\" href=\"#\" aria-expanded=\"false\" tabindex=\"0\"><i aria-hidden=\"true\" role=\"presentation\" class=\"ea-expand-icon eap-icon-ea-expand-plus\"><\/i> Hur kan VD:ar anpassa aff\u00e4rsm\u00e5l med h\u00e5llbarhetsm\u00e5l?<\/a><\/h3><div class=\"sp-collapse spcollapse\" id=\"collapse379953\" data-parent=\"#sp-ea-37995\" role=\"region\" aria-labelledby=\"ea-header-379953\"> <div class=\"ea-body\"><p><span style=\"font-weight: 400\">VD:ar kan anpassa aff\u00e4rsm\u00e5l till h\u00e5llbarhetsm\u00e5l genom att integrera ESG-m\u00e5tt i f\u00f6retagets nyckeltal, koppla h\u00e5llbarhet till l\u00f6nsamhet och prioritera gr\u00f6n innovation i alla avdelningar.<\/span><\/p><\/div><\/div><\/div><div class=\"ea-card sp-ea-single\"><h3 class=\"ea-header\"><a class=\"collapsed\" id=\"ea-header-379954\" role=\"button\" data-sptoggle=\"spcollapse\" data-sptarget=\"#collapse379954\" aria-controls=\"collapse379954\" href=\"#\" aria-expanded=\"false\" tabindex=\"0\"><i aria-hidden=\"true\" role=\"presentation\" class=\"ea-expand-icon eap-icon-ea-expand-plus\"><\/i> Vilka \u00e4r de viktigaste utmaningarna som VD:ar st\u00e5r inf\u00f6r i en h\u00e5llbar omvandling?<\/a><\/h3><div class=\"sp-collapse spcollapse\" id=\"collapse379954\" data-parent=\"#sp-ea-37995\" role=\"region\" aria-labelledby=\"ea-header-379954\"> <div class=\"ea-body\"><p><span style=\"font-weight: 400\">Viktiga utmaningar inkluderar att balansera kortsiktiga kostnader med l\u00e5ngsiktiga f\u00f6rdelar, navigera regelverkskomplexitet, driva kulturell f\u00f6r\u00e4ndring och s\u00e4kerst\u00e4lla intressenternas engagemang i hela organisationen.<\/span><\/p><\/div><\/div><\/div><div class=\"ea-card sp-ea-single\"><h3 class=\"ea-header\"><a class=\"collapsed\" id=\"ea-header-379955\" role=\"button\" data-sptoggle=\"spcollapse\" data-sptarget=\"#collapse379955\" aria-controls=\"collapse379955\" href=\"#\" aria-expanded=\"false\" tabindex=\"0\"><i aria-hidden=\"true\" role=\"presentation\" class=\"ea-expand-icon eap-icon-ea-expand-plus\"><\/i> Hur p\u00e5verkar h\u00e5llbart ledarskap varum\u00e4rkesrykte inom tillverkningsindustrin?<\/a><\/h3><div class=\"sp-collapse spcollapse\" id=\"collapse379955\" data-parent=\"#sp-ea-37995\" role=\"region\" aria-labelledby=\"ea-header-379955\"> <div class=\"ea-body\"><p><span style=\"font-weight: 400\">H\u00e5llbart ledarskap f\u00f6rb\u00e4ttrar varum\u00e4rkets rykte genom att visa milj\u00f6ansvar, bygga kundernas f\u00f6rtroende, attrahera investerare och differentiera f\u00f6retaget p\u00e5 en konkurrensutsatt marknad.<\/span><\/p><\/div><\/div><\/div><div class=\"ea-card sp-ea-single\"><h3 class=\"ea-header\"><a class=\"collapsed\" id=\"ea-header-379956\" role=\"button\" data-sptoggle=\"spcollapse\" data-sptarget=\"#collapse379956\" aria-controls=\"collapse379956\" href=\"#\" aria-expanded=\"false\" tabindex=\"0\"><i aria-hidden=\"true\" role=\"presentation\" class=\"ea-expand-icon eap-icon-ea-expand-plus\"><\/i> Vilka nyckeltal b\u00f6r VD:ar f\u00f6lja f\u00f6r framg\u00e5ng i h\u00e5llbar tillverkning?<\/a><\/h3><div class=\"sp-collapse spcollapse\" id=\"collapse379956\" data-parent=\"#sp-ea-37995\" role=\"region\" aria-labelledby=\"ea-header-379956\"> <div class=\"ea-body\"><p><span style=\"font-weight: 400\">VD:ar b\u00f6r f\u00f6lja upp nyckeltal som koldioxidutsl\u00e4pp, energif\u00f6rbrukning, avfallsminskning, vattenanv\u00e4ndning, efterlevnad av ESG-regler och h\u00e5llbarhetsm\u00e5tt i leveranskedjan f\u00f6r att m\u00e4ta framsteg.<\/span><\/p><\/div><\/div><\/div><div class=\"ea-card sp-ea-single\"><h3 class=\"ea-header\"><a class=\"collapsed\" id=\"ea-header-379957\" role=\"button\" data-sptoggle=\"spcollapse\" data-sptarget=\"#collapse379957\" aria-controls=\"collapse379957\" href=\"#\" aria-expanded=\"false\" tabindex=\"0\"><i aria-hidden=\"true\" role=\"presentation\" class=\"ea-expand-icon eap-icon-ea-expand-plus\"><\/i> Vilka \u00e4r exempel p\u00e5 VD-ledda h\u00e5llbarhetsinitiativ inom industrin?<\/a><\/h3><div class=\"sp-collapse spcollapse\" id=\"collapse379957\" data-parent=\"#sp-ea-37995\" role=\"region\" aria-labelledby=\"ea-header-379957\"> <div class=\"ea-body\"><p><span style=\"font-weight: 400\">Exempel inkluderar att s\u00e4tta nollutsl\u00e4ppsm\u00e5l, lansera gr\u00f6na produktlinjer, \u00f6verg\u00e5 till f\u00f6rnybar energi, implementera modeller f\u00f6r cirkul\u00e4ra ekonomin och publicera transparenta ESG-rapporter.<\/span><\/p><\/div><\/div><\/div><div class=\"ea-card sp-ea-single\"><h3 class=\"ea-header\"><a class=\"collapsed\" id=\"ea-header-379958\" role=\"button\" data-sptoggle=\"spcollapse\" data-sptarget=\"#collapse379958\" aria-controls=\"collapse379958\" href=\"#\" aria-expanded=\"false\" tabindex=\"0\"><i aria-hidden=\"true\" role=\"presentation\" class=\"ea-expand-icon eap-icon-ea-expand-plus\"><\/i> Hur kan VD:ar framtidss\u00e4kra tillverkning genom gr\u00f6n innovation?<\/a><\/h3><div class=\"sp-collapse spcollapse\" id=\"collapse379958\" data-parent=\"#sp-ea-37995\" role=\"region\" aria-labelledby=\"ea-header-379958\"> <div class=\"ea-body\"><p><span style=\"font-weight: 400\">VD:ar kan framtidss\u00e4kra tillverkning genom att investera i ren teknik, digital transformation, h\u00e5llbar produktdesign och skalbara l\u00f6sningar som minskar milj\u00f6risker och \u00f6kar effektiviteten.<\/span><\/p><\/div><\/div><\/div><div class=\"ea-card sp-ea-single\"><h3 class=\"ea-header\"><a class=\"collapsed\" id=\"ea-header-379959\" role=\"button\" data-sptoggle=\"spcollapse\" data-sptarget=\"#collapse379959\" aria-controls=\"collapse379959\" href=\"#\" aria-expanded=\"false\" tabindex=\"0\"><i aria-hidden=\"true\" role=\"presentation\" class=\"ea-expand-icon eap-icon-ea-expand-plus\"><\/i> Varf\u00f6r \u00e4r VD:s ansvarsskyldighet avg\u00f6rande i klimat\u00e5tg\u00e4rder?<\/a><\/h3><div class=\"sp-collapse spcollapse\" id=\"collapse379959\" data-parent=\"#sp-ea-37995\" role=\"region\" aria-labelledby=\"ea-header-379959\"> <div class=\"ea-body\"><p><span style=\"font-weight: 400\">VD:s ansvarsskyldighet \u00e4r avg\u00f6rande i klimat\u00e5tg\u00e4rder eftersom ledarskapets engagemang s\u00e4kerst\u00e4ller att klimatm\u00e5l prioriteras, resurser f\u00f6rdelas effektivt och framsteg m\u00e4ts transparent.<\/span><\/p><\/div><\/div><\/div><script type=\"application\/ld+json\">{ \"@context\": \"https:\/\/schema.org\", \"@type\": \"FAQPage\", \"@id\": \"sp-ea-schema-37995-69f53852a7818\", \"mainEntity\": [{ \"@type\": \"Question\", \"name\": \"Why Should CEOs Lead Sustainability Efforts in Manufacturing?\", \"acceptedAnswer\": { \"@type\": \"Answer\", \"text\": \"CEOs should lead sustainability efforts in manufacturing because they set the strategic direction, influence company culture, and can drive systemic change to reduce environmental impact and meet ESG goals.\" } },{ \"@type\": \"Question\", \"name\": \"How Can Manufacturing CEOs Reduce Carbon Emissions in Their Operations?\", \"acceptedAnswer\": { \"@type\": \"Answer\", \"text\": \"Manufacturing CEOs can reduce carbon emissions by investing in renewable energy, improving energy efficiency, upgrading machinery, optimising supply chains, and setting clear emissions reduction targets.\" } },{ \"@type\": \"Question\", \"name\": \"What is the Role of Executive Leadership in ESG Strategy?\", \"acceptedAnswer\": { \"@type\": \"Answer\", \"text\": \"Executive leadership plays a critical role in ESG strategy by integrating sustainability into core business operations, aligning stakeholders around climate goals, and ensuring accountability for environmental and social performance.\" } },{ \"@type\": \"Question\", \"name\": \"How Can CEOs Align Business Goals With Sustainability Targets?\", \"acceptedAnswer\": { \"@type\": \"Answer\", \"text\": \"CEOs can align business goals with sustainability targets by embedding ESG metrics into corporate KPIs, linking sustainability to profitability, and prioritising green innovation across all departments.\" } },{ \"@type\": \"Question\", \"name\": \"What Are the Key Challenges CEOs Face in Sustainable Transformation?\", \"acceptedAnswer\": { \"@type\": \"Answer\", \"text\": \"Key challenges include balancing short-term costs with long-term benefits, navigating regulatory complexity, driving cultural change, and ensuring stakeholder buy-in across the organisation.\" } },{ \"@type\": \"Question\", \"name\": \"How Does Sustainable Leadership Impact Brand Reputation in Manufacturing?\", \"acceptedAnswer\": { \"@type\": \"Answer\", \"text\": \"Sustainable leadership improves brand reputation by demonstrating environmental responsibility, building customer trust, attracting investors, and differentiating the company in a competitive market.\" } },{ \"@type\": \"Question\", \"name\": \"What KPIs Should CEOs Track for Sustainable Manufacturing Success?\", \"acceptedAnswer\": { \"@type\": \"Answer\", \"text\": \"CEOs should track KPIs such as carbon emissions, energy consumption, waste reduction, water usage, ESG compliance rates, and supply chain sustainability metrics to measure progress.\" } },{ \"@type\": \"Question\", \"name\": \"What Are Examples of CEO-led Sustainability Initiatives in Industry?\", \"acceptedAnswer\": { \"@type\": \"Answer\", \"text\": \"Examples include setting net-zero targets, launching green product lines, switching to renewable energy, implementing circular economy models, and publishing transparent ESG reports.\" } },{ \"@type\": \"Question\", \"name\": \"How Can CEOs Future-proof Manufacturing Through Green Innovation?\", \"acceptedAnswer\": { \"@type\": \"Answer\", \"text\": \"CEOs can future-proof manufacturing by investing in clean technologies, digital transformation, sustainable product design, and scalable solutions that reduce environmental risk and boost efficiency.\" } },{ \"@type\": \"Question\", \"name\": \"Why is CEO Accountability Essential in Climate Action?\", \"acceptedAnswer\": { \"@type\": \"Answer\", \"text\": \"CEO accountability is essential in climate action because leadership commitment ensures that climate goals are prioritised, resources are allocated effectively, and progress is measured transparently.\" } }] }<\/script><\/div><\/div>","protected":false},"excerpt":{"rendered":"<p>Tillverkningsindustrin st\u00e5r p\u00e5 randen av en omv\u00e4lvande f\u00f6r\u00e4ndring, till stor del driven av h\u00e5llbarhetsagendan. Och VD:ar st\u00e5r i framkant av denna f\u00f6r\u00e4ndring och beh\u00f6ver f\u00f6respr\u00e5ka h\u00e5llbarhet och milj\u00f6r\u00e4ttvisa samt anamma innovativa gr\u00f6na tekniker f\u00f6r att minska utsl\u00e4ppen av v\u00e4xthusgaser. Trots det tr\u00e4ngande behovet f\u00f6r alla f\u00f6retag, oavsett storlek, [\u2026]<\/p>","protected":false},"author":3,"featured_media":35163,"comment_status":"closed","ping_status":"open","sticky":false,"template":"","format":"standard","meta":{"_acf_changed":false,"footnotes":""},"categories":[17],"tags":[69,161,60,162],"class_list":["post-29438","post","type-post","status-publish","format-standard","has-post-thumbnail","hentry","category-thought-leadership","tag-esg","tag-ghg-emissions","tag-sustainability","tag-sustainable-change"],"acf":{"topic":"sustainability"},"_links":{"self":[{"href":"https:\/\/incit.org\/sv\/wp-json\/wp\/v2\/posts\/29438","targetHints":{"allow":["GET"]}}],"collection":[{"href":"https:\/\/incit.org\/sv\/wp-json\/wp\/v2\/posts"}],"about":[{"href":"https:\/\/incit.org\/sv\/wp-json\/wp\/v2\/types\/post"}],"author":[{"embeddable":true,"href":"https:\/\/incit.org\/sv\/wp-json\/wp\/v2\/users\/3"}],"replies":[{"embeddable":true,"href":"https:\/\/incit.org\/sv\/wp-json\/wp\/v2\/comments?post=29438"}],"version-history":[{"count":4,"href":"https:\/\/incit.org\/sv\/wp-json\/wp\/v2\/posts\/29438\/revisions"}],"predecessor-version":[{"id":38040,"href":"https:\/\/incit.org\/sv\/wp-json\/wp\/v2\/posts\/29438\/revisions\/38040"}],"wp:featuredmedia":[{"embeddable":true,"href":"https:\/\/incit.org\/sv\/wp-json\/wp\/v2\/media\/35163"}],"wp:attachment":[{"href":"https:\/\/incit.org\/sv\/wp-json\/wp\/v2\/media?parent=29438"}],"wp:term":[{"taxonomy":"category","embeddable":true,"href":"https:\/\/incit.org\/sv\/wp-json\/wp\/v2\/categories?post=29438"},{"taxonomy":"post_tag","embeddable":true,"href":"https:\/\/incit.org\/sv\/wp-json\/wp\/v2\/tags?post=29438"}],"curies":[{"name":"wp","href":"https:\/\/api.w.org\/{rel}","templated":true}]}}