{"id":32378,"date":"2025-02-12T16:45:19","date_gmt":"2025-02-12T08:45:19","guid":{"rendered":"https:\/\/incit.org\/?p=32378"},"modified":"2025-04-14T14:13:57","modified_gmt":"2025-04-14T06:13:57","slug":"oman-builds-industrial-future-with-key-mous-incit-to-drive-digital-transformation","status":"publish","type":"post","link":"https:\/\/incit.org\/sv\/newsroom\/oman-builds-industrial-future-with-key-mous-incit-to-drive-digital-transformation\/","title":{"rendered":"Oman bygger industriell framtid med nyckelmoUs, INCIT f\u00f6r att driva digital transformation"},"content":{"rendered":"<p><img fetchpriority=\"high\" decoding=\"async\" class=\"aligncenter wp-image-35092 size-full\" src=\"https:\/\/assets.incit.org\/wp-content\/uploads\/2025\/02\/14141324\/Oman-x-INCIT-1-818x1024-1.png\" alt=\"\" width=\"818\" height=\"1024\" srcset=\"https:\/\/assets.incit.org\/wp-content\/uploads\/2025\/02\/14141324\/Oman-x-INCIT-1-818x1024-1.png 818w, https:\/\/assets.incit.org\/wp-content\/uploads\/2025\/02\/14141324\/Oman-x-INCIT-1-818x1024-1-240x300.png 240w, https:\/\/assets.incit.org\/wp-content\/uploads\/2025\/02\/14141324\/Oman-x-INCIT-1-818x1024-1-768x961.png 768w, https:\/\/assets.incit.org\/wp-content\/uploads\/2025\/02\/14141324\/Oman-x-INCIT-1-818x1024-1-10x12.png 10w\" sizes=\"(max-width: 818px) 100vw, 818px\" \/><\/p>\n<p><strong>Omans industridag<\/strong>, som h\u00f6lls den 9 februari 2025, belyser landets industriella tillv\u00e4xt och framtidsplaner. Organiserat av <strong>Ministeriet f\u00f6r handel, industri och investeringsfr\u00e4mjande (MoCIIP)<\/strong>, \u00e5rets tema, <em>&quot;Oman i hj\u00e4rtat av globala leveranskedjor&quot;<\/em> \u00e5terspeglar nationens roll i global handel och tillverkning. Evenemanget samlade regeringstj\u00e4nstem\u00e4n, f\u00f6retagsledare och branschexperter f\u00f6r att diskutera Omans framsteg inom ekonomisk diversifiering och industriell utveckling.<\/p>\n<p>Det \u00e4r v\u00e4rt att notera att Omans tillverkningssektor v\u00e4xte med 8,51 ton per ton under 2024 och uppgick till 2,686 miljarder RO. Regeringen tillk\u00e4nnagav ocks\u00e5 100 nya industriprojekt v\u00e4rda 1,5 miljarder RO, som sp\u00e4nner \u00f6ver viktiga sektorer som f\u00f6rnybar energi, medicin- och livsmedelsindustri, metaller och byggmaterial. Dessa investeringar \u00e5terspeglar Omans engagemang f\u00f6r att st\u00e4rka sin industriella bas och ut\u00f6ka sin roll i globala leveranskedjor. F\u00f6r att uppr\u00e4tth\u00e5lla denna dynamik och f\u00f6rbli konkurrenskraftig accelererar Oman sin \u00f6verg\u00e5ng mot digitalisering och smart tillverkning. Genom att anta avancerad teknik str\u00e4var landet efter att \u00f6ka effektiviteten, f\u00f6rb\u00e4ttra produktkvaliteten och skapa nya m\u00f6jligheter f\u00f6r f\u00f6retag och arbetstagare. Denna \u00f6verg\u00e5ng \u00e4r ett viktigt steg f\u00f6r att s\u00e4kerst\u00e4lla att omanska industrier kan h\u00e5lla j\u00e4mna steg med globala trender och m\u00f6ta de st\u00e4ndigt f\u00f6r\u00e4nderliga kraven p\u00e5 internationella marknader.<\/p>\n<p>Som en del av sin industriella vision fokuserar Oman p\u00e5 digitalisering och smart tillverkning och skapar globala partnerskap f\u00f6r att st\u00f6dja denna f\u00f6r\u00e4ndring. Ett viktigt samarbete \u00e4r med International Centre for Industrial Transformation (INCIT), som hj\u00e4lper omanska fabriker att anta teknik f\u00f6r den fj\u00e4rde industriella revolutionen (4IR). INCITs prioriteringsindex g\u00f6r det m\u00f6jligt f\u00f6r industrier att bed\u00f6ma sina framsteg, identifiera f\u00f6rb\u00e4ttringsomr\u00e5den och \u00f6ka den globala konkurrenskraften. Detta partnerskap st\u00f6der Omans m\u00e5l att bli ledande inom industriell innovation samtidigt som det skapar nya m\u00f6jligheter f\u00f6r f\u00f6retag och yrkesverksamma.<\/p>\n<p>Under ceremonin undertecknades tre viktiga samf\u00f6rst\u00e5ndsavtal (MoU). Det f\u00f6rsta samf\u00f6rst\u00e5ndsavtalet, med <strong>International Centre for Industrial Transformation (INCIT)<\/strong>, syftar till att st\u00f6dja fabriker i att anta teknik inom ramen f\u00f6r den fj\u00e4rde industriella revolutionen (4IR). Det andra samf\u00f6rst\u00e5ndsavtalet, med <strong>Gulforganisationen f\u00f6r industriell konsultverksamhet<\/strong>, fokuserar p\u00e5 att etablera ett avancerat automationscenter. Det tredje samf\u00f6rst\u00e5ndsavtalet tillk\u00e4nnagav ett strategiskt partnerskap med <strong>FN:s organisation f\u00f6r industriell utveckling (UNIDO)<\/strong>.<\/p>\n<p>Dessutom introducerade ministeriet f\u00f6r handel, industri och investeringsfr\u00e4mjande <em>Tillverkad i Oman<\/em> plattformens nationella produktidentitetscertifikat f\u00f6r att fr\u00e4mja lokala industrier. Det avancerade automationscentret lanserades f\u00f6r att f\u00f6rb\u00e4ttra industriell kapacitet och st\u00f6dja Omans digitala transformationsresa.<\/p>\n<p><img decoding=\"async\" class=\"aligncenter wp-image-35091 size-full\" src=\"https:\/\/assets.incit.org\/wp-content\/uploads\/2025\/02\/14141322\/Oman-x-INCIT-2-839x1024-1.png\" alt=\"\" width=\"839\" height=\"1024\" srcset=\"https:\/\/assets.incit.org\/wp-content\/uploads\/2025\/02\/14141322\/Oman-x-INCIT-2-839x1024-1.png 839w, https:\/\/assets.incit.org\/wp-content\/uploads\/2025\/02\/14141322\/Oman-x-INCIT-2-839x1024-1-246x300.png 246w, https:\/\/assets.incit.org\/wp-content\/uploads\/2025\/02\/14141322\/Oman-x-INCIT-2-839x1024-1-768x937.png 768w, https:\/\/assets.incit.org\/wp-content\/uploads\/2025\/02\/14141322\/Oman-x-INCIT-2-839x1024-1-10x12.png 10w\" sizes=\"(max-width: 839px) 100vw, 839px\" \/><\/p>\n<p>Ett certifierat kvalificeringsprogram f\u00f6r bed\u00f6mare, som anv\u00e4nder Smart Industry Readiness Index (SIRI)-metoden, inf\u00f6rdes ocks\u00e5 f\u00f6r att s\u00e4kerst\u00e4lla noggranna och professionella bed\u00f6mningar av beredskapen f\u00f6r industriell omvandling. <strong>Dr. Jesmond Hong, operativ chef f\u00f6r INCIT<\/strong>, uttryckte entusiasm \u00f6ver att forts\u00e4tta samarbetet med Oman f\u00f6r att driva industriell omvandling och fr\u00e4mja en blomstrande framtid f\u00f6r dess tillverkningssektor.<\/p>\n<p>I takt med att Oman forts\u00e4tter att anamma digitalisering och industriell omvandling har INCIT \u00e5tagit sig att arbeta n\u00e4ra landet f\u00f6r att driva framsteg inom tillverkning och teknisk innovation. Genom att utnyttja sin expertis och globalt erk\u00e4nda ramverk kommer INCIT att st\u00f6dja omanska industrier i att anta avancerad teknik, \u00f6ka konkurrenskraften och uppn\u00e5 h\u00e5llbar tillv\u00e4xt. Tillsammans kommer INCIT och Oman att fr\u00e4mja ett blomstrande industriellt ekosystem, positionera nationen som en ledare p\u00e5 den globala marknaden samtidigt som de skapar m\u00f6jligheter f\u00f6r b\u00e5de f\u00f6retag och yrkesverksamma.<\/p>","protected":false},"excerpt":{"rendered":"<p>Omans industridag, som h\u00e5lls den 9 februari 2025, belyser landets industriella tillv\u00e4xt och framtidsplaner. \u00c5rets tema, &quot;Oman i hj\u00e4rtat av globala leveranskedjor&quot;, organiseras av ministeriet f\u00f6r handel, industri och investeringsfr\u00e4mjande (MoCIIP) och \u00e5terspeglar nationens roll i global handel och tillverkning. Evenemanget samlade regeringstj\u00e4nstem\u00e4n, f\u00f6retagsledare, [\u2026]<\/p>","protected":false},"author":3,"featured_media":35089,"comment_status":"closed","ping_status":"open","sticky":false,"template":"","format":"standard","meta":{"_acf_changed":false,"footnotes":""},"categories":[18],"tags":[47,29,14,15],"class_list":["post-32378","post","type-post","status-publish","format-standard","has-post-thumbnail","hentry","category-newsroom","tag-incit","tag-incit-partnership","tag-siri","tag-smart-industry-readiness-index"],"acf":{"featured_post":true},"_links":{"self":[{"href":"https:\/\/incit.org\/sv\/wp-json\/wp\/v2\/posts\/32378","targetHints":{"allow":["GET"]}}],"collection":[{"href":"https:\/\/incit.org\/sv\/wp-json\/wp\/v2\/posts"}],"about":[{"href":"https:\/\/incit.org\/sv\/wp-json\/wp\/v2\/types\/post"}],"author":[{"embeddable":true,"href":"https:\/\/incit.org\/sv\/wp-json\/wp\/v2\/users\/3"}],"replies":[{"embeddable":true,"href":"https:\/\/incit.org\/sv\/wp-json\/wp\/v2\/comments?post=32378"}],"version-history":[{"count":2,"href":"https:\/\/incit.org\/sv\/wp-json\/wp\/v2\/posts\/32378\/revisions"}],"predecessor-version":[{"id":35093,"href":"https:\/\/incit.org\/sv\/wp-json\/wp\/v2\/posts\/32378\/revisions\/35093"}],"wp:featuredmedia":[{"embeddable":true,"href":"https:\/\/incit.org\/sv\/wp-json\/wp\/v2\/media\/35089"}],"wp:attachment":[{"href":"https:\/\/incit.org\/sv\/wp-json\/wp\/v2\/media?parent=32378"}],"wp:term":[{"taxonomy":"category","embeddable":true,"href":"https:\/\/incit.org\/sv\/wp-json\/wp\/v2\/categories?post=32378"},{"taxonomy":"post_tag","embeddable":true,"href":"https:\/\/incit.org\/sv\/wp-json\/wp\/v2\/tags?post=32378"}],"curies":[{"name":"wp","href":"https:\/\/api.w.org\/{rel}","templated":true}]}}