{"id":36786,"date":"2025-05-18T04:14:30","date_gmt":"2025-05-17T20:14:30","guid":{"rendered":"https:\/\/incit.org\/?p=36786"},"modified":"2025-05-25T22:01:29","modified_gmt":"2025-05-25T14:01:29","slug":"top-10-industry-4-0-trends-shaping-the-future-of-work","status":"publish","type":"post","link":"https:\/\/incit.org\/sv\/thought-leadership\/top-10-industry-4-0-trends-shaping-the-future-of-work\/","title":{"rendered":"Topp 10 Industri 4.0-trender som formar framtidens arbete"},"content":{"rendered":"<h2><b>Introduktion<\/b><span style=\"font-weight: 400;\">\u00a0<\/span><\/h2>\n<p><span style=\"font-weight: 400;\">Den fj\u00e4rde industriella revolutionen\u2014<\/span><b>Industri 4.0<\/b><span style=\"font-weight: 400;\">\u2014\u00e4r mer \u00e4n ett teknologiskt spr\u00e5ng; det \u00e4r ett grundl\u00e4ggande skifte i hur vi arbetar, producerar och engagerar oss. Allt eftersom vi g\u00e5r fram\u00e5t mot 2025 omdefinierar konvergensen av avancerad teknik arbetskraftslandskapet \u00f6ver olika sektorer.\u00a0<\/span><\/p>\n<p><b>Smarta fabriker<\/b><span style=\"font-weight: 400;\"> och <\/span><b>AI-drivet beslutsfattande<\/b><span style=\"font-weight: 400;\"> \u00e4r bevis p\u00e5 att arbetsplatsen utvecklas snabbare \u00e4n n\u00e5gonsin. Organisationer m\u00e5ste f\u00f6rst\u00e5 och anamma dessa f\u00f6r\u00e4ndringar, inte bara f\u00f6r att f\u00f6rbli konkurrenskraftiga utan ocks\u00e5 f\u00f6r att utveckla en motst\u00e5ndskraftig, framtidsberedd arbetsstyrka.\u00a0<\/span><\/p>\n<p><span style=\"font-weight: 400;\">I den h\u00e4r artikeln utforskar vi <\/span><b>Topp 10 Industri 4.0-trender<\/b><span style=\"font-weight: 400;\"> forma framtidens arbete, vad de betyder f\u00f6r f\u00f6retag och hur man strategiskt kan reagera.\u00a0<\/span><\/p>\n<p><span style=\"font-weight: 400;\">\u00a0<\/span><\/p>\n<h2><b>Vad \u00e4r Industri 4.0?<\/b><span style=\"font-weight: 400;\">\u00a0<\/span><\/h2>\n<p><b>Industri 4.0<\/b><span style=\"font-weight: 400;\"> h\u00e4nvisar till integrationen av digital teknik i industriell produktion och verksamhet. Det k\u00e4nnetecknas av intelligent automation, cyberfysiska system, sakernas internet (IoT) och stordataanalys.\u00a0<\/span><\/p>\n<p><span style=\"font-weight: 400;\">Men \u00e5r 2025 har dess r\u00e4ckvidd str\u00e4ckt sig l\u00e5ngt bortom tillverkning. Den ber\u00f6r nu alla delar av verksamheten \u2013 fr\u00e5n rekrytering av talanger och distanssamarbete till kundengagemang och h\u00e5llbarhet.\u00a0<\/span><\/p>\n<p><span style=\"font-weight: 400;\">\ud83d\udd17 Uppt\u00e4ck hur INCIT st\u00f6der f\u00f6retag i att navigera digital transformation genom sin<\/span> <a href=\"https:\/\/incit.org\/sv\/what-we-do\/siri\/\" target=\"_blank\" rel=\"noopener\"><span style=\"font-weight: 400;\">SIRI-ramverket<\/span><\/a><span style=\"font-weight: 400;\">.\u00a0<\/span><\/p>\n<p><span style=\"font-weight: 400;\">\u00a0<\/span><\/p>\n<ol>\n<li>\n<h3><b> AI och maskininl\u00e4rning som medpiloter p\u00e5 arbetsplatsen<\/b><\/h3>\n<\/li>\n<\/ol>\n<p><span style=\"font-weight: 400;\">AI \u00e4r inte l\u00e4ngre begr\u00e4nsat till datavetenskapslabb. Det \u00e4r nu en daglig arbetskamrat. Fr\u00e5n att automatisera rutinuppgifter till att f\u00f6rb\u00e4ttra beslutsfattandet med realtidsanalys, <\/span><b>AI st\u00e4rker m\u00e4nniskor, inte ers\u00e4tter dem<\/b><span style=\"font-weight: 400;\">.\u00a0<\/span><\/p>\n<p><b>Verkligt exempel<\/b><span style=\"font-weight: 400;\">\u00a0<\/span><\/p>\n<ul>\n<li style=\"font-weight: 400;\" aria-level=\"1\"><a href=\"https:\/\/copilot.microsoft.com\/\" target=\"_blank\" rel=\"noopener\"><b>Microsoft Copilot<\/b><\/a><span style=\"font-weight: 400;\"> integrerar AI i Office-verktyg f\u00f6r att \u00f6ka produktiviteten. <\/span><span style=\"font-weight: 400;\"><br \/>\n<\/span><span style=\"font-weight: 400;\">\u00a0<\/span><\/li>\n<\/ul>\n<ul>\n<li style=\"font-weight: 400;\" aria-level=\"1\"><b>Chatbotar och virtuella assistenter<\/b><span style=\"font-weight: 400;\"> hantera nu interna fr\u00e5gor, HR-helpdeskar och onboarding. <\/span><span style=\"font-weight: 400;\"><br \/>\n<\/span><span style=\"font-weight: 400;\">\u00a0<\/span><\/li>\n<\/ul>\n<p><b>INCIT Insight<\/b><span style=\"font-weight: 400;\">\u00a0<\/span><\/p>\n<p><span style=\"font-weight: 400;\">Organisationer m\u00e5ste <\/span><b>omskola sin arbetsstyrka<\/b><span style=\"font-weight: 400;\"> att samarbeta effektivt med AI-verktyg. Detta inkluderar att utbilda anst\u00e4llda i att tolka AI-resultat och till\u00e4mpa dem etiskt.\u00a0<\/span><\/p>\n<p><span style=\"font-weight: 400;\">\ud83d\udd17 L\u00e4r dig hur INCIT m\u00f6jligg\u00f6r<\/span>\u00a0<a href=\"https:\/\/incit.org\/sv\/what-we-do\/operi\/training-certification-centres\/\" target=\"_blank\" rel=\"noopener\"><span style=\"font-weight: 400;\">utbildnings- och certifieringscenter<\/span><\/a><span style=\"font-weight: 400;\"> att bygga AI-redo talanger.\u00a0<\/span><\/p>\n<p><span style=\"font-weight: 400;\">\u00a0<\/span><\/p>\n<ol start=\"2\">\n<li>\n<h3><b> Uppkomsten av smarta, uppkopplade arbetsplatser<\/b><\/h3>\n<\/li>\n<\/ol>\n<p><span style=\"font-weight: 400;\">Tack vare IoT blir v\u00e5ra arbetsytor alltmer <\/span><b>intelligenta ekosystem<\/b><span style=\"font-weight: 400;\">Smarta sensorer \u00f6vervakar allt fr\u00e5n luftkvalitet till n\u00e4rvaro, medan uppkopplade enheter effektiviserar arbetsfl\u00f6den och energianv\u00e4ndning.\u00a0<\/span><\/p>\n<p><b>Viktiga f\u00f6rdelar<\/b><span style=\"font-weight: 400;\">\u00a0<\/span><\/p>\n<ul>\n<li style=\"font-weight: 400;\" aria-level=\"1\"><span style=\"font-weight: 400;\">F\u00f6rb\u00e4ttrad <\/span><b>h\u00e5llbarhet<\/b><span style=\"font-weight: 400;\"> och <\/span><b>medarbetarnas v\u00e4lbefinnande<\/b> <span style=\"font-weight: 400;\"><br \/>\n<\/span><span style=\"font-weight: 400;\">\u00a0<\/span><\/li>\n<\/ul>\n<ul>\n<li style=\"font-weight: 400;\" aria-level=\"1\"><span style=\"font-weight: 400;\">Feedback i realtid om produktivitet och anv\u00e4ndning <\/span><span style=\"font-weight: 400;\"><br \/>\n<\/span><span style=\"font-weight: 400;\">\u00a0<\/span><\/li>\n<\/ul>\n<ul>\n<li style=\"font-weight: 400;\" aria-level=\"1\"><span style=\"font-weight: 400;\">S\u00f6ml\u00f6s hybrid- och distansarbetskoordinering <\/span><span style=\"font-weight: 400;\"><br \/>\n<\/span><span style=\"font-weight: 400;\">\u00a0<\/span><\/li>\n<\/ul>\n<p><span style=\"font-weight: 400;\">\ud83d\udd17 Utforska hur\u00a0<\/span><a href=\"https:\/\/incit.org\/sv\/what-we-do\/siri\/assessment\/\" target=\"_blank\" rel=\"noopener\"><span style=\"font-weight: 400;\">SIRI-bed\u00f6mning<\/span><\/a><span style=\"font-weight: 400;\"> hj\u00e4lper till att utv\u00e4rdera inf\u00f6randet av smart teknik i tillverkningsmilj\u00f6er.\u00a0<\/span><\/p>\n<p><span style=\"font-weight: 400;\">\u00a0<\/span><\/p>\n<ol start=\"3\">\n<li>\n<h3><b> Digitala tvillingar f\u00f6r arbetskraften<\/b><\/h3>\n<\/li>\n<\/ol>\n<p><span style=\"font-weight: 400;\">Medan digitala tvillingar traditionellt har modellerat fysiska tillg\u00e5ngar, anv\u00e4nds de nu f\u00f6r att simulera <\/span><b>m\u00e4nskliga arbetsfl\u00f6den<\/b><span style=\"font-weight: 400;\"> och <\/span><b>organisatoriskt beteende<\/b><span style=\"font-weight: 400;\">.\u00a0<\/span><\/p>\n<p><span style=\"font-weight: 400;\">Detta m\u00f6jligg\u00f6r:\u00a0<\/span><\/p>\n<ul>\n<li style=\"font-weight: 400;\" aria-level=\"1\"><span style=\"font-weight: 400;\">Optimera uppgiftsallokering <\/span><span style=\"font-weight: 400;\"><br \/>\n<\/span><span style=\"font-weight: 400;\">\u00a0<\/span><\/li>\n<\/ul>\n<ul>\n<li style=\"font-weight: 400;\" aria-level=\"1\"><span style=\"font-weight: 400;\">Scenarieplanering f\u00f6r utplacering av arbetskraft <\/span><span style=\"font-weight: 400;\"><br \/>\n<\/span><span style=\"font-weight: 400;\">\u00a0<\/span><\/li>\n<\/ul>\n<ul>\n<li style=\"font-weight: 400;\" aria-level=\"1\"><span style=\"font-weight: 400;\">Personliga inl\u00e4rningsv\u00e4gar <\/span><span style=\"font-weight: 400;\"><br \/>\n<\/span><span style=\"font-weight: 400;\">\u00a0<\/span><\/li>\n<\/ul>\n<p><b>Etisk h\u00e4nsyn<\/b><span style=\"font-weight: 400;\">\u00a0<\/span><\/p>\n<p><span style=\"font-weight: 400;\">Digitala tvillingapplikationer m\u00e5ste balansera datanytta med <\/span><b>anst\u00e4lldas integritet<\/b><span style=\"font-weight: 400;\"> och <\/span><b>genomskinlighet<\/b><span style=\"font-weight: 400;\">\u2013 en v\u00e4xande oro bland HR-chefer.\u00a0<\/span><\/p>\n<p><span style=\"font-weight: 400;\">\u00a0<\/span><\/p>\n<ol start=\"4\">\n<li>\n<h3><b> Hyperautomatisering: Automatisering bortom fabriksgolvet<\/b><\/h3>\n<p><img fetchpriority=\"high\" decoding=\"async\" class=\"alignnone wp-image-36788 size-full\" src=\"https:\/\/assets.incit.org\/wp-content\/uploads\/2025\/05\/19040916\/Hyperautomation.webp\" alt=\"Hyperautomation | INCIT\" width=\"1200\" height=\"1000\" srcset=\"https:\/\/assets.incit.org\/wp-content\/uploads\/2025\/05\/19040916\/Hyperautomation.webp 1200w, https:\/\/assets.incit.org\/wp-content\/uploads\/2025\/05\/19040916\/Hyperautomation-300x250.webp 300w, https:\/\/assets.incit.org\/wp-content\/uploads\/2025\/05\/19040916\/Hyperautomation-1024x853.webp 1024w, https:\/\/assets.incit.org\/wp-content\/uploads\/2025\/05\/19040916\/Hyperautomation-768x640.webp 768w, https:\/\/assets.incit.org\/wp-content\/uploads\/2025\/05\/19040916\/Hyperautomation-14x12.webp 14w\" sizes=\"(max-width: 1200px) 100vw, 1200px\" \/><\/li>\n<\/ol>\n<p><a href=\"https:\/\/incit.org\/sv\/thought-leadership\/how-ai-and-hyperautomation-drive-sustainable-manufacturing\/\" target=\"_blank\" rel=\"noopener\"><b>Hyperautomatisering<\/b><\/a><span style=\"font-weight: 400;\"> kombinerar robotisk processautomation (RPA), AI och maskininl\u00e4rning f\u00f6r att automatisera komplexa aff\u00e4rsprocesser fr\u00e5n b\u00f6rjan till slut.\u00a0<\/span><\/p>\n<p><b>P\u00e5verkan p\u00e5 arbetet<\/b><span style=\"font-weight: 400;\">\u00a0<\/span><\/p>\n<ul>\n<li style=\"font-weight: 400;\" aria-level=\"1\"><span style=\"font-weight: 400;\">Minskar m\u00e4nskliga fel och frig\u00f6r tid f\u00f6r kreativa, v\u00e4rdefulla uppgifter <\/span><span style=\"font-weight: 400;\"><br \/>\n<\/span><span style=\"font-weight: 400;\">\u00a0<\/span><\/li>\n<\/ul>\n<ul>\n<li style=\"font-weight: 400;\" aria-level=\"1\"><span style=\"font-weight: 400;\">Aktiverar <\/span><b>sl\u00e4ckningsoperationer<\/b><span style=\"font-weight: 400;\"> inom branscher som finans, logistik och IT <\/span><span style=\"font-weight: 400;\"><br \/>\n<\/span><span style=\"font-weight: 400;\">\u00a0<\/span><\/li>\n<\/ul>\n<p><span style=\"font-weight: 400;\">Enligt Gartner, \u00e5r 2025, <\/span><b>70% av organisationer kommer att ha implementerat hyperautomation<\/b><span style=\"font-weight: 400;\"> i minst ett omr\u00e5de<a title=\"Gartners 10 viktigaste strategiska teknologitrender f\u00f6r 2023\" href=\"https:\/\/www.gartner.com\/en\/articles\/gartner-top-10-strategic-technology-trends-for-2023\" target=\"_blank\" rel=\"noopener\">\u00b9<\/a><\/span><span style=\"font-weight: 400;\">. <\/span><\/p>\n<p><span style=\"font-weight: 400;\">\ud83d\udd17 Uppt\u00e4ck hur INCIT utrustar mikro- och medelstora f\u00f6retag (MSMEs) f\u00f6r automatisering genom\u00a0<\/span><a href=\"https:\/\/incit.org\/sv\/what-we-do\/operi\/small-businesses\/\" target=\"_blank\" rel=\"noopener\"><span style=\"font-weight: 400;\">OPERI f\u00f6r sm\u00e5 och medelstora f\u00f6retag<\/span><\/a><span style=\"font-weight: 400;\">.\u00a0<\/span><\/p>\n<p><span style=\"font-weight: 400;\">\u00a0<\/span><\/p>\n<ol start=\"5\">\n<li>\n<h3><b> Datakunskap som det nya aff\u00e4rsspr\u00e5ket<\/b><\/h3>\n<\/li>\n<\/ol>\n<p><span style=\"font-weight: 400;\">I en datam\u00e4ttad v\u00e4rld, <\/span><b>datakunskap<\/b><span style=\"font-weight: 400;\"> \u00e4r avg\u00f6rande. Anst\u00e4llda p\u00e5 alla niv\u00e5er m\u00e5ste l\u00e4ra sig att tolka, ifr\u00e5gas\u00e4tta och till\u00e4mpa datainsikter med sj\u00e4lvf\u00f6rtroende.\u00a0<\/span><\/p>\n<p><b>Konsekvenser f\u00f6r arbetsplatsen<\/b><span style=\"font-weight: 400;\">\u00a0<\/span><\/p>\n<ul>\n<li style=\"font-weight: 400;\" aria-level=\"1\"><span style=\"font-weight: 400;\">Anst\u00e4llningen inkluderar nu <\/span><b>datakompetens<\/b><span style=\"font-weight: 400;\"> bed\u00f6mningar <\/span><span style=\"font-weight: 400;\"><br \/>\n<\/span><span style=\"font-weight: 400;\">\u00a0<\/span><\/li>\n<\/ul>\n<ul>\n<li style=\"font-weight: 400;\" aria-level=\"1\"><span style=\"font-weight: 400;\">Lagen f\u00f6rlitar sig p\u00e5 <\/span><b>instrumentpaneler<\/b><span style=\"font-weight: 400;\"> och <\/span><b>prediktiv analys<\/b><span style=\"font-weight: 400;\"> f\u00f6r dagliga beslut <\/span><span style=\"font-weight: 400;\"><br \/>\n<\/span><span style=\"font-weight: 400;\">\u00a0<\/span><\/li>\n<\/ul>\n<p><span style=\"font-weight: 400;\">\ud83d\udd17 INCIT:s <a title=\"Vad \u00e4r ett kompetensramverk?\" href=\"https:\/\/incit.org\/sv\/thought-leadership\/what-is-a-capability-framework\/\" target=\"_blank\" rel=\"noopener\">kapacitetsramverk<\/a> eller kompetensuppbyggande modell inkluderar utveckling av datastrategi, vilket s\u00e4kerst\u00e4ller att anst\u00e4llda fattar b\u00e4ttre beslut snabbare.\u00a0<\/span><\/p>\n<p><span style=\"font-weight: 400;\">\u00a0<\/span><\/p>\n<ol start=\"6\">\n<li>\n<h3><b> Cybers\u00e4kerhet och nollf\u00f6rtroende-arbetsmilj\u00f6er<\/b><\/h3>\n<\/li>\n<\/ol>\n<p><span style=\"font-weight: 400;\">I takt med att arbetskraften flyttar ut p\u00e5 distans och ekosystemen blir sammankopplade, <\/span><b>cybers\u00e4kerhet<\/b><span style=\"font-weight: 400;\"> \u00e4r inte l\u00e4ngre bara IT-personalens ansvar \u2013 det \u00e4r allas jobb.\u00a0<\/span><\/p>\n<p><b>Viktigaste s\u00e4kerhetsprioriteringar:<\/b><span style=\"font-weight: 400;\">\u00a0<\/span><\/p>\n<ul>\n<li style=\"font-weight: 400;\" aria-level=\"1\"><b>Nollf\u00f6rtroendearkitektur<\/b><span style=\"font-weight: 400;\">&quot;Lita aldrig, verifiera alltid.&quot; <\/span><span style=\"font-weight: 400;\"><br \/>\n<\/span><span style=\"font-weight: 400;\">\u00a0<\/span><\/li>\n<\/ul>\n<ul>\n<li style=\"font-weight: 400;\" aria-level=\"1\"><b>Simuleringar av n\u00e4tfiske f\u00f6r anst\u00e4llda<\/b><span style=\"font-weight: 400;\"> och <\/span><b>s\u00e4kra \u00e5tkomstprotokoll<\/b> <span style=\"font-weight: 400;\"><br \/>\n<\/span><span style=\"font-weight: 400;\">\u00a0<\/span><\/li>\n<\/ul>\n<ul>\n<li style=\"font-weight: 400;\" aria-level=\"1\"><span style=\"font-weight: 400;\">Skydd av digitala IP- och kunddata <\/span><span style=\"font-weight: 400;\"><br \/>\n<\/span><span style=\"font-weight: 400;\">\u00a0<\/span><\/li>\n<\/ul>\n<p><span style=\"font-weight: 400;\">\ud83d\udd17 L\u00e4r dig hur INCIT st\u00f6der digitalt f\u00f6rtroende genom sina\u00a0<\/span><a href=\"https:\/\/incit.org\/sv\/what-we-do\/partnership-model\/\" target=\"_blank\" rel=\"noopener\"><span style=\"font-weight: 400;\">modeller f\u00f6r partnerengagemang<\/span><\/a><span style=\"font-weight: 400;\">.\u00a0<\/span><\/p>\n<p><span style=\"font-weight: 400;\">\u00a0<\/span><\/p>\n<ol start=\"7\">\n<li>\n<h3><b> Immersivt l\u00e4rande via AR och VR<\/b><\/h3>\n<\/li>\n<\/ol>\n<p><span style=\"font-weight: 400;\">AR\/VR-teknik revolutionerar <\/span><b>medarbetarutbildning och samarbete<\/b><span style=\"font-weight: 400;\">Dessa verktyg erbjuder realistiska simuleringar f\u00f6r kompetensutveckling, s\u00e4rskilt inom tillverkning, sjukv\u00e5rd och tekniska roller.\u00a0<\/span><\/p>\n<p><b>F\u00f6rdelar<\/b><span style=\"font-weight: 400;\">\u00a0<\/span><\/p>\n<ul>\n<li style=\"font-weight: 400;\" aria-level=\"1\"><span style=\"font-weight: 400;\">S\u00e4ker tr\u00e4ning i h\u00f6griskmilj\u00f6er <\/span><span style=\"font-weight: 400;\"><br \/>\n<\/span><span style=\"font-weight: 400;\">\u00a0<\/span><\/li>\n<\/ul>\n<ul>\n<li style=\"font-weight: 400;\" aria-level=\"1\"><span style=\"font-weight: 400;\">F\u00f6rb\u00e4ttrad retention genom <\/span><b>erfarenhetsbaserat l\u00e4rande<\/b> <span style=\"font-weight: 400;\"><br \/>\n<\/span><span style=\"font-weight: 400;\">\u00a0<\/span><\/li>\n<\/ul>\n<ul>\n<li style=\"font-weight: 400;\" aria-level=\"1\"><span style=\"font-weight: 400;\">Onboarding fr\u00e5n var som helst i v\u00e4rlden <\/span><span style=\"font-weight: 400;\"><br \/>\n<\/span><span style=\"font-weight: 400;\">\u00a0<\/span><\/li>\n<\/ul>\n<p><span style=\"font-weight: 400;\">AR\/VR inom utbildning f\u00f6rv\u00e4ntas v\u00e4xa med <\/span><b>33% CAGR<\/b><span style=\"font-weight: 400;\"> fram till 2030<a title=\"Hur VR och AR kommer att f\u00f6r\u00e4ndra f\u00f6retag och ekonomi\" href=\"https:\/\/www.pwc.com\/gx\/en\/industries\/technology\/publications\/economic-impact-of-vr-ar.html#:~:text=Our%20&#039;Seeing%20is%20believing&#039;%20report,retail%20and%20training%20and%20development\" target=\"_blank\" rel=\"noopener\">\u00b2<\/a><\/span><span style=\"font-weight: 400;\">.\u00a0<\/span><\/p>\n<p><span style=\"font-weight: 400;\">\u00a0<\/span><\/p>\n<ol start=\"8\">\n<li>\n<h3><b> Arbetskraftsflexibilitet och uppkomsten av flytande arbetskraft<\/b><\/h3>\n<\/li>\n<\/ol>\n<p><span style=\"font-weight: 400;\">Framtidens arbete \u00e4r <\/span><b>v\u00e4tska<\/b><span style=\"font-weight: 400;\">Fler anst\u00e4llda arbetar i hybridmilj\u00f6er, ansluter sig till gigplattformar eller har projektbaserade kontrakt.\u00a0<\/span><\/p>\n<p><b>Arbetsgivarstrategier<\/b><span style=\"font-weight: 400;\">\u00a0<\/span><\/p>\n<ul>\n<li style=\"font-weight: 400;\" aria-level=\"1\"><span style=\"font-weight: 400;\">Omforma roller f\u00f6r <\/span><b>smidighet och anpassningsf\u00f6rm\u00e5ga<\/b> <span style=\"font-weight: 400;\"><br \/>\n<\/span><span style=\"font-weight: 400;\">\u00a0<\/span><\/li>\n<\/ul>\n<ul>\n<li style=\"font-weight: 400;\" aria-level=\"1\"><span style=\"font-weight: 400;\">Anv\u00e4nda <\/span><b>talangmarknadsplatser<\/b><span style=\"font-weight: 400;\"> att dynamiskt tilldela projekt <\/span><span style=\"font-weight: 400;\"><br \/>\n<\/span><span style=\"font-weight: 400;\">\u00a0<\/span><\/li>\n<\/ul>\n<ul>\n<li style=\"font-weight: 400;\" aria-level=\"1\"><span style=\"font-weight: 400;\">Fokusera p\u00e5 <\/span><b>medarbetarupplevelse<\/b><span style=\"font-weight: 400;\"> \u00f6vern\u00e4rvaro <\/span><span style=\"font-weight: 400;\"><br \/>\n<\/span><span style=\"font-weight: 400;\">\u00a0<\/span><\/li>\n<\/ul>\n<p><span style=\"font-weight: 400;\">\ud83d\udd17 Se hur INCIT samarbetar med<\/span><a title=\"OPERI-konsulter\" href=\"https:\/\/incit.org\/sv\/what-we-do\/operi\/consultants\/\" target=\"_blank\" rel=\"noopener\"> <span style=\"font-weight: 400;\">transformationskonsulter<\/span><\/a><span style=\"font-weight: 400;\"> att st\u00f6dja organisationer genom kulturella f\u00f6r\u00e4ndringar.\u00a0<\/span><\/p>\n<p><span style=\"font-weight: 400;\">\u00a0<\/span><\/p>\n<ol start=\"9\">\n<li>\n<h3><b> ESG och m\u00e5linriktad arbetskultur<\/b><\/h3>\n<\/li>\n<\/ol>\n<p><span style=\"font-weight: 400;\">Yngre generationer prioriterar f\u00f6retag med en <\/span><b>tydligt syfte<\/b><span style=\"font-weight: 400;\"> och <\/span><b>h\u00e5llbarhetsm\u00e5l<\/b><span style=\"font-weight: 400;\">Verktyg f\u00f6r Industri 4.0 hj\u00e4lper organisationer att integrera ESG i verksamheten och f\u00f6lja sina framsteg.\u00a0<\/span><\/p>\n<p><b>Exempel:<\/b><span style=\"font-weight: 400;\">\u00a0<\/span><\/p>\n<ul>\n<li style=\"font-weight: 400;\" aria-level=\"1\"><span style=\"font-weight: 400;\">Smarta n\u00e4t f\u00f6r att minska energianv\u00e4ndningen <\/span><span style=\"font-weight: 400;\"><br \/>\n<\/span><span style=\"font-weight: 400;\">\u00a0<\/span><\/li>\n<\/ul>\n<ul>\n<li style=\"font-weight: 400;\" aria-level=\"1\"><span style=\"font-weight: 400;\">Transparenta leveranskedjor via blockkedja <\/span><span style=\"font-weight: 400;\"><br \/>\n<\/span><span style=\"font-weight: 400;\">\u00a0<\/span><\/li>\n<\/ul>\n<ul>\n<li style=\"font-weight: 400;\" aria-level=\"1\"><span style=\"font-weight: 400;\">Inkluderande anst\u00e4llning med st\u00f6d av AI-f\u00f6rdomsdetektering <\/span><span style=\"font-weight: 400;\"><br \/>\n<\/span><span style=\"font-weight: 400;\">\u00a0<\/span><\/li>\n<\/ul>\n<p><span style=\"font-weight: 400;\">\u00a0<\/span><\/p>\n<ol start=\"10\">\n<li>\n<h3><b> Kontinuerlig kompetensutveckling som k\u00e4rnstrategi<\/b><\/h3>\n<\/li>\n<\/ol>\n<p><span style=\"font-weight: 400;\">Kompetensbrister \u00e4r det st\u00f6rsta hindret f\u00f6r inf\u00f6randet av Industri 4.0. Kompetensh\u00f6jning \u00e4r inte ett eng\u00e5ngsinitiativ \u2013 det \u00e4r en <\/span><b>kontinuerlig investering<\/b><span style=\"font-weight: 400;\">.\u00a0<\/span><\/p>\n<p><span style=\"font-weight: 400;\">Enligt V\u00e4rldsekonomiskt forum, <\/span><b>44% av arbetskraftens kompetens kommer att st\u00f6ras inom de n\u00e4rmaste fem \u00e5ren.<\/b><a href=\"https:\/\/www.weforum.org\/publications\/the-future-of-jobs-report-2023\/\" target=\"_blank\" rel=\"noopener\"><span style=\"font-weight: 400;\">3<\/span><\/a><span style=\"font-weight: 400;\">.\u00a0<\/span><\/p>\n<p><b>Viktiga fokusomr\u00e5den:<\/b><span style=\"font-weight: 400;\">\u00a0<\/span><\/p>\n<ul>\n<li style=\"font-weight: 400;\" aria-level=\"1\"><span style=\"font-weight: 400;\">Digital kompetens <\/span><span style=\"font-weight: 400;\"><br \/>\n<\/span><span style=\"font-weight: 400;\">\u00a0<\/span><\/li>\n<\/ul>\n<ul>\n<li style=\"font-weight: 400;\" aria-level=\"1\"><span style=\"font-weight: 400;\">Medvetenhet om cybers\u00e4kerhet <\/span><span style=\"font-weight: 400;\"><br \/>\n<\/span><span style=\"font-weight: 400;\">\u00a0<\/span><\/li>\n<\/ul>\n<ul>\n<li style=\"font-weight: 400;\" aria-level=\"1\"><span style=\"font-weight: 400;\">AI och dataanalys <\/span><span style=\"font-weight: 400;\"><br \/>\n<\/span><span style=\"font-weight: 400;\">\u00a0<\/span><\/li>\n<\/ul>\n<ul>\n<li style=\"font-weight: 400;\" aria-level=\"1\"><span style=\"font-weight: 400;\">Agil projektledning <\/span><span style=\"font-weight: 400;\"><br \/>\n<\/span><span style=\"font-weight: 400;\">\u00a0<\/span><\/li>\n<\/ul>\n<p><span style=\"font-weight: 400;\">\ud83d\udd17 Utforska INCITs program f\u00f6r\u00a0<\/span><a href=\"https:\/\/incit.org\/sv\/what-we-do\/operi\/\" target=\"_blank\" rel=\"noopener\"><span style=\"font-weight: 400;\">kompetensutveckling<\/span><\/a><span style=\"font-weight: 400;\">, inklusive organisatoriska bed\u00f6mningar och anpassade utbildningsv\u00e4gar.\u00a0<\/span><\/p>\n<p><span style=\"font-weight: 400;\">\u00a0<\/span><\/p>\n<h2><b>Hur man agerar: En handlingsplan f\u00f6r arbetsgivare inom Industri 4.0<\/b><span style=\"font-weight: 400;\">\u00a0<\/span><\/h2>\n<ol>\n<li>\n<h3><b> Genomf\u00f6r en beredskapsbed\u00f6mning<\/b><\/h3>\n<\/li>\n<\/ol>\n<p><span style=\"font-weight: 400;\">Anv\u00e4nd digitala verktyg f\u00f6r kompetens som <\/span><b>SIRI<\/b><span style=\"font-weight: 400;\"> f\u00f6r att utv\u00e4rdera nuvarande och framtida kompetensbehov. SIRI identifierar omr\u00e5den med stor genomslagskraft f\u00f6r f\u00f6rb\u00e4ttring och hj\u00e4lper till att identifiera nuvarande och framtida behov av digital kompetens och teknik att prioritera f\u00f6r maximal konkurrensf\u00f6rdel.\u00a0<\/span><\/p>\n<ol start=\"2\">\n<li>\n<h3><b> Bygg en l\u00e4randekultur<\/b><\/h3>\n<\/li>\n<\/ol>\n<p><span style=\"font-weight: 400;\">Incitamentera l\u00e4rande, erk\u00e4nn f\u00e4rdighetsbeh\u00e4rskning och integrera kompetensutveckling i prestationsm\u00e5tt.\u00a0<\/span><\/p>\n<ol start=\"3\">\n<li>\n<h3><b> Ompr\u00f6va jobbdesign<\/b><\/h3>\n<\/li>\n<\/ol>\n<p><span style=\"font-weight: 400;\">Designa f\u00f6r samarbete med teknik, inte konkurrens. Definiera digitala roller tydligt.\u00a0<\/span><\/p>\n<ol start=\"4\">\n<li>\n<h3><b> Investera i plattformar, inte bara verktyg<\/b><\/h3>\n<\/li>\n<\/ol>\n<p><span style=\"font-weight: 400;\">S\u00e4kerst\u00e4ll att dina digitala investeringar skalas och integreras s\u00f6ml\u00f6st med din personalstrategi.\u00a0<\/span><\/p>\n<p><span style=\"font-weight: 400;\">\u00a0<\/span><\/p>\n<h2><b>Slutsats: Den m\u00e4nskliga sidan av den fj\u00e4rde industriella revolutionen<\/b><span style=\"font-weight: 400;\">\u00a0<\/span><\/h2>\n<p><span style=\"font-weight: 400;\">Industri 4.0 \u00e4r inte bara en maskinrevolution \u2013 det \u00e4r en nytolkning av m\u00e4nsklig potential. Trenderna som formar framtidens arbete \u00e5r 2025 uppmanar oss att ompr\u00f6va vad arbete inneb\u00e4r, hur det utf\u00f6rs och hur det b\u00f6r utvecklas.\u00a0<\/span><\/p>\n<p><span style=\"font-weight: 400;\">P\u00e5\u00a0<\/span><a title=\"INITERA\" href=\"https:\/\/incit.org\/sv\/\" target=\"_blank\" rel=\"noopener\"><span style=\"font-weight: 400;\">INITERA<\/span><\/a><span style=\"font-weight: 400;\">, hj\u00e4lper vi f\u00f6retag, myndigheter och utbildningsinstitutioner att med sj\u00e4lvf\u00f6rtroende leda framtiden in i medvetna strategier och holistiska transformationsverktyg.\u00a0<\/span><\/p>\n<p><span style=\"font-weight: 400;\">\ud83d\udd17 \u00c4r du redo att framtidss\u00e4kra din arbetsstyrka?\u00a0<\/span><a href=\"https:\/\/incit.org\/sv\/what-we-do\/\" target=\"_blank\" rel=\"noopener\"><span style=\"font-weight: 400;\">B\u00f6rja din transformationsresa med INCIT<\/span><\/a><span style=\"font-weight: 400;\">.\u00a0<\/span><\/p>\n<p><span style=\"font-weight: 400;\">\u00a0<\/span><\/p>\n<p><b>Referenser<\/b><span style=\"font-weight: 400;\">\u00a0<\/span><\/p>\n<ol>\n<li><span style=\"font-weight: 400;\">Gartner. (2023). <\/span><i><span style=\"font-weight: 400;\">De viktigaste strategiska teknologitrenderna<\/span><\/i><span style=\"font-weight: 400;\">.\u00a0<\/span><a title=\"Gartners 10 viktigaste strategiska teknologitrender f\u00f6r 2023\" href=\"https:\/\/www.gartner.com\/en\/articles\/gartner-top-10-strategic-technology-trends-for-2023\" target=\"_blank\" rel=\"noopener\"><span style=\"font-weight: 400;\">L\u00e4nk<\/span><\/a> <span style=\"font-weight: 400;\"><br \/>\n<\/span><span style=\"font-weight: 400;\">\u00a0<\/span><\/li>\n<li><span style=\"font-weight: 400;\">PwC. (2022). <\/span><i><span style=\"font-weight: 400;\">Att se \u00e4r att tro: Framtiden f\u00f6r AR\/VR inom l\u00e4rande<\/span><\/i><span style=\"font-weight: 400;\">.\u00a0<\/span><a title=\"Hur VR och AR kommer att f\u00f6r\u00e4ndra f\u00f6retag och ekonomi\" href=\"https:\/\/incit.org\/sv\/newsroom\/incit-and-eficens-systems-announce-strategic-partnership-to-accelerate-global-industrial-transformation\/\" target=\"_blank\" rel=\"noopener\"><span style=\"font-weight: 400;\">L\u00e4nk<\/span><\/a> <span style=\"font-weight: 400;\"><br \/>\n<\/span><span style=\"font-weight: 400;\">\u00a0<\/span><\/li>\n<li><span style=\"font-weight: 400;\">V\u00e4rldsekonomiskt forum. (2023). <\/span><i><span style=\"font-weight: 400;\">Rapport om framtidens jobb<\/span><\/i><span style=\"font-weight: 400;\">.\u00a0<\/span><a title=\"Rapporten om framtidens jobb 2023\" href=\"https:\/\/www.weforum.org\/publications\/the-future-of-jobs-report-2023\/\" target=\"_blank\" rel=\"noopener\"><span style=\"font-weight: 400;\">L\u00e4nk<\/span><\/a><span style=\"font-weight: 400;\">\u00a0<\/span><\/li>\n<\/ol>","protected":false},"excerpt":{"rendered":"<p>Introduktion Den fj\u00e4rde industriella revolutionen \u2013 Industri 4.0 \u2013 \u00e4r mer \u00e4n ett teknologiskt spr\u00e5ng; det \u00e4r ett grundl\u00e4ggande skifte i hur vi arbetar, producerar och engagerar oss. Allt eftersom vi g\u00e5r fram\u00e5t 2025 omdefinierar konvergensen av avancerad teknik arbetskraftslandskapet \u00f6ver olika sektorer. Smarta fabriker och AI-drivet beslutsfattande \u00e4r bevis p\u00e5 att arbetsplatsen utvecklas snabbare \u00e4n n\u00e5gonsin. Organisationer [\u2026]<\/p>","protected":false},"author":3,"featured_media":36787,"comment_status":"closed","ping_status":"open","sticky":false,"template":"","format":"standard","meta":{"_acf_changed":false,"footnotes":""},"categories":[17],"tags":[54],"class_list":["post-36786","post","type-post","status-publish","format-standard","has-post-thumbnail","hentry","category-thought-leadership","tag-industry-4-0"],"acf":{"topic":"digitalisation"},"_links":{"self":[{"href":"https:\/\/incit.org\/sv\/wp-json\/wp\/v2\/posts\/36786","targetHints":{"allow":["GET"]}}],"collection":[{"href":"https:\/\/incit.org\/sv\/wp-json\/wp\/v2\/posts"}],"about":[{"href":"https:\/\/incit.org\/sv\/wp-json\/wp\/v2\/types\/post"}],"author":[{"embeddable":true,"href":"https:\/\/incit.org\/sv\/wp-json\/wp\/v2\/users\/3"}],"replies":[{"embeddable":true,"href":"https:\/\/incit.org\/sv\/wp-json\/wp\/v2\/comments?post=36786"}],"version-history":[{"count":8,"href":"https:\/\/incit.org\/sv\/wp-json\/wp\/v2\/posts\/36786\/revisions"}],"predecessor-version":[{"id":36802,"href":"https:\/\/incit.org\/sv\/wp-json\/wp\/v2\/posts\/36786\/revisions\/36802"}],"wp:featuredmedia":[{"embeddable":true,"href":"https:\/\/incit.org\/sv\/wp-json\/wp\/v2\/media\/36787"}],"wp:attachment":[{"href":"https:\/\/incit.org\/sv\/wp-json\/wp\/v2\/media?parent=36786"}],"wp:term":[{"taxonomy":"category","embeddable":true,"href":"https:\/\/incit.org\/sv\/wp-json\/wp\/v2\/categories?post=36786"},{"taxonomy":"post_tag","embeddable":true,"href":"https:\/\/incit.org\/sv\/wp-json\/wp\/v2\/tags?post=36786"}],"curies":[{"name":"wp","href":"https:\/\/api.w.org\/{rel}","templated":true}]}}