{"id":36796,"date":"2025-05-19T04:43:40","date_gmt":"2025-05-18T20:43:40","guid":{"rendered":"https:\/\/incit.org\/?p=36796"},"modified":"2025-05-25T21:54:07","modified_gmt":"2025-05-25T13:54:07","slug":"what-is-digital-transformation","status":"publish","type":"post","link":"https:\/\/incit.org\/sv\/thought-leadership\/what-is-digital-transformation\/","title":{"rendered":"Vad \u00e4r digital transformation och varf\u00f6r den \u00e4r viktig \u00e5r 2025\u00a0"},"content":{"rendered":"<h2><b>Introduktion<\/b><span style=\"font-weight: 400;\">\u00a0<\/span><\/h2>\n<p><span style=\"font-weight: 400;\">Har du n\u00e5gonsin undrat vad digital transformation \u00e4r och varf\u00f6r den \u00e4r viktig? I en v\u00e4rld som pr\u00e4glas av snabba tekniska f\u00f6r\u00e4ndringar, <\/span><b>digital transformation<\/b><span style=\"font-weight: 400;\"> \u00e4r inte l\u00e4ngre ett modeord \u2013 det \u00e4r ett aff\u00e4rsm\u00e4ssigt krav. N\u00e4r vi g\u00e5r in i 2025 ompr\u00f6var organisationer inom olika branscher hur de levererar v\u00e4rde, engagerar kunder och framtidss\u00e4krar sin verksamhet. Men vad exakt inneb\u00e4r digital transformation idag? Hur har den utvecklats? Och viktigast av allt, varf\u00f6r skulle den vara viktig f\u00f6r din organisation just nu?\u00a0<\/span><\/p>\n<p><span style=\"font-weight: 400;\">Den h\u00e4r artikeln utforskar definitionen, de viktigaste drivkrafterna, de framv\u00e4xande trenderna och den aff\u00e4rsm\u00e4ssiga p\u00e5verkan av digital transformation \u00e5r 2025. Oavsett om du \u00e4r en del av ett litet f\u00f6retag, en myndighet eller ett multinationellt f\u00f6retag, kommer insikterna h\u00e4r att hj\u00e4lpa dig att v\u00e4gleda din resa.\u00a0<\/span><\/p>\n<p><i><span style=\"font-weight: 400;\">Digitalt eller industriellt \u2013 transformation \u00e4r inte en destination; det \u00e4r en kontinuerlig utveckling.<\/span><\/i><span style=\"font-weight: 400;\">\u00a0<\/span><\/p>\n<p><span style=\"font-weight: 400;\">\u00a0<\/span><\/p>\n<h2><b>Vad \u00e4r digital transformation?<\/b><span style=\"font-weight: 400;\">\u00a0<\/span><\/h2>\n<h3><b>Definiera digital transformation \u00e5r 2025<\/b><span style=\"font-weight: 400;\">\u00a0<\/span><\/h3>\n<p><span style=\"font-weight: 400;\">I sin k\u00e4rna, <\/span><b>digital transformation<\/b><span style=\"font-weight: 400;\"> h\u00e4nvisar till den strategiska integrationen av digital teknik i alla delar av ett f\u00f6retag eller en organisation. Det f\u00f6r\u00e4ndrar fundamentalt hur ditt f\u00f6retag fungerar, levererar v\u00e4rde till kunder och konkurrerar p\u00e5 marknaden. Men \u00e5r 2025 har konceptet mognat bortom att bara anamma ny teknik.\u00a0<\/span><\/p>\n<p><span style=\"font-weight: 400;\">Idag inneb\u00e4r digital transformation:\u00a0<\/span><\/p>\n<ul>\n<li style=\"font-weight: 400;\" aria-level=\"1\"><span style=\"font-weight: 400;\">Skapande <\/span><b>datadrivna, agila ekosystem<\/b> <span style=\"font-weight: 400;\"><br \/>\n<\/span><span style=\"font-weight: 400;\">\u00a0<\/span><\/li>\n<\/ul>\n<ul>\n<li style=\"font-weight: 400;\" aria-level=\"1\"><span style=\"font-weight: 400;\">Utnyttjande <\/span><b>AI och automatisering<\/b><span style=\"font-weight: 400;\"> f\u00f6r beslutsfattande <\/span><span style=\"font-weight: 400;\"><br \/>\n<\/span><span style=\"font-weight: 400;\">\u00a0<\/span><\/li>\n<\/ul>\n<ul>\n<li style=\"font-weight: 400;\" aria-level=\"1\"><span style=\"font-weight: 400;\">Omfamna <\/span><b>plattformsaff\u00e4rsmodeller<\/b> <span style=\"font-weight: 400;\"><br \/>\n<\/span><span style=\"font-weight: 400;\">\u00a0<\/span><\/li>\n<\/ul>\n<ul>\n<li style=\"font-weight: 400;\" aria-level=\"1\"><span style=\"font-weight: 400;\">Prioritering <\/span><b>kundcentrering och h\u00e5llbarhet<\/b> <span style=\"font-weight: 400;\"><br \/>\n<\/span><span style=\"font-weight: 400;\">\u00a0<\/span><\/li>\n<\/ul>\n<p><span style=\"font-weight: 400;\">Det handlar inte bara om att bli digital \u2013 det handlar om att anv\u00e4nda teknik f\u00f6r att ompr\u00f6va vad som \u00e4r m\u00f6jligt.\u00a0<\/span><\/p>\n<p><span style=\"font-weight: 400;\">\ud83d\udd17 L\u00e4r dig hur\u00a0<\/span><a href=\"https:\/\/incit.org\/sv\/what-we-do\/operi\/\" target=\"_blank\" rel=\"noopener\"><span style=\"font-weight: 400;\">INCITs skr\u00e4ddarsydda l\u00f6sning hj\u00e4lper b\u00e5de mikro- och medelstora f\u00f6retag och multinationella f\u00f6retag att utveckla digital kapacitet<\/span><\/a><span style=\"font-weight: 400;\">.\u00a0<\/span><\/p>\n<p><span style=\"font-weight: 400;\">\u00a0<\/span><\/p>\n<h2><b>Varf\u00f6r digital transformation \u00e4r viktig \u00e5r 2025<\/b><span style=\"font-weight: 400;\"> <img fetchpriority=\"high\" decoding=\"async\" class=\"alignnone wp-image-36798 size-full\" src=\"https:\/\/assets.incit.org\/wp-content\/uploads\/2025\/05\/19044105\/Why-Digital-Transformation-Matters-in-2025.webp\" alt=\"Why Digital Transformation Matters in 2025 | INCIT\" width=\"1200\" height=\"800\" srcset=\"https:\/\/assets.incit.org\/wp-content\/uploads\/2025\/05\/19044105\/Why-Digital-Transformation-Matters-in-2025.webp 1200w, https:\/\/assets.incit.org\/wp-content\/uploads\/2025\/05\/19044105\/Why-Digital-Transformation-Matters-in-2025-300x200.webp 300w, https:\/\/assets.incit.org\/wp-content\/uploads\/2025\/05\/19044105\/Why-Digital-Transformation-Matters-in-2025-1024x683.webp 1024w, https:\/\/assets.incit.org\/wp-content\/uploads\/2025\/05\/19044105\/Why-Digital-Transformation-Matters-in-2025-768x512.webp 768w, https:\/\/assets.incit.org\/wp-content\/uploads\/2025\/05\/19044105\/Why-Digital-Transformation-Matters-in-2025-18x12.webp 18w\" sizes=\"(max-width: 1200px) 100vw, 1200px\" \/><\/span><\/h2>\n<ol>\n<li>\n<h3><b> Stigande kundf\u00f6rv\u00e4ntningar<\/b><\/h3>\n<\/li>\n<\/ol>\n<p><span style=\"font-weight: 400;\">Dagens kunder f\u00f6rv\u00e4ntar sig personliga, s\u00f6ml\u00f6sa och realtidsbaserade upplevelser \u00f6ver digitala kanaler. Enligt en nyligen genomf\u00f6rd McKinsey-studie f\u00f6rv\u00e4ntar sig nu 71 % av konsumenterna att f\u00f6retag levererar personliga interaktioner.<a href=\"https:\/\/www.mckinsey.com\/featured-insights\/mckinsey-explainers\/what-is-personalization\" target=\"_blank\" rel=\"noopener\">\u00b9<\/a><\/span><span style=\"font-weight: 400;\">.\u00a0<\/span><\/p>\n<p><span style=\"font-weight: 400;\">Att inte uppfylla dessa f\u00f6rv\u00e4ntningar \u00e4r inte bara en konkurrensrisk \u2013 det \u00e4r en ryktesrisk.\u00a0<\/span><\/p>\n<ol start=\"2\">\n<li>\n<h3><b> Accelererad teknologisk f\u00f6r\u00e4ndring<\/b><\/h3>\n<\/li>\n<\/ol>\n<p><span style=\"font-weight: 400;\">Framv\u00e4xande teknologier som:\u00a0<\/span><\/p>\n<ul>\n<li style=\"font-weight: 400;\" aria-level=\"1\"><b>Artificiell intelligens (AI)<\/b> <span style=\"font-weight: 400;\"><br \/>\n<\/span><span style=\"font-weight: 400;\">\u00a0<\/span><\/li>\n<\/ul>\n<ul>\n<li style=\"font-weight: 400;\" aria-level=\"1\"><b>Edge Computing<\/b> <span style=\"font-weight: 400;\"><br \/>\n<\/span><span style=\"font-weight: 400;\">\u00a0<\/span><\/li>\n<\/ul>\n<ul>\n<li style=\"font-weight: 400;\" aria-level=\"1\"><b>Kvantber\u00e4kning<\/b> <span style=\"font-weight: 400;\"><br \/>\n<\/span><span style=\"font-weight: 400;\">\u00a0<\/span><\/li>\n<\/ul>\n<ul>\n<li style=\"font-weight: 400;\" aria-level=\"1\"><b>5G- och IoT-ekosystem<\/b> <span style=\"font-weight: 400;\"><br \/>\n<\/span><span style=\"font-weight: 400;\">\u00a0<\/span><\/li>\n<\/ul>\n<p><span style=\"font-weight: 400;\">f\u00f6r\u00e4ndrar hela branscher. Digital transformation g\u00f6r det m\u00f6jligt f\u00f6r f\u00f6retag att f\u00f6rbli flexibla och anpassningsbara inf\u00f6r s\u00e5dana snabba f\u00f6r\u00e4ndringar.\u00a0<\/span><\/p>\n<ol start=\"3\">\n<li>\n<h3><b> Talang- och arbetskraftsf\u00f6r\u00e4ndringar<\/b><\/h3>\n<\/li>\n<\/ol>\n<p><span style=\"font-weight: 400;\">F\u00f6rv\u00e4ntningarna p\u00e5 arbetskraften f\u00f6r\u00e4ndras. Bli certifierade OPERI-bed\u00f6mare (COA) idag f\u00f6r att st\u00f6dja mikrof\u00f6retag och sm\u00e5f\u00f6retag i att genomf\u00f6ra OPERI-bed\u00f6mningar, vilket bidrar till att f\u00f6rb\u00e4ttra den operativa effektiviteten och h\u00f6ja prestationsstandarderna.\u00a0\u00a0<\/span><\/p>\n<p><span style=\"font-weight: 400;\">Genom strukturerade program utrustar centren individer med den expertis som kr\u00e4vs f\u00f6r att v\u00e4gleda f\u00f6retag i att effektivt utveckla och implementera sina OPERI-transformationsplaner, och bygga upp en pipeline av kompetenta talanger f\u00f6r digital och operativ excellens.\u00a0\u00a0<\/span><\/p>\n<p><span style=\"font-weight: 400;\">\ud83d\udd17 Se hur\u00a0<\/span><a href=\"https:\/\/incit.org\/sv\/what-we-do\/operi\/training-certification-centres\/\" target=\"_blank\" rel=\"noopener\"><span style=\"font-weight: 400;\">INCIT samarbetar med utbildnings- och certifieringscenter<\/span><\/a><span style=\"font-weight: 400;\"> att bygga framtidss\u00e4kra talangportf\u00f6ljer.\u00a0<\/span><\/p>\n<ol start=\"4\">\n<li>\n<h3><b> Global st\u00f6rning och motst\u00e5ndskraft<\/b><\/h3>\n<\/li>\n<\/ol>\n<p><span style=\"font-weight: 400;\">Fr\u00e5n pandemier till geopolitiska sp\u00e4nningar \u00e4r globala st\u00f6rningar nu en konstant f\u00f6reteelse. Organisationer med digitalt integrerad verksamhet \u00e4r b\u00e4ttre positionerade f\u00f6r att navigera os\u00e4kerhet, uppr\u00e4tth\u00e5lla kontinuitet och anpassa sig snabbt.\u00a0<\/span><\/p>\n<p><span style=\"font-weight: 400;\">\u00a0<\/span><\/p>\n<h2><b>Pelarna f\u00f6r digital transformation<\/b><span style=\"font-weight: 400;\">\u00a0<\/span><\/h2>\n<p><span style=\"font-weight: 400;\">Digital transformation \u00e4r m\u00e5ngfacetterad. \u00c5r 2025 definierar fem nyckelpelare en framg\u00e5ngsrik transformationsresa:\u00a0<\/span><\/p>\n<ol>\n<li>\n<h3><b> Ledarskap och kultur<\/b><\/h3>\n<\/li>\n<\/ol>\n<p><span style=\"font-weight: 400;\">F\u00f6r\u00e4ndring b\u00f6rjar p\u00e5 toppen. Ledare m\u00e5ste fr\u00e4mja en <\/span><b>digitalt-f\u00f6rst-kultur<\/b><span style=\"font-weight: 400;\"> som v\u00e4rdes\u00e4tter innovation, experimenterande och kontinuerligt l\u00e4rande.\u00a0<\/span><\/p>\n<ol start=\"2\">\n<li>\n<h3><b> Ramverk f\u00f6r digital kapacitet<\/b><\/h3>\n<\/li>\n<\/ol>\n<p><span style=\"font-weight: 400;\">Robusta ramverk som till exempel <\/span><b>OPERI\u2122<\/b><span style=\"font-weight: 400;\"> och <\/span><b>SIRI\u2122<\/b><span style=\"font-weight: 400;\"> hj\u00e4lpa organisationer att bed\u00f6ma och f\u00f6rb\u00e4ttra digital beredskap.\u00a0<\/span><\/p>\n<p><span style=\"font-weight: 400;\">OPERI \u00e4r utformat f\u00f6r mikrof\u00f6retag och sm\u00e5 och medelstora f\u00f6retag (MSME) och hj\u00e4lper er att bygga digital beredskap i operativa processer. Det fokuserar p\u00e5 att f\u00f6rb\u00e4ttra effektivitet, datamognad och flexibilitet, vilket ger mindre f\u00f6retag en praktisk f\u00e4rdplan f\u00f6r att konkurrera p\u00e5 snabbr\u00f6rliga marknader.\u00a0<\/span><\/p>\n<p><span style=\"font-weight: 400;\">\u00c5 andra sidan riktar sig SIRI till tillverkare av alla storlekar och erbjuder en strukturerad metod f\u00f6r att utv\u00e4rdera och skala upp Industri 4.0-teknik. Den st\u00e4rker konkurrenskraften genom att driva innovation, optimera produktion och m\u00f6jligg\u00f6ra avancerad digital transformation.\u00a0<\/span><\/p>\n<p><span style=\"font-weight: 400;\">\ud83d\udd17 Utforska\u00a0<\/span><a href=\"https:\/\/incit.org\/sv\/what-we-do\/operi\/\" target=\"_blank\" rel=\"noopener\"><span style=\"font-weight: 400;\">INCITs OPERI-ramverk<\/span><\/a><span style=\"font-weight: 400;\"> f\u00f6r kapacitetsutveckling. <\/span><span style=\"font-weight: 400;\"><br \/>\n<\/span><span style=\"font-weight: 400;\"> \ud83d\udd17 L\u00e4r dig mer om\u00a0<\/span><a href=\"https:\/\/incit.org\/sv\/what-we-do\/siri\/assessment\/\" target=\"_blank\" rel=\"noopener\"><span style=\"font-weight: 400;\">SIRI-bed\u00f6mning<\/span><\/a><span style=\"font-weight: 400;\"> f\u00f6r tillverkningsomvandling.\u00a0<\/span><\/p>\n<ol start=\"3\">\n<li>\n<h3><b> Data och analys<\/b><\/h3>\n<\/li>\n<\/ol>\n<p><span style=\"font-weight: 400;\">Data \u00e4r den nya valutan, och b\u00e5de OPERI (f\u00f6r mikrof\u00f6retag) och SIRI (f\u00f6r tillverkare) hj\u00e4lper f\u00f6retag att bygga datamognad f\u00f6r att ligga steget f\u00f6re. Organisationer m\u00e5ste utveckla strategier f\u00f6r:\u00a0<\/span><\/p>\n<ul>\n<li style=\"font-weight: 400;\" aria-level=\"1\"><span style=\"font-weight: 400;\">Datainsamling och styrning f\u00f6rb\u00e4ttrar synligheten, minskar sl\u00f6seri och m\u00f6jligg\u00f6r b\u00e4ttre beslut <\/span><span style=\"font-weight: 400;\"><br \/>\n<\/span><span style=\"font-weight: 400;\">\u00a0<\/span><\/li>\n<\/ul>\n<ul>\n<li style=\"font-weight: 400;\" aria-level=\"1\"><span style=\"font-weight: 400;\">Realtidsanalys \u00f6kar f\u00f6retagets responsivitet och flexibilitet <\/span><span style=\"font-weight: 400;\"><br \/>\n<\/span><span style=\"font-weight: 400;\">\u00a0<\/span><\/li>\n<\/ul>\n<ul>\n<li style=\"font-weight: 400;\" aria-level=\"1\"><span style=\"font-weight: 400;\">Prediktiv modellering st\u00f6der proaktiv planering och minimerar driftstopp <\/span><span style=\"font-weight: 400;\"><br \/>\n<\/span><span style=\"font-weight: 400;\">\u00a0<\/span><\/li>\n<\/ul>\n<p><span style=\"font-weight: 400;\">OPERI och SIRI omvandlar r\u00e5data till strategisk kraft \u2013 vilket driver datadrivna beslut, snabbare \u00e5tg\u00e4rder och framtidss\u00e4krade f\u00f6retag. Denna datamognad st\u00f6der smartare beslut och kundinsikter.\u00a0<\/span><\/p>\n<ol start=\"4\">\n<li>\n<h3><b> Teknikintegration<\/b><\/h3>\n<\/li>\n<\/ol>\n<p><span style=\"font-weight: 400;\">Framg\u00e5ngsrik transformation anpassar tekniken till aff\u00e4rsm\u00e5len. Det handlar inte om att anamma alla trender \u2013 det handlar om strategisk, v\u00e4rdedriven implementering.\u00a0<\/span><\/p>\n<p><span style=\"font-weight: 400;\">Viktiga trender f\u00f6r 2025 inkluderar:\u00a0<\/span><\/p>\n<ul>\n<li style=\"font-weight: 400;\" aria-level=\"1\"><span style=\"font-weight: 400;\">AI-driven automatisering <\/span><span style=\"font-weight: 400;\"><br \/>\n<\/span><span style=\"font-weight: 400;\">\u00a0<\/span><\/li>\n<\/ul>\n<ul>\n<li style=\"font-weight: 400;\" aria-level=\"1\"><span style=\"font-weight: 400;\">Digitala tvillingar <\/span><span style=\"font-weight: 400;\"><br \/>\n<\/span><span style=\"font-weight: 400;\">\u00a0<\/span><\/li>\n<\/ul>\n<ul>\n<li style=\"font-weight: 400;\" aria-level=\"1\"><span style=\"font-weight: 400;\">Molnbaserade arkitekturer <\/span><span style=\"font-weight: 400;\"><br \/>\n<\/span><span style=\"font-weight: 400;\">\u00a0<\/span><\/li>\n<\/ul>\n<ul>\n<li style=\"font-weight: 400;\" aria-level=\"1\"><span style=\"font-weight: 400;\">Branschspecifika SaaS-plattformar <\/span><span style=\"font-weight: 400;\"><br \/>\n<\/span><span style=\"font-weight: 400;\">\u00a0<\/span><\/li>\n<\/ul>\n<ol start=\"5\">\n<li>\n<h3><b> Ekosystemsamarbete<\/b><\/h3>\n<\/li>\n<\/ol>\n<p><span style=\"font-weight: 400;\">Transformation blomstrar i samarbete. Samarbete med myndigheter, akademi och branschkollegor \u00e4r nyckeln till gemensam innovation.\u00a0<\/span><\/p>\n<p><span style=\"font-weight: 400;\">\ud83d\udd17 Se hur INCIT arbetar med\u00a0<\/span><a href=\"https:\/\/incit.org\/sv\/what-we-do\/operi\/governments-trade-associations\/\" target=\"_blank\" rel=\"noopener\"><span style=\"font-weight: 400;\">regeringar och branschorganisationer<\/span><\/a><span style=\"font-weight: 400;\">.\u00a0<\/span><\/p>\n<h2><b>Digital transformation \u00f6ver sektorer<\/b><span style=\"font-weight: 400;\">\u00a0<\/span><\/h2>\n<h3><b>F\u00f6r mikro- och medelstora f\u00f6retag (MSMEs) och sm\u00e5 och medelstora f\u00f6retag<\/b><span style=\"font-weight: 400;\">\u00a0<\/span><\/h3>\n<p><span style=\"font-weight: 400;\">Sm\u00e5f\u00f6retag gynnas oerh\u00f6rt mycket av digitalisering, s\u00e4rskilt inom automatisering, e-handel och CRM-plattformar. Begr\u00e4nsade resurser skapar dock ofta hinder.\u00a0<\/span><\/p>\n<p><span style=\"font-weight: 400;\">\ud83d\udd17\u00a0<\/span><a href=\"https:\/\/incit.org\/sv\/what-we-do\/operi\/small-businesses\/\" target=\"_blank\" rel=\"noopener\"><span style=\"font-weight: 400;\">OPERI f\u00f6r mikro- och medelstora f\u00f6retag (MSMEs) och sm\u00e5 och medelstora f\u00f6retag<\/span><\/a><span style=\"font-weight: 400;\"> hj\u00e4lper till att skapa lika villkor genom strukturerad kompetensuppbyggnad.\u00a0<\/span><\/p>\n<h3><b>F\u00f6r regeringar och den offentliga sektorn<\/b><span style=\"font-weight: 400;\">\u00a0<\/span><\/h3>\n<p><span style=\"font-weight: 400;\">Regeringar m\u00e5ste digitalisera offentliga tj\u00e4nster, \u00f6ka transparensen och f\u00f6rb\u00e4ttra medborgarnas engagemang. \u00c5r 2025, <\/span><b>smart styrning<\/b><span style=\"font-weight: 400;\"> \u00e4r inte valfritt \u2013 det f\u00f6rv\u00e4ntas.\u00a0<\/span><\/p>\n<h3><b>F\u00f6r coacher, konsulter och f\u00f6r\u00e4ndringsagenter<\/b><span style=\"font-weight: 400;\">\u00a0<\/span><\/h3>\n<p><span style=\"font-weight: 400;\">Coacher f\u00f6r digital transformation hj\u00e4lper ledare att implementera f\u00f6r\u00e4ndring med sj\u00e4lvf\u00f6rtroende. Deras roll \u00e4r avg\u00f6rande f\u00f6r att bygga digitala tankes\u00e4tt och strategier f\u00f6r f\u00f6r\u00e4ndringsledning.\u00a0<\/span><\/p>\n<p><span style=\"font-weight: 400;\">\ud83d\udd17\u00a0<\/span><a href=\"https:\/\/incit.org\/sv\/what-we-do\/operi\/consultants\/\" target=\"_blank\" rel=\"noopener\"><span style=\"font-weight: 400;\">OPERI f\u00f6r transformationskonsulter<\/span><\/a><span style=\"font-weight: 400;\">\u00a0<\/span><\/p>\n<h3><b>F\u00f6r utbildnings- och certifieringsorgan<\/b><span style=\"font-weight: 400;\">\u00a0<\/span><\/h3>\n<p><span style=\"font-weight: 400;\">Utbildningen utvecklas. Dessa institutioner m\u00e5ste omvandla l\u00e4roplaner f\u00f6r att anpassa sig till den digitala industrins behov.\u00a0<\/span><\/p>\n<p><span style=\"font-weight: 400;\">\ud83d\udd17 Uppt\u00e4ck hur<\/span>\u00a0<a href=\"https:\/\/incit.org\/sv\/what-we-do\/operi\/training-certification-centres\/\" target=\"_blank\" rel=\"noopener\"><span style=\"font-weight: 400;\">INCIT st\u00f6der certifieringsorgan<\/span><\/a><span style=\"font-weight: 400;\">.\u00a0<\/span><\/p>\n<p><span style=\"font-weight: 400;\">\u00a0<\/span><\/p>\n<h2><b>Vanliga utmaningar inom digital transformation<\/b><span style=\"font-weight: 400;\">\u00a0<\/span><\/h2>\n<p><span style=\"font-weight: 400;\">Trots sin potential kan digital transformation vara komplex. Vanliga hinder inkluderar:\u00a0<\/span><\/p>\n<ul>\n<li style=\"font-weight: 400;\" aria-level=\"1\"><span style=\"font-weight: 400;\">Motst\u00e5nd mot f\u00f6r\u00e4ndring <\/span><span style=\"font-weight: 400;\"><br \/>\n<\/span><span style=\"font-weight: 400;\">\u00a0<\/span><\/li>\n<\/ul>\n<ul>\n<li style=\"font-weight: 400;\" aria-level=\"1\"><span style=\"font-weight: 400;\">\u00c4ldre system <\/span><span style=\"font-weight: 400;\"><br \/>\n<\/span><span style=\"font-weight: 400;\">\u00a0<\/span><\/li>\n<\/ul>\n<ul>\n<li style=\"font-weight: 400;\" aria-level=\"1\"><span style=\"font-weight: 400;\">Siloade avdelningar <\/span><span style=\"font-weight: 400;\"><br \/>\n<\/span><span style=\"font-weight: 400;\">\u00a0<\/span><\/li>\n<\/ul>\n<ul>\n<li style=\"font-weight: 400;\" aria-level=\"1\"><span style=\"font-weight: 400;\">Kompetensbrister <\/span><span style=\"font-weight: 400;\"><br \/>\n<\/span><span style=\"font-weight: 400;\">\u00a0<\/span><\/li>\n<\/ul>\n<ul>\n<li style=\"font-weight: 400;\" aria-level=\"1\"><span style=\"font-weight: 400;\">Brist p\u00e5 m\u00e4tbar ROI <\/span><span style=\"font-weight: 400;\"><br \/>\n<\/span><span style=\"font-weight: 400;\">\u00a0<\/span><\/li>\n<\/ul>\n<p><span style=\"font-weight: 400;\">Att hantera dessa utmaningar kr\u00e4ver en enhetlig strategi, ledningsst\u00f6d och verktyg f\u00f6r kontinuerlig utv\u00e4rdering.\u00a0<\/span><\/p>\n<p><span style=\"font-weight: 400;\">\u00a0<\/span><\/p>\n<h2><b>Hur man lyckas \u00e5r 2025: En strategisk f\u00e4rdplan<\/b><span style=\"font-weight: 400;\">\u00a0<\/span><\/h2>\n<p><span style=\"font-weight: 400;\">H\u00e4r \u00e4r en f\u00f6renklad f\u00e4rdplan som organisationer kan f\u00f6lja f\u00f6r att lyckas med sin digitala transformationsresa:\u00a0<\/span><\/p>\n<ol>\n<li>\n<h3><b> Bed\u00f6m beredskap<\/b><\/h3>\n<\/li>\n<\/ol>\n<p><span style=\"font-weight: 400;\">Anv\u00e4nd ramverk som OPERI eller SIRI f\u00f6r att bed\u00f6ma digital mognad.\u00a0<\/span><\/p>\n<ol start=\"2\">\n<li>\n<h3><b> Definiera vision och strategi<\/b><\/h3>\n<\/li>\n<\/ol>\n<p><span style=\"font-weight: 400;\">Anpassa digitala insatser till aff\u00e4rsm\u00e5l. Fokusera p\u00e5 <\/span><b>v\u00e4rdeskapande<\/b><span style=\"font-weight: 400;\">, inte bara kostnadsbesparingar.\u00a0<\/span><\/p>\n<ol start=\"3\">\n<li>\n<h3><b> B\u00f6rja med snabba vinster<\/b><\/h3>\n<\/li>\n<\/ol>\n<p><span style=\"font-weight: 400;\">Testa digitala verktyg inom kundtj\u00e4nst, leveranskedjan eller HR f\u00f6r m\u00e4tbar effekt.\u00a0<\/span><\/p>\n<ol start=\"4\">\n<li>\n<h3><b> Investera i m\u00e4nniskor<\/b><\/h3>\n<\/li>\n<\/ol>\n<p><span style=\"font-weight: 400;\">Bygg en kultur av digital kompetens. Kompetensbehandla din arbetsstyrka kontinuerligt.\u00a0<\/span><\/p>\n<ol start=\"5\">\n<li>\n<h3><b> \u00d6vervaka och anpassa<\/b><\/h3>\n<\/li>\n<\/ol>\n<p><span style=\"font-weight: 400;\">M\u00e4t resultat och f\u00f6rfina din strategi baserat p\u00e5 verkliga insikter.\u00a0<\/span><\/p>\n<p><span style=\"font-weight: 400;\">\u00a0<\/span><\/p>\n<h2><b>Digital etik och h\u00e5llbarhet<\/b><span style=\"font-weight: 400;\">\u00a0<\/span><\/h2>\n<p><span style=\"font-weight: 400;\">Etik och h\u00e5llbarhet \u00e4r nu centralt f\u00f6r digital transformation.\u00a0<\/span><\/p>\n<ul>\n<li style=\"font-weight: 400;\" aria-level=\"1\"><span style=\"font-weight: 400;\">S\u00e4kerst\u00e4lla <\/span><b>AI-transparens<\/b><span style=\"font-weight: 400;\"> och <\/span><b>dataskydd<\/b> <span style=\"font-weight: 400;\"><br \/>\n<\/span><span style=\"font-weight: 400;\">\u00a0<\/span><\/li>\n<\/ul>\n<ul>\n<li style=\"font-weight: 400;\" aria-level=\"1\"><span style=\"font-weight: 400;\">Prioritera <\/span><b>energieffektiva infrastrukturer<\/b> <span style=\"font-weight: 400;\"><br \/>\n<\/span><span style=\"font-weight: 400;\">\u00a0<\/span><\/li>\n<\/ul>\n<ul>\n<li style=\"font-weight: 400;\" aria-level=\"1\"><span style=\"font-weight: 400;\">St\u00f6d <\/span><b>inkluderande digital \u00e5tkomst<\/b> <span style=\"font-weight: 400;\"><br \/>\n<\/span><span style=\"font-weight: 400;\">\u00a0<\/span><\/li>\n<\/ul>\n<p><span style=\"font-weight: 400;\">\u00c5r 2025 kommer intressenter att bel\u00f6na f\u00f6retag som inte bara digitaliserar, utan g\u00f6r det ansvarsfullt.\u00a0<\/span><\/p>\n<p><span style=\"font-weight: 400;\">\u00a0<\/span><\/p>\n<h2><b>Verkliga exempel p\u00e5 p\u00e5verkan<\/b><span style=\"font-weight: 400;\">\u00a0<\/span><\/h2>\n<ul>\n<li style=\"font-weight: 400;\" aria-level=\"1\"><b>Singapores Smart Nation-initiativ<\/b><span style=\"font-weight: 400;\">En omfattande nationell satsning med hj\u00e4lp av sakernas internet, AI och medborgarcentrerade tj\u00e4nster f\u00f6r att f\u00f6rb\u00e4ttra livskvaliteten<\/span><a href=\"https:\/\/www.smartnation.gov.sg\/\" target=\"_blank\" rel=\"noopener\">\u00b2<\/a><span style=\"font-weight: 400;\">. <\/span><span style=\"font-weight: 400;\"><br \/>\n<\/span><span style=\"font-weight: 400;\">\u00a0<\/span><\/li>\n<\/ul>\n<ul>\n<li style=\"font-weight: 400;\" aria-level=\"1\"><b>Estlands digitala ID<\/b><span style=\"font-weight: 400;\">Estland \u00e4r en pionj\u00e4r inom e-f\u00f6rvaltning och m\u00f6jligg\u00f6r 99% av statliga tj\u00e4nster online. <\/span><span style=\"font-weight: 400;\"><br \/>\n<\/span><span style=\"font-weight: 400;\">\u00a0<\/span><\/li>\n<\/ul>\n<ul>\n<li style=\"font-weight: 400;\" aria-level=\"1\"><b>Walmarts automatiseringsstrategi<\/b><span style=\"font-weight: 400;\">Utnyttja AI och robotteknik f\u00f6r smartare detaljhandelsverksamhet och leveranskedjehantering. <\/span><span style=\"font-weight: 400;\"><br \/>\n<\/span><span style=\"font-weight: 400;\">\u00a0<\/span><\/li>\n<\/ul>\n<p><span style=\"font-weight: 400;\">Dessa fall belyser hur strategisk digital transformation leder till nationell konkurrenskraft och f\u00f6retagstillv\u00e4xt.\u00a0<\/span><\/p>\n<p><span style=\"font-weight: 400;\">\u00a0<\/span><\/p>\n<h2><b>Slutsats: Varf\u00f6r \u00e4r det dags nu<\/b><span style=\"font-weight: 400;\">\u00a0<\/span><\/h2>\n<p><span style=\"font-weight: 400;\">Digital transformation \u00e4r inte ett eng\u00e5ngsprojekt \u2013 det \u00e4r en kontinuerlig nyskapning. \u00c5r 2025 kr\u00e4ver f\u00f6r\u00e4ndringstakten mer \u00e4n anpassning. Den kr\u00e4ver nyskapning, motst\u00e5ndskraft och ledarskap.\u00a0<\/span><\/p>\n<p><span style=\"font-weight: 400;\">P\u00e5\u00a0<\/span><a href=\"https:\/\/incit.org\/sv\/\" target=\"_blank\" rel=\"noopener\"><span style=\"font-weight: 400;\">INITERA<\/span><\/a><span style=\"font-weight: 400;\">, vi ger organisationer av alla storlekar m\u00f6jlighet att p\u00e5b\u00f6rja sin transformationsresa med tydlighet och tillf\u00f6rsikt.\u00a0<\/span><\/p>\n<p><span style=\"font-weight: 400;\">Redo att framtidss\u00e4kra ditt f\u00f6retag?<\/span> <a href=\"https:\/\/incit.org\/sv\/what-we-do\/\" target=\"_blank\" rel=\"noopener\"><span style=\"font-weight: 400;\">Utforska v\u00e5ra kompetensbyggande l\u00f6sningar<\/span><\/a><span style=\"font-weight: 400;\">.\u00a0<\/span><\/p>\n<p><span style=\"font-weight: 400;\">\u00a0<\/span><\/p>\n<p><b>Referenser<\/b><span style=\"font-weight: 400;\">\u00a0<\/span><\/p>\n<ol>\n<li><span style=\"font-weight: 400;\">McKinsey &amp; Company. (2023). <em>Vad \u00e4r p<\/em><\/span><i><span style=\"font-weight: 400;\">personalisering<\/span><\/i><span style=\"font-weight: 400;\">? <\/span><a href=\"https:\/\/www.mckinsey.com\/featured-insights\/mckinsey-explainers\/what-is-personalization\" target=\"_blank\" rel=\"noopener\"><span style=\"font-weight: 400;\">L\u00e4nk<\/span><\/a><span style=\"font-weight: 400;\">\u00a0<\/span><\/li>\n<li><span style=\"font-weight: 400;\">GovTech Singapore. (2024). <\/span><i><span style=\"font-weight: 400;\">Smart Nation-strategi<\/span><\/i><span style=\"font-weight: 400;\">.\u00a0<\/span><a href=\"https:\/\/www.smartnation.gov.sg\/\" target=\"_blank\" rel=\"noopener\"><span style=\"font-weight: 400;\">L\u00e4nk<\/span><\/a><\/li>\n<\/ol>","protected":false},"excerpt":{"rendered":"<p>Introduktion Har du n\u00e5gonsin undrat vad digital transformation \u00e4r och varf\u00f6r den \u00e4r viktig? I en v\u00e4rld som pr\u00e4glas av snabba tekniska f\u00f6r\u00e4ndringar \u00e4r digital transformation inte l\u00e4ngre ett modeord \u2013 det \u00e4r ett aff\u00e4rsm\u00e4ssigt krav. N\u00e4r vi g\u00e5r in i 2025 ompr\u00f6var organisationer inom olika branscher hur de levererar v\u00e4rde, engagerar kunder och framtidss\u00e4krar sin verksamhet. Men vad exakt inneb\u00e4r digital transformation [\u2026]<\/p>","protected":false},"author":3,"featured_media":36797,"comment_status":"closed","ping_status":"open","sticky":false,"template":"","format":"standard","meta":{"_acf_changed":false,"footnotes":""},"categories":[17],"tags":[22],"class_list":["post-36796","post","type-post","status-publish","format-standard","has-post-thumbnail","hentry","category-thought-leadership","tag-digital-transformation"],"acf":{"topic":"digitalisation"},"_links":{"self":[{"href":"https:\/\/incit.org\/sv\/wp-json\/wp\/v2\/posts\/36796","targetHints":{"allow":["GET"]}}],"collection":[{"href":"https:\/\/incit.org\/sv\/wp-json\/wp\/v2\/posts"}],"about":[{"href":"https:\/\/incit.org\/sv\/wp-json\/wp\/v2\/types\/post"}],"author":[{"embeddable":true,"href":"https:\/\/incit.org\/sv\/wp-json\/wp\/v2\/users\/3"}],"replies":[{"embeddable":true,"href":"https:\/\/incit.org\/sv\/wp-json\/wp\/v2\/comments?post=36796"}],"version-history":[{"count":9,"href":"https:\/\/incit.org\/sv\/wp-json\/wp\/v2\/posts\/36796\/revisions"}],"predecessor-version":[{"id":37196,"href":"https:\/\/incit.org\/sv\/wp-json\/wp\/v2\/posts\/36796\/revisions\/37196"}],"wp:featuredmedia":[{"embeddable":true,"href":"https:\/\/incit.org\/sv\/wp-json\/wp\/v2\/media\/36797"}],"wp:attachment":[{"href":"https:\/\/incit.org\/sv\/wp-json\/wp\/v2\/media?parent=36796"}],"wp:term":[{"taxonomy":"category","embeddable":true,"href":"https:\/\/incit.org\/sv\/wp-json\/wp\/v2\/categories?post=36796"},{"taxonomy":"post_tag","embeddable":true,"href":"https:\/\/incit.org\/sv\/wp-json\/wp\/v2\/tags?post=36796"}],"curies":[{"name":"wp","href":"https:\/\/api.w.org\/{rel}","templated":true}]}}