{"id":37195,"date":"2025-05-26T02:52:58","date_gmt":"2025-05-25T18:52:58","guid":{"rendered":"https:\/\/incit.org\/?p=37195"},"modified":"2025-05-28T00:00:40","modified_gmt":"2025-05-27T16:00:40","slug":"how-sdgs-are-changing-the-way-industries-operate","status":"publish","type":"post","link":"https:\/\/incit.org\/sv\/thought-leadership\/how-sdgs-are-changing-the-way-industries-operate\/","title":{"rendered":"Hur h\u00e5llbarhetsm\u00e5len f\u00f6r\u00e4ndrar hur industrier verkar"},"content":{"rendered":"<h2><b>Introduktion<\/b><\/h2>\n<p><span style=\"font-weight: 400;\">De <\/span><b>M\u00e5len f\u00f6r h\u00e5llbar utveckling (SDG)<\/b><span style=\"font-weight: 400;\">, som antogs av alla FN:s medlemsstater 2015, \u00e4r mer \u00e4n en global vision \u2013 de \u00e4r en ritning f\u00f6r <\/span><b>f\u00f6r\u00e4ndra hur industrier fungerar<\/b><span style=\"font-weight: 400;\">I takt med att v\u00e4rlden brottas med klimatf\u00f6r\u00e4ndringar, social oj\u00e4mlikhet och digital disruption blir h\u00e5llbarhetsm\u00e5lens roll i att forma aff\u00e4rsmodeller, produktionssystem och intressenternas ansvarsskyldighet allt viktigare.<\/span><\/p>\n<p><span style=\"font-weight: 400;\">\u00c5r 2025 g\u00e5r fram\u00e5tt\u00e4nkande f\u00f6retag bortom f\u00f6retagens sociala ansvar (CSR). De integrerar h\u00e5llbarhet i <\/span><b>k\u00e4rnstrategier, v\u00e4rdekedjor och innovationscykler<\/b><span style=\"font-weight: 400;\">, att anpassa vinst till syfte. Den h\u00e4r artikeln utforskar hur h\u00e5llbarhetsm\u00e5len omformar branscher \u00f6ver olika sektorer och vad organisationer m\u00e5ste g\u00f6ra f\u00f6r att f\u00f6rbli relevanta, ansvarsfulla och motst\u00e5ndskraftiga.<\/span><\/p>\n<p><span style=\"font-weight: 400;\">\ud83d\udd17 L\u00e4r dig hur INCIT driver kompetensutveckling genom\u00a0<\/span><a title=\"OPERI\" href=\"https:\/\/incit.org\/sv\/what-we-do\/operi\/\" target=\"_blank\" rel=\"noopener\"><span style=\"font-weight: 400;\">OPERI<\/span><\/a><span style=\"font-weight: 400;\"> f\u00f6r att st\u00f6dja m\u00e5linriktad omvandling.<\/span><\/p>\n<h2><b>Vilka \u00e4r de globala m\u00e5len f\u00f6r h\u00e5llbar utveckling?<\/b><\/h2>\n<p><span style=\"font-weight: 400;\">De <\/span><a title=\"M\u00e5len f\u00f6r h\u00e5llbar utveckling\" href=\"https:\/\/sdgs.un.org\/goals\" target=\"_blank\" rel=\"noopener\"><b>17 h\u00e5llbarhetsm\u00e5l<\/b><\/a><span style=\"font-weight: 400;\">, en del av FN:s Agenda 2030, tar itu med sammankopplade globala utmaningar \u2013 allt fr\u00e5n fattigdom, utbildning och j\u00e4mst\u00e4lldhet till klimat\u00e5tg\u00e4rder, h\u00e5llbar industri och fred.<\/span><\/p>\n<p><span style=\"font-weight: 400;\">Varje m\u00e5l \u00e5tf\u00f6ljs av specifika <\/span><b>m\u00e5l och indikatorer<\/b><span style=\"font-weight: 400;\">, vilket g\u00f6r det till en universell uppmaning till handling f\u00f6r b\u00e5de regeringar, f\u00f6retag och civilsamh\u00e4llet.<\/span><\/p>\n<h3><b>Relevansen av h\u00e5llbarhetsm\u00e5len f\u00f6r industrin<\/b><\/h3>\n<p><span style=\"font-weight: 400;\">F\u00f6r industrier, h\u00e5llbarhetsm\u00e5len:<\/span><\/p>\n<ul>\n<li style=\"font-weight: 400;\" aria-level=\"1\"><span style=\"font-weight: 400;\">Tj\u00e4na som en <\/span><b>ramverk f\u00f6r h\u00e5llbar innovation<\/b><\/li>\n<li style=\"font-weight: 400;\" aria-level=\"1\"><span style=\"font-weight: 400;\">F\u00f6rb\u00e4ttra <\/span><b>riskhantering<\/b><span style=\"font-weight: 400;\"> och regelefterlevnad<\/span><\/li>\n<li style=\"font-weight: 400;\" aria-level=\"1\"><span style=\"font-weight: 400;\">St\u00e4rka <\/span><b>rykte<\/b><span style=\"font-weight: 400;\"> och intressenternas f\u00f6rtroende<\/span><\/li>\n<li style=\"font-weight: 400;\" aria-level=\"1\"><span style=\"font-weight: 400;\">L\u00e5s upp \u00e5tkomst till <\/span><b>effektdrivet kapital och investeringar<\/b><\/li>\n<\/ul>\n<p>&nbsp;<\/p>\n<h2><b>Varf\u00f6r h\u00e5llbarhetsm\u00e5len \u00e4r viktiga f\u00f6r aff\u00e4rsstrategin \u00e5r 2025<\/b><\/h2>\n<h3><b>1. Investerarnas f\u00f6rv\u00e4ntningar har f\u00f6r\u00e4ndrats<\/b><\/h3>\n<p><a href=\"https:\/\/incit.org\/sv\/thought-leadership\/prioritising-esg-data-governance-in-sustainable-manufacturing\/\"><span style=\"font-weight: 400;\">Milj\u00f6m\u00e4ssiga, sociala och styrningsaspekter (ESG)<\/span><\/a><span style=\"font-weight: 400;\"> kriterierna \u00e4r nu <\/span><b>riktm\u00e4rken f\u00f6r vanliga investeringar<\/b><span style=\"font-weight: 400;\">Kapitalf\u00f6rvaltare kr\u00e4ver i allt h\u00f6gre grad bevis p\u00e5 \u00f6verensst\u00e4mmelse med SDG-m\u00e5tt.<\/span><\/p>\n<p><span style=\"font-weight: 400;\">Enligt <\/span><a href=\"https:\/\/www.pwc.com\/sg\/en\/\" target=\"_blank\" rel=\"noopener\"><span style=\"font-weight: 400;\">PwC<\/span><\/a><span style=\"font-weight: 400;\">, <\/span><b>79% av investerare tror att anpassning till SDG f\u00f6rb\u00e4ttrar den l\u00e5ngsiktiga finansiella utvecklingen<\/b><a href=\"https:\/\/www.pwc.se\/sv\/deals\/future-of-finance-july-2023.pdf\" target=\"_blank\" rel=\"noopener\"><span style=\"font-weight: 400;\">1<\/span><\/a><span style=\"font-weight: 400;\">.<\/span><\/p>\n<h3><b>2. Konsumentbeteendet f\u00f6r\u00e4ndras<\/b><\/h3>\n<p><span style=\"font-weight: 400;\">Millennials och Generation Z kr\u00e4ver transparens och ansvarsskyldighet. De vill st\u00f6dja varum\u00e4rken som aktivt bidrar till <\/span><b>socialt gott och milj\u00f6m\u00e4ssig motst\u00e5ndskraft<\/b><span style=\"font-weight: 400;\">.<\/span><\/p>\n<h3><b>3. Regleringstrycket \u00f6kar<\/b><\/h3>\n<p><span style=\"font-weight: 400;\">Regeringar sk\u00e4rper kraven p\u00e5 klimatinformation och inf\u00f6r <\/span><b>gr\u00f6na upphandlingsstandarder<\/b><span style=\"font-weight: 400;\">Branscher som proaktivt anpassar sig till h\u00e5llbarhetsm\u00e5len har b\u00e4ttre f\u00f6ruts\u00e4ttningar f\u00f6r efterlevnad och konkurrensf\u00f6rdelar.<\/span><\/p>\n<h2><b>Hur h\u00e5llbarhetsm\u00e5len omformar industriella metoder<br \/>\n<img fetchpriority=\"high\" decoding=\"async\" class=\"alignnone wp-image-37203 size-full\" src=\"https:\/\/assets.incit.org\/wp-content\/uploads\/2025\/05\/27033123\/sustainable-development-goals.webp\" alt=\"Sustainable Development Goals | INCIT\" width=\"1200\" height=\"1200\" srcset=\"https:\/\/assets.incit.org\/wp-content\/uploads\/2025\/05\/27033123\/sustainable-development-goals.webp 1200w, https:\/\/assets.incit.org\/wp-content\/uploads\/2025\/05\/27033123\/sustainable-development-goals-300x300.webp 300w, https:\/\/assets.incit.org\/wp-content\/uploads\/2025\/05\/27033123\/sustainable-development-goals-1024x1024.webp 1024w, https:\/\/assets.incit.org\/wp-content\/uploads\/2025\/05\/27033123\/sustainable-development-goals-150x150.webp 150w, https:\/\/assets.incit.org\/wp-content\/uploads\/2025\/05\/27033123\/sustainable-development-goals-768x768.webp 768w, https:\/\/assets.incit.org\/wp-content\/uploads\/2025\/05\/27033123\/sustainable-development-goals-12x12.webp 12w\" sizes=\"(max-width: 1200px) 100vw, 1200px\" \/><\/b><\/h2>\n<h3><a title=\"M\u00e5let f\u00f6r h\u00e5llbar utveckling #7\" href=\"https:\/\/sdgs.un.org\/goals\/goal7\" target=\"_blank\" rel=\"noopener\"><b>H\u00e5llbarhetsm\u00e5l 7<\/b><\/a><b>Prisv\u00e4rd och ren energi<\/b><\/h3>\n<p><span style=\"font-weight: 400;\">Branscher investerar i <\/span><b>f\u00f6rnybar energi<\/b><span style=\"font-weight: 400;\">, energieffektivitet och tekniker f\u00f6r minskade koldioxidutsl\u00e4pp f\u00f6r att minska utsl\u00e4pp och driftskostnader.<\/span><\/p>\n<ul>\n<li style=\"font-weight: 400;\" aria-level=\"1\"><span style=\"font-weight: 400;\">Tillverkningsanl\u00e4ggningar flyttar till <\/span><b>sol- och vindkraft<\/b><\/li>\n<li style=\"font-weight: 400;\" aria-level=\"1\"><span style=\"font-weight: 400;\">Datacenter anammar <\/span><b>gr\u00f6n molntj\u00e4nst<\/b><\/li>\n<li style=\"font-weight: 400;\" aria-level=\"1\"><span style=\"font-weight: 400;\">Stadslogistik integreras <\/span><b>elfordonsflottor (EV)<\/b><\/li>\n<\/ul>\n<p><span style=\"font-weight: 400;\">\ud83d\udd17 Se hur INCIT st\u00f6der <\/span><b>h\u00e5llbar innovation inom tillverkning<\/b><span style=\"font-weight: 400;\"> genom<\/span>\u00a0<a title=\"SIRI-bed\u00f6mning\" href=\"https:\/\/incit.org\/sv\/what-we-do\/siri\/assessment\/\" target=\"_blank\" rel=\"noopener\"><span style=\"font-weight: 400;\">SIRI-bed\u00f6mning<\/span><\/a><span style=\"font-weight: 400;\">.<\/span><\/p>\n<h3><a title=\"M\u00e5let f\u00f6r h\u00e5llbar utveckling #8\" href=\"https:\/\/sdgs.un.org\/goals\/goal8\" target=\"_blank\" rel=\"noopener\"><b>H\u00e5llbarhetsm\u00e5l 8<\/b><\/a><b>Anst\u00e4ndigt arbete och ekonomisk tillv\u00e4xt<\/b><\/h3>\n<p><span style=\"font-weight: 400;\">Industri 4.0-tekniker kan antingen st\u00e4rka eller marginalisera arbetstagare. Att anpassa sig till SDG 8 inneb\u00e4r:<\/span><\/p>\n<ul>\n<li style=\"font-weight: 400;\" aria-level=\"1\"><span style=\"font-weight: 400;\">S\u00e4kerst\u00e4lla <\/span><b>r\u00e4ttvisa l\u00f6ner och s\u00e4kra arbetsf\u00f6rh\u00e5llanden<\/b><\/li>\n<li style=\"font-weight: 400;\" aria-level=\"1\"><span style=\"font-weight: 400;\">Omskolning av anst\u00e4llda genom <\/span><b>livsl\u00e5ngt l\u00e4rande<\/b><\/li>\n<li style=\"font-weight: 400;\" aria-level=\"1\"><span style=\"font-weight: 400;\">Fr\u00e4mja <\/span><b>inkluderande anst\u00e4llningspraxis<\/b><\/li>\n<\/ul>\n<p><span style=\"font-weight: 400;\">\ud83d\udd17 INCIT m\u00f6jligg\u00f6r omvandling av arbetskraften genom att utrusta\u00a0<\/span><a href=\"https:\/\/incit.org\/sv\/what-we-do\/operi\/training-certification-centres\/\" target=\"_blank\" rel=\"noopener\"><span style=\"font-weight: 400;\">utbildnings- och certifieringscenter<\/span><\/a><span style=\"font-weight: 400;\"> med framtidsinriktade program.<\/span><\/p>\n<h3><a title=\"M\u00e5let f\u00f6r h\u00e5llbar utveckling #9\" href=\"https:\/\/sdgs.un.org\/goals\/goal9\" target=\"_blank\" rel=\"noopener\"><b>H\u00e5llbarhetsm\u00e5l 9<\/b><\/a><b>Industri, innovation och infrastruktur<\/b><\/h3>\n<p><span style=\"font-weight: 400;\">Detta h\u00e5llbarhetsm\u00e5l har en direkt koppling till industriell digitalisering. F\u00f6retag m\u00e5ste utveckla:<\/span><\/p>\n<ul>\n<li style=\"font-weight: 400;\" aria-level=\"1\"><b>Motst\u00e5ndskraftig infrastruktur<\/b><span style=\"font-weight: 400;\"> som st\u00f6der flexibilitet i leveranskedjan<\/span><\/li>\n<li style=\"font-weight: 400;\" aria-level=\"1\"><span style=\"font-weight: 400;\">Smarta fabriker som anv\u00e4nder <\/span><b>Sakernas internet, AI och robotik<\/b><\/li>\n<li style=\"font-weight: 400;\" aria-level=\"1\"><span style=\"font-weight: 400;\">Plattformar f\u00f6r <\/span><b>\u00f6ppen innovation och samarbete<\/b><\/li>\n<\/ul>\n<p><span style=\"font-weight: 400;\">\ud83d\udd17 L\u00e4r dig hur\u00a0<\/span><a title=\"OPERI\" href=\"https:\/\/incit.org\/sv\/what-we-do\/operi\/\" target=\"_blank\" rel=\"noopener\"><span style=\"font-weight: 400;\">OPERI-ramverket<\/span><\/a><span style=\"font-weight: 400;\"> hj\u00e4lper f\u00f6retag att strukturera digital och h\u00e5llbar tillv\u00e4xt.<\/span><\/p>\n<h3><a title=\"M\u00e5let f\u00f6r h\u00e5llbar utveckling #12\" href=\"https:\/\/sdgs.un.org\/goals\/goal12\" target=\"_blank\" rel=\"noopener\"><b>H\u00e5llbarhetsm\u00e5l 12<\/b><\/a><b>Ansvarsfull konsumtion och produktion<\/b><\/h3>\n<p><span style=\"font-weight: 400;\">Dagens konsumenter kr\u00e4ver transparens kring hur produkter tillverkas och anskaffas. Branscher \u00e4r:<\/span><\/p>\n<ul>\n<li style=\"font-weight: 400;\" aria-level=\"1\"><span style=\"font-weight: 400;\">Omdesign av produkter f\u00f6r <\/span><b>cirkularitet<\/b><\/li>\n<li style=\"font-weight: 400;\" aria-level=\"1\"><span style=\"font-weight: 400;\">Antagande <\/span><b>livscykelanalys (LCA)<\/b><span style=\"font-weight: 400;\"> metoder<\/span><\/li>\n<li style=\"font-weight: 400;\" aria-level=\"1\"><span style=\"font-weight: 400;\">Minska avfall genom <\/span><b>noll avfallspolicyer<\/b><\/li>\n<\/ul>\n<p><span style=\"font-weight: 400;\">F\u00f6retag som <\/span><a title=\"IKEA\" href=\"https:\/\/www.ikea.com\/\" target=\"_blank\" rel=\"noopener\"><span style=\"font-weight: 400;\">IKEA<\/span><\/a><span style=\"font-weight: 400;\"> och <\/span><a title=\"Unilever\" href=\"https:\/\/www.unilever.com\/\" target=\"_blank\" rel=\"noopener\"><span style=\"font-weight: 400;\">Unilever<\/span><\/a><span style=\"font-weight: 400;\"> f\u00f6reg\u00e5r redan med gott exempel med <\/span><b>slutna system<\/b><span style=\"font-weight: 400;\"> och <\/span><b>etisk upphandling<\/b><span style=\"font-weight: 400;\"> policyer.<\/span><\/p>\n<h3><a title=\"M\u00e5let f\u00f6r h\u00e5llbar utveckling #13\" href=\"https:\/\/sdgs.un.org\/goals\/goal13\" target=\"_blank\" rel=\"noopener\"><b>H\u00e5llbarhetsm\u00e5l 13<\/b><\/a><b>Klimat\u00e5tg\u00e4rder<\/b><\/h3>\n<p><span style=\"font-weight: 400;\">H\u00e5llbarhet \u00e4r inte l\u00e4ngre perifer. Klimatrisk \u00e4r nu en <\/span><b>finansiell risk<\/b><span style=\"font-weight: 400;\">F\u00f6r att anpassa sig till SDG 13 \u00e4r branscher:<\/span><\/p>\n<ul>\n<li style=\"font-weight: 400;\" aria-level=\"1\"><span style=\"font-weight: 400;\">Implementering <\/span><b>vetenskapsbaserade m\u00e5l<\/b><\/li>\n<li style=\"font-weight: 400;\" aria-level=\"1\"><span style=\"font-weight: 400;\">Deltar i <\/span><b>kolmarknader<\/b><\/li>\n<li style=\"font-weight: 400;\" aria-level=\"1\"><span style=\"font-weight: 400;\">Integrering <\/span><b>klimatmotst\u00e5ndskraft i k\u00e4rnverksamheten<\/b><\/li>\n<\/ul>\n<p>&nbsp;<\/p>\n<h2><b>Fallstudier \u00f6ver flera sektorer: <\/b><a title=\"M\u00e5len f\u00f6r h\u00e5llbar utveckling\" href=\"https:\/\/sdgs.un.org\/partnerships\/browse\" target=\"_blank\" rel=\"noopener\"><b>H\u00e5llbarhetsm\u00e5len<\/b><\/a><b> i aktion<\/b><\/h2>\n<h3><b>1. Bilsektorn<\/b><\/h3>\n<p><span style=\"font-weight: 400;\">Fr\u00e5n <\/span><b>elektrifiering till etisk gruvdrift<\/b><span style=\"font-weight: 400;\">, biltillverkare omv\u00e4rderar h\u00e5llbarhet i hela sin v\u00e4rdekedja.<\/span><\/p>\n<ul>\n<li style=\"font-weight: 400;\" aria-level=\"1\"><a title=\"BMWs engagemang f\u00f6r h\u00e5llbarhet\" href=\"https:\/\/www.bmwgroup.com\/en\/sustainability.html\" target=\"_blank\" rel=\"noopener\"><b>BMW<\/b><\/a><span style=\"font-weight: 400;\"> har \u00e5tagit sig att uppn\u00e5 SDG-anpassade m\u00e5l f\u00f6r koldioxidneutralitet och social p\u00e5verkan i sin leveranskedja.<\/span><\/li>\n<li style=\"font-weight: 400;\" aria-level=\"1\">Tesla<span style=\"font-weight: 400;\">s vertikalt integrerade modell s\u00e4tter nya h\u00e5llbarhetsstandarder inom tillverkningsindustrin.<\/span><\/li>\n<\/ul>\n<h3><b>2. Textilindustrin<\/b><\/h3>\n<p><span style=\"font-weight: 400;\">Snabbmode har l\u00e4nge varit en h\u00e5llbarhetssl\u00e4pande faktor. Men innovat\u00f6rer \u00e4r nu:<\/span><\/p>\n<ul>\n<li style=\"font-weight: 400;\" aria-level=\"1\"><span style=\"font-weight: 400;\">Anv\u00e4ndning <\/span><b>\u00e5tervunna fibrer<\/b><span style=\"font-weight: 400;\"> och <\/span><b>biologiskt nedbrytbara material<\/b><\/li>\n<li style=\"font-weight: 400;\" aria-level=\"1\"><span style=\"font-weight: 400;\">Digitalisering av designprocesser f\u00f6r att minska avfall<\/span><\/li>\n<li style=\"font-weight: 400;\" aria-level=\"1\"><span style=\"font-weight: 400;\">Sj\u00f6s\u00e4ttning <\/span><b>\u00e5tertagningssystem<\/b><span style=\"font-weight: 400;\"> f\u00f6r \u00e5tervinning av kl\u00e4der<\/span><\/li>\n<\/ul>\n<h3><b>3. Jordbruks- och livsmedelssektorn<\/b><\/h3>\n<p><span style=\"font-weight: 400;\">F\u00f6retag omfamnar <\/span><b>regenerativt jordbruk<\/b><span style=\"font-weight: 400;\">, f\u00f6rb\u00e4ttra livsmedelssp\u00e5rbarheten och minska matsvinnet f\u00f6r att uppn\u00e5 h\u00e5llbarhetsm\u00e5len 2 och 12.<\/span><\/p>\n<ul>\n<li style=\"font-weight: 400;\" aria-level=\"1\"><a title=\"Nestl\u00e9s bidrag till de globala m\u00e5len\" href=\"https:\/\/www.nestle.com\/sustainability\/regenerative-food-systems\/global-goals\" target=\"_blank\" rel=\"noopener\"><b>Krypa in<\/b><\/a><span style=\"font-weight: 400;\"> och <\/span><a title=\"PepsiCos ESG-strategi\" href=\"https:\/\/www.pepsico.com\/our-impact\/sustainability\/esg-summary\" target=\"_blank\" rel=\"noopener\"><b>PepsiCo<\/b><\/a><span style=\"font-weight: 400;\"> har lovat nettonollleveranskedjor.<\/span><\/li>\n<li style=\"font-weight: 400;\" aria-level=\"1\"><span style=\"font-weight: 400;\">Startups anv\u00e4nder <\/span><b>blockkedja<\/b><span style=\"font-weight: 400;\"> att certifiera h\u00e5llbara ink\u00f6psmetoder.<\/span><\/li>\n<\/ul>\n<p>&nbsp;<\/p>\n<h2><b>Utmaningar f\u00f6r implementeringen av SDG:erna i industrin<\/b><\/h2>\n<p><span style=\"font-weight: 400;\">Trots momentum kvarst\u00e5r flera hinder:<\/span><\/p>\n<ul>\n<li style=\"font-weight: 400;\" aria-level=\"1\"><b>Brist p\u00e5 standardisering<\/b><span style=\"font-weight: 400;\"> i SDG-m\u00e4tv\u00e4rden<\/span><\/li>\n<li style=\"font-weight: 400;\" aria-level=\"1\"><b>Kortsiktighet<\/b><span style=\"font-weight: 400;\"> i styrelserum och kvartalsm\u00e5l<\/span><\/li>\n<li style=\"font-weight: 400;\" aria-level=\"1\"><b>Risker f\u00f6r gr\u00f6ntv\u00e4ttning<\/b><span style=\"font-weight: 400;\">, d\u00e4r f\u00f6retag \u00f6verdriver sin p\u00e5verkan<\/span><\/li>\n<li style=\"font-weight: 400;\" aria-level=\"1\"><b>Kompetensbrister<\/b><span style=\"font-weight: 400;\"> inom h\u00e5llbarhetsledarskap och datahantering<\/span><\/li>\n<\/ul>\n<p><span style=\"font-weight: 400;\">\ud83d\udd17 Genom dess\u00a0<\/span><a title=\"INCITs partnerskapsmodell\" href=\"https:\/\/incit.org\/sv\/what-we-do\/partnership-model\/\" target=\"_blank\" rel=\"noopener\"><span style=\"font-weight: 400;\">partnerskapsmodell<\/span><\/a><span style=\"font-weight: 400;\">, INCIT hj\u00e4lper organisationer att samarbeta \u00f6ver olika sektorer f\u00f6r att \u00f6vervinna dessa systemiska hinder.<\/span><\/p>\n<h2><b>Den digitala transformationens roll i att accelerera SDG:erna<\/b><\/h2>\n<p><span style=\"font-weight: 400;\">Digitala verktyg m\u00f6jligg\u00f6r transparens, ansvarsskyldighet och skalbarhet i h\u00e5llbara initiativ.<\/span><\/p>\n<ul>\n<li style=\"font-weight: 400;\" aria-level=\"1\"><b>AI<\/b><span style=\"font-weight: 400;\"> identifierar ineffektivitet och koldioxidutsl\u00e4pp<\/span><\/li>\n<li style=\"font-weight: 400;\" aria-level=\"1\"><b>IoT-sensorer<\/b><span style=\"font-weight: 400;\"> \u00f6vervaka energianv\u00e4ndning och utsl\u00e4pp<\/span><\/li>\n<li style=\"font-weight: 400;\" aria-level=\"1\"><b>Digitala plattformar<\/b><span style=\"font-weight: 400;\"> f\u00f6rb\u00e4ttra samarbetet mellan globala leveranskedjor<\/span><\/li>\n<\/ul>\n<p><span style=\"font-weight: 400;\">Digital mognad \u00e4r nu oskiljaktig fr\u00e5n <\/span><b>h\u00e5llbarhetsmognad<\/b><span style=\"font-weight: 400;\">.<\/span><\/p>\n<h2><b>En strategisk f\u00e4rdplan f\u00f6r anpassning till SDG:erna<\/b><\/h2>\n<h3><b>Steg 1: Prioritera relevanta m\u00e5l<\/b><\/h3>\n<p><span style=\"font-weight: 400;\">Identifiera 3\u20135 h\u00e5llbarhetsm\u00e5l som har direkt koppling till din bransch och verksamhet.<\/span><\/p>\n<h3><b>Steg 2: S\u00e4tt upp m\u00e4tbara m\u00e5l<\/b><\/h3>\n<p><span style=\"font-weight: 400;\">Anv\u00e4nd erk\u00e4nda standarder f\u00f6r att anpassa m\u00e4tv\u00e4rden.<\/span><\/p>\n<h3><b>Steg 3: Bygg interna f\u00f6rm\u00e5gor<\/b><\/h3>\n<p><span style=\"font-weight: 400;\">Kompetensutveckla din personal, utse h\u00e5llbarhetsledare och ge team m\u00f6jlighet att leda SDG-initiativ.<\/span><\/p>\n<h3><b>Steg 4: Engagera intressenter<\/b><\/h3>\n<p><span style=\"font-weight: 400;\">Involvera anst\u00e4llda, kunder, investerare och tillsynsmyndigheter i er h\u00e5llbarhetsf\u00e4rdplan.<\/span><\/p>\n<h3><b>Steg 5: Rapportera transparent<\/b><\/h3>\n<p><span style=\"font-weight: 400;\">Kommunicera framsteg med hj\u00e4lp av trov\u00e4rdiga, tredjepartsverifierade data.<\/span><\/p>\n<h2><b>Slutsats: H\u00e5llbarhet som strategi, inte filantropi<\/b><\/h2>\n<p><span style=\"font-weight: 400;\">\u00c5r 2025 handlar anpassning till SDG:erna inte l\u00e4ngre om att g\u00f6ra gott \u2013 det handlar om att g\u00f6ra <\/span><b>bra aff\u00e4rer<\/b><span style=\"font-weight: 400;\">Branscher som proaktivt integrerar h\u00e5llbarhet i sin verksamhet uppfyller inte bara globala ansvar utan frig\u00f6r ocks\u00e5 innovation, bibeh\u00e5ller talanger och skapar l\u00e5ngsiktig motst\u00e5ndskraft.<\/span><\/p>\n<p><span style=\"font-weight: 400;\">P\u00e5 <\/span><a title=\"INITERA\" href=\"https:\/\/incit.org\/sv\/\" target=\"_blank\" rel=\"noopener\"><span style=\"font-weight: 400;\">INITERA<\/span><\/a><span style=\"font-weight: 400;\">Vi tror att h\u00e5llbar utveckling m\u00e5ste g\u00e5 hand i hand med digital och organisatorisk f\u00f6rm\u00e5ga. Vi finns h\u00e4r f\u00f6r att st\u00f6dja er transformation \u2013 steg f\u00f6r steg, m\u00e5l f\u00f6r m\u00e5l.<\/span><\/p>\n<p><span style=\"font-weight: 400;\">\ud83d\udd17 Redo att anpassa din verksamhet till SDG:erna?<\/span> <a href=\"https:\/\/incit.org\/sv\/what-we-do\/\" target=\"_blank\" rel=\"noopener\"><span style=\"font-weight: 400;\">Utforska v\u00e5ra kompetensbyggande l\u00f6sningar<\/span><\/a><span style=\"font-weight: 400;\">.<\/span><\/p>\n<h2><b>Referenser<\/b><\/h2>\n<ol>\n<li style=\"font-weight: 400;\" aria-level=\"1\"><span style=\"font-weight: 400;\">PwC. (2023). <\/span><i><span style=\"font-weight: 400;\">SDG-investeringar och finansens framtid<\/span><\/i><span style=\"font-weight: 400;\">. <\/span><a title=\"PwC. (2023). SDG-investeringar och finansbranschens framtid\" href=\"https:\/\/www.pwc.se\/sv\/deals\/future-of-finance-july-2023.pdf\" target=\"_blank\" rel=\"noopener\"><span style=\"font-weight: 400;\">L\u00e4nk<\/span><\/a><\/li>\n<li style=\"font-weight: 400;\" aria-level=\"1\">Ellen MacArthur-stiftelsen. (2023). <i><span>Cirkul\u00e4r ekonomi i praktiken<\/span><\/i><span>. <\/span><a title=\"Ellen MacArthur Foundation. (2023). Cirkul\u00e4r ekonomi i praktiken\" href=\"https:\/\/www.ellenmacarthurfoundation.org\/topics\/circular-economy-introduction\/overview\" target=\"_blank\" rel=\"noopener\"><span>L\u00e4nk<\/span><\/a><\/li>\n<\/ol>","protected":false},"excerpt":{"rendered":"<p>Introduktion De globala m\u00e5len f\u00f6r h\u00e5llbar utveckling (SDG), som antogs av alla FN:s medlemsstater 2015, \u00e4r mer \u00e4n en global vision \u2013 de \u00e4r en ritning f\u00f6r att omvandla hur industrier fungerar. I takt med att v\u00e4rlden brottas med klimatf\u00f6r\u00e4ndringar, social oj\u00e4mlikhet och digital disruption, blir de globala m\u00e5lens roll i att forma aff\u00e4rsmodeller, produktionssystem och intressenternas ansvar allt viktigare. [\u2026]<\/p>","protected":false},"author":3,"featured_media":37201,"comment_status":"closed","ping_status":"open","sticky":false,"template":"","format":"standard","meta":{"_acf_changed":false,"footnotes":""},"categories":[17],"tags":[271,45],"class_list":["post-37195","post","type-post","status-publish","format-standard","has-post-thumbnail","hentry","category-thought-leadership","tag-sustainable-development-goals","tag-sustainable-manufacturing"],"acf":{"topic":"digitalisation"},"_links":{"self":[{"href":"https:\/\/incit.org\/sv\/wp-json\/wp\/v2\/posts\/37195","targetHints":{"allow":["GET"]}}],"collection":[{"href":"https:\/\/incit.org\/sv\/wp-json\/wp\/v2\/posts"}],"about":[{"href":"https:\/\/incit.org\/sv\/wp-json\/wp\/v2\/types\/post"}],"author":[{"embeddable":true,"href":"https:\/\/incit.org\/sv\/wp-json\/wp\/v2\/users\/3"}],"replies":[{"embeddable":true,"href":"https:\/\/incit.org\/sv\/wp-json\/wp\/v2\/comments?post=37195"}],"version-history":[{"count":7,"href":"https:\/\/incit.org\/sv\/wp-json\/wp\/v2\/posts\/37195\/revisions"}],"predecessor-version":[{"id":37215,"href":"https:\/\/incit.org\/sv\/wp-json\/wp\/v2\/posts\/37195\/revisions\/37215"}],"wp:featuredmedia":[{"embeddable":true,"href":"https:\/\/incit.org\/sv\/wp-json\/wp\/v2\/media\/37201"}],"wp:attachment":[{"href":"https:\/\/incit.org\/sv\/wp-json\/wp\/v2\/media?parent=37195"}],"wp:term":[{"taxonomy":"category","embeddable":true,"href":"https:\/\/incit.org\/sv\/wp-json\/wp\/v2\/categories?post=37195"},{"taxonomy":"post_tag","embeddable":true,"href":"https:\/\/incit.org\/sv\/wp-json\/wp\/v2\/tags?post=37195"}],"curies":[{"name":"wp","href":"https:\/\/api.w.org\/{rel}","templated":true}]}}