{"id":38068,"date":"2025-06-20T18:53:32","date_gmt":"2025-06-20T10:53:32","guid":{"rendered":"https:\/\/incit.org\/?p=38068"},"modified":"2025-06-20T18:53:32","modified_gmt":"2025-06-20T10:53:32","slug":"transforming-together-incit-at-the-cii-annual-business-summit-2025","status":"publish","type":"post","link":"https:\/\/incit.org\/sv\/newsroom\/transforming-together-incit-at-the-cii-annual-business-summit-2025\/","title":{"rendered":"F\u00f6rvandling tillsammans: INCIT p\u00e5 CII:s \u00e5rliga aff\u00e4rsm\u00f6te 2025"},"content":{"rendered":"<p><img fetchpriority=\"high\" decoding=\"async\" class=\"aligncenter wp-image-38069 size-full\" src=\"https:\/\/assets.incit.org\/wp-content\/uploads\/2025\/06\/20184911\/Article-Banner-1.png\" alt=\"\" width=\"2176\" height=\"1224\" srcset=\"https:\/\/assets.incit.org\/wp-content\/uploads\/2025\/06\/20184911\/Article-Banner-1.png 2176w, https:\/\/assets.incit.org\/wp-content\/uploads\/2025\/06\/20184911\/Article-Banner-1-300x169.png 300w, https:\/\/assets.incit.org\/wp-content\/uploads\/2025\/06\/20184911\/Article-Banner-1-1024x576.png 1024w, https:\/\/assets.incit.org\/wp-content\/uploads\/2025\/06\/20184911\/Article-Banner-1-768x432.png 768w, https:\/\/assets.incit.org\/wp-content\/uploads\/2025\/06\/20184911\/Article-Banner-1-1536x864.png 1536w, https:\/\/assets.incit.org\/wp-content\/uploads\/2025\/06\/20184911\/Article-Banner-1-2048x1152.png 2048w, https:\/\/assets.incit.org\/wp-content\/uploads\/2025\/06\/20184911\/Article-Banner-1-18x10.png 18w\" sizes=\"(max-width: 2176px) 100vw, 2176px\" \/><\/p>\n<p><strong>Indiska industrins (CII) \u00e5rliga n\u00e4ringstoppm\u00f6te 2025,<\/strong> tema <em>&quot;Bygg f\u00f6rtroende \u2013 Indien f\u00f6rst&quot;<\/em>, samlade 2 500 delegater, 134 talare och 12 ministrar under tv\u00e5 dynamiska dagar av dialog p\u00e5 h\u00f6g niv\u00e5. Toppm\u00f6tet, som h\u00f6lls p\u00e5 tv\u00e5 platser och omfattade 35 sessioner, fungerade som en viktig plattform f\u00f6r att utforska Indiens f\u00f6r\u00e4nderliga ekonomiska roll i ett snabbt f\u00f6r\u00e4nderligt globalt landskap.<\/p>\n<p>Representerar<strong> Internationellt center f\u00f6r industriell omvandling (INCIT), VD Raimund Klein<\/strong> talade vid sessionen <em>&quot;Fr\u00e5n l\u00e4rande till f\u00f6rtj\u00e4nst: \u00d6verbrygga anst\u00e4llningsbarhetsgapet&quot;<\/em> den 30 maj 2025. Hans deltagande gav samtalet v\u00e4rdefulla perspektiv och bidrog till en bredare dialog om hur industri, utbildning och politik kan samarbeta f\u00f6r att m\u00f6ta arbetskraftens st\u00e4ndigt f\u00f6r\u00e4nderliga behov.<\/p>\n<p><img decoding=\"async\" class=\"aligncenter wp-image-38070 size-full\" src=\"https:\/\/assets.incit.org\/wp-content\/uploads\/2025\/06\/20185106\/Article-Banner-2.png\" alt=\"\" width=\"2176\" height=\"1224\" srcset=\"https:\/\/assets.incit.org\/wp-content\/uploads\/2025\/06\/20185106\/Article-Banner-2.png 2176w, https:\/\/assets.incit.org\/wp-content\/uploads\/2025\/06\/20185106\/Article-Banner-2-300x169.png 300w, https:\/\/assets.incit.org\/wp-content\/uploads\/2025\/06\/20185106\/Article-Banner-2-1024x576.png 1024w, https:\/\/assets.incit.org\/wp-content\/uploads\/2025\/06\/20185106\/Article-Banner-2-768x432.png 768w, https:\/\/assets.incit.org\/wp-content\/uploads\/2025\/06\/20185106\/Article-Banner-2-1536x864.png 1536w, https:\/\/assets.incit.org\/wp-content\/uploads\/2025\/06\/20185106\/Article-Banner-2-2048x1152.png 2048w, https:\/\/assets.incit.org\/wp-content\/uploads\/2025\/06\/20185106\/Article-Banner-2-18x10.png 18w\" sizes=\"(max-width: 2176px) 100vw, 2176px\" \/><\/p>\n<p>Med fem fokuserade sp\u00e5r \u2014 <strong>Konkurrenskraftig, samarbetsinriktad, h\u00e5llbar, innovativ och s\u00e4ker<\/strong> \u2014 Toppm\u00f6tet unders\u00f6kte hur Indien kan uppr\u00e4tth\u00e5lla f\u00f6rtroende som grund f\u00f6r sin ekonomiska strategi. I takt med att globala v\u00e4rdekedjor f\u00f6r\u00e4ndras och handelskorridorer omdefinieras, har Indien en unik position f\u00f6r att leda inom inkluderande, h\u00e5llbar tillv\u00e4xt samtidigt som det st\u00e4rker sin position som en betrodd global partner.<\/p>\n<p>I takt med att Indien st\u00e4rker sin position som v\u00e4rldens snabbast v\u00e4xande stora ekonomi blir kravet p\u00e5 n\u00e4sta generations reformer och ansvarsfull kapitalism allt h\u00f6gre. INCIT \u00e4r fortsatt engagerat i att st\u00f6dja dessa ambitioner genom att ge f\u00f6retag \u2013 s\u00e4rskilt inom tillverkningsindustrin \u2013 m\u00f6jlighet att omvandlas med mening, v\u00e4gledda av globalt erk\u00e4nda verktyg som <a href=\"https:\/\/incit.org\/sv\/what-we-do\/siri\/\">Smart Industry Readiness Index (SIRI)<\/a> och den <a href=\"https:\/\/incit.org\/sv\/what-we-do\/operi\/\">Index f\u00f6r operationell excellensberedskap (OPERI)<\/a>.<\/p>","protected":false},"excerpt":{"rendered":"<p>Indiska industrins (CII) \u00e5rliga aff\u00e4rstoppm\u00f6te 2025, med temat &quot;Bygga f\u00f6rtroende \u2013 Indien f\u00f6rst&quot;, samlade 2 500 delegater, 134 talare och 12 ministrar under tv\u00e5 dynamiska dagar av dialog p\u00e5 h\u00f6g niv\u00e5. Toppm\u00f6tet, som h\u00f6lls p\u00e5 tv\u00e5 platser och omfattade 35 sessioner, fungerade som en viktig plattform f\u00f6r att utforska Indiens utvecklande ekonomiska roll i en [\u2026]<\/p>","protected":false},"author":3,"featured_media":38069,"comment_status":"closed","ping_status":"open","sticky":false,"template":"","format":"standard","meta":{"_acf_changed":false,"footnotes":""},"categories":[18],"tags":[22,47,178,54,182,15],"class_list":["post-38068","post","type-post","status-publish","format-standard","has-post-thumbnail","hentry","category-newsroom","tag-digital-transformation","tag-incit","tag-industrial-transformation","tag-industry-4-0","tag-operational-excellence","tag-smart-industry-readiness-index"],"acf":{"featured_post":true},"_links":{"self":[{"href":"https:\/\/incit.org\/sv\/wp-json\/wp\/v2\/posts\/38068","targetHints":{"allow":["GET"]}}],"collection":[{"href":"https:\/\/incit.org\/sv\/wp-json\/wp\/v2\/posts"}],"about":[{"href":"https:\/\/incit.org\/sv\/wp-json\/wp\/v2\/types\/post"}],"author":[{"embeddable":true,"href":"https:\/\/incit.org\/sv\/wp-json\/wp\/v2\/users\/3"}],"replies":[{"embeddable":true,"href":"https:\/\/incit.org\/sv\/wp-json\/wp\/v2\/comments?post=38068"}],"version-history":[{"count":3,"href":"https:\/\/incit.org\/sv\/wp-json\/wp\/v2\/posts\/38068\/revisions"}],"predecessor-version":[{"id":38073,"href":"https:\/\/incit.org\/sv\/wp-json\/wp\/v2\/posts\/38068\/revisions\/38073"}],"wp:featuredmedia":[{"embeddable":true,"href":"https:\/\/incit.org\/sv\/wp-json\/wp\/v2\/media\/38069"}],"wp:attachment":[{"href":"https:\/\/incit.org\/sv\/wp-json\/wp\/v2\/media?parent=38068"}],"wp:term":[{"taxonomy":"category","embeddable":true,"href":"https:\/\/incit.org\/sv\/wp-json\/wp\/v2\/categories?post=38068"},{"taxonomy":"post_tag","embeddable":true,"href":"https:\/\/incit.org\/sv\/wp-json\/wp\/v2\/tags?post=38068"}],"curies":[{"name":"wp","href":"https:\/\/api.w.org\/{rel}","templated":true}]}}