{"id":40802,"date":"2025-10-10T09:00:15","date_gmt":"2025-10-10T01:00:15","guid":{"rendered":"https:\/\/incit.org\/?p=40802"},"modified":"2025-10-10T13:08:56","modified_gmt":"2025-10-10T05:08:56","slug":"nextgen-manufacturing-summit-africa-2025","status":"publish","type":"post","link":"https:\/\/incit.org\/sv\/newsroom\/nextgen-manufacturing-summit-africa-2025\/","title":{"rendered":"NextGen Manufacturing Summit Africa 2025: Afrika 4.0: Att forma framtiden f\u00f6r afrikansk tillverkning"},"content":{"rendered":"<p><img fetchpriority=\"high\" decoding=\"async\" class=\"size-large wp-image-40853 alignnone\" src=\"https:\/\/assets.incit.org\/wp-content\/uploads\/2025\/10\/09222411\/Newsletter-2-1024x576.jpg\" alt=\"\" width=\"800\" height=\"450\" srcset=\"https:\/\/assets.incit.org\/wp-content\/uploads\/2025\/10\/09222411\/Newsletter-2-1024x576.jpg 1024w, https:\/\/assets.incit.org\/wp-content\/uploads\/2025\/10\/09222411\/Newsletter-2-300x169.jpg 300w, https:\/\/assets.incit.org\/wp-content\/uploads\/2025\/10\/09222411\/Newsletter-2-768x432.jpg 768w, https:\/\/assets.incit.org\/wp-content\/uploads\/2025\/10\/09222411\/Newsletter-2-1536x864.jpg 1536w, https:\/\/assets.incit.org\/wp-content\/uploads\/2025\/10\/09222411\/Newsletter-2-2048x1152.jpg 2048w, https:\/\/assets.incit.org\/wp-content\/uploads\/2025\/10\/09222411\/Newsletter-2-18x10.jpg 18w\" sizes=\"(max-width: 800px) 100vw, 800px\" \/><\/p>\n<p><span data-contrast=\"auto\">NextGen Manufacturing Summit Africa 2025: Afrika 4.0: Att forma framtiden f\u00f6r afrikansk tillverkning\u00a0<\/span><span data-ccp-props=\"{}\">\u00a0<\/span><\/p>\n<p><span data-contrast=\"auto\">Den senaste tiden <\/span><b><span data-contrast=\"auto\">NextGen Manufacturing Summit Afrika 2025<\/span><\/b><span data-contrast=\"auto\"> markerade ett avg\u00f6rande \u00f6gonblick f\u00f6r kontinentens industriella framtid och f\u00f6rde samman viktiga intressenter fr\u00e5n hela Afrika och v\u00e4rlden f\u00f6r att fr\u00e4mja visionen &quot;Afrika 4.0&quot;.<\/span><span data-ccp-props=\"{}\">\u00a0<\/span><\/p>\n<p><img decoding=\"async\" class=\"size-large wp-image-40854 alignnone\" src=\"https:\/\/assets.incit.org\/wp-content\/uploads\/2025\/10\/09222448\/Newsletter-1-1024x576.jpg\" alt=\"\" width=\"800\" height=\"450\" srcset=\"https:\/\/assets.incit.org\/wp-content\/uploads\/2025\/10\/09222448\/Newsletter-1-1024x576.jpg 1024w, https:\/\/assets.incit.org\/wp-content\/uploads\/2025\/10\/09222448\/Newsletter-1-300x169.jpg 300w, https:\/\/assets.incit.org\/wp-content\/uploads\/2025\/10\/09222448\/Newsletter-1-768x432.jpg 768w, https:\/\/assets.incit.org\/wp-content\/uploads\/2025\/10\/09222448\/Newsletter-1-1536x864.jpg 1536w, https:\/\/assets.incit.org\/wp-content\/uploads\/2025\/10\/09222448\/Newsletter-1-2048x1152.jpg 2048w, https:\/\/assets.incit.org\/wp-content\/uploads\/2025\/10\/09222448\/Newsletter-1-18x10.jpg 18w\" sizes=\"(max-width: 800px) 100vw, 800px\" \/><\/p>\n<p><span data-contrast=\"auto\">Med \u00f6ver <\/span><b><span data-contrast=\"auto\">1 200 deltagare n\u00e4rvarande personligen<\/span><\/b><span data-contrast=\"auto\"> och ytterligare en <\/span><b><span data-contrast=\"auto\">1 000 ansluter sig online<\/span><\/b><span data-contrast=\"auto\">, evenemanget visade upp den v\u00e4xande drivkraften och den kollektiva ambitionen att omvandla Afrikas tillverkningslandskap genom innovation, h\u00e5llbarhet och samarbete.<\/span><span data-ccp-props=\"{}\">\u00a0<\/span><\/p>\n<p><span data-contrast=\"auto\">De <\/span><b><span data-contrast=\"auto\">International Centre for Industrial Transformation (INCIT)<\/span><\/b><span data-contrast=\"auto\"> hade \u00e4ran att h\u00e5lla huvudanf\u00f6randet vid toppm\u00f6tet. VD <\/span><b><span data-contrast=\"auto\">Mr Raimund Klein<\/span><\/b><span data-contrast=\"auto\"> delade INCITs perspektiv p\u00e5 de strategiska v\u00e4gar som \u00e4r n\u00f6dv\u00e4ndiga f\u00f6r att Afrika ska kunna frig\u00f6ra sin tillverkningspotential och uppn\u00e5 h\u00e5llbar, inkluderande tillv\u00e4xt i den fj\u00e4rde industriella revolutionen (4IR).\u00a0<\/span><span data-ccp-props=\"{}\">\u00a0<\/span><\/p>\n<p><span data-contrast=\"auto\">I sitt tal betonade Raimund tre viktiga pelare f\u00f6r omvandling:<\/span><span data-ccp-props=\"{}\">\u00a0<\/span><\/p>\n<ul>\n<li aria-setsize=\"-1\" data-leveltext=\"\uf0b7\" data-font=\"Symbol\" data-listid=\"1\" data-list-defn-props=\"{&quot;335552541&quot;:1,&quot;335559685&quot;:720,&quot;335559991&quot;:360,&quot;469769226&quot;:&quot;Symbol&quot;,&quot;469769242&quot;:[8226],&quot;469777803&quot;:&quot;left&quot;,&quot;469777804&quot;:&quot;\uf0b7&quot;,&quot;469777815&quot;:&quot;multilevel&quot;}\" data-aria-posinset=\"1\" data-aria-level=\"1\"><b><span data-contrast=\"auto\">Inf\u00f6rande av avancerad tillverkningsteknik<\/span><\/b><span data-ccp-props=\"{}\">\u00a0<\/span><\/li>\n<\/ul>\n<ul>\n<li aria-setsize=\"-1\" data-leveltext=\"\uf0b7\" data-font=\"Symbol\" data-listid=\"1\" data-list-defn-props=\"{&quot;335552541&quot;:1,&quot;335559685&quot;:720,&quot;335559991&quot;:360,&quot;469769226&quot;:&quot;Symbol&quot;,&quot;469769242&quot;:[8226],&quot;469777803&quot;:&quot;left&quot;,&quot;469777804&quot;:&quot;\uf0b7&quot;,&quot;469777815&quot;:&quot;multilevel&quot;}\" data-aria-posinset=\"2\" data-aria-level=\"1\"><b><span data-contrast=\"auto\">Vikten av talangutveckling<\/span><\/b><span data-ccp-props=\"{}\">\u00a0<\/span><\/li>\n<\/ul>\n<ul>\n<li aria-setsize=\"-1\" data-leveltext=\"\uf0b7\" data-font=\"Symbol\" data-listid=\"1\" data-list-defn-props=\"{&quot;335552541&quot;:1,&quot;335559685&quot;:720,&quot;335559991&quot;:360,&quot;469769226&quot;:&quot;Symbol&quot;,&quot;469769242&quot;:[8226],&quot;469777803&quot;:&quot;left&quot;,&quot;469777804&quot;:&quot;\uf0b7&quot;,&quot;469777815&quot;:&quot;multilevel&quot;}\" data-aria-posinset=\"3\" data-aria-level=\"1\"><b><span data-contrast=\"auto\">Datadrivet beslutsfattande och industriell tillv\u00e4xt<\/span><\/b><span data-ccp-props=\"{}\">\u00a0<\/span><\/li>\n<\/ul>\n<p><span data-contrast=\"auto\">Han presenterade ocks\u00e5 INCITs globalt erk\u00e4nda verktyg, inklusive <\/span><b><span data-contrast=\"auto\">Smart Industry Readiness Index (SIRI)<\/span><\/b><span data-contrast=\"auto\">, som praktiska ramverk som kan v\u00e4gleda afrikanska f\u00f6retag i att utv\u00e4rdera sin digitala mognad och planera strukturerade transformationsresor.<\/span><span data-ccp-props=\"{}\">\u00a0<\/span><\/p>\n<p><span data-contrast=\"auto\">Toppm\u00f6tets framg\u00e5ng m\u00f6jliggjordes tack vare vision\u00e4ra insatser fr\u00e5n <\/span><b><span data-contrast=\"auto\">UM6P TechniX<\/span><\/b><span data-contrast=\"auto\">, <\/span><b><span data-contrast=\"auto\">UNIDO<\/span><\/b><span data-contrast=\"auto\">, <\/span><b><span data-contrast=\"auto\">AISMA<\/span><\/b><span data-contrast=\"auto\">och <\/span><b><span data-contrast=\"auto\">Hannoverm\u00e4ssan<\/span><\/b><span data-contrast=\"auto\">, vars samarbetsinriktade ledarskap fr\u00e4mjade en dynamisk plattform f\u00f6r dialog, id\u00e9generering och partnerskap. Atmosf\u00e4ren var laddad med energi \u2013 vilket \u00e5terspeglade ett gemensamt engagemang f\u00f6r att katalysera tillv\u00e4xten av en konkurrenskraftig, teknikdriven afrikansk tillverkningssektor.<\/span><span data-ccp-props=\"{}\">\u00a0<\/span><\/p>\n<p><span data-contrast=\"auto\">Fr\u00e5n paneldiskussioner till interaktiva workshops utforskade deltagarna strategier f\u00f6r att <\/span><b><span data-contrast=\"auto\">lokalisera globala b\u00e4sta praxis<\/span><\/b><span data-contrast=\"auto\">, <\/span><b><span data-contrast=\"auto\">fr\u00e4mja innovationsekosystem<\/span><\/b><span data-contrast=\"auto\">och <\/span><b><span data-contrast=\"auto\">skapa gynnsamma milj\u00f6er<\/span><\/b><span data-contrast=\"auto\"> som st\u00f6der f\u00f6retagstillv\u00e4xt och industriell diversifiering.<\/span><span data-ccp-props=\"{}\">\u00a0<\/span><\/p>\n<p><b><span data-contrast=\"auto\">Framtidsutsikter: Afrikas roll i global tillverkning<\/span><\/b><span data-ccp-props=\"{}\">\u00a0<\/span><\/p>\n<p><span data-contrast=\"auto\">Den entusiasm och de insikter som delades under toppm\u00f6tet bekr\u00e4ftade Afrikas beredskap att leda arbetet med att forma framtiden f\u00f6r global tillverkning. INCIT \u00e4r stolta \u00f6ver att st\u00f6dja denna resa och \u00e4r fortsatt engagerade i att samarbeta med regeringar, branschledare och utvecklingspartners \u00f6ver hela kontinenten.<\/span><span data-ccp-props=\"{}\">\u00a0<\/span><\/p>\n<p>&nbsp;<\/p>\n<p><span data-contrast=\"auto\">I takt med att Afrika forts\u00e4tter att anamma 4IR \u00e4r m\u00f6jligheterna att skala upp effekten, \u00f6ka motst\u00e5ndskraften och st\u00e4rka n\u00e4sta generations tillverkare obegr\u00e4nsade. INCIT ser fram emot att f\u00f6rdjupa sitt engagemang och bidra till ett dj\u00e4rvt nytt kapitel i afrikansk industrialisering.<\/span><span data-ccp-props=\"{}\">\u00a0<\/span><\/p>\n<p><span data-contrast=\"auto\">F\u00f6r mer information och uppdateringar, f\u00f6lj v\u00e5rt meddelande p\u00e5 LinkedIn<\/span><a href=\"https:\/\/www.linkedin.com\/company\/international-centre-for-industrial-transformation-ltd\" target=\"_blank\" rel=\"noopener\"><span data-contrast=\"none\">h\u00e4r<\/span><\/a><span data-contrast=\"auto\">\u202f \u202f<\/span><span data-ccp-props=\"{}\">\u00a0<\/span><\/p>\n<p><span data-contrast=\"auto\">F\u00f6r samarbete och ytterligare fr\u00e5gor, v\u00e4nligen kontakta<\/span><a href=\"mailto:contact@incit.org\"><span data-contrast=\"none\">contact@incit.org<\/span><\/a><span data-contrast=\"auto\">eller fr\u00e5ga<\/span><a href=\"https:\/\/incit.org\/sv\/contact-us\/\"><span data-contrast=\"none\">IC4IT<\/span><\/a><span data-ccp-props=\"{}\">\u00a0<\/span><\/p>","protected":false},"excerpt":{"rendered":"<p>NextGen Manufacturing Summit Africa 2025: Afrika 4.0: Att forma framtiden f\u00f6r afrikansk tillverkning Det nyligen h\u00e5llna NextGen Manufacturing Summit Africa 2025 markerade ett avg\u00f6rande \u00f6gonblick f\u00f6r kontinentens industriella framtid och sammanf\u00f6rde viktiga intressenter fr\u00e5n hela Afrika och v\u00e4rlden f\u00f6r att fr\u00e4mja visionen om &quot;Afrika 4.0&quot;. Med \u00f6ver 1 200 deltagare som deltog personligen och en [\u2026]<\/p>","protected":false},"author":1,"featured_media":40853,"comment_status":"closed","ping_status":"open","sticky":false,"template":"","format":"standard","meta":{"_acf_changed":false,"footnotes":""},"categories":[18],"tags":[299,298,300,14],"class_list":["post-40802","post","type-post","status-publish","format-standard","has-post-thumbnail","hentry","category-newsroom","tag-africamanufacturing","tag-digitaltransformation","tag-industry40","tag-siri"],"acf":{"featured_post":true},"_links":{"self":[{"href":"https:\/\/incit.org\/sv\/wp-json\/wp\/v2\/posts\/40802","targetHints":{"allow":["GET"]}}],"collection":[{"href":"https:\/\/incit.org\/sv\/wp-json\/wp\/v2\/posts"}],"about":[{"href":"https:\/\/incit.org\/sv\/wp-json\/wp\/v2\/types\/post"}],"author":[{"embeddable":true,"href":"https:\/\/incit.org\/sv\/wp-json\/wp\/v2\/users\/1"}],"replies":[{"embeddable":true,"href":"https:\/\/incit.org\/sv\/wp-json\/wp\/v2\/comments?post=40802"}],"version-history":[{"count":3,"href":"https:\/\/incit.org\/sv\/wp-json\/wp\/v2\/posts\/40802\/revisions"}],"predecessor-version":[{"id":40867,"href":"https:\/\/incit.org\/sv\/wp-json\/wp\/v2\/posts\/40802\/revisions\/40867"}],"wp:featuredmedia":[{"embeddable":true,"href":"https:\/\/incit.org\/sv\/wp-json\/wp\/v2\/media\/40853"}],"wp:attachment":[{"href":"https:\/\/incit.org\/sv\/wp-json\/wp\/v2\/media?parent=40802"}],"wp:term":[{"taxonomy":"category","embeddable":true,"href":"https:\/\/incit.org\/sv\/wp-json\/wp\/v2\/categories?post=40802"},{"taxonomy":"post_tag","embeddable":true,"href":"https:\/\/incit.org\/sv\/wp-json\/wp\/v2\/tags?post=40802"}],"curies":[{"name":"wp","href":"https:\/\/api.w.org\/{rel}","templated":true}]}}