{"id":6859,"date":"2023-01-17T15:56:39","date_gmt":"2023-01-17T07:56:39","guid":{"rendered":"https:\/\/incit.org\/?p=6859"},"modified":"2023-01-17T15:56:39","modified_gmt":"2023-01-17T07:56:39","slug":"2023-outlook-3-trends-that-will-impact-manufacturing-growth","status":"publish","type":"post","link":"https:\/\/incit.org\/sv\/thought-leadership\/2023-outlook-3-trends-that-will-impact-manufacturing-growth\/","title":{"rendered":"Utsikter f\u00f6r 2023: 3 trender som kommer att p\u00e5verka tillverkningstillv\u00e4xten"},"content":{"rendered":"<p>I takt med att v\u00e4rlden \u00f6verg\u00e5r till en v\u00e4rld efter covid-19 str\u00e4var branscher som tillverkningsindustrin efter att omkalibrera sina processer i s\u00f6kandet efter tillv\u00e4xt mitt i fortsatt global os\u00e4kerhet.\u00a0<\/p>\n\n\n\n<p>Med gradvis f\u00f6rb\u00e4ttrade problem i leveranskedjan och en p\u00e5g\u00e5ende digital och aff\u00e4rsm\u00e4ssig omvandling \u00f6ver hela v\u00e4rlden kommer m\u00f6jligheter att uppst\u00e5 under 2023 som kan hj\u00e4lpa tillverkare att f\u00f6rb\u00e4ttra sig, v\u00e4xa och expandera. V\u00e4rlden f\u00f6ljer s\u00e4rskilt noga hur Kina kommer ut ur nedst\u00e4ngningen.\u00a0\u00a0<\/p>\n\n\n\n<p>H\u00e4r \u00e4r tre tillverkningstrender under 2023 som f\u00f6retagsledare b\u00f6r vara medvetna om, och hur man ska hantera dessa.\u00a0<\/p>\n\n\n\n<h2 class=\"wp-block-heading\">Talang- och kompetenshantering \u00e4r fortfarande en viktig fr\u00e5ga<\/h2>\n\n\n\n<p>Talangpoolen inom tillverkningsindustrin \u00e4r <a href=\"https:\/\/www.randstad.com\/workforce-insights\/talent-acquisition\/why-there-a-labor-shortage-manufacturing\/\" target=\"_blank\" rel=\"noreferrer noopener\">krympande<\/a>\u00c4ven i slutet av 2010-talet ringde varningsklockorna om den \u00e5ldrande arbetskraften, och en unders\u00f6kning fr\u00e5n 2017 uppskattade <a href=\"https:\/\/www.themanufacturinginstitute.org\/research\/the-aging-of-the-manufacturing-workforce\/\" target=\"_blank\" rel=\"noreferrer noopener\">25% av tillverkningsarbetskraften<\/a> var 55 \u00e5r eller \u00e4ldre.<\/p>\n\n\n\n<p>Med den slutliga f\u00f6rlusten av ov\u00e4rderlig kunskap och kompetens n\u00e4r anst\u00e4llda g\u00e5r i pension, m\u00e5ste f\u00f6retag investera i mentorskap eller utbildnings- och utvecklingsprogram f\u00f6r att m\u00f6jligg\u00f6ra st\u00f6rre kunskaps- och kompetens\u00f6verf\u00f6ring inom organisationen, s\u00e5 att n\u00f6dv\u00e4ndig information bevaras.\u00a0<\/p>\n\n\n\n<p>Personalbevarande <a href=\"https:\/\/www2.deloitte.com\/us\/en\/pages\/energy-and-resources\/articles\/manufacturing-industry-outlook.html\" target=\"_blank\" rel=\"noreferrer noopener\">\u00e4r en utmaning<\/a>, med effekterna av den stora avg\u00e5ngen som forts\u00e4tter att dr\u00f6ja kvar.<\/p>\n\n\n\n<p>Dagens arbetstagare vill ha b\u00e4ttre arbetsvillkor, vilket har lett till att m\u00e5nga arbetsgivare har implementerat nya program och policyer som m\u00f6jligg\u00f6r h\u00f6gre l\u00f6ner, flexibla arbetstider, st\u00f6rre m\u00f6jligheter till utveckling och f\u00f6rb\u00e4ttrad v\u00e4lbefinnande p\u00e5 arbetsplatsen.\u00a0<\/p>\n\n\n\n<p>Med tanke p\u00e5 kompetensbristen \u00e4r det ingen \u00f6verraskning att flera f\u00f6retag \u00e5r 2022 <a href=\"https:\/\/www.forbes.com\/sites\/daveevans\/2022\/12\/06\/top-3-predictions-for-the-manufacturing-industry-in-2023\/?sh=4fe42f0c1e6d\" target=\"_blank\" rel=\"noreferrer noopener\">outsourcad tillverkning<\/a> i ett f\u00f6rs\u00f6k att minska kostnaderna och f\u00f6rb\u00e4ttra den operativa effektiviteten. Detta inkluderar den USA-baserade specialisten p\u00e5 tr\u00e4ningsutrustning Peloton, som <a href=\"https:\/\/www.cnbc.com\/2022\/07\/12\/peloton-to-outsource-all-manufacturing-as-part-of-its-turnaround-efforts.html\" target=\"_blank\" rel=\"noreferrer noopener\">outsourcade all sin tillverkning<\/a>.<\/p>\n\n\n\n<p>I en <a href=\"https:\/\/www.fictiv.com\/ebooks\/2022-state-of-manufacturing\" target=\"_blank\" rel=\"noreferrer noopener\">unders\u00f6kning av Fictiv<\/a> I en unders\u00f6kning som genomf\u00f6rdes i b\u00f6rjan av 2022 uppgav 48% av respondenterna att de hade \u00f6kat sin outsourcing av tillverkning, och n\u00e4stan tre fj\u00e4rdedelar av respondenterna uppfattade outsourcing som positivt och &quot;n\u00e4mnde effektivitet, kvalitet, priss\u00e4ttning och snabbhet som viktiga f\u00f6rdelar&quot;. Denna trend kommer sannolikt att forts\u00e4tta i takt med att f\u00f6retag f\u00f6rs\u00f6ker minska driftskostnaderna och \u00f6ka fokus p\u00e5 k\u00e4rnkompetenser.\u00a0\u00a0<\/p>\n\n\n\n<h2 class=\"wp-block-heading\">Ytterligare digital transformation och tekniska investeringar f\u00f6rv\u00e4ntas<\/h2>\n\n\n\n<p>I dagens digitalt fokuserade och snabbr\u00f6rliga v\u00e4rld \u00e4r digital transformation en n\u00f6dv\u00e4ndighet. P\u00e5 senare \u00e5r har tillverkningsf\u00f6retag <a href=\"https:\/\/www2.deloitte.com\/us\/en\/pages\/energy-and-resources\/articles\/manufacturing-industry-outlook.html\" target=\"_blank\" rel=\"noreferrer noopener\">\u00f6kade digitala investeringar<\/a> och accelererade inf\u00f6randet av nya teknologier. F\u00f6retag med h\u00f6gre digital mognad har visat st\u00f6rre motst\u00e5ndskraft, liksom de som accelererade digitaliseringen under pandemin.\u00a0\u00a0<\/p>\n\n\n\n<p>Tillverkare har i allt h\u00f6gre grad investerat i avancerad teknik f\u00f6r att minska risker och \u00f6ka effektivitet och produktivitet \u2013 detta f\u00f6rv\u00e4ntas inte f\u00f6r\u00e4ndras. Tekniker som st\u00f6der digital tillverkning <a href=\"https:\/\/www.forbes.com\/sites\/daveevans\/2022\/12\/06\/top-3-predictions-for-the-manufacturing-industry-in-2023\/?sh=4fe42f0c1e6d\" target=\"_blank\" rel=\"noreferrer noopener\">utvecklas<\/a> snabbt, och att strategiskt implementera dessa kommer att vara en differentierande faktor f\u00f6r f\u00f6retag under 2023.\u00a0<\/p>\n\n\n\n<p>S\u00e4rskilt riktas fokus mot <a href=\"https:\/\/global.hitachi-solutions.com\/blog\/top-manufacturing-trends\" target=\"_blank\" rel=\"noreferrer noopener\">Stordata<\/a> I takt med att st\u00e4ndigt f\u00f6rb\u00e4ttrad teknik g\u00f6r det m\u00f6jligt f\u00f6r tillverkare att samla in mer data fr\u00e5n flera k\u00e4llor och utvinna meningsfull information som kan anv\u00e4ndas f\u00f6r att f\u00f6rb\u00e4ttra verksamheten.<\/p>\n\n\n\n<p>Detta m\u00f6jligg\u00f6r datadrivet beslutsfattande s\u00e5 att tillverkningsf\u00f6retag kan f\u00f6rb\u00e4ttra ink\u00f6p, produktion och leverans f\u00f6r att minska kostnader och b\u00e4ttre st\u00f6dja tillv\u00e4xt, s\u00e4rskilt med h\u00e5llbarhet i \u00e5tanke.\u00a0\u00a0\u00a0<\/p>\n\n\n\n<h2 class=\"wp-block-heading\">Problem i leveranskedjan kvarst\u00e5r, och ytterligare os\u00e4kerhet \u00e4r trolig<\/h2>\n\n\n\n<p>Trycket p\u00e5 globala leveranskedjor kan minska. <a href=\"https:\/\/www.the-lmi.com\/\" target=\"_blank\" rel=\"noreferrer noopener\">Index f\u00f6r logistikchefer<\/a>, som sp\u00e5rar transport, lagerkapacitet och lager, <a href=\"https:\/\/www.euromonitor.com\/article\/key-manufacturing-trends-in-2023\" target=\"_blank\" rel=\"noreferrer noopener\">f\u00f6rb\u00e4ttrades i slutet av 2022<\/a> \u2013 ett tecken p\u00e5 att produktion och kapacitet kan vara p\u00e5 uppg\u00e5ng.\u00a0\u00a0<\/p>\n\n\n\n<p>St\u00f6rningar i leveranskedjan \u00e4r dock sannolika under de kommande m\u00e5naderna. I en unders\u00f6kning fr\u00e5n Deloitte, <a href=\"https:\/\/www2.deloitte.com\/us\/en\/pages\/energy-and-resources\/articles\/manufacturing-industry-outlook.html\" target=\"_blank\" rel=\"noreferrer noopener\">72% av chefer<\/a> sa att de trodde att \u201dden ih\u00e5llande bristen p\u00e5 kritiska material och de p\u00e5g\u00e5ende st\u00f6rningarna i leveranskedjan utg\u00f6r den st\u00f6rsta os\u00e4kerheten f\u00f6r branschen\u201d.<\/p>\n\n\n\n<p>\u00c4ven om Kinas \u00e5ter\u00f6ppning har stor potential f\u00f6r f\u00f6retag, \u00e5tminstone i inledningsskedet, kan detta leda till mer <a href=\"https:\/\/techwireasia.com\/2023\/01\/the-re-opening-of-china-and-the-possibility-of-another-supply-chain-chaos\/\" target=\"_blank\" rel=\"noreferrer noopener\">os\u00e4kerhet och kaos<\/a> i leveranskedjan, med en \u00f6kning av antalet COVID-19-fall som saktar ner verksamheten och orsakar f\u00f6rseningar.\u00a0\u00a0<\/p>\n\n\n\n<p>F\u00f6retag som \u00e4r proaktiva i att hantera st\u00f6rningar kommer att prestera b\u00e4ttre \u00e4n de som \u00e4r reaktiva, och m\u00e5nga f\u00f6retag har digitaliserat och f\u00f6rb\u00e4ttrat processer och system under de senaste tre \u00e5ren i ett f\u00f6rs\u00f6k att g\u00f6ra sina leveranskedjor mer motst\u00e5ndskraftiga, flexibla och smidiga.<\/p>\n\n\n\n<p>Strategisk proaktiv beredskapsplanering och diversifiering kommer ocks\u00e5 att bidra till att minska f\u00f6rseningar, maximera vinstmarginalen och uppr\u00e4tth\u00e5lla och f\u00f6rb\u00e4ttra kundrelationer.\u00a0\u00a0<\/p>\n\n\n\n<h2 class=\"wp-block-heading\">V\u00e4xande global tillverkning under ett os\u00e4kert \u00e5r<\/h2>\n\n\n\n<p>2023 kommer att bli ett \u00e5r av f\u00f6r\u00e4ndring och tillv\u00e4xt, men det kommer ocks\u00e5 att presentera b\u00e5de nya och gamla utmaningar. Medan globala problem inom leveranskedjan kan l\u00e4tta, kommer tillverkningsledare att beh\u00f6va forts\u00e4tta att st\u00e4rka sin personalstyrka genom f\u00f6rb\u00e4ttrad talanghantering, investeringar i digitala verktyg och transformation, samt bygga motst\u00e5ndskraft i sin verksamhet \u2013 s\u00e4rskilt leveranskedjan \u2013 f\u00f6r att hj\u00e4lpa verksamheten att v\u00e4xa och blomstra.\u00a0<\/p>\n\n\n\n<p>L\u00e4s mer om <a href=\"https:\/\/incit.org\/sv\/contact-us\/\" target=\"_blank\" rel=\"noreferrer noopener\">INITERA<\/a> och hur vi hj\u00e4lper tillverkare \u00f6ver hela v\u00e4rlden att g\u00e5 vidare p\u00e5 sin digitala transformationsresa, f\u00f6r att bygga framtidss\u00e4kra organisationer som kan blomstra i os\u00e4kra tider.\u00a0<\/p>","protected":false},"excerpt":{"rendered":"<p>I takt med att v\u00e4rlden \u00f6verg\u00e5r till en v\u00e4rld efter COVID-19 str\u00e4var branscher som tillverkning efter att omkalibrera sina processer i s\u00f6kandet efter tillv\u00e4xt mitt i fortsatt global os\u00e4kerhet. Med problem i leveranskedjan som gradvis f\u00f6rb\u00e4ttras och en p\u00e5g\u00e5ende digital och aff\u00e4rsm\u00e4ssig omvandling \u00f6ver hela v\u00e4rlden kommer m\u00f6jligheter att uppst\u00e5 under 2023 som kan hj\u00e4lpa tillverkare att f\u00f6rb\u00e4ttra sig, v\u00e4xa och expandera. I [\u2026]<\/p>","protected":false},"author":3,"featured_media":6866,"comment_status":"open","ping_status":"open","sticky":false,"template":"","format":"standard","meta":{"_acf_changed":false,"footnotes":""},"categories":[17],"tags":[22,37,27,38],"class_list":["post-6859","post","type-post","status-publish","format-standard","has-post-thumbnail","hentry","category-thought-leadership","tag-digital-transformation","tag-global-manufacturing","tag-mainspotlight","tag-manufacturing-trends"],"acf":{"topic":"trends"},"_links":{"self":[{"href":"https:\/\/incit.org\/sv\/wp-json\/wp\/v2\/posts\/6859","targetHints":{"allow":["GET"]}}],"collection":[{"href":"https:\/\/incit.org\/sv\/wp-json\/wp\/v2\/posts"}],"about":[{"href":"https:\/\/incit.org\/sv\/wp-json\/wp\/v2\/types\/post"}],"author":[{"embeddable":true,"href":"https:\/\/incit.org\/sv\/wp-json\/wp\/v2\/users\/3"}],"replies":[{"embeddable":true,"href":"https:\/\/incit.org\/sv\/wp-json\/wp\/v2\/comments?post=6859"}],"version-history":[{"count":0,"href":"https:\/\/incit.org\/sv\/wp-json\/wp\/v2\/posts\/6859\/revisions"}],"wp:featuredmedia":[{"embeddable":true,"href":"https:\/\/incit.org\/sv\/wp-json\/wp\/v2\/media\/6866"}],"wp:attachment":[{"href":"https:\/\/incit.org\/sv\/wp-json\/wp\/v2\/media?parent=6859"}],"wp:term":[{"taxonomy":"category","embeddable":true,"href":"https:\/\/incit.org\/sv\/wp-json\/wp\/v2\/categories?post=6859"},{"taxonomy":"post_tag","embeddable":true,"href":"https:\/\/incit.org\/sv\/wp-json\/wp\/v2\/tags?post=6859"}],"curies":[{"name":"wp","href":"https:\/\/api.w.org\/{rel}","templated":true}]}}