{"id":8483,"date":"2023-03-29T10:02:00","date_gmt":"2023-03-29T02:02:00","guid":{"rendered":"https:\/\/incit.org\/?p=8483"},"modified":"2023-03-29T10:02:00","modified_gmt":"2023-03-29T02:02:00","slug":"digital-transformation-in-textile-manufacturing","status":"publish","type":"post","link":"https:\/\/incit.org\/sv\/thought-leadership\/digital-transformation-in-textile-manufacturing\/","title":{"rendered":"Hur digital transformation \u00f6kar produktiviteten inom textiltillverkning"},"content":{"rendered":"<p><span data-contrast=\"auto\">Textilier \u00e4r <\/span><a href=\"https:\/\/www.grandviewresearch.com\/industry-analysis\/textile-market\" target=\"_blank\" rel=\"noopener\"><span data-contrast=\"none\">en integrerad del<\/span><\/a><span data-contrast=\"auto\"> i vardagen. Fr\u00e5n kl\u00e4der och m\u00f6bler till s\u00e4ngkl\u00e4der och medicinska textilier som personlig skyddsutrustning och kirurgiska masker \u00e4r det praktiskt taget om\u00f6jligt att klara sig utan dem.\u00a0<\/span><span data-ccp-props=\"{&quot;201341983&quot;:0,&quot;335559739&quot;:160,&quot;335559740&quot;:259}\">\u00a0<\/span><\/p>\n<p><span data-contrast=\"auto\">F\u00f6r att m\u00f6ta denna efterfr\u00e5gan, samtidigt som de brottas med problem i leveranskedjan och stigande energikostnader, har textiltillverkare varit tvungna att hitta s\u00e4tt att f\u00f6rb\u00e4ttra produktiviteten genom att skapa mer med mindre \u2013 och digital transformation kan vara nyckeln.<\/span><\/p>\n<h2><span class=\"TextRun SCXW155609638 BCX0\" lang=\"EN-GB\" xml:lang=\"EN-GB\" data-contrast=\"none\"><span class=\"NormalTextRun SCXW155609638 BCX0\" data-ccp-parastyle=\"heading 2\">Varf\u00f6r \u00e4r digital transformation viktig f\u00f6r textilindustrin?<\/span><\/span><\/h2>\n<p><span data-contrast=\"auto\">De <\/span><a href=\"https:\/\/incit.org\/sv\/thought-leadership\/how-we-can-fix-the-worlds-recurring-productivity-problem-once-and-for-all\/\"><span data-contrast=\"none\">produktivitetskrisen<\/span><\/a><span data-contrast=\"auto\"> inom tillverkningsindustrin har f\u00f6rs\u00e4mrats de senaste \u00e5ren, och detta g\u00e4ller s\u00e4rskilt f\u00f6r textilindustrin. Tre faktorer spelar en stor roll i detta.<\/span><span data-ccp-props=\"{&quot;201341983&quot;:0,&quot;335559739&quot;:160,&quot;335559740&quot;:259}\">\u00a0<\/span><\/p>\n<p><span data-contrast=\"auto\">F\u00f6r det f\u00f6rsta var textilf\u00f6rs\u00f6rjningskedjan <\/span><a href=\"https:\/\/www.financialexpress.com\/industry\/pandemic-induced-supply-chain-disruption-in-the-fashion-world\/2566451\/\" target=\"_blank\" rel=\"noopener\"><span data-contrast=\"none\">h\u00e5rt drabbad<\/span><\/a><span data-contrast=\"auto\"> av pandemin och avsl\u00f6jade hur s\u00e5rbar mode- och textilindustrin \u00e4r f\u00f6r s\u00e5dana st\u00f6rningar. F\u00f6r att b\u00e4ttre hantera leveranskedjor och mildra st\u00f6rningar m\u00e5ste tillverkare m\u00f6jligg\u00f6ra st\u00f6rre insyn i sin logistik och identifiera trender, samt b\u00e4ttre f\u00f6ruts\u00e4ga efterfr\u00e5gan. Textiltillverkare m\u00e5ste ocks\u00e5 skapa fler produkter med mindre material. Detta belyser behovet av <\/span><a href=\"https:\/\/www.maersk.com\/insights\/digitalisation\/reduce-waste-with-digitalisation-in-logistics\" target=\"_blank\" rel=\"noopener\"><span data-contrast=\"none\">digital leveranskedjehantering<\/span><\/a><span data-contrast=\"auto\">.<\/span><span data-ccp-props=\"{&quot;201341983&quot;:0,&quot;335559739&quot;:160,&quot;335559740&quot;:259}\">\u00a0<\/span><\/p>\n<p><span data-contrast=\"auto\">F\u00f6r det andra, den <\/span><a href=\"https:\/\/www.fibre2fashion.com\/industry-article\/9495\/energy-crisis-and-its-impact-on-the-textile-industry\" target=\"_blank\" rel=\"noopener\"><span data-contrast=\"none\">energikrisen<\/span><\/a><span data-contrast=\"auto\"> orsakade av geopolitiska problem har \u00f6kat kostnaderna och orsakat energiberoende l\u00e4nder stor ekonomisk oro och sv\u00e5righeter, d\u00e5 str\u00f6mavbrott har lett till f\u00f6rkortade arbetsveckor. L\u00f6ftet om digital transformation och f\u00f6rdelarna med effektiviserade processer och energibesparingar har d\u00e4rf\u00f6r blivit mer \u00f6vertygande \u00e4n n\u00e5gonsin.<\/span><span data-ccp-props=\"{&quot;201341983&quot;:0,&quot;335559739&quot;:160,&quot;335559740&quot;:259}\">\u00a0<\/span><\/p>\n<p><span data-contrast=\"auto\">F\u00f6r det tredje har textiltillverkare b\u00f6rjat ta gr\u00f6na initiativ som svar p\u00e5 f\u00f6r\u00e4ndrade konsumentuppfattningar samt f\u00f6r\u00e4ndrad regeringspolitik. F\u00f6r att etablera en cirkul\u00e4r ekonomi inom textiltillverkning m\u00e5ste tillverkarna kunna sp\u00e5ra textilierna fr\u00e5n anskaffning till slutet av livscykeln. <\/span><a href=\"https:\/\/www.market-prospects.com\/articles\/sustainable-fashion-and-digital-innovation-trends-in-the-textile-industry\" target=\"_blank\" rel=\"noopener\"><span data-contrast=\"none\">CircularID<\/span><\/a><span data-contrast=\"auto\"> Projektet anv\u00e4nder blockkedje- och RFID-teknik f\u00f6r att uppn\u00e5 detta, och informerar \u00e4ven kunderna via QR-koder om de textilier som anv\u00e4nts f\u00f6r att tillverka produkten, var dessa kommer fr\u00e5n och hur man \u00e5tervinner dem.<\/span><span data-ccp-props=\"{&quot;201341983&quot;:0,&quot;335559739&quot;:160,&quot;335559740&quot;:259}\">\u00a0<\/span><\/p>\n<p><span data-contrast=\"auto\">CircularID-projektet m\u00f6jligg\u00f6r st\u00f6rre transparens och synlighet i hela leveranskedjan, vilket s\u00e4kerst\u00e4ller att de material som anv\u00e4nds \u00e4r tillverkade eller anskaffade p\u00e5 ett h\u00e5llbart s\u00e4tt. Med dessa identifierare blir det mycket enklare att samla in, sortera, \u00e5teranv\u00e4nda och \u00e5tervinna textilier i helautomatiserade textilsorteringsanl\u00e4ggningar.<\/span><span data-ccp-props=\"{&quot;201341983&quot;:0,&quot;335559739&quot;:160,&quot;335559740&quot;:259}\">\u00a0<\/span><\/p>\n<h2><span class=\"NormalTextRun SCXW150114832 BCX0\" data-ccp-parastyle=\"heading 2\">Fallstudie<\/span><span class=\"NormalTextRun SCXW150114832 BCX0\" data-ccp-parastyle=\"heading 2\">: <\/span><span class=\"NormalTextRun SCXW150114832 BCX0\" data-ccp-parastyle=\"heading 2\">Universitetet<\/span><span class=\"NormalTextRun SCXW150114832 BCX0\" data-ccp-parastyle=\"heading 2\">q<\/span><span class=\"NormalTextRun SCXW150114832 BCX0\" data-ccp-parastyle=\"heading 2\">l\u00e5g<\/span> <span class=\"NormalTextRun SCXW150114832 BCX0\" data-ccp-parastyle=\"heading 2\">g\u00f6r<\/span><span class=\"NormalTextRun SCXW150114832 BCX0\" data-ccp-parastyle=\"heading 2\"> gr\u00f6nare <\/span><span class=\"NormalTextRun SCXW150114832 BCX0\" data-ccp-parastyle=\"heading 2\">denim<\/span><\/h2>\n<p><span data-contrast=\"auto\">Denim har varit ett globalt basplagg i n\u00e4stan ett sekel tack vare sitt tidl\u00f6sa utseende och h\u00e5llbarhet. Men tillverkning av denim <\/span><a href=\"https:\/\/goodonyou.eco\/material-guide-ethical-denim\/\" target=\"_blank\" rel=\"noopener\"><span data-contrast=\"none\">skadar<\/span><\/a><span data-contrast=\"auto\"> milj\u00f6n kraftigt.\u00a0<\/span><span data-ccp-props=\"{&quot;201341983&quot;:0,&quot;335559739&quot;:160,&quot;335559740&quot;:259}\">\u00a0<\/span><\/p>\n<p><span data-contrast=\"auto\">Enligt vissa uppskattningar kr\u00e4ver ett par jeans <\/span><a href=\"https:\/\/levistrauss.com\/wp-content\/uploads\/2015\/03\/Full-LCA-Results-Deck-FINAL.pdf\" target=\"_blank\" rel=\"noopener\"><span data-contrast=\"none\">3 781 liter vatten<\/span><\/a><span data-contrast=\"auto\"> att producera. <\/span><span data-contrast=\"auto\">(Ta reda p\u00e5 <a href=\"https:\/\/incit.org\/sv\/thought-leadership\/water-efficiency-in-manufacturing\/\">hur man kan f\u00f6rb\u00e4ttra vatteneffektiviteten inom tillverkning f\u00f6r att bygga en mer h\u00e5llbar verksamhet.<\/a>)<\/span><span data-contrast=\"auto\"> Giftiga f\u00e4rg\u00e4mnen anv\u00e4nds ofta f\u00f6r att skapa den karakt\u00e4ristiska bl\u00e5 f\u00e4rgen, och det blekta, slitna utseendet uppn\u00e5s vanligtvis genom <\/span><a href=\"https:\/\/www.textileblog.com\/sandblasting-process-on-denim\/\" target=\"_blank\" rel=\"noopener\"><span data-contrast=\"none\">sandbl\u00e4string<\/span><\/a><span data-contrast=\"auto\">, en arbetsintensiv process som kan leda till h\u00e4lsoproblem f\u00f6r arbetstagare.\u00a0<\/span><span data-ccp-props=\"{&quot;201341983&quot;:0,&quot;335559739&quot;:160,&quot;335559740&quot;:259}\">\u00a0<\/span><\/p>\n<p><span data-contrast=\"auto\">Lyckligtvis kan digitalisering och ny teknik hj\u00e4lpa till att l\u00f6sa dessa problem.<\/span><span data-ccp-props=\"{&quot;201341983&quot;:0,&quot;335559739&quot;:160,&quot;335559740&quot;:259}\">\u00a0<\/span><\/p>\n<p><span data-contrast=\"auto\">Tillverkning <\/span><a href=\"https:\/\/www.uniqlo.com\/jp\/en\/contents\/sustainability\/planet\/products\/bluecyclejeans\/\" target=\"_blank\" rel=\"noopener\"><span data-contrast=\"none\">Uniqlos bl\u00e5 cykeljeans<\/span><\/a><span data-contrast=\"auto\"> anv\u00e4nder mindre vatten \u00e4n traditionella jeans. Ozontv\u00e4ttmaskiner \u2013 som anv\u00e4nder nanobubblor \u2013 minskar avsev\u00e4rt m\u00e4ngden vatten som beh\u00f6vs f\u00f6r efterbehandlingsprocessen, med upp till 99%. Uniqlo renar och \u00e5teranv\u00e4nder \u00e4ven avloppsvatten som genereras av jeanstillverkningsprocessen f\u00f6r att minska den totala avloppsvattenvolymen.<\/span><span data-ccp-props=\"{&quot;201341983&quot;:0,&quot;335559739&quot;:160,&quot;335559740&quot;:259}\">\u00a0<\/span><\/p>\n<p><span data-contrast=\"auto\">Dessutom anv\u00e4nder Uniqlo lasrar f\u00f6r att uppn\u00e5 det &quot;slitna&quot; utseendet, ist\u00e4llet f\u00f6r den traditionella metoden med sandbl\u00e4string eller sandpapper, vilket samtidigt minskar arbetsb\u00f6rdan och f\u00f6rb\u00e4ttrar arbetsmilj\u00f6n f\u00f6r arbetarna.\u00a0<\/span><\/p>\n<h2><span class=\"NormalTextRun SCXW84465460 BCX0\" data-ccp-parastyle=\"heading 2\">Vilka \u00e4r de st\u00f6rsta utmaningarna<\/span> <span class=\"NormalTextRun SCXW84465460 BCX0\" data-ccp-parastyle=\"heading 2\">till<\/span> <span class=\"NormalTextRun SCXW84465460 BCX0\" data-ccp-parastyle=\"heading 2\">digital transformation i <\/span><span class=\"NormalTextRun SCXW84465460 BCX0\" data-ccp-parastyle=\"heading 2\">de <\/span><span class=\"NormalTextRun SCXW84465460 BCX0\" data-ccp-parastyle=\"heading 2\">textilindustrin<\/span><span class=\"NormalTextRun SCXW84465460 BCX0\" data-ccp-parastyle=\"heading 2\">?<\/span><\/h2>\n<p><span data-contrast=\"auto\">Textiltillverkningsanl\u00e4ggningar finns ofta i underutvecklade l\u00e4nder. Ett kritiskt hinder f\u00f6r digital omvandling \u00e4r d\u00e4rf\u00f6r det vanligtvis d\u00e5liga infrastrukturtillst\u00e5ndet och datan\u00e4tverket p\u00e5 s\u00e5dana platser. Grundl\u00e4ggande aspekter av smart tillverkning som utvecklade l\u00e4nder kan ta f\u00f6r givna, s\u00e5som en p\u00e5litlig elf\u00f6rs\u00f6rjning och hyfsad internetuppkoppling, kanske inte \u00e4r tillg\u00e4ngliga.<\/span><span data-ccp-props=\"{&quot;201341983&quot;:0,&quot;335559739&quot;:160,&quot;335559740&quot;:259}\">\u00a0<\/span><\/p>\n<p><span data-contrast=\"auto\">Med andra ord, innan textiltillverkning kan utvecklas och g\u00e5 fram\u00e5t m\u00e5ste vi f\u00f6rst f\u00f6rb\u00e4ttra den grundl\u00e4ggande infrastrukturen. Detta kr\u00e4ver stora resurser och ett starkt engagemang fr\u00e5n flera intressenter, vanligtvis i form av <\/span><a href=\"http:\/\/vsi.gov.vn\/en\/news-supporting-industry\/digital-transformation-challenges-for-the-textile-industry-c1id781.html\" target=\"_blank\" rel=\"noopener\"><span data-contrast=\"none\">investeringskapital f\u00f6r avancerad teknologi<\/span><\/a><span data-contrast=\"auto\">Tyv\u00e4rr kan investerare vara tveksamma till h\u00f6ga initiala kostnader som inte omedelbart visar sig vara f\u00f6rdelaktiga.<\/span><span data-ccp-props=\"{&quot;201341983&quot;:0,&quot;335559739&quot;:160,&quot;335559740&quot;:259}\">\u00a0<\/span><\/p>\n<p><span data-contrast=\"auto\">Dessutom kanske arbetare i underutvecklade l\u00e4nder inte \u00e4r utrustade med de f\u00e4rdigheter och kunskaper som kr\u00e4vs f\u00f6r att st\u00f6dja och fullt ut f\u00f6rverkliga potentialen i Industri 4.0-omvandlingen. F\u00f6r att korrekt genomf\u00f6ra digital omvandling inom textilindustrin m\u00e5ste arbetare vidareutbildas eller omskolas \u2013 en prestation som ocks\u00e5 kr\u00e4ver resurser.<\/span><span data-ccp-props=\"{&quot;201341983&quot;:0,&quot;335559739&quot;:160,&quot;335559740&quot;:259}\">\u00a0<\/span><\/p>\n<h2><span class=\"TextRun SCXW24445796 BCX0\" lang=\"EN-GB\" xml:lang=\"EN-GB\" data-contrast=\"none\"><span class=\"NormalTextRun SCXW24445796 BCX0\" data-ccp-parastyle=\"heading 2\">N\u00e4sta steg f\u00f6r att omvandla textiltillverkningen<\/span><\/span><\/h2>\n<p><span data-contrast=\"auto\">Digital transformation skulle potentiellt kunna f\u00f6rb\u00e4ttra produktiviteten inom textilindustrin avsev\u00e4rt, eftersom inf\u00f6randet av Industri 4.0 inom textiltillverkning \u00e4r <\/span><a href=\"https:\/\/cambodianess.com\/article\/is-the-garment-industry-ready-for-industry-40\" target=\"_blank\" rel=\"noopener\"><span data-contrast=\"none\">fortfarande l\u00e5g<\/span><\/a><span data-contrast=\"auto\"> p\u00e5 cirka 28%. I den snabbt f\u00f6r\u00e4nderliga moderna v\u00e4rlden \u00e4r digitalisering avg\u00f6rande f\u00f6r att framtidss\u00e4kra textilindustrin.<\/span><span data-ccp-props=\"{&quot;201341983&quot;:0,&quot;335559739&quot;:160,&quot;335559740&quot;:259}\">\u00a0<\/span><\/p>\n<p><span data-contrast=\"auto\">F\u00f6r att korrekt bed\u00f6ma vad din textilfabrik beh\u00f6ver och skapa en f\u00e4rdplan f\u00f6r din digitala transformation, utnyttja INCIT:s <\/span><a href=\"https:\/\/incit.org\/sv\/services\/siri\/\"><span data-contrast=\"none\">SIRI<\/span><\/a><span data-contrast=\"auto\"> ramverk och verktyg. <\/span><a href=\"https:\/\/incit.org\/sv\/insights\/\"><span data-contrast=\"none\">L\u00e4s mer<\/span><\/a><span data-contrast=\"auto\"> om vad INCIT g\u00f6r f\u00f6r att underl\u00e4tta industriell omvandling i v\u00e5rt arbete mot en mer h\u00e5llbar och framtidss\u00e4ker tillverkningssektor, eller prenumerera p\u00e5 v\u00e5rt m\u00e5natliga nyhetsbrev f\u00f6r att h\u00e5lla dig uppdaterad om vad som h\u00e4nder i branschen.\u00a0<\/span><\/p>","protected":false},"excerpt":{"rendered":"<p>Textilier \u00e4r en integrerad del av vardagen. Fr\u00e5n kl\u00e4der och m\u00f6bler till s\u00e4ngkl\u00e4der och medicinska textilier som personlig skyddsutrustning och kirurgiska masker \u00e4r det praktiskt taget om\u00f6jligt att klara sig utan dem. F\u00f6r att m\u00f6ta denna efterfr\u00e5gan, samtidigt som de brottas med problem i leveranskedjan och stigande energikostnader, har textiltillverkare varit tvungna att hitta s\u00e4tt att f\u00f6rb\u00e4ttra [\u2026]<\/p>","protected":false},"author":3,"featured_media":8484,"comment_status":"closed","ping_status":"open","sticky":false,"template":"","format":"standard","meta":{"_acf_changed":false,"footnotes":""},"categories":[17],"tags":[22,27,68],"class_list":["post-8483","post","type-post","status-publish","format-standard","has-post-thumbnail","hentry","category-thought-leadership","tag-digital-transformation","tag-mainspotlight","tag-textile-manufacturing"],"acf":{"topic":"digitalisation"},"_links":{"self":[{"href":"https:\/\/incit.org\/sv\/wp-json\/wp\/v2\/posts\/8483","targetHints":{"allow":["GET"]}}],"collection":[{"href":"https:\/\/incit.org\/sv\/wp-json\/wp\/v2\/posts"}],"about":[{"href":"https:\/\/incit.org\/sv\/wp-json\/wp\/v2\/types\/post"}],"author":[{"embeddable":true,"href":"https:\/\/incit.org\/sv\/wp-json\/wp\/v2\/users\/3"}],"replies":[{"embeddable":true,"href":"https:\/\/incit.org\/sv\/wp-json\/wp\/v2\/comments?post=8483"}],"version-history":[{"count":0,"href":"https:\/\/incit.org\/sv\/wp-json\/wp\/v2\/posts\/8483\/revisions"}],"wp:featuredmedia":[{"embeddable":true,"href":"https:\/\/incit.org\/sv\/wp-json\/wp\/v2\/media\/8484"}],"wp:attachment":[{"href":"https:\/\/incit.org\/sv\/wp-json\/wp\/v2\/media?parent=8483"}],"wp:term":[{"taxonomy":"category","embeddable":true,"href":"https:\/\/incit.org\/sv\/wp-json\/wp\/v2\/categories?post=8483"},{"taxonomy":"post_tag","embeddable":true,"href":"https:\/\/incit.org\/sv\/wp-json\/wp\/v2\/tags?post=8483"}],"curies":[{"name":"wp","href":"https:\/\/api.w.org\/{rel}","templated":true}]}}