{"id":10779,"date":"2023-06-21T18:12:10","date_gmt":"2023-06-21T10:12:10","guid":{"rendered":"https:\/\/incit.org\/?p=10779"},"modified":"2025-06-13T23:28:24","modified_gmt":"2025-06-13T15:28:24","slug":"how-does-the-circular-economy-sustain-high-tech-electronic-needs","status":"publish","type":"post","link":"https:\/\/incit.org\/tr\/thought-leadership\/how-does-the-circular-economy-sustain-high-tech-electronic-needs\/","title":{"rendered":"D\u00f6ng\u00fcsel ekonomi y\u00fcksek teknolojili elektronik ihtiya\u00e7lar\u0131 nas\u0131l kar\u015f\u0131l\u0131yor?"},"content":{"rendered":"<p>\u00dcretim ba\u011flam\u0131nda, <a href=\"https:\/\/www.europarl.europa.eu\/news\/en\/headlines\/economy\/20151201STO05603\/circular-economy-definition-importance-and-benefits\" target=\"_blank\" rel=\"noopener\">dairesel ekonomi<\/a> kapal\u0131 devre \u00fcretimi ifade eder, burada malzemeler ve \u00fcr\u00fcnler, ya\u015fam d\u00f6ng\u00fcs\u00fcn\u00fcn sonunda bile s\u00fcrekli olarak yeniden kullan\u0131lmak ve yeniden kullan\u0131lmak \u00fczere sistem i\u00e7inde tutulur. Bu, \u00f6zellikle cep telefonlar\u0131m\u0131z ve diz\u00fcst\u00fc bilgisayarlar\u0131m\u0131z gibi g\u00fcnl\u00fck y\u00fcksek teknolojili elektronik cihazlar\u0131m\u0131z\u0131n \u00f6nemli bir bile\u015fenini olu\u015fturan nadir toprak elementleri i\u00e7in, s\u0131n\u0131rl\u0131 kaynaklara olan ba\u011f\u0131ml\u0131l\u0131\u011f\u0131m\u0131z\u0131 azalt\u0131r.<\/p>\n<p>Dijitalle\u015fmenin giderek yayg\u0131nla\u015fmas\u0131 ve g\u00fcn\u00fcm\u00fczde y\u00fcksek teknolojili elektronik cihazlara olan talebin giderek artmas\u0131 nedeniyle, \u00fcreticilerin daha az kaynakla daha fazlas\u0131n\u0131 yapman\u0131n yollar\u0131n\u0131 acilen bulmas\u0131 ve ayn\u0131 zamanda daha s\u00fcrd\u00fcr\u00fclebilir hale gelmesi gerekiyor ve d\u00f6ng\u00fcsel ekonomi bunu ba\u015farman\u0131n yolu olabilir.<\/p>\n<h2>Dairesel ekonominin \u00fcreticilere fayda sa\u011flayabilece\u011fi 5 yol<\/h2>\n<p>D\u00f6ng\u00fcsel ekonomi yaln\u0131zca daha \u00e7evre dostu olmakla kalm\u0131yor, ayn\u0131 zamanda \u00fcreticilerin karl\u0131l\u0131\u011f\u0131n\u0131 ve rekabet g\u00fcc\u00fcn\u00fc de art\u0131r\u0131yor.<\/p>\n<p>\u00d6ncelikle, \u00fcr\u00fcnleri ve malzemeleri yeniden kullanmak ve geri d\u00f6n\u00fc\u015ft\u00fcrmek, \u00fcreticilerin at\u0131klar\u0131 azaltarak, enerji tasarrufu yaparak ve kaynaklar\u0131 koruyarak daha s\u00fcrd\u00fcr\u00fclebilir olmas\u0131n\u0131 sa\u011flar. Do\u011frusal bir ekonomide, \u00fcr\u00fcnler yarat\u0131l\u0131r, kullan\u0131l\u0131r ve daha sonra at\u0131k olarak at\u0131l\u0131r. Buna kar\u015f\u0131l\u0131k, dairesel bir ekonomide, kaynaklar maksimum de\u011feri elde etmek i\u00e7in m\u00fcmk\u00fcn oldu\u011fu kadar uzun s\u00fcre kullan\u0131mda tutulur. Bu, \u00fcr\u00fcnlerin dayan\u0131kl\u0131l\u0131k ve onar\u0131labilirli\u011fe odaklan\u0131larak tasarland\u0131\u011f\u0131 ve malzemelerin ya\u015fam d\u00f6ng\u00fclerinin sonunda geri kazan\u0131l\u0131p yeniden \u00fcretildi\u011fi anlam\u0131na gelir.<\/p>\n<p>Kapal\u0131 devre bir sistem, dairesel bir ekonomi yaratarak<a href=\"https:\/\/www.gartner.com\/smarterwithgartner\/3-supply-chain-strategies-to-accelerate-circular-economy-outcomes\" target=\"_blank\" rel=\"noopener\"> kaynak verimlili\u011fini en \u00fcst d\u00fczeye \u00e7\u0131kar\u0131r ve at\u0131klar\u0131 en aza indirir<\/a>D\u00f6ng\u00fcsel ekonomi ayn\u0131 zamanda yeni hammaddelere olan ba\u011f\u0131ml\u0131l\u0131\u011f\u0131 azaltt\u0131\u011f\u0131 i\u00e7in tedarik zinciri dayan\u0131kl\u0131l\u0131\u011f\u0131n\u0131 da destekliyor.<\/p>\n<p>Ek olarak, dairesel ekonomi, malzemeler dola\u015f\u0131mda tutulup m\u00fcmk\u00fcn oldu\u011funca uzun s\u00fcre yeniden kullan\u0131ld\u0131\u011f\u0131ndan veya geri d\u00f6n\u00fc\u015ft\u00fcr\u00fcld\u00fc\u011f\u00fcnden sera gaz\u0131 emisyonlar\u0131n\u0131 azalt\u0131r. Bu, yeni kaynaklar \u00e7\u0131karma ihtiyac\u0131n\u0131 azalt\u0131r, b\u00f6ylece \u00fcretim ve da\u011f\u0131t\u0131mla ilgili sera gaz\u0131 emisyonlar\u0131n\u0131 \u00f6nemli \u00f6l\u00e7\u00fcde azalt\u0131r. Dairesel ekonomide yenilenebilir enerji kaynaklar\u0131n\u0131n kullan\u0131m\u0131 da te\u015fvik edilir.<\/p>\n<p>Ayr\u0131ca, dairesel bir ekonomi kurmak, \u00fcreticilerin \u00fcr\u00fcn tasar\u0131m\u0131n\u0131 iyile\u015ftirmesini ve daireselli\u011fi hesaba katmas\u0131n\u0131 gerektirdi\u011finden inovasyonu te\u015fvik eder ve i\u015f yarat\u0131r. \u015eirketler daha verimli \u00e7\u00f6z\u00fcmler i\u00e7in \u00e7abalad\u0131k\u00e7a, yeni pazarlar a\u00e7abilecek ve yeni katma de\u011ferli f\u0131rsatlar sunabilecek dairesel i\u015f modelleri geli\u015ftirebilirler.<\/p>\n<p>Dairesel bir ekonomi kurmak, k\u00fcresel ekonomide trilyonlarca dolar\u0131n kilidini a\u00e7abilir, y\u00fcz binlerce i\u015f yaratabilir ve milyonlarca tonluk emisyonun \u00f6nlenmesine yol a\u00e7arak \u00fcreticileri net s\u0131f\u0131r hedeflerine yakla\u015ft\u0131rabilir. Bunun da \u00f6tesinde, s\u00fcrd\u00fcr\u00fclebilir uygulamalar genellikle \u00fcreticiler i\u00e7in olumlu bir \u00fcne kavu\u015fur ve giderek daha fazla \u00e7evre bilincine sahip olan m\u00fc\u015fterileri \u00e7eker.<\/p>\n<h2>En ba\u015ftan ba\u015flayarak: D\u00f6ng\u00fcsel ekonomiyi te\u015fvik eden h\u00fck\u00fcmet politikalar\u0131<\/h2>\n<p>\u0130klim de\u011fi\u015fikli\u011fi \u015fiddetli hava ko\u015fullar\u0131n\u0131 daha da k\u00f6t\u00fcle\u015ftirdik\u00e7e, d\u00fcnya \u00e7ap\u0131ndaki h\u00fck\u00fcmetler dairesel ekonomiyi destekleyen politikalara \u00f6ncelik vermeye ba\u015flad\u0131. Sonu\u00e7 olarak, i\u015fletmelerin ye\u015file ge\u00e7mesini engelleyen piyasa engellerini kald\u0131rmak i\u00e7in politika te\u015fviklerine ihtiya\u00e7 duyulmaktad\u0131r.<\/p>\n<p>Asl\u0131nda, h\u00fck\u00fcmetler kendi tedarik uygulamalar\u0131n\u0131 de\u011fi\u015ftirerek do\u011frudan yukar\u0131dan a\u015fa\u011f\u0131ya sirk\u00fclariteyi etkileyebilir ve y\u00f6nlendirebilir. Avrupa Birli\u011fi&#039;ndeki (AB) 250.000&#039;den fazla kamu otoritesi <a href=\"https:\/\/single-market-economy.ec.europa.eu\/single-market\/public-procurement_en\" target=\"_blank\" rel=\"noopener\">GSY\u0130H&#039;n\u0131n yakla\u015f\u0131k 14%&#039;si<\/a> (y\u0131ll\u0131k yakla\u015f\u0131k 2 trilyon avro) hizmet, i\u015f ve malzeme sat\u0131n al\u0131m\u0131na harcan\u0131yor.<\/p>\n<p>Ancak soru \u015fu: Ye\u015fil olduklar\u0131n\u0131 iddia eden \u00fcreticiler ger\u00e7ekten s\u00fcrd\u00fcr\u00fclebilir giri\u015fimler mi uyguluyorlar yoksa ye\u015fil aklama m\u0131 yap\u0131yorlar? D\u00f6ng\u00fcsel ekonomi eylem plan\u0131na uymak, \u00fclkelerin \u00fcr\u00fcnlerin nas\u0131l tasarland\u0131\u011f\u0131n\u0131 hedeflemesini, d\u00f6ng\u00fcsel ekonomi s\u00fcre\u00e7lerini desteklemesini, s\u00fcrd\u00fcr\u00fclebilir t\u00fcketimi te\u015fvik etmesini ve at\u0131\u011f\u0131n en aza indirilmesini ve kullan\u0131lan kaynaklar\u0131n m\u00fcmk\u00fcn oldu\u011funca uzun s\u00fcre ekonomi i\u00e7inde tutulmas\u0131n\u0131 sa\u011flamas\u0131n\u0131 gerektirir. \u00d6rne\u011fin, AB d\u00f6ng\u00fcselli\u011fi ger\u00e7e\u011fe d\u00f6n\u00fc\u015ft\u00fcrmek i\u00e7in yasal ve yasal olmayan \u00f6nlemler getirmi\u015ftir. Ayr\u0131ca bir <a href=\"https:\/\/ec.europa.eu\/eurostat\/web\/circular-economy\/monitoring-framework\" target=\"_blank\" rel=\"noopener\">dairesel ekonomi izleme \u00e7er\u00e7evesi<\/a> Mevcut politikalar\u0131n etkili olup olmad\u0131\u011f\u0131n\u0131 izlemek ve de\u011ferlendirmek.<\/p>\n<p>\u00d6z\u00fcnde, h\u00fck\u00fcmetler bizimki gibi standartla\u015ft\u0131r\u0131lm\u0131\u015f bir \u00e7er\u00e7eveye ihtiya\u00e7 oldu\u011funu fark ettiler. <a href=\"https:\/\/incit.org\/tr\/services\/cosiri\/\">T\u00fcketici S\u00fcrd\u00fcr\u00fclebilirli\u011fi End\u00fcstri Haz\u0131rl\u0131k Endeksi veya COSIRI<\/a>\u00dcreticinin ye\u015fil giri\u015fimlerinin etkinli\u011fini \u00f6l\u00e7mek i\u00e7in.<\/p>\n<h2>Dairesel ekonomiye ge\u00e7i\u015fte kar\u015f\u0131la\u015f\u0131lan zorluklar ve bunlar\u0131n nas\u0131l \u00e7\u00f6z\u00fclece\u011fi<\/h2>\n<p>Dairesel ekonomiye ge\u00e7i\u015f, s\u00fcrd\u00fcr\u00fclebilir ekonomik b\u00fcy\u00fcmeye do\u011fru \u00f6nemli bir ad\u0131m\u0131 temsil ediyor. Ancak, bu de\u011fi\u015fimi ger\u00e7ekle\u015ftirmek \u00f6nemli \u00e7aba ve kaynak gerektiriyor, teknik bilgi ve paradigma de\u011fi\u015fimlerinden bahsetmiyorum bile. Bu nedenle, \u00e7e\u015fitli zorluklar ortaya koyuyor ve ba\u015farmak i\u00e7in ortak \u00e7abalar gerektirecek.<\/p>\n<p>Ba\u015flang\u0131\u00e7 i\u00e7in, teknik zorlu\u011fun a\u015f\u0131lmas\u0131 zor oldu\u011fu kan\u0131tland\u0131. \u0130leri teknoloji elektronikler, geli\u015fmi\u015f teknolojilerin yarat\u0131lmas\u0131na uyum sa\u011flamak i\u00e7in giderek daha karma\u015f\u0131k hale geldi. Bu karma\u015f\u0131kl\u0131k ve \u00e7e\u015fitlilik, \u00e7ok \u00e7e\u015fitli bile\u015fenler ve par\u00e7alar nedeniyle onar\u0131labilirlik ve geri d\u00f6n\u00fc\u015ft\u00fcr\u00fclebilirlikte artan zorlu\u011fa yol a\u00e7t\u0131.<\/p>\n<p>Bu teknik engeli a\u015fmak i\u00e7in \u00fcreticiler, \u00fcr\u00fcn tasar\u0131m protokollerini yenilemeye ve daireselli\u011fi ve ye\u015fil giri\u015fimleri \u00f6nceliklendiren yeni bir ekosistem geli\u015ftirmeye odaklanmal\u0131d\u0131r. \u00dcreticilerin bunu etkili bir \u015fekilde yapabilmeleri i\u00e7in COSIRI&#039;de belirtildi\u011fi gibi yerle\u015fik \u00e7er\u00e7evelerin ve \u00f6l\u00e7\u00fctlerin deste\u011fine ve rehberli\u011fine ihtiya\u00e7lar\u0131 olacakt\u0131r. H\u00fck\u00fcmetler ayr\u0131ca daha fazla daireselli\u011fi te\u015fvik etmek i\u00e7in b\u00f6yle bir de\u011fi\u015fikli\u011fi te\u015fvik etmelidir.<\/p>\n<p>D\u00fczenleyici cephede, h\u00fck\u00fcmetler dairesel bir ekonomiyi destekleyen evrensel bir standartlar, politikalar ve \u00f6l\u00e7\u00fctler seti uygulamal\u0131d\u0131r. COSIRI gibi yerle\u015fik bir \u00e7er\u00e7eve, \u00fcreticilerin ye\u015fil giri\u015fimlere olan ba\u011fl\u0131l\u0131\u011f\u0131n\u0131 ve uyumunu ve ayr\u0131ca daha fazla s\u00fcrd\u00fcr\u00fclebilirli\u011fe do\u011fru ilerlemelerini \u00f6l\u00e7mede faydal\u0131 olacakt\u0131r. Ayn\u0131 zamanda, bu ye\u015fil aklamayla m\u00fccadeleye yard\u0131mc\u0131 olacakt\u0131r.<\/p>\n<p>Y\u00fcksek teknolojili elektroni\u011fin karma\u015f\u0131kl\u0131\u011f\u0131, arkas\u0131ndaki tasar\u0131m ve par\u00e7a say\u0131s\u0131yla s\u0131n\u0131rl\u0131 de\u011fildir. Lojistik olarak, elektronik end\u00fcstrisi karma\u015f\u0131k k\u00fcresel tedarik zincirlerine b\u00fcy\u00fck \u00f6l\u00e7\u00fcde g\u00fcvenir ve bu da dairesellik i\u00e7in gerekli altyap\u0131 ve lojisti\u011fin kurulmas\u0131n\u0131 zorla\u015ft\u0131r\u0131r. \u00dcreticilerin bu engeli a\u015fmak i\u00e7in birbirleriyle, ula\u015f\u0131m a\u011flar\u0131yla ve di\u011fer payda\u015flarla daha g\u00fc\u00e7l\u00fc ortakl\u0131klar kurmalar\u0131 gerekecektir.<\/p>\n<p>Dairesel bir ekonomi kurman\u0131n son zorlu\u011fu i\u00e7sel bir zorluktur - davran\u0131\u015fsal zorluk. T\u00fcketici fark\u0131ndal\u0131\u011f\u0131n\u0131n ve i\u015f isteklili\u011finin eksikli\u011fi, dairesel uygulamalar\u0131n benimsenmesini engelleyebilir. T\u00fcketici davran\u0131\u015f\u0131n\u0131 de\u011fi\u015ftirmek ve daireselli\u011fi harekete ge\u00e7irmek i\u00e7in h\u00fck\u00fcmetlerin daha iyi t\u00fcketici davran\u0131\u015f\u0131n\u0131 e\u011fitmesi ve te\u015fvik etmesi gerekecektir.<\/p>\n<h2>INCIT nas\u0131l yard\u0131mc\u0131 olabilir?<\/h2>\n<p>D\u00fcnya \u00e7ap\u0131nda tan\u0131nan tarafs\u0131z, ba\u011f\u0131ms\u0131z bir \u00e7er\u00e7eve olan COSIRI&#039;nin kullan\u0131m\u0131yla, h\u00fck\u00fcmetler COSIRI derecesine sahip \u00fcreticilerin s\u0131k\u0131 standartlara g\u00f6re k\u0131yasland\u0131\u011f\u0131nda emin olabilir. Bu, h\u00fck\u00fcmetlerin y\u00fcksek teknolojili elektroniklerde dairesel ekonominin uygulanmas\u0131n\u0131 h\u0131zland\u0131rmas\u0131na yard\u0131mc\u0131 olabilir.<\/p>\n<p>Ayr\u0131ca COSIRI, \u00fcreticilerin uygulanan ye\u015fil \u00e7\u00f6z\u00fcmlerin etkisini \u00f6l\u00e7melerine ve etkili olduklar\u0131ndan emin olmalar\u0131na olanak tan\u0131r.<\/p>","protected":false},"excerpt":{"rendered":"<p>\u00dcretim ba\u011flam\u0131nda, dairesel ekonomi, malzemelerin ve \u00fcr\u00fcnlerin ya\u015fam d\u00f6ng\u00fcs\u00fcn\u00fcn sonunda bile s\u00fcrekli olarak yeniden kullan\u0131lmak ve yeniden kullan\u0131lmak \u00fczere sistem i\u00e7inde tutuldu\u011fu kapal\u0131 devre \u00fcretimi ifade eder. Bu, \u00f6zellikle de \u00f6nemli bir bile\u015fenimizi olu\u015fturan nadir toprak elementleri i\u00e7in s\u0131n\u0131rl\u0131 kaynaklara olan ba\u011f\u0131ml\u0131l\u0131\u011f\u0131m\u0131z\u0131 azalt\u0131r [\u2026]<\/p>","protected":false},"author":3,"featured_media":10799,"comment_status":"closed","ping_status":"open","sticky":false,"template":"","format":"standard","meta":{"_acf_changed":false,"footnotes":""},"categories":[17],"tags":[81,27],"class_list":["post-10779","post","type-post","status-publish","format-standard","has-post-thumbnail","hentry","category-thought-leadership","tag-circular-economy","tag-mainspotlight"],"acf":{"topic":"sustainability"},"_links":{"self":[{"href":"https:\/\/incit.org\/tr\/wp-json\/wp\/v2\/posts\/10779","targetHints":{"allow":["GET"]}}],"collection":[{"href":"https:\/\/incit.org\/tr\/wp-json\/wp\/v2\/posts"}],"about":[{"href":"https:\/\/incit.org\/tr\/wp-json\/wp\/v2\/types\/post"}],"author":[{"embeddable":true,"href":"https:\/\/incit.org\/tr\/wp-json\/wp\/v2\/users\/3"}],"replies":[{"embeddable":true,"href":"https:\/\/incit.org\/tr\/wp-json\/wp\/v2\/comments?post=10779"}],"version-history":[{"count":1,"href":"https:\/\/incit.org\/tr\/wp-json\/wp\/v2\/posts\/10779\/revisions"}],"predecessor-version":[{"id":37907,"href":"https:\/\/incit.org\/tr\/wp-json\/wp\/v2\/posts\/10779\/revisions\/37907"}],"wp:featuredmedia":[{"embeddable":true,"href":"https:\/\/incit.org\/tr\/wp-json\/wp\/v2\/media\/10799"}],"wp:attachment":[{"href":"https:\/\/incit.org\/tr\/wp-json\/wp\/v2\/media?parent=10779"}],"wp:term":[{"taxonomy":"category","embeddable":true,"href":"https:\/\/incit.org\/tr\/wp-json\/wp\/v2\/categories?post=10779"},{"taxonomy":"post_tag","embeddable":true,"href":"https:\/\/incit.org\/tr\/wp-json\/wp\/v2\/tags?post=10779"}],"curies":[{"name":"wp","href":"https:\/\/api.w.org\/{rel}","templated":true}]}}