{"id":15516,"date":"2023-08-29T11:49:13","date_gmt":"2023-08-29T03:49:13","guid":{"rendered":"https:\/\/incit.org\/?p=15516"},"modified":"2025-04-15T01:29:09","modified_gmt":"2025-04-14T17:29:09","slug":"4-steps-manufacturers-should-take-to-digitalise-supply-chains-and-build-resilience","status":"publish","type":"post","link":"https:\/\/incit.org\/tr\/thought-leadership\/4-steps-manufacturers-should-take-to-digitalise-supply-chains-and-build-resilience\/","title":{"rendered":"\u00dcreticilerin tedarik zincirlerini dijitalle\u015ftirmek ve dayan\u0131kl\u0131l\u0131k olu\u015fturmak i\u00e7in atmas\u0131 gereken 4 ad\u0131m"},"content":{"rendered":"<p>Tedarik zinciri kesintileri, bir\u00e7o\u011funun pandemiden dolay\u0131 deneyimlemi\u015f olabilece\u011fi gibi \u00fcreticiler i\u00e7in ciddi sonu\u00e7lar do\u011furabilir. Kaybedilen m\u00fc\u015fterilerden ve azalan gelirlerden potansiyel yasal sorunlara kadar, tedarik zinciri kesintilerinin etkileri uzun s\u00fcreli ve zararl\u0131 olabilir. Tedarik zinciri kesintileri konusunda k\u00f6t\u00fc bir ge\u00e7mi\u015fe sahip olma gibi \u015f\u00fcpheli bir onuru kazanan \u00fcreticiler, itibar kayb\u0131 nedeniyle de d\u0131\u015flanabilir.<\/p>\n<p>S\u0131n\u0131r k\u0131s\u0131tlamalar\u0131 ge\u00e7mi\u015fte kald\u0131 ve \u00e7o\u011fu fabrika yeniden a\u00e7\u0131l\u0131p tam kapasiteyle \u00e7al\u0131\u015fabiliyor, \u00fcreticilerin tedarik zinciri kesintileri i\u00e7in art\u0131k pandemi bahanesi yok. Asl\u0131nda, jeopolitik riskler her zamankinden y\u00fcksekken, sorumluluk sahibi olmak ve tedarik zinciri dayan\u0131kl\u0131l\u0131\u011f\u0131na \u00f6ncelik vermek \u00fcreticilere d\u00fc\u015f\u00fcyor.<\/p>\n<p>\u00dcreticilerin tedarik zincirlerini dijitalle\u015ftirmek ve tedarik zinciri dayan\u0131kl\u0131l\u0131\u011f\u0131n\u0131 art\u0131rmak i\u00e7in atmas\u0131 gereken d\u00f6rt temel ad\u0131m \u015funlard\u0131r:<\/p>\n<h3>1. Tedarik zincirinizdeki g\u00fcvenlik a\u00e7\u0131klar\u0131n\u0131 belirleyin<\/h3>\n<p>\u00dcreticiler, karma\u015f\u0131k bir tedarik\u00e7i a\u011f\u0131n\u0131n zay\u0131f halkalar\u0131n\u0131 nas\u0131l fark etmelidir? Sistematik bir yakla\u015f\u0131m kullanarak, \u00fcreticiler potansiyel g\u00fcvenlik a\u00e7\u0131klar\u0131n\u0131 belirleyebilir ve bunlar\u0131 ele almak i\u00e7in proaktif \u00f6nlemler alabilir. Bu, darbo\u011fazlar\u0131 tespit etmeyi ve envanteri optimize etmeyi i\u00e7ermelidir. \u0130deal olarak, \u00fcreticilerin tamamen dijitalle\u015ftirilmi\u015f bir ortama sahip olmas\u0131 gerekir \u00e7\u00fcnk\u00fc tedarik zincirleri dijital ikizler arac\u0131l\u0131\u011f\u0131yla da stres testine tabi tutulabilir.<\/p>\n<p>Temel performans g\u00f6stergelerini de\u011ferlendirmekten kapsaml\u0131 risk de\u011ferlendirmeleri yapmaya kadar, envanter y\u00f6netimi, nakliye lojisti\u011fi ve tedarik\u00e7i ili\u015fkilerinin titiz bir analizi, tedarik zincirinin genel verimlili\u011fini engelleyebilecek alanlara \u0131\u015f\u0131k tutabilir. Veri odakl\u0131 i\u00e7g\u00f6r\u00fcleri benimsemek ve geli\u015fmi\u015f teknolojilerden yararlanmak, \u015firketlerin tedarik zincirlerini g\u00fc\u00e7lendirmelerine, operasyonlar\u0131 optimize etmelerine ve dinamik k\u00fcresel pazarda rekabet avantaj\u0131n\u0131 korumalar\u0131na da yard\u0131mc\u0131 olacakt\u0131r.<\/p>\n<h3>2. Tedarik zincirini dijitalle\u015ftirmek i\u00e7in dijital bir k\u00fclt\u00fcr\u00fcn te\u015fvik edilmesi<\/h3>\n<p>\u00dcreticiler, tedarik zincirini dijitalle\u015ftirirken ba\u015far\u0131l\u0131 bir \u015fekilde dahili uyum sa\u011flamak i\u00e7in stratejik ve i\u015f birlik\u00e7i bir yakla\u015f\u0131m benimsemelidir. Sekt\u00f6r liderleri \u00f6ncelikle net bir vizyon olu\u015fturmal\u0131 ve herkesin dijital d\u00f6n\u00fc\u015f\u00fcm\u00fcn faydalar\u0131n\u0131 ve \u00f6nemini anlamas\u0131n\u0131 sa\u011flamak i\u00e7in tedarik zincirini dijitalle\u015ftirmenin hedeflerini ve ama\u00e7lar\u0131n\u0131 iletmelidir.<\/p>\n<p>Bunun ard\u0131ndan tedarik zincirinde yer alan farkl\u0131 departmanlar (\u00f6rne\u011fin tedarik, \u00fcretim, lojistik ve BT) aras\u0131nda a\u00e7\u0131k ileti\u015fimi te\u015fvik etmek i\u00e7in departmanlar aras\u0131 ve kurumlar aras\u0131 i\u015f birli\u011fini olu\u015fturmaya da odaklanmal\u0131d\u0131rlar. Bu, sorunlu noktalar\u0131 belirlemeye, s\u00fcre\u00e7leri d\u00fczene sokmaya ve birle\u015fik bir yakla\u015f\u0131m sa\u011flamaya yard\u0131mc\u0131 olacakt\u0131r.<\/p>\n<h3>3. Operasyonlarda tamponlar olu\u015fturma<\/h3>\n<p>Operasyonlarda tamponlar olu\u015fturmak, dayan\u0131kl\u0131 bir tedarik zinciri olu\u015fturmak i\u00e7in hayati \u00f6nem ta\u015f\u0131r. Tamponlar, \u00fcreticilerin operasyonlar\u0131n\u0131 etkilemeden de\u011fi\u015fkenli\u011fi ve kesintileri absorbe etmelerine olanak tan\u0131yan g\u00fcvenlik a\u011flar\u0131 g\u00f6revi g\u00f6r\u00fcr. Ancak, do\u011fru miktarda tampon olu\u015fturmak ve a\u015f\u0131r\u0131 envanterle bo\u011fu\u015fmak aras\u0131nda denge kurmak ince bir \u00e7izgidir.<\/p>\n<p>Bu nedenle, uygun envanter y\u00f6netimi yap\u0131lmal\u0131 ve \u00fcretim tesisinizin envanterine ili\u015fkin kapsaml\u0131 bir genel bak\u0131\u015fa sahip olmak ve tedarik zinciri kesintileri olsa bile \u00fcretime devam edebilmek i\u00e7in tedarik zincirinizin dijitalle\u015ftirilmesine \u00f6ncelik verilmelidir.<\/p>\n<h3>4. Talebi \u00f6ng\u00f6rmek ve g\u00f6r\u00fcn\u00fcrl\u00fck olu\u015fturmak<\/h3>\n<p>Talebi \u00f6ng\u00f6rmek ve bir \u00fcretim tesisinin her hareketli par\u00e7as\u0131nda g\u00f6r\u00fcn\u00fcrl\u00fck sa\u011flamak da dayan\u0131kl\u0131 bir tedarik zinciri olu\u015fturmaya yard\u0131mc\u0131 olur. Talep tahminini uygulayarak, \u00fcreticiler ge\u00e7mi\u015f verileri, piyasa e\u011filimlerini ve m\u00fc\u015fteri i\u00e7g\u00f6r\u00fclerini kullanarak talep modellerini do\u011fru bir \u015fekilde tahmin edebilirler. Bu verilerin deste\u011fiyle, \u00fcreticiler maliyet d\u00fc\u015f\u00fc\u015flerinin ve gelir art\u0131\u015flar\u0131n\u0131n keyfini \u00e7\u0131karabileceklerdir. Ancak, bu veri k\u00fcmelerinin yaln\u0131zca geli\u015fmi\u015f analiz ve tahmin ara\u00e7lar\u0131n\u0131n kullan\u0131lmas\u0131na izin veren son derece dijitalle\u015ftirilmi\u015f bir ortamda do\u011fru bir \u015fekilde yakalanabilece\u011fi uyar\u0131s\u0131 vard\u0131r.<\/p>\n<p>Dijitalle\u015ftirilmi\u015f bir tesisle, bu veri k\u00fcmeleri ayr\u0131ca \u00fcreticilerin \u00fcretim operasyonlar\u0131n\u0131n her y\u00f6n\u00fcyle ilgili g\u00f6r\u00fcn\u00fcrl\u00fck sa\u011flama aray\u0131\u015flar\u0131nda da destek sa\u011flar. Bu ayr\u0131ca \u00e7evik \u00fcretim uygulamalar\u0131n\u0131n benimsenmesinin \u00f6n\u00fcn\u00fc a\u00e7arak \u00fcreticilerin \u00fcretim s\u00fcre\u00e7lerini de\u011fi\u015fen talepleri kar\u015f\u0131layacak \u015fekilde uyarlamalar\u0131na olanak tan\u0131r.<\/p>\n<h2>Tedarik zincirlerinin olmad\u0131\u011f\u0131 bir d\u00fcnyay\u0131 hayal edin: Hi\u00e7 tedarik zinciri olmamas\u0131 en iyi tedarik zinciri midir?<\/h2>\n<p>Tedarik zincirleri, jeopolitik gerginlikler ve y\u00fcr\u00fcrl\u00fckteki ticaret tarifeleriyle birlikte i\u00e7sel ve s\u00fcrekli artan risklere sahiptir. Bunun \u00fcst\u00fcne, Kapsam 3 emisyonlar\u0131 da giderek par\u00e7alanan bir d\u00fcnyada imalat\u0131n karbon ayak izine b\u00fcy\u00fck bir katk\u0131 sa\u011flamaktad\u0131r.<\/p>\n<p>Tedarik zincirlerine olan ba\u011f\u0131ml\u0131l\u0131\u011f\u0131 azaltman\u0131n bir alternatifi, katk\u0131 \u00fcretimidir. Bu, \u00fcreticilerin daha fazla dijital d\u00f6n\u00fc\u015f\u00fcm ge\u00e7irmesini ve End\u00fcstri 4.0 teknolojilerini kullanmas\u0131n\u0131 gerektirecektir.<\/p>\n<h3>Dijital d\u00f6n\u00fc\u015f\u00fcm bu zorluklara verilecek en \u00f6nemli cevapt\u0131r<\/h3>\n<p>\u0130\u015flemleri tamamen dijitalle\u015ftirerek ve yukar\u0131da belirtilen ad\u0131mlar\u0131 atarak, \u00fcreticiler tesislerinin ortaya \u00e7\u0131kabilecek herhangi bir tedarik zinciri kesintisini kar\u015f\u0131lamaya haz\u0131r oldu\u011fundan emin olabilirler. Bu, \u00fcreticilerin olas\u0131 riskleri azaltmalar\u0131na ve \u00fcretimi m\u00fcmk\u00fcn olan en k\u0131sa s\u00fcrede tekrar ray\u0131na oturtmalar\u0131na olanak tan\u0131r.<\/p>\n<p>\u0130ster dijitalle\u015ftirilmi\u015f bir tedarik zinciri kurmak, ister tedarik zincirlerini ortadan kald\u0131rmak i\u00e7in katmanl\u0131 \u00fcretim kullanmak olsun, \u00fcreticilerin dijital d\u00f6n\u00fc\u015f\u00fcmden ge\u00e7mesi ve End\u00fcstri 4.0&#039;\u0131n ortaya \u00e7\u0131kan y\u0131k\u0131c\u0131 g\u00fc\u00e7lerinden yararlanmas\u0131 gerekiyor.<\/p>\n<p>Ancak dijital d\u00f6n\u00fc\u015f\u00fcme giden yol her \u00fcretici i\u00e7in farkl\u0131d\u0131r. Sizinki nas\u0131l g\u00f6r\u00fcnecek? Daha fazla bilgi edinin <a href=\"https:\/\/siri.incit.org\/\">Ak\u0131ll\u0131 End\u00fcstri Haz\u0131rl\u0131k Endeksi<\/a>.<\/p>","protected":false},"excerpt":{"rendered":"<p>Tedarik zinciri kesintileri, bir\u00e7o\u011funun pandemiden dolay\u0131 deneyimlemi\u015f olabilece\u011fi gibi \u00fcreticiler i\u00e7in ciddi sonu\u00e7lar do\u011furabilir. Kaybedilen m\u00fc\u015fterilerden ve azalan gelirlerden potansiyel yasal sorunlara kadar, tedarik zinciri kesintilerinin etkileri uzun s\u00fcreli ve zararl\u0131 olabilir. Tedarik zincirinde k\u00f6t\u00fc bir ge\u00e7mi\u015fe sahip olma \u015faibeli onuru kazanm\u0131\u015f \u00fcreticiler [\u2026]<\/p>","protected":false},"author":3,"featured_media":35277,"comment_status":"closed","ping_status":"open","sticky":false,"template":"","format":"standard","meta":{"_acf_changed":false,"footnotes":""},"categories":[17],"tags":[27,39,83],"class_list":["post-15516","post","type-post","status-publish","format-standard","has-post-thumbnail","hentry","category-thought-leadership","tag-mainspotlight","tag-supply-chain","tag-supply-chains"],"acf":{"topic":"supply chain"},"_links":{"self":[{"href":"https:\/\/incit.org\/tr\/wp-json\/wp\/v2\/posts\/15516","targetHints":{"allow":["GET"]}}],"collection":[{"href":"https:\/\/incit.org\/tr\/wp-json\/wp\/v2\/posts"}],"about":[{"href":"https:\/\/incit.org\/tr\/wp-json\/wp\/v2\/types\/post"}],"author":[{"embeddable":true,"href":"https:\/\/incit.org\/tr\/wp-json\/wp\/v2\/users\/3"}],"replies":[{"embeddable":true,"href":"https:\/\/incit.org\/tr\/wp-json\/wp\/v2\/comments?post=15516"}],"version-history":[{"count":1,"href":"https:\/\/incit.org\/tr\/wp-json\/wp\/v2\/posts\/15516\/revisions"}],"predecessor-version":[{"id":35278,"href":"https:\/\/incit.org\/tr\/wp-json\/wp\/v2\/posts\/15516\/revisions\/35278"}],"wp:featuredmedia":[{"embeddable":true,"href":"https:\/\/incit.org\/tr\/wp-json\/wp\/v2\/media\/35277"}],"wp:attachment":[{"href":"https:\/\/incit.org\/tr\/wp-json\/wp\/v2\/media?parent=15516"}],"wp:term":[{"taxonomy":"category","embeddable":true,"href":"https:\/\/incit.org\/tr\/wp-json\/wp\/v2\/categories?post=15516"},{"taxonomy":"post_tag","embeddable":true,"href":"https:\/\/incit.org\/tr\/wp-json\/wp\/v2\/tags?post=15516"}],"curies":[{"name":"wp","href":"https:\/\/api.w.org\/{rel}","templated":true}]}}