{"id":15842,"date":"2023-10-02T10:06:45","date_gmt":"2023-10-02T02:06:45","guid":{"rendered":"https:\/\/incit.org\/?p=15842"},"modified":"2025-04-18T00:42:31","modified_gmt":"2025-04-17T16:42:31","slug":"lean-six-sigma-smart-industry-readiness-index-in-turkiye","status":"publish","type":"post","link":"https:\/\/incit.org\/tr\/newsroom\/lean-six-sigma-smart-industry-readiness-index-in-turkiye\/","title":{"rendered":"Dijital \u00e7a\u011fda ba\u015far\u0131l\u0131 olmak i\u00e7in stratejiler: Yal\u0131n ve Alt\u0131 Sigma dahil olmak \u00fczere i\u00e7sel metodolojileri anlamak; T\u00fcrkiye&#039;de Ak\u0131ll\u0131 End\u00fcstri Haz\u0131rl\u0131k Endeksi"},"content":{"rendered":"<p>Operasyonel verimlili\u011fe do\u011fru gidi\u015fat giderek dijitalle\u015fmeye do\u011fru ilerliyor. \u0130kna edici tahminler, yal\u0131n ilkelerin ve dijital d\u00f6n\u00fc\u015f\u00fcm\u00fcn, kurulu\u015flar\u0131n d\u00f6n\u00fc\u015f\u00fcm yolculuklar\u0131nda ilerledik\u00e7e birle\u015fip i\u00e7 i\u00e7e ge\u00e7ece\u011fini \u00f6ne s\u00fcr\u00fcyor.<\/p>\n<p>INCIT, A\u011fustos ay\u0131nda SOCAR T\u00fcrkiye&#039;nin ev sahipli\u011finde ger\u00e7ekle\u015fen &#039;Lean Six Sigma Day&#039; konferans\u0131nda panel konu\u015fmac\u0131lar\u0131 aras\u0131nda yer alarak, &quot;Dijital D\u00f6n\u00fc\u015f\u00fcm ve Yal\u0131n: \u0130\u015f S\u00fcre\u00e7lerinde Verimlili\u011fin Art\u0131r\u0131lmas\u0131&quot; oturumunda \u00e7e\u015fitli konular\u0131 ele ald\u0131.<\/p>\n<p>Bu etkinlik, i\u015f d\u00fcnyas\u0131ndan s\u00fcrekli iyile\u015ftirme uzmanlar\u0131, \u00f6\u011frenciler ve akademisyenlerden olu\u015fan \u00e7e\u015fitli bir toplulu\u011fu bir araya getirerek, deneyimlerin, i\u00e7g\u00f6r\u00fclerin ve ileriye d\u00f6n\u00fck i\u015f stratejileri hakk\u0131nda ilgi \u00e7ekici tart\u0131\u015fmalar\u0131n payla\u015f\u0131lmas\u0131 i\u00e7in paha bi\u00e7ilmez bir f\u0131rsat sundu.<\/p>\n<p><img fetchpriority=\"high\" decoding=\"async\" class=\"aligncenter size-large wp-image-35582\" src=\"https:\/\/assets.incit.org\/wp-content\/uploads\/2023\/10\/18004214\/6.jpg-1024x684.webp\" alt=\"\" width=\"800\" height=\"534\" srcset=\"https:\/\/assets.incit.org\/wp-content\/uploads\/2023\/10\/18004214\/6.jpg-1024x684.webp 1024w, https:\/\/assets.incit.org\/wp-content\/uploads\/2023\/10\/18004214\/6.jpg-300x200.webp 300w, https:\/\/assets.incit.org\/wp-content\/uploads\/2023\/10\/18004214\/6.jpg-768x513.webp 768w, https:\/\/assets.incit.org\/wp-content\/uploads\/2023\/10\/18004214\/6.jpg-18x12.webp 18w, https:\/\/assets.incit.org\/wp-content\/uploads\/2023\/10\/18004214\/6.jpg.webp 1300w\" sizes=\"(max-width: 800px) 100vw, 800px\" \/><\/p>\n<h2><strong>Moore Yasas\u0131, Metcalfe Yasas\u0131 ve Watson Yasas\u0131<\/strong><\/h2>\n<p>Panel tart\u0131\u015fmas\u0131, INCIT&#039;in Lean ve Six Sigma metodolojilerinin dinamik etkile\u015fimine dalmas\u0131yla ba\u015flad\u0131. Bu metodolojiler aras\u0131ndaki sinerji birka\u00e7 felsefeyle i\u00e7 i\u00e7e ge\u00e7mi\u015fti.<\/p>\n<p>\u00d6ncelikle Moore&#039;un teknolojilerin durmaks\u0131z\u0131n ilerlemesi ve maliyet etkinli\u011fi konusundaki vizyoner g\u00f6zlemlerine bakt\u0131k.<\/p>\n<p>Moore Yasas\u0131 D\u00f6nemi&#039;nde odak noktas\u0131 \u00e7o\u011funlukla hesaplama \u00fcst\u00fcnl\u00fc\u011f\u00fc yar\u0131\u015f\u0131yd\u0131. IBM ve HP gibi devler, yaln\u0131zca y\u0131ld\u0131r\u0131m h\u0131z\u0131nda hesaplamalar \u00fcretmekle kalmay\u0131p ayn\u0131 zamanda m\u00fc\u015fterileri i\u00e7in i\u015flem verimlili\u011fini de devrim niteli\u011finde de\u011fi\u015ftiren sunucular \u00fcretmek i\u00e7in teknolojik potansiyelleri kullanarak \u00f6nc\u00fc olarak ortaya \u00e7\u0131kt\u0131lar.<\/p>\n<p>Daha derinlemesine ara\u015ft\u0131rma yapan INCIT, a\u011f eri\u015fiminin ve bunun sonucunda ortaya \u00e7\u0131kan de\u011ferin katlanarak geni\u015flemesinin \u00f6nemli bir kan\u0131t\u0131 olan Metcalfe Yasas\u0131 \u00c7a\u011f\u0131&#039;na girdi.<\/p>\n<p>Metcalfe Yasas\u0131 \u00c7a\u011f\u0131, a\u011flar\u0131n benzeri g\u00f6r\u00fclmemi\u015f piyasa dinamiklerinin anahtarlar\u0131n\u0131 elinde tuttu\u011fu bir zaman\u0131 ele al\u0131yor. Google, Amazon, Netflix ve Facebook, a\u011f sahiplikleri sayesinde b\u00fcy\u00fck pazar paylar\u0131 elde ederek devler olarak ortaya \u00e7\u0131kt\u0131. Ba\u011flant\u0131 g\u00fcc\u00fcn\u00fcn hesaba kat\u0131lmas\u0131 gereken bir g\u00fc\u00e7 haline geldi\u011fi, end\u00fcstrileri yeniden \u015fekillendirdi\u011fi ve bu devleri bir nesli yeniden tan\u0131mlayacak etki ve inovasyon zirvelerine ta\u015f\u0131d\u0131\u011f\u0131 bir \u00e7a\u011fd\u0131.<\/p>\n<p>Bu b\u00fcy\u00fcmenin kapsam\u0131, birbirine ba\u011fl\u0131 d\u00fcnyam\u0131z\u0131n bar\u0131nd\u0131rd\u0131\u011f\u0131 muazzam potansiyeli g\u00f6stermesi a\u00e7\u0131s\u0131ndan ilham vericiydi.<\/p>\n<p>Tart\u0131\u015fma ilerledik\u00e7e, INCIT Watson Yasas\u0131 D\u00f6nemi&#039;ni ke\u015ffetmeye devam etti. Bu d\u00f6nem, \u00f6\u011frenme ve bilginin evriminde \u00f6nemli bir an olup, zaman i\u00e7inde kendini ger\u00e7ek bir farkl\u0131la\u015ft\u0131r\u0131c\u0131 olarak konumland\u0131rmak i\u00e7in bilgi ve i\u00e7g\u00f6r\u00fcn\u00fcn \u00f6nemine son derece g\u00fc\u00e7l\u00fc bir vurgu yap\u0131ld\u0131.<\/p>\n<p>Burada, yaln\u0131zca engin bilgiye sahip olmakla kalmay\u0131p ayn\u0131 zamanda sistemlerini de\u011fer elde edecek \u015fekilde e\u011fitme \u00f6ng\u00f6r\u00fcs\u00fcne sahip \u015firketler, rakiplerinin \u00f6n\u00fcne ge\u00e7enler oldu. Y\u0131llar\u0131n birikmi\u015f uzmanl\u0131\u011f\u0131na sahip deneyimli i\u015fletmeler, kendilerini farkl\u0131la\u015ft\u0131rarak ve bilgelik odakl\u0131 rekabetin bu \u00e7a\u011f\u0131nda zafer kazanarak \u00f6n plana \u00e7\u0131kt\u0131lar.<\/p>\n<p>Ancak bu durum \u00e7e\u015fitli zorluklar\u0131 da beraberinde getirdi. Martec Yasas\u0131, teknolojinin ne kadar h\u0131zl\u0131 bir \u015fekilde evrildi\u011fini ve kurulu\u015flar\u0131n s\u00fcrekli olarak uyum sa\u011flamas\u0131n\u0131n ve ayak uydurmas\u0131n\u0131n ne kadar \u00f6nemli oldu\u011funu \u00e7arp\u0131c\u0131 bir \u015fekilde hat\u0131rlatt\u0131.<\/p>\n<p>&nbsp;<\/p>\n<h2><strong>T\u00fcrkiye&#039;de Ak\u0131ll\u0131 End\u00fcstri Haz\u0131rl\u0131k Endeksi<\/strong><\/h2>\n<p>Dijital d\u00f6n\u00fc\u015f\u00fcm\u00fcn h\u0131z\u0131 art\u0131yor, ancak dijital d\u00f6n\u00fc\u015f\u00fcm\u00fc Yal\u0131n ve Alt\u0131 Sigma ile birle\u015ftirirken yap\u0131lacak \u00e7ok \u015fey var. Teknoloji katlanarak h\u0131zl\u0131 de\u011fi\u015fiyor, ancak kurulu\u015flar logaritmik olarak yava\u015f de\u011fi\u015fiyor. Y\u00f6netimler, kurumsal de\u011fi\u015fiklikleri \u00f6z\u00fcmsemek i\u00e7in olduk\u00e7a k\u0131s\u0131tl\u0131 bant geni\u015fli\u011fi g\u00f6z \u00f6n\u00fcne al\u0131nd\u0131\u011f\u0131nda, hangi teknolojik de\u011fi\u015fiklikleri benimseyeceklerini stratejik olarak se\u00e7melidir.<\/p>\n<p>Zamanla bu u\u00e7urum b\u00fcy\u00fcd\u00fck\u00e7e, sonunda organizasyonun yeniden yap\u0131land\u0131r\u0131lmas\u0131 gerekir.<\/p>\n<p>Ak\u0131ll\u0131 End\u00fcstri Haz\u0131rl\u0131k Endeksi\u2019nin \u00f6nemi, dijital d\u00f6n\u00fc\u015f\u00fcm\u00fcn i\u00e7eri\u011findeki g\u00fc\u00e7l\u00fc ili\u015fkisi ve bu \u00f6nceliklendirme endeksinden yararlan\u0131larak yap\u0131lan kapsaml\u0131 de\u011ferlendirmelerle bu senaryoda ortaya \u00e7\u0131kmaktad\u0131r.<\/p>\n<p>Ak\u0131ll\u0131 End\u00fcstri Haz\u0131rl\u0131k Endeksi ile kurulu\u015flar art\u0131k dijital olgunluk seviyelerini do\u011fru bir \u015fekilde de\u011ferlendirebilir, iyile\u015ftirme alanlar\u0131n\u0131 belirleyebilir ve yolculuklar\u0131nda kendilerine rehberlik edecek d\u00f6n\u00fc\u015f\u00fcm yol haritalar\u0131 olu\u015fturabilir. Bu, kurulu\u015flar\u0131n sonunda kurumsal \u00e7\u0131kt\u0131lar\u0131n\u0131 iyile\u015ftirmelerine, \u00fcretkenli\u011fi art\u0131rmalar\u0131na, operasyonel verimlili\u011fi y\u00fckseltmelerine ve daha iyi i\u015f stratejileri geli\u015ftirmelerine olanak tan\u0131r.<\/p>\n<p>Ayr\u0131ca Ak\u0131ll\u0131 End\u00fcstri Haz\u0131rl\u0131k Endeksi&#039;nin k\u00fcresel \u00f6l\u00e7ekte sahip olabilece\u011fi \u00f6nemli, hen\u00fcz kullan\u0131lmam\u0131\u015f potansiyeli ve etkiyi vurgulayarak \u00f6n\u00fcm\u00fczdeki kapsaml\u0131 yolculuklar\u0131n g\u00f6stergesi oldu.<\/p>\n<p>Bununla birlikte INCIT, Ak\u0131ll\u0131 End\u00fcstri Haz\u0131rl\u0131k Endeksi&#039;nin T\u00fcrkiye&#039;ye \u00f6zg\u00fc etkisinin titiz bir analizini sunarak payla\u015f\u0131m oturumunu sonland\u0131rd\u0131. Bu ba\u011flamsal de\u011ferlendirme, geli\u015ftirilebilecek alanlara \u0131\u015f\u0131k tuttu ve di\u011fer se\u00e7kin panel kat\u0131l\u0131mc\u0131lar\u0131na ve konferans kat\u0131l\u0131mc\u0131lar\u0131na de\u011ferli i\u00e7g\u00f6r\u00fcler sundu.<\/p>\n<p>Ak\u0131ll\u0131 End\u00fcstri Haz\u0131rl\u0131k Endeksi hakk\u0131nda daha fazla bilgi edinmek i\u00e7in \u015fu adresi ziyaret edin: <a href=\"https:\/\/siri.incit.org\">https:\/\/siri.incit.org<\/a> veya bize e-posta g\u00f6nderin <a href=\"mailto:contactus@incit.org\">contactus@incit.org<\/a>.<\/p>","protected":false},"excerpt":{"rendered":"<p>Operasyonel verimlili\u011fe do\u011fru gidi\u015fat giderek dijitalle\u015fmeye do\u011fru ilerliyor. \u0130kna edici tahminler, yal\u0131n prensiplerin ve dijital d\u00f6n\u00fc\u015f\u00fcm\u00fcn, kurulu\u015flar d\u00f6n\u00fc\u015f\u00fcm yolculuklar\u0131nda ilerledik\u00e7e birle\u015fece\u011fini ve i\u00e7 i\u00e7e ge\u00e7ece\u011fini \u00f6ne s\u00fcr\u00fcyor. A\u011fustos ay\u0131nda SOCAR T\u00fcrkiye taraf\u0131ndan d\u00fczenlenen &#039;Lean Six Sigma Day&#039; konferans\u0131 s\u0131ras\u0131nda INCIT, \u00e7e\u015fitli [\u2026]<\/p>","protected":false},"author":3,"featured_media":35583,"comment_status":"closed","ping_status":"open","sticky":false,"template":"","format":"standard","meta":{"_acf_changed":false,"footnotes":""},"categories":[18],"tags":[88,15,44,89],"class_list":["post-15842","post","type-post","status-publish","format-standard","has-post-thumbnail","hentry","category-newsroom","tag-six-sigma","tag-smart-industry-readiness-index","tag-spotlight","tag-turkey"],"acf":{"featured_post":false},"_links":{"self":[{"href":"https:\/\/incit.org\/tr\/wp-json\/wp\/v2\/posts\/15842","targetHints":{"allow":["GET"]}}],"collection":[{"href":"https:\/\/incit.org\/tr\/wp-json\/wp\/v2\/posts"}],"about":[{"href":"https:\/\/incit.org\/tr\/wp-json\/wp\/v2\/types\/post"}],"author":[{"embeddable":true,"href":"https:\/\/incit.org\/tr\/wp-json\/wp\/v2\/users\/3"}],"replies":[{"embeddable":true,"href":"https:\/\/incit.org\/tr\/wp-json\/wp\/v2\/comments?post=15842"}],"version-history":[{"count":5,"href":"https:\/\/incit.org\/tr\/wp-json\/wp\/v2\/posts\/15842\/revisions"}],"predecessor-version":[{"id":35584,"href":"https:\/\/incit.org\/tr\/wp-json\/wp\/v2\/posts\/15842\/revisions\/35584"}],"wp:featuredmedia":[{"embeddable":true,"href":"https:\/\/incit.org\/tr\/wp-json\/wp\/v2\/media\/35583"}],"wp:attachment":[{"href":"https:\/\/incit.org\/tr\/wp-json\/wp\/v2\/media?parent=15842"}],"wp:term":[{"taxonomy":"category","embeddable":true,"href":"https:\/\/incit.org\/tr\/wp-json\/wp\/v2\/categories?post=15842"},{"taxonomy":"post_tag","embeddable":true,"href":"https:\/\/incit.org\/tr\/wp-json\/wp\/v2\/tags?post=15842"}],"curies":[{"name":"wp","href":"https:\/\/api.w.org\/{rel}","templated":true}]}}