{"id":20283,"date":"2024-01-25T15:19:51","date_gmt":"2024-01-25T07:19:51","guid":{"rendered":"https:\/\/incit.org\/?p=20283"},"modified":"2025-12-15T13:20:58","modified_gmt":"2025-12-15T05:20:58","slug":"green-leadership-driving-sustainable-change-and-employee-engagement","status":"publish","type":"post","link":"https:\/\/incit.org\/tr\/thought-leadership\/green-leadership-driving-sustainable-change-and-employee-engagement\/","title":{"rendered":"Ye\u015fil liderlik: s\u00fcrd\u00fcr\u00fclebilir de\u011fi\u015fimi ve \u00e7al\u0131\u015fan kat\u0131l\u0131m\u0131n\u0131 y\u00f6nlendirmek"},"content":{"rendered":"<div data-elementor-type=\"wp-post\" data-elementor-id=\"20283\" class=\"elementor elementor-20283\" data-elementor-post-type=\"post\">\n\t\t\t\t<div class=\"elementor-element elementor-element-7c8171c e-flex e-con-boxed e-con e-parent\" data-id=\"7c8171c\" data-element_type=\"container\" data-e-type=\"container\">\n\t\t\t\t\t<div class=\"e-con-inner\">\n\t\t\t\t<div class=\"elementor-element elementor-element-48a9f8a6 elementor-widget elementor-widget-text-editor\" data-id=\"48a9f8a6\" data-element_type=\"widget\" data-e-type=\"widget\" data-widget_type=\"text-editor.default\">\n\t\t\t\t<div class=\"elementor-widget-container\">\n\t\t\t\t\t\t\t\t\t<p>Hava ko\u015fullar\u0131n\u0131n ne kadar a\u015f\u0131r\u0131 hale geldi\u011fini en son ne zaman d\u00fc\u015f\u00fcnd\u00fcn\u00fcz? \u0130klim de\u011fi\u015fikli\u011finin etkileri d\u00fcnya \u00e7ap\u0131nda her g\u00fcn hissediliyor. <a href=\"https:\/\/www.who.int\/news-room\/fact-sheets\/detail\/climate-change-and-health#:~:text=Research%20shows%20that%203.6%20billion,diarrhoea%20and%20heat%20stress%20alone.\" target=\"_blank\" rel=\"noopener\">D\u00fcnya Sa\u011fl\u0131k \u00d6rg\u00fct\u00fc<\/a>2030-2050 y\u0131llar\u0131 aras\u0131nda iklim de\u011fi\u015fikli\u011finin, yaln\u0131zca yetersiz beslenme, s\u0131tma, ishal ve s\u0131cakl\u0131k stresi nedeniyle her y\u0131l yakla\u015f\u0131k 250.000 ek \u00f6l\u00fcme neden olmas\u0131 bekleniyor.<\/p><p>\u00dcretim sekt\u00f6r\u00fc de dahil olmak \u00fczere t\u00fcm sekt\u00f6rler acilen harekete ge\u00e7meli, \u00e7evre sorunlar\u0131n\u0131 ele alan stratejiler geli\u015ftirmeli ve daha ye\u015fil ve s\u00fcrd\u00fcr\u00fclebilir bir gelecek sa\u011flamak i\u00e7in birbirlerini sorumlu tutmal\u0131d\u0131r.<\/p><p>Herkesin daha ye\u015fil bir d\u00fcnya i\u00e7in olumlu ad\u0131mlar atmas\u0131 zorunlu olsa da, bu sorumlulu\u011fu \u00fcstlenmek hem H\u00fck\u00fcmetin hem de i\u015f liderlerinin g\u00f6revidir. Mikro d\u00fczeyde, i\u015f y\u00f6neticileri ye\u015fil i\u015f uygulamalar\u0131na ge\u00e7i\u015fi ger\u00e7ekten anlamal\u0131 ve desteklemeli ve de\u011fi\u015fimin ba\u015far\u0131l\u0131 olmas\u0131 i\u00e7in her t\u00fcrl\u00fc giri\u015fimin arkas\u0131nda aktif olarak yer almal\u0131d\u0131r.<\/p><h2>Daha ye\u015fil \u00fcretim i\u00e7in liderlik deste\u011finin \u00f6nemi nedir?<\/h2><p>S\u00fcrd\u00fcr\u00fclebilirlik, \u00fcretim sekt\u00f6r\u00fcnde kritik bir konu haline geldi ve fabrikalar\u0131n ve tesislerin at\u0131k azaltma ihtiyac\u0131 artt\u0131. <a href=\"https:\/\/incit.org\/en\/thought-leadership\/global-manufacturing-reduce-carbon-footprint\/\">sera gaz\u0131 (GHG) emisyonlar\u0131n\u0131n aciliyet duygusuyla azalt\u0131lmas\u0131<\/a>, kaynaklar\u0131 koruyun ve iklim de\u011fi\u015fikli\u011fine etkin bir \u015fekilde de\u011finin. Ger\u00e7ekten de, k\u00fcresel \u00fcretim sekt\u00f6r\u00fc d\u00fcnyadaki en b\u00fcy\u00fck sera gaz\u0131 (GHG) yay\u0131c\u0131lar\u0131ndan biridir ve <a href=\"https:\/\/incit.org\/en\/videos\/apac-network-interview-can-manufacturing-rise-to-the-climate-challenge\/\">D\u00fcnya&#039;n\u0131n toplam sera gaz\u0131 emisyonlar\u0131n\u0131n \u00fc\u00e7te ikisi<\/a>.<\/p><p>Ancak s\u00fcrd\u00fcr\u00fclebilirlik giri\u015fimlerinin ba\u015far\u0131s\u0131 b\u00fcy\u00fck \u00f6l\u00e7\u00fcde liderli\u011fin deste\u011fine ve ba\u011fl\u0131l\u0131\u011f\u0131na dayan\u0131r. Liderler s\u00fcrd\u00fcr\u00fclebilirli\u011fe ger\u00e7ek bir ba\u011fl\u0131l\u0131k g\u00f6sterdiklerinde, <a href=\"https:\/\/ambrconsulting.co.uk\/blog\/f\/change-management-the-impact-of-leadership-on-employee-buy-in\" target=\"_blank\" rel=\"noopener\">g\u00fc\u00e7l\u00fc bir mesaj g\u00f6nderiyor<\/a> \u015firket genelinde. S\u00fcrd\u00fcr\u00fclebilirli\u011fin sadece bir moda s\u00f6zc\u00fck veya ge\u00e7ici bir trend olmad\u0131\u011f\u0131n\u0131, \u015firketin korumaya adand\u0131\u011f\u0131 temel bir de\u011fer oldu\u011funu g\u00f6sterir. Bu destek, t\u00fcm seviyelerdeki \u00e7al\u0131\u015fanlar\u0131 ye\u015fil uygulamalar\u0131 benimsemeye ve s\u00fcrd\u00fcr\u00fclebilirlik \u00e7abalar\u0131na aktif olarak kat\u0131lmaya y\u00f6nlendiren bir dalga etkisi yarat\u0131r.<\/p><h2>Etkili ye\u015fil liderlerin \u00f6zellikleri<\/h2><p>Etkili ye\u015fil liderler vizyon sahibidir. \u015eirketin bu vizyonu nas\u0131l kar\u015f\u0131layaca\u011f\u0131na dair net bir vizyon ve g\u00f6r\u00fc\u015fe sahiptirler. Bu \u00f6nemli bir ba\u015flang\u0131\u00e7 noktas\u0131d\u0131r, \u00e7\u00fcnk\u00fc vizyon olmadan insanlar\u0131 harekete ge\u00e7irmek ve onlar\u0131 bir de\u011fi\u015fim yolculu\u011funa \u00e7\u0131karmak imkans\u0131zd\u0131r. Etkili ileti\u015fim becerileri de \u00f6nemlidir. Ye\u015fil liderler, s\u00fcrd\u00fcr\u00fclebilirli\u011fin \u00f6nemini s\u0131k s\u0131k ve her f\u0131rsatta iletmeli, ayn\u0131 zamanda iddial\u0131 ancak ula\u015f\u0131labilir hedefler koyma ve ba\u015fkalar\u0131n\u0131 ye\u015file ge\u00e7meye aktif olarak kat\u0131lmaya te\u015fvik etme konusunda cesur olmal\u0131d\u0131r.<\/p><p>Ba\u015fka bir deyi\u015fle, etkili ye\u015fil liderler, \u00e7al\u0131\u015fan davran\u0131\u015flar\u0131n\u0131 etkileyerek ve y\u00f6nlendirerek d\u00f6n\u00fc\u015f\u00fcmsel ilerleme sa\u011flayabilir ve bu da; <a href=\"https:\/\/www.mdpi.com\/2076-328X\/13\/11\/887\" target=\"_blank\" rel=\"noopener\">geli\u015ftirilmi\u015f bireysel s\u00fcrd\u00fcr\u00fclebilirlik performans\u0131<\/a>\u015eirketin genel s\u00fcrd\u00fcr\u00fclebilirlik hedeflerine katk\u0131da bulunmak.<\/p><p>Ek olarak, ye\u015fil liderler ye\u015fil uygulamalar\u0131 \u015firketin de\u011ferlerine ve operasyonlar\u0131na entegre ederek s\u00fcrd\u00fcr\u00fclebilirlik k\u00fclt\u00fcr\u00fcn\u00fc te\u015fvik edebilirler. S\u00fcrd\u00fcr\u00fclebilirli\u011fin sadece bir kontrol listesindeki bir madde de\u011fil, \u015firket kimli\u011finin temel bir y\u00f6n\u00fc oldu\u011fu bir ortam yarat\u0131rlar.<\/p><p>D\u00fcnyan\u0131n en iyi 10 \u00fcreticisinin her birinin, en \u00fcst kademelerden ba\u015flayarak organizasyon genelinde yank\u0131lanan net, \u015feffaf bir s\u00fcrd\u00fcr\u00fclebilirlik yol haritas\u0131 vard\u0131r. BMW Y\u00f6netim Kurulu Ba\u015fkan\u0131 Oliver Zipse \u015f\u00f6yle diyor: &quot;S\u00fcrd\u00fcr\u00fclebilirlik ve ekonomik ba\u015far\u0131 BMW Group&#039;ta el ele gider. Birinci s\u0131n\u0131f bir \u00fcretici olarak, s\u00fcrd\u00fcr\u00fclebilirlik alan\u0131nda \u00f6nc\u00fcl\u00fck etme h\u0131rs\u0131na sahibiz.&quot;<\/p><h2>S\u00fcrd\u00fcr\u00fclebilirlik d\u00f6n\u00fc\u015f\u00fcm\u00fcnde \u00e7al\u0131\u015fanlar\u0131n kat\u0131l\u0131m\u0131n\u0131 te\u015fvik etmeye y\u00f6nelik stratejiler<\/h2><p>Ger\u00e7ek s\u00fcrd\u00fcr\u00fclebilirlik ilerlemesini sa\u011flamak i\u00e7in liderler, herkesin hedeflerine ula\u015fma becerisine ve zihniyetine sahip olmas\u0131 i\u00e7in \u00e7al\u0131\u015fanlar\u0131n\u0131 g\u00fc\u00e7lendirmelidir. Bu, \u00e7al\u0131\u015fanlara s\u00fcrd\u00fcr\u00fclebilirlik d\u00f6n\u00fc\u015f\u00fcm\u00fcne aktif olarak kat\u0131lmalar\u0131 i\u00e7in bilgi ve beceriler kazand\u0131rmak amac\u0131yla s\u00fcrd\u00fcr\u00fclebilirlik uygulamalar\u0131 konusunda e\u011fitim ve \u00f6\u011fretim sa\u011flamak anlam\u0131na gelir. Bu, s\u00fcrd\u00fcr\u00fclebilir \u00fcretim tekniklerine odaklanan at\u00f6lyeler, seminerler ve \u00e7evrimi\u00e7i kaynaklar i\u00e7erebilir.<\/p><p>\u00d6rne\u011fini ele alal\u0131m <a href=\"https:\/\/knowledge-hub.circle-economy.com\/article\/23803?n=The-groundbreaking-program-from-Patagonia%2C-fostering-a-culture-of-sustainability-among-employees\" target=\"_blank\" rel=\"noopener\">Patagonya<\/a>, bir a\u00e7\u0131k hava ekipman\u0131 ve ekipman\u0131 \u015firketi. \u015eirket, &quot;\u00e7al\u0131\u015fanlar\u0131n kendi se\u00e7tikleri bir \u00e7evre \u00f6rg\u00fct\u00fcnde \u00e7al\u0131\u015fmak i\u00e7in iki aya kadar izin almalar\u0131na olanak tan\u0131yan&quot; \u00fccretli bir staj program\u0131 olan &#039;\u00c7evre Staj Program\u0131&#039;n\u0131 geli\u015ftirdi. Staj, \u015firket i\u00e7inde s\u00fcrd\u00fcr\u00fclebilirlik k\u00fclt\u00fcr\u00fc yaratmada \u00f6nemli bir yol kat etti ve \u00e7al\u0131\u015fanlar\u0131n de\u011ferli becerilerini i\u015f yerine geri getirmelerini sa\u011flad\u0131.<\/p><p>Bu t\u00fcr \u00f6\u011frenme ve geli\u015fim f\u0131rsatlar\u0131n\u0131n sa\u011flanmas\u0131n\u0131n, derin bir \u00f6rg\u00fctsel de\u011fi\u015fimi h\u0131zland\u0131rd\u0131\u011f\u0131 ve bu \u00e7al\u0131\u015fanlar\u0131n \u015firket i\u00e7indeki iklim ve s\u00fcrd\u00fcr\u00fclebilirlik giri\u015fimleri \u00fczerindeki etkisini art\u0131rd\u0131\u011f\u0131 g\u00f6r\u00fclm\u00fc\u015ft\u00fcr.<\/p><p>\u00c7al\u0131\u015fanlar\u0131n s\u00fcrd\u00fcr\u00fclebilirlik \u00e7abalar\u0131na katk\u0131lar\u0131n\u0131 te\u015fvik etmek ve takdir etmek, \u00e7al\u0131\u015fan ba\u011fl\u0131l\u0131\u011f\u0131n\u0131 da \u00f6nemli \u00f6l\u00e7\u00fcde art\u0131rabilir. Bu, s\u00fcrd\u00fcr\u00fclebilirlik \u00f6l\u00e7\u00fctlerini i\u00e7eren \u00f6d\u00fcller, takdir programlar\u0131 ve performans de\u011ferlendirmeleri yoluyla ger\u00e7ekle\u015ftirilebilir.<\/p><p>Ek olarak, <a href=\"https:\/\/www.greatplacetowork.in\/green-initiatives-and-employee-engagement-fostering-a-sustainable-workplace-culture\" target=\"_blank\" rel=\"noopener\">\u00e7al\u0131\u015fan kat\u0131l\u0131m\u0131n\u0131 art\u0131rmak<\/a> s\u00fcrd\u00fcr\u00fclebilirlik karar alma s\u00fcre\u00e7lerinin bir par\u00e7as\u0131 olmalar\u0131, s\u00fcrd\u00fcr\u00fclebilirlik giri\u015fimlerine olan sahiplik ve ba\u011fl\u0131l\u0131k duygular\u0131n\u0131 art\u0131rabilir. Bu, ye\u015fil ekipler olu\u015fturmay\u0131, s\u00fcrd\u00fcr\u00fclebilirlik stratejileri hakk\u0131nda geri bildirim istemeyi ve \u00e7al\u0131\u015fanlar\u0131 ye\u015fil projelerin uygulanmas\u0131na dahil etmeyi i\u00e7erebilir.<\/p><h2>Ye\u015fil liderli\u011fin uygulanmas\u0131ndaki zorluklar\u0131n \u00fcstesinden gelmek<\/h2><p>Daha iyi s\u00fcrd\u00fcr\u00fclebilirlik s\u00fcre\u00e7leri, uygulamalar\u0131 ve s\u00fcrd\u00fcr\u00fclebilirli\u011fe y\u00f6nelik k\u00fclt\u00fcrel bir zihniyet i\u00e7in \u00e7abalaman\u0131n a\u00e7\u0131k faydalar\u0131na ra\u011fmen, bu hedefleri operasyonel gerekliliklerle dengelemek, \u00f6zellikle de i\u015fler uzun s\u00fcredir ayn\u0131 \u015fekilde yap\u0131l\u0131yorsa, zor olabilir.<\/p><p>\u00dcretimde ye\u015fil liderli\u011fi uygulamada kar\u015f\u0131la\u015f\u0131lan \u00f6nemli zorluklardan biri de\u011fi\u015fime ve geleneksel zihniyetlere kar\u015f\u0131 direncin \u00fcstesinden gelmektir. Liderlerin s\u00fcrd\u00fcr\u00fclebilirli\u011fin faydalar\u0131n\u0131 etkili ve tutarl\u0131 bir \u015fekilde iletmeleri ve ye\u015fil uygulamalar\u0131n \u00fcretkenlik ve karl\u0131l\u0131k \u00fczerindeki etkisine ili\u015fkin endi\u015feleri ele almalar\u0131 gerekir.<\/p><p>Finansal engeller de geri \u00e7ekilmeye neden olabilir <a href=\"https:\/\/strategos.com\/sustainable-leadership-how-ceos-can-balance-profit-with-purpose\/\" target=\"_blank\" rel=\"noopener\">yat\u0131r\u0131m getirisi<\/a> s\u00fcrd\u00fcr\u00fclebilir teknolojiler i\u00e7in k\u0131sa vadede belirgin olmayabilirken, mevcut s\u00fcre\u00e7lerdeki potansiyel kesintiler s\u00fcrd\u00fcr\u00fclebilir uygulamalar\u0131n benimsenmesini engelleyebilir. Ye\u015fil liderler bu engelleri a\u015fmak i\u00e7in strateji geli\u015ftirmeli ve payda\u015flarla i\u015f birli\u011fi yapmal\u0131d\u0131r.<\/p><h2>\u00dcretimde ye\u015fil liderli\u011fin gelece\u011fi<\/h2><p>\u00dcretimin gelece\u011fi ye\u015fildir. \u00dcretim liderleri, end\u00fcstrinin daha y\u00fcksek ba\u015far\u0131 seviyelerine ula\u015fmas\u0131 i\u00e7in ye\u015fil giri\u015fimlere odaklanman\u0131n \u00f6nemini anlamal\u0131d\u0131r. Bu nedenle, ye\u015fil liderli\u011fin gelece\u011fi, bir <a href=\"https:\/\/incit.org\/en\/thought-leadership\/how-does-the-circular-economy-sustain-high-tech-electronic-needs\/\">dairesel ekonomi<\/a>, s\u00fcrd\u00fcr\u00fclebilirli\u011fi entegre ederek <a href=\"https:\/\/incit.org\/en\/thought-leadership\/4-steps-manufacturers-should-take-to-digitalise-supply-chains-and-build-resilience\/\">tedarik zinciri<\/a> uygulamalar\u0131 ve benimsemeyi <a href=\"https:\/\/incit.org\/en\/thought-leadership\/6-steps-to-overseeing-the-end-to-end-digital-transformation-of-next-gen-manufacturing-plants\/\">ileri teknolojiler<\/a> \u00c7evresel izleme ve y\u00f6netim i\u00e7in.<\/p><p>Bu giri\u015fimler ve planlar ba\u015far\u0131yla uygulan\u0131rsa, ye\u015fil liderlik, sera gaz\u0131 emisyonlar\u0131nda, kaynak t\u00fcketiminde ve at\u0131k \u00fcretiminde \u00f6nemli azalmalar sa\u011flayarak \u00fcretim sekt\u00f6r\u00fcnde devrim yaratma potansiyeline sahiptir. Dahas\u0131, \u00fcretim \u015firketlerinin sadece ekonominin temel itici g\u00fc\u00e7leri de\u011fil, ayn\u0131 zamanda sorumlu ve \u00e7evre bilincine sahip varl\u0131klar olarak itibar\u0131n\u0131 art\u0131rabilir.<\/p><h2>S\u00fcrd\u00fcr\u00fclebilirli\u011fi yukar\u0131dan a\u015fa\u011f\u0131ya bir yakla\u015f\u0131mla ilerletmek: Peki nereden ba\u015flamal\u0131?<\/h2><p>Ye\u015fil liderli\u011fin olumlu de\u011fi\u015fimi ve daha derin \u00e7al\u0131\u015fan kat\u0131l\u0131m\u0131n\u0131 y\u00f6nlendirmedeki \u00f6nemi yeterince vurgulanamaz. S\u00fcrd\u00fcr\u00fclebilirlik giri\u015fimleri i\u00e7in liderlik deste\u011fini te\u015fvik etmek, s\u00fcrd\u00fcr\u00fclebilirlik d\u00f6n\u00fc\u015f\u00fcm\u00fcnde daha fazla \u00e7al\u0131\u015fan kat\u0131l\u0131m\u0131 i\u00e7in stratejiler geli\u015ftirmek ve s\u00fcrd\u00fcr\u00fclebilirlik giri\u015fimlerini uygulamadaki zorluklar\u0131n \u00fcstesinden gelmek i\u00e7in iyi geli\u015ftirilmi\u015f bir plana sahip olmak, k\u00fcresel olarak s\u00fcrd\u00fcr\u00fclebilir bir \u00fcretim end\u00fcstrisini te\u015fvik etmenin kritik y\u00f6nleridir.<\/p><p>Peki liderler nereden ba\u015flamal\u0131? \u00dcreticilerin \u00f6ncelikle s\u00fcrd\u00fcr\u00fclebilirlik yolculuklar\u0131nda nerede durduklar\u0131n\u0131 bilmeleri ve kurulu\u015flar\u0131n\u0131 ve sekt\u00f6r\u00fc daha iyi \u00e7evresel sonu\u00e7lara g\u00f6t\u00fcrebilmek i\u00e7in bir sonraki ad\u0131mlar\u0131 stratejik olarak belirlemeleri gerekir. Anahtar, daha derin s\u00fcrd\u00fcr\u00fclebilirlik i\u00e7g\u00f6r\u00fcleri, akranlar aras\u0131nda nesnel kar\u015f\u0131la\u015ft\u0131rmalar ve \u00e7abalamak i\u00e7in s\u00fcrd\u00fcr\u00fclebilirlik k\u0131staslar\u0131 sa\u011flayan \u00f6nemli \u00f6l\u00e7\u00fctleri elde etmek ve anlamakt\u0131r.<\/p><p>Tarafs\u0131z olgunluk de\u011ferlendirmeleri ve \u00e7er\u00e7eveleri gibi <a href=\"https:\/\/www.weforum.org\/agenda\/2024\/01\/sustainability-field-approach-scale-sustainability-manufacturing-value-chains\/\" target=\"_blank\" rel=\"noopener\">T\u00fcketici S\u00fcrd\u00fcr\u00fclebilirli\u011fi End\u00fcstri Haz\u0131rl\u0131k Endeksi (COSIRI)<\/a> daha ye\u015fil bir \u00fcretim d\u00fcnyas\u0131n\u0131n s\u0131rr\u0131d\u0131r. \u0130\u015fletme i\u00e7inde yukar\u0131dan a\u015fa\u011f\u0131ya de\u011fi\u015fikliklere \u00f6nc\u00fcl\u00fck etmek i\u00e7in \u00fc\u00e7\u00fcnc\u00fc taraf tarafs\u0131z k\u0131yaslama ara\u00e7lar\u0131na eri\u015fim sa\u011flayarak, ye\u015fil liderler olmay\u0131 hedefleyen \u00fcreticiler iklim de\u011fi\u015fikli\u011fiyle m\u00fccadelede cephaneliklerinde ihtiya\u00e7 duyduklar\u0131 t\u00fcm silahlara sahip olacaklar.<\/p><p>Ye\u015fil bir lider olmak i\u00e7in bir sonraki ad\u0131m\u0131 atmaya haz\u0131r m\u0131s\u0131n\u0131z? Nas\u0131l yap\u0131laca\u011f\u0131 hakk\u0131nda daha fazla bilgi edinin <a href=\"https:\/\/incit.org\/en\/services\/cosiri\/\">KOZ\u0130R\u0130<\/a> sizin ve kurulu\u015funuzun ye\u015fil yolculu\u011funuzu h\u0131zland\u0131rman\u0131za yard\u0131mc\u0131 olabilir. Bizimle ileti\u015fime ge\u00e7in <a href=\"mailto:contact@incit.org\">contact@incit.org<\/a> bir sohbet ba\u015flatmak.<\/p>\t\t\t\t\t\t\t\t<\/div>\n\t\t\t\t<\/div>\n\t\t\t\t\t<\/div>\n\t\t\t\t<\/div>\n\t\t\t\t<\/div>","protected":false},"excerpt":{"rendered":"<p>Havan\u0131n ne kadar a\u015f\u0131r\u0131 hale geldi\u011fini en son ne zaman d\u00fc\u015f\u00fcnd\u00fcn\u00fcz? \u0130klim de\u011fi\u015fikli\u011finin etkileri d\u00fcnya \u00e7ap\u0131nda her g\u00fcn hissediliyor. D\u00fcnya Sa\u011fl\u0131k \u00d6rg\u00fct\u00fc&#039;ne g\u00f6re, 2030 ile 2050 y\u0131llar\u0131 aras\u0131nda iklim de\u011fi\u015fikli\u011finin yaln\u0131zca yetersiz beslenme, s\u0131tma, ishal ve \u0131s\u0131 stresi nedeniyle y\u0131lda yakla\u015f\u0131k 250.000 ek \u00f6l\u00fcme neden olmas\u0131 bekleniyor. T\u00fcm [\u2026]<\/p>","protected":false},"author":3,"featured_media":35246,"comment_status":"closed","ping_status":"open","sticky":false,"template":"","format":"standard","meta":{"_acf_changed":false,"footnotes":""},"categories":[17],"tags":[93,94,27],"class_list":["post-20283","post","type-post","status-publish","format-standard","has-post-thumbnail","hentry","category-thought-leadership","tag-greenmanufacturing","tag-leadership","tag-mainspotlight"],"acf":{"topic":"sustainability"},"_links":{"self":[{"href":"https:\/\/incit.org\/tr\/wp-json\/wp\/v2\/posts\/20283","targetHints":{"allow":["GET"]}}],"collection":[{"href":"https:\/\/incit.org\/tr\/wp-json\/wp\/v2\/posts"}],"about":[{"href":"https:\/\/incit.org\/tr\/wp-json\/wp\/v2\/types\/post"}],"author":[{"embeddable":true,"href":"https:\/\/incit.org\/tr\/wp-json\/wp\/v2\/users\/3"}],"replies":[{"embeddable":true,"href":"https:\/\/incit.org\/tr\/wp-json\/wp\/v2\/comments?post=20283"}],"version-history":[{"count":8,"href":"https:\/\/incit.org\/tr\/wp-json\/wp\/v2\/posts\/20283\/revisions"}],"predecessor-version":[{"id":43333,"href":"https:\/\/incit.org\/tr\/wp-json\/wp\/v2\/posts\/20283\/revisions\/43333"}],"wp:featuredmedia":[{"embeddable":true,"href":"https:\/\/incit.org\/tr\/wp-json\/wp\/v2\/media\/35246"}],"wp:attachment":[{"href":"https:\/\/incit.org\/tr\/wp-json\/wp\/v2\/media?parent=20283"}],"wp:term":[{"taxonomy":"category","embeddable":true,"href":"https:\/\/incit.org\/tr\/wp-json\/wp\/v2\/categories?post=20283"},{"taxonomy":"post_tag","embeddable":true,"href":"https:\/\/incit.org\/tr\/wp-json\/wp\/v2\/tags?post=20283"}],"curies":[{"name":"wp","href":"https:\/\/api.w.org\/{rel}","templated":true}]}}