{"id":24282,"date":"2024-02-27T11:43:36","date_gmt":"2024-02-27T03:43:36","guid":{"rendered":"https:\/\/incit.org\/?p=24282"},"modified":"2025-04-14T22:20:31","modified_gmt":"2025-04-14T14:20:31","slug":"the-impact-of-long-distance-freight-on-mining-supply-chain-sustainability","status":"publish","type":"post","link":"https:\/\/incit.org\/tr\/thought-leadership\/the-impact-of-long-distance-freight-on-mining-supply-chain-sustainability\/","title":{"rendered":"Uzun mesafeli ta\u015f\u0131mac\u0131l\u0131\u011f\u0131n madencilik tedarik zinciri s\u00fcrd\u00fcr\u00fclebilirli\u011fine olan etkisinin anla\u015f\u0131lmas\u0131"},"content":{"rendered":"<p><span data-contrast=\"auto\">En son \u00e7evrimi\u00e7i al\u0131\u015fveri\u015f yapt\u0131\u011f\u0131n\u0131z zaman\u0131 d\u00fc\u015f\u00fcn\u00fcn - \u00fcr\u00fcn\u00fcn\u00fcz nereden g\u00f6nderildi? Nerede \u00fcretildi? Peki ya bu \u00fcr\u00fcnleri \u00fcretmek i\u00e7in gereken ham maddeler? \u00dcr\u00fcn\u00fcn\u00fcz\u00fcn kap\u0131n\u0131za ula\u015fmadan \u00f6nce tedarik zincirinde birka\u00e7 a\u015famadan ge\u00e7mesi ve farkl\u0131 konumlara ta\u015f\u0131nmas\u0131 olas\u0131l\u0131\u011f\u0131 y\u00fcksektir.<\/span><span data-ccp-props=\"{&quot;201341983&quot;:0,&quot;335559685&quot;:-20,&quot;335559737&quot;:-20,&quot;335559739&quot;:160,&quot;335559740&quot;:259}\">\u00a0<\/span><\/p>\n<p><span data-contrast=\"auto\">Uzun mesafeli y\u00fck ta\u015f\u0131mac\u0131l\u0131\u011f\u0131, mallar\u0131n geni\u015f mesafeler boyunca sorunsuz bir \u015fekilde akmas\u0131n\u0131 sa\u011flamada, \u00fcreticileri tedarik\u00e7iler, da\u011f\u0131t\u0131mc\u0131lar ve nihayetinde m\u00fc\u015fterilerle bir araya getirmede \u00f6nemli bir rol oynar. Ancak, uzun mesafeli y\u00fck\u00fcn yayg\u0131n kullan\u0131m\u0131 \u00f6nemli \u00e7evresel ve sosyal zorluklar ortaya \u00e7\u0131kar\u0131r ve <\/span><a href=\"https:\/\/www.oecd.org\/greengrowth\/greening-transport\/41380980.pdf\" target=\"_blank\" rel=\"noopener\"><span data-contrast=\"none\">artan sera gaz\u0131 (GHG) emisyonlar\u0131<\/span><\/a><span data-contrast=\"auto\">, iklim de\u011fi\u015fikli\u011fine ve \u00e7evresel bozulmaya katk\u0131da bulunuyor. Asl\u0131nda, Uluslararas\u0131 Enerji Ajans\u0131, nakliyenin yakla\u015f\u0131k olarak <\/span><a href=\"https:\/\/www.raconteur.net\/supply-chain\/shipping-emissions-slower\" target=\"_blank\" rel=\"noopener\"><span data-contrast=\"none\">T\u00fcm enerjiyle ilgili sera gaz\u0131 emisyonlar\u0131n\u0131n 2%&#039;si<\/span><\/a><span data-contrast=\"auto\"> 2022 y\u0131l\u0131nda karbon ayak izinde 5%&#039;lik bir art\u0131\u015fa katk\u0131da bulunacak.<\/span><span data-ccp-props=\"{&quot;201341983&quot;:0,&quot;335559685&quot;:-20,&quot;335559737&quot;:-20,&quot;335559739&quot;:160,&quot;335559740&quot;:259}\">\u00a0<\/span><\/p>\n<p><span data-contrast=\"auto\">Bu nedenle \u00fcreticilerin nakliye hizmeti sa\u011flay\u0131c\u0131lar\u0131yla birlikte \u00e7al\u0131\u015fmalar\u0131 ve \u00e7evresel, sosyal ve y\u00f6neti\u015fim (ESG) hedeflerine ula\u015fmalar\u0131n\u0131 sa\u011flayacak \u00e7\u00f6z\u00fcmler benimsemeleri zorunludur.<\/span><span data-ccp-props=\"{&quot;201341983&quot;:0,&quot;335559685&quot;:-20,&quot;335559737&quot;:-20,&quot;335559739&quot;:160,&quot;335559740&quot;:259}\">\u00a0<\/span><\/p>\n<h2 aria-level=\"2\"><span data-contrast=\"none\">S\u00fcrd\u00fcr\u00fclebilir lojistik uygulamalar\u0131n\u0131 y\u00f6nlendirmede madencili\u011fin rol\u00fc<\/span><span data-ccp-props=\"{&quot;134245418&quot;:true,&quot;134245529&quot;:true,&quot;201341983&quot;:0,&quot;335559738&quot;:40,&quot;335559739&quot;:0,&quot;335559740&quot;:259}\">\u00a0<\/span><\/h2>\n<p><span data-contrast=\"auto\">Madencilik sekt\u00f6r\u00fc, s\u00fcrd\u00fcr\u00fclebilir lojistik uygulamalar\u0131n\u0131 y\u00f6nlendirmede ve tedarik zinciri ekosistemini etkilemede hayati bir rol oynar. S\u00fcrd\u00fcr\u00fclebilir tedarik zinciri y\u00f6netimini savunarak, bu \u00fcreticiler end\u00fcstri standartlar\u0131n\u0131 belirleyebilir, tedarik\u00e7iler ve ortaklar aras\u0131nda olumlu de\u011fi\u015fime ilham verebilir ve ye\u015fil y\u00fck teknolojileri ve uygulamalar\u0131n\u0131 benimsemede \u00f6rnek te\u015fkil edebilir.<\/span><span data-ccp-props=\"{&quot;201341983&quot;:0,&quot;335559739&quot;:160,&quot;335559740&quot;:259}\">\u00a0<\/span><\/p>\n<p><span data-contrast=\"auto\">Ayr\u0131ca, daha ye\u015fil ve daha verimli bir tedarik zinciri olu\u015fturmak i\u00e7in inovasyonu benimsemek esast\u0131r. \u00dcreticiler, s\u00fcrd\u00fcr\u00fclebilir tedarik zinciri hedeflerine ula\u015fma yolunda anlaml\u0131 ilerleme sa\u011flamak i\u00e7in geli\u015fmi\u015f teknolojilere yat\u0131r\u0131m yapmal\u0131, sekt\u00f6r ortaklar\u0131yla i\u015f birli\u011fi yapmal\u0131 ve operasyonlar\u0131nda s\u00fcrd\u00fcr\u00fclebilirli\u011fe \u00f6ncelik vermelidir.<\/span><span data-ccp-props=\"{&quot;201341983&quot;:0,&quot;335559739&quot;:160,&quot;335559740&quot;:259}\">\u00a0<\/span><\/p>\n<h2><span data-contrast=\"none\">Uzun mesafeli y\u00fck ta\u015f\u0131mac\u0131l\u0131\u011f\u0131n\u0131 optimize etmek i\u00e7in yenilik\u00e7i stratejiler<\/span><span data-ccp-props=\"{&quot;134245418&quot;:true,&quot;134245529&quot;:true,&quot;201341983&quot;:0,&quot;335559738&quot;:40,&quot;335559739&quot;:0,&quot;335559740&quot;:259}\">\u00a0<\/span><\/h2>\n<p><span data-contrast=\"auto\">Uzun mesafeli y\u00fck ta\u015f\u0131mac\u0131l\u0131\u011f\u0131n\u0131n \u00e7evresel etkisini ele almak ve tedarik zinciri s\u00fcrd\u00fcr\u00fclebilirli\u011fini optimize etmek i\u00e7in madencilik sekt\u00f6r\u00fc, teknolojiden yararlanan, intermodal ta\u015f\u0131mac\u0131l\u0131\u011f\u0131 benimseyen ve s\u00fcrd\u00fcr\u00fclebilir paketleme ve elle\u00e7leme uygulamalar\u0131n\u0131 te\u015fvik eden yenilik\u00e7i stratejiler uygulayabilir.<\/span><span data-ccp-props=\"{&quot;201341983&quot;:0,&quot;335559685&quot;:-20,&quot;335559737&quot;:-20,&quot;335559739&quot;:160,&quot;335559740&quot;:259}\">\u00a0<\/span><\/p>\n<p><span data-contrast=\"auto\">Geli\u015fmi\u015f analizler, yapay zeka (AI) ve g\u00fcvenlik teknolojileri, uzun mesafeli y\u00fck ta\u015f\u0131mac\u0131l\u0131\u011f\u0131nda verimli rota planlama ve optimizasyonu i\u00e7in kullan\u0131labilir. Ger\u00e7ek zamanl\u0131 veriler ve \u00f6ng\u00f6r\u00fcc\u00fc analizler, \u00fcreticilerin en verimli ta\u015f\u0131ma rotalar\u0131n\u0131 belirlemesine yard\u0131mc\u0131 olmakla kalmaz, <\/span><a href=\"https:\/\/www.researchgate.net\/publication\/228649815_Route_optimization_to_increase_energy_efficiency_and_reduce_fuel_consumption_of_communal_vehicles\" target=\"_blank\" rel=\"noopener\"><span data-contrast=\"none\">20%&#039;ye kadar tasarruf sa\u011fl\u0131yor<\/span><\/a><span data-contrast=\"auto\"> ula\u015f\u0131m maliyetlerinde, ancak ayn\u0131 zamanda <\/span><a href=\"https:\/\/www.azomining.com\/Article.aspx?ArticleID=1691\" target=\"_blank\" rel=\"noopener\"><span data-contrast=\"none\">sera gaz\u0131 emisyonlar\u0131n\u0131 azaltmak<\/span><\/a><span data-contrast=\"auto\">.<\/span><span data-ccp-props=\"{&quot;201341983&quot;:0,&quot;335559685&quot;:-20,&quot;335559737&quot;:-20,&quot;335559739&quot;:160,&quot;335559740&quot;:259}\">\u00a0<\/span><\/p>\n<p><span data-contrast=\"auto\">Bu ak\u0131ll\u0131 teknolojilerin yan\u0131 s\u0131ra, demir yolu, kara yolu ve deniz yolu gibi birden fazla ula\u015f\u0131m modunun kullan\u0131m\u0131n\u0131 i\u00e7eren intermodal ta\u015f\u0131mac\u0131l\u0131k, geleneksel y\u00fck y\u00f6ntemlerine s\u00fcrd\u00fcr\u00fclebilir bir alternatif sunar. Ayr\u0131ca, daha uygun maliyetlidir - yakla\u015f\u0131k olarak maliyet tasarrufu potansiyeli <\/span><a href=\"https:\/\/www.tms-transportation.com\/blogs\/advantages-of-intermodal-transportation\/\" target=\"_blank\" rel=\"noopener\"><span data-contrast=\"none\">10%&#039;den 40%&#039;ye<\/span><\/a><span data-contrast=\"auto\"> Daha d\u00fc\u015f\u00fck yak\u0131t maliyetleri, daha d\u00fc\u015f\u00fck elle\u00e7leme \u00fccretleri ve artan verimlilik gibi fakt\u00f6rler nedeniyle beklenebilir.<\/span><span data-ccp-props=\"{&quot;134233117&quot;:false,&quot;134233118&quot;:false,&quot;201341983&quot;:0,&quot;335551550&quot;:1,&quot;335551620&quot;:1,&quot;335559685&quot;:-20,&quot;335559737&quot;:-20,&quot;335559738&quot;:0,&quot;335559739&quot;:160,&quot;335559740&quot;:259}\">\u00a0<\/span><\/p>\n<h2 aria-level=\"2\"><span data-contrast=\"none\">S\u00fcrd\u00fcr\u00fclebilir uzun mesafeli y\u00fck ta\u015f\u0131mac\u0131l\u0131\u011f\u0131 i\u00e7in i\u015f birli\u011fi \u00e7abalar\u0131<\/span><span data-ccp-props=\"{&quot;134245418&quot;:true,&quot;134245529&quot;:true,&quot;201341983&quot;:0,&quot;335559738&quot;:40,&quot;335559739&quot;:0,&quot;335559740&quot;:259}\">\u00a0<\/span><\/h2>\n<p><span data-contrast=\"auto\">S\u00fcrd\u00fcr\u00fclebilir uzun mesafeli y\u00fck ta\u015f\u0131mac\u0131l\u0131\u011f\u0131 uygulamalar\u0131n\u0131 te\u015fvik etmek i\u00e7in yenilik\u00e7i stratejilerin uygulanmas\u0131n\u0131n yan\u0131 s\u0131ra \u00e7evre dostu ta\u015f\u0131y\u0131c\u0131lar, sekt\u00f6r ortaklar\u0131 ve ara\u015ft\u0131rma kurumlar\u0131yla i\u015f birli\u011fi yap\u0131lmas\u0131 da \u00f6nemlidir.<\/span><span data-ccp-props=\"{&quot;201341983&quot;:0,&quot;335559685&quot;:-20,&quot;335559737&quot;:-20,&quot;335559739&quot;:160,&quot;335559740&quot;:259}\">\u00a0<\/span><\/p>\n<p><span data-contrast=\"auto\">Madencilik kurulu\u015flar\u0131, s\u00fcrd\u00fcr\u00fclebilirli\u011fe ba\u011fl\u0131l\u0131k g\u00f6steren \u00e7evre dostu ta\u015f\u0131y\u0131c\u0131lar ve hizmet sa\u011flay\u0131c\u0131larla ortakl\u0131klara \u00f6ncelik vermelidir. D\u00fc\u015f\u00fck emisyonlu ara\u00e7lar, alternatif yak\u0131tlar ve enerji a\u00e7\u0131s\u0131ndan verimli ula\u015f\u0131m teknolojileri kullanan ta\u015f\u0131y\u0131c\u0131larla ortakl\u0131k kurmak, \u00fcreticilerin uzun mesafeli y\u00fck operasyonlar\u0131n\u0131n \u00e7evresel etkisini azaltmaya kararl\u0131 olduklar\u0131n\u0131n sinyalini verir. \u00d6rne\u011fin, \u0130sve\u00e7li madencilik \u015firketi Boliden halihaz\u0131rda ilerleme kaydediyor <\/span><a href=\"https:\/\/www.mining-technology.com\/news\/volvo-autonomous-swedens-boliden\/\" target=\"_blank\" rel=\"noopener\"><span data-contrast=\"none\">Volvo ile i\u015fbirli\u011fi<\/span><\/a><span data-contrast=\"auto\"> s\u00fcrd\u00fcr\u00fclebilirlik \u00e7abalar\u0131n\u0131 art\u0131rmak i\u00e7in.<\/span><span data-ccp-props=\"{&quot;201341983&quot;:0,&quot;335559685&quot;:-20,&quot;335559737&quot;:-20,&quot;335559739&quot;:160,&quot;335559740&quot;:259}\">\u00a0<\/span><\/p>\n<p><span data-contrast=\"auto\">Ayr\u0131ca, end\u00fcstri i\u015f birli\u011fine girmek, s\u00fcrd\u00fcr\u00fclebilir tedarik zinciri \u00e7\u00f6z\u00fcmlerini y\u00f6nlendirmek ve uzun mesafeli y\u00fck ta\u015f\u0131mac\u0131l\u0131\u011f\u0131nda yenili\u011fi te\u015fvik etmek a\u00e7\u0131s\u0131ndan \u00e7ok \u00f6nemlidir. Madencilik sekt\u00f6r\u00fcndeki \u015firketler, s\u00fcrd\u00fcr\u00fclebilir tedarik zinciri y\u00f6netimine odaklanan end\u00fcstri giri\u015fimlerine, ortakl\u0131klara ve forumlara kat\u0131labilir. <\/span><a href=\"https:\/\/www.bsr.org\/en\/blog\/three-reasons-why-collaboration-is-key-to-green-shipping\" target=\"_blank\" rel=\"noopener\"><span data-contrast=\"none\">En iyi uygulamalar\u0131 payla\u015fmak ve \u00e7evresel zorluklar\u0131 kolektif olarak ele almak<\/span><\/a><span data-contrast=\"auto\">Sekt\u00f6rdeki meslekta\u015flar\u0131yla i\u015f birli\u011fi yaparak \u00fcreticiler, t\u00fcm tedarik zinciri ekosistemine fayda sa\u011flayacak s\u00fcrd\u00fcr\u00fclebilir uzun mesafeli y\u00fck \u00e7\u00f6z\u00fcmleri geli\u015ftirmek ve uygulamak i\u00e7in kolektif uzmanl\u0131k ve kaynaklardan yararlanabilirler.<\/span><span data-ccp-props=\"{&quot;201341983&quot;:0,&quot;335559685&quot;:-20,&quot;335559737&quot;:-20,&quot;335559739&quot;:160,&quot;335559740&quot;:259}\">\u00a0<\/span><\/p>\n<h2 aria-level=\"2\"><span data-contrast=\"none\">Uzun mesafeli y\u00fck ta\u015f\u0131mac\u0131l\u0131\u011f\u0131n\u0131n s\u00fcrd\u00fcr\u00fclebilirli\u011finin \u00f6l\u00e7\u00fclmesi ve izlenmesi<\/span><span data-ccp-props=\"{&quot;134245418&quot;:true,&quot;134245529&quot;:true,&quot;201341983&quot;:0,&quot;335559738&quot;:40,&quot;335559739&quot;:0,&quot;335559740&quot;:259}\">\u00a0<\/span><\/h2>\n<p><span data-contrast=\"auto\">Madencilik ve genel olarak imalat sekt\u00f6r\u00fc, uzun mesafeli y\u00fck operasyonlar\u0131n\u0131n s\u00fcrd\u00fcr\u00fclebilirli\u011fini etkili bir \u015fekilde nas\u0131l \u00f6l\u00e7ebilir ve izleyebilir? \u0130\u015fte \u00e7evresel etkiyi de\u011ferlendirebilecekleri, ilerlemeyi takip edebilecekleri ve tedarik zinciri s\u00fcrd\u00fcr\u00fclebilirli\u011finde s\u00fcrekli iyile\u015ftirme sa\u011flayabilecekleri baz\u0131 yollar.<\/span><span data-ccp-props=\"{&quot;201341983&quot;:0,&quot;335559685&quot;:-20,&quot;335559737&quot;:-20,&quot;335559739&quot;:160,&quot;335559740&quot;:259}\">\u00a0<\/span><\/p>\n<h3><span data-contrast=\"none\">1. \u00c7evresel etkiyi de\u011ferlendirmek i\u00e7in temel performans g\u00f6stergeleri<\/span><span data-ccp-props=\"{&quot;134245418&quot;:true,&quot;134245529&quot;:true,&quot;201341983&quot;:0,&quot;335559737&quot;:-20,&quot;335559738&quot;:40,&quot;335559739&quot;:0,&quot;335559740&quot;:259}\">\u00a0<\/span><\/h3>\n<p><span data-contrast=\"auto\">\u00dcreticiler \u015funlar\u0131 kurabilir: <\/span><a href=\"https:\/\/www.gep.com\/blog\/strategy\/kpis-for-sustainable-supply-chain\" target=\"_blank\" rel=\"noopener\"><span data-contrast=\"none\">temel performans g\u00f6stergeleri (KPI&#039;lar)<\/span><\/a><span data-contrast=\"auto\"> Uzun mesafeli y\u00fck ta\u015f\u0131mac\u0131l\u0131\u011f\u0131 operasyonlar\u0131n\u0131n \u00e7evresel etkisini de\u011ferlendirmek. Ton-mil ba\u015f\u0131na karbon emisyonlar\u0131, yak\u0131t verimlili\u011fi ve at\u0131k azaltma \u00f6l\u00e7\u00fcmleri gibi KPI&#039;lar, y\u00fck ta\u015f\u0131mac\u0131l\u0131\u011f\u0131n\u0131n s\u00fcrd\u00fcr\u00fclebilirli\u011fi hakk\u0131nda de\u011ferli bilgiler sa\u011flar.<\/span><span data-ccp-props=\"{&quot;201341983&quot;:0,&quot;335559685&quot;:-20,&quot;335559737&quot;:-20,&quot;335559739&quot;:160,&quot;335559740&quot;:259}\">\u00a0<\/span><\/p>\n<h3><span data-contrast=\"auto\">2. \u015eeffafl\u0131k i\u00e7in izleme ve raporlama sistemlerinin uygulanmas\u0131<\/span><span data-ccp-props=\"{&quot;201341983&quot;:0,&quot;335559737&quot;:-20,&quot;335559739&quot;:160,&quot;335559740&quot;:259}\">\u00a0<\/span><\/h3>\n<p><span data-contrast=\"auto\">Uzun mesafeli y\u00fck ta\u015f\u0131mac\u0131l\u0131\u011f\u0131n\u0131n s\u00fcrd\u00fcr\u00fclebilirli\u011fini \u00f6l\u00e7mek i\u00e7in \u015feffafl\u0131k ve hesap verebilirlik i\u00e7in izleme ve raporlama sistemleri uygulamak esast\u0131r. \u00dcreticiler, \u00e7evresel performans\u0131, emisyon verilerini ve s\u00fcrd\u00fcr\u00fclebilirlik standartlar\u0131na uyumu izlemek ve raporlamak i\u00e7in dijital platformlardan, tedarik zinciri y\u00f6netim yaz\u0131l\u0131mlar\u0131ndan ve IoT \u00f6zellikli cihazlardan yararlanabilir. Bu, \u00fcreticilerin s\u00fcrd\u00fcr\u00fclebilir tedarik zinciri uygulamalar\u0131na olan ba\u011fl\u0131l\u0131klar\u0131n\u0131 g\u00f6stermelerine ve m\u00fc\u015fteriler, ortaklar ve d\u00fczenleyici otoritelerle g\u00fcven olu\u015fturmalar\u0131na yard\u0131mc\u0131 olur.<\/span><span data-ccp-props=\"{&quot;201341983&quot;:0,&quot;335559685&quot;:-20,&quot;335559737&quot;:-20,&quot;335559739&quot;:160,&quot;335559740&quot;:259}\">\u00a0<\/span><\/p>\n<h3><span data-contrast=\"none\">3. S\u00fcrd\u00fcr\u00fclebilir uygulamalar\u0131n s\u00fcrekli iyile\u015ftirilmesi ve uyarlanmas\u0131<\/span><span data-ccp-props=\"{&quot;134245418&quot;:true,&quot;134245529&quot;:true,&quot;201341983&quot;:0,&quot;335559737&quot;:-20,&quot;335559738&quot;:40,&quot;335559739&quot;:0,&quot;335559740&quot;:259}\">\u00a0<\/span><\/h3>\n<p><span data-contrast=\"auto\">\u00dcreticiler, geri bildirimleri, i\u00e7g\u00f6r\u00fcleri ve izleme ve \u00f6l\u00e7\u00fcm faaliyetlerinden al\u0131nan dersleri birle\u015ftirerek s\u00fcrd\u00fcr\u00fclebilir tedarik zinciri stratejilerini d\u00fczenli olarak g\u00f6zden ge\u00e7irmeli ve iyile\u015ftirmelidir. S\u00fcrekli iyile\u015ftirme k\u00fclt\u00fcr\u00fcne sahip olmak, \u00fcreticilerin \u00e7evresel zorluklar\u0131 proaktif bir \u015fekilde ele alabilecekleri, de\u011fi\u015fen pazar taleplerine yan\u0131t verebilecekleri ve kendilerini s\u00fcrd\u00fcr\u00fclebilir tedarik zinciri y\u00f6netiminde lider olarak konumland\u0131rabilecekleri anlam\u0131na gelir.<\/span><span data-ccp-props=\"{&quot;201341983&quot;:0,&quot;335559685&quot;:-20,&quot;335559737&quot;:-20,&quot;335559739&quot;:160,&quot;335559740&quot;:259}\">\u00a0<\/span><\/p>\n<h2 aria-level=\"2\"><span data-contrast=\"none\">De\u011fer zincirinde daha fazla s\u00fcrd\u00fcr\u00fclebilirlik yaratmak<\/span><span data-ccp-props=\"{&quot;134245418&quot;:true,&quot;134245529&quot;:true,&quot;201341983&quot;:0,&quot;335559738&quot;:40,&quot;335559739&quot;:0,&quot;335559740&quot;:259}\">\u00a0<\/span><\/h2>\n<p><span data-contrast=\"auto\">G\u00fcn\u00fcm\u00fcz d\u00fcnyas\u0131 \u00e7e\u015fitli nedenlerle uzun mesafeli y\u00fck ta\u015f\u0131mac\u0131l\u0131\u011f\u0131na b\u00fcy\u00fck \u00f6l\u00e7\u00fcde ba\u011f\u0131ml\u0131d\u0131r, ancak \u00e7evresel etkisi g\u00f6z ard\u0131 edilemez. Uzun mesafeli y\u00fck ta\u015f\u0131mac\u0131l\u0131\u011f\u0131n\u0131n etkisini a\u015fmaya \u00e7al\u0131\u015fan \u00fcreticiler, kapsaml\u0131 y\u00fck kullan\u0131m\u0131n\u0131n getirdi\u011fi \u00e7evresel ve sosyal zorluklar\u0131 anlamal\u0131 ve anlaml\u0131 de\u011fi\u015fimleri y\u00f6nlendirmek ve s\u00fcrd\u00fcr\u00fclebilir tedarik zinciri operasyonlar\u0131 elde etmek i\u00e7in yenilik\u00e7i stratejileri, i\u015fbirlik\u00e7i \u00e7abalar\u0131 ve sa\u011flam \u00f6l\u00e7\u00fcm uygulamalar\u0131n\u0131 benimsemelidir.<\/span><span data-ccp-props=\"{&quot;201341983&quot;:0,&quot;335559685&quot;:-20,&quot;335559737&quot;:-20,&quot;335559739&quot;:160,&quot;335559740&quot;:259}\">\u00a0<\/span><\/p>\n<p><span data-contrast=\"auto\">Uzun mesafeli y\u00fck ta\u015f\u0131mac\u0131l\u0131\u011f\u0131nda tedarik zinciri s\u00fcrd\u00fcr\u00fclebilirli\u011fine \u00f6ncelik vermek yaln\u0131zca bir sorumluluk de\u011fil, ayn\u0131 zamanda \u00fcreticilerin \u00e7evresel etkiyi en aza indirmeleri, marka itibar\u0131n\u0131 art\u0131rmalar\u0131 ve i\u015fletmeleri i\u00e7in uzun vadeli de\u011fer yaratmalar\u0131 i\u00e7in bir f\u0131rsatt\u0131r. \u00dcreticiler s\u00fcrd\u00fcr\u00fclebilirli\u011fe \u00f6ncelik vererek iklim de\u011fi\u015fikli\u011fiyle m\u00fccadele, karbon emisyonlar\u0131n\u0131 azaltma ve daha sa\u011fl\u0131kl\u0131 ve daha s\u00fcrd\u00fcr\u00fclebilir bir gelece\u011fi te\u015fvik etme y\u00f6n\u00fcndeki k\u00fcresel \u00e7abalara katk\u0131da bulunabilirler.<\/span><span data-ccp-props=\"{&quot;201341983&quot;:0,&quot;335559685&quot;:-20,&quot;335559737&quot;:-20,&quot;335559739&quot;:160,&quot;335559740&quot;:259}\">\u00a0<\/span><\/p>\n<p><span data-contrast=\"auto\">Mevcut s\u00fcrd\u00fcr\u00fclebilirlik \u00e7abalar\u0131n\u0131 ve ESG yolculuklar\u0131nda nerede olduklar\u0131n\u0131 daha iyi anlamak i\u00e7in \u00fcreticilerin yol g\u00f6sterici bir pusulaya ve ilerlemelerini de\u011ferlendirmenin bir yoluna ihtiya\u00e7lar\u0131 vard\u0131r. Bu, s\u00fcrd\u00fcr\u00fclebilirlik olgunluk de\u011ferlendirmeleri ve \u015fu gibi \u00e7er\u00e7evelerin yard\u0131m\u0131yla m\u00fcmk\u00fcnd\u00fcr: <\/span><a href=\"https:\/\/incit.org\/en\/services\/cosiri\/\"><span data-contrast=\"none\">T\u00fcketici S\u00fcrd\u00fcr\u00fclebilirli\u011fi End\u00fcstri Haz\u0131rl\u0131k Endeksi (COSIRI)<\/span><\/a><span data-contrast=\"auto\">.<\/span><span data-ccp-props=\"{&quot;201341983&quot;:0,&quot;335559685&quot;:-20,&quot;335559737&quot;:-20,&quot;335559739&quot;:160,&quot;335559740&quot;:259}\">\u00a0<\/span><\/p>\n<p><span data-contrast=\"auto\">COSIRI ile \u00fcreticiler s\u00fcrd\u00fcr\u00fclebilirlik d\u00f6n\u00fc\u015f\u00fcmlerini h\u0131zland\u0131rmak i\u00e7in ne yap\u0131lmas\u0131 gerekti\u011fine dair daha net bir anlay\u0131\u015f ve daha derin, tarafs\u0131z i\u00e7g\u00f6r\u00fcler elde edebilirler. Nas\u0131l oldu\u011funu \u00f6\u011frenin <\/span><a href=\"https:\/\/incit.org\/en\/services\/cosiri\/\"><span data-contrast=\"none\">KOZ\u0130R\u0130<\/span><\/a><span data-contrast=\"auto\"> Daha ye\u015fil sonu\u00e7lara ula\u015fman\u0131z\u0131 ve tedarik zincirinizi d\u00f6n\u00fc\u015ft\u00fcrmenizi sa\u011flayabilir.<\/span><span data-ccp-props=\"{&quot;201341983&quot;:0,&quot;335559685&quot;:-20,&quot;335559737&quot;:-20,&quot;335559739&quot;:160,&quot;335559740&quot;:259}\">\u00a0<\/span><\/p>","protected":false},"excerpt":{"rendered":"<p>En son \u00e7evrimi\u00e7i al\u0131\u015fveri\u015f yapt\u0131\u011f\u0131n\u0131z zaman\u0131 d\u00fc\u015f\u00fcn\u00fcn - \u00fcr\u00fcn\u00fcn\u00fcz nereden g\u00f6nderildi? Nerede \u00fcretildi? Peki ya bu \u00fcr\u00fcnleri \u00fcretmek i\u00e7in gereken ham maddeler? \u00dcr\u00fcn\u00fcn\u00fcz\u00fcn tedarik zincirinde birka\u00e7 a\u015famadan ge\u00e7mesi ve [\u2026]<\/p>","protected":false},"author":3,"featured_media":35235,"comment_status":"closed","ping_status":"open","sticky":false,"template":"","format":"standard","meta":{"_acf_changed":false,"footnotes":""},"categories":[17],"tags":[97,44,98],"class_list":["post-24282","post","type-post","status-publish","format-standard","has-post-thumbnail","hentry","category-thought-leadership","tag-mining","tag-spotlight","tag-suppy-chain"],"acf":{"topic":"supply chain"},"_links":{"self":[{"href":"https:\/\/incit.org\/tr\/wp-json\/wp\/v2\/posts\/24282","targetHints":{"allow":["GET"]}}],"collection":[{"href":"https:\/\/incit.org\/tr\/wp-json\/wp\/v2\/posts"}],"about":[{"href":"https:\/\/incit.org\/tr\/wp-json\/wp\/v2\/types\/post"}],"author":[{"embeddable":true,"href":"https:\/\/incit.org\/tr\/wp-json\/wp\/v2\/users\/3"}],"replies":[{"embeddable":true,"href":"https:\/\/incit.org\/tr\/wp-json\/wp\/v2\/comments?post=24282"}],"version-history":[{"count":1,"href":"https:\/\/incit.org\/tr\/wp-json\/wp\/v2\/posts\/24282\/revisions"}],"predecessor-version":[{"id":35236,"href":"https:\/\/incit.org\/tr\/wp-json\/wp\/v2\/posts\/24282\/revisions\/35236"}],"wp:featuredmedia":[{"embeddable":true,"href":"https:\/\/incit.org\/tr\/wp-json\/wp\/v2\/media\/35235"}],"wp:attachment":[{"href":"https:\/\/incit.org\/tr\/wp-json\/wp\/v2\/media?parent=24282"}],"wp:term":[{"taxonomy":"category","embeddable":true,"href":"https:\/\/incit.org\/tr\/wp-json\/wp\/v2\/categories?post=24282"},{"taxonomy":"post_tag","embeddable":true,"href":"https:\/\/incit.org\/tr\/wp-json\/wp\/v2\/tags?post=24282"}],"curies":[{"name":"wp","href":"https:\/\/api.w.org\/{rel}","templated":true}]}}