{"id":24577,"date":"2024-03-06T16:05:34","date_gmt":"2024-03-06T08:05:34","guid":{"rendered":"https:\/\/incit.org\/?p=24577"},"modified":"2025-04-18T01:44:24","modified_gmt":"2025-04-17T17:44:24","slug":"accelerating-manufacturing-transformation-in-the-middle-east","status":"publish","type":"post","link":"https:\/\/incit.org\/tr\/newsroom\/accelerating-manufacturing-transformation-in-the-middle-east\/","title":{"rendered":"INCIT ve T\u00dcV S\u00dcD Orta Do\u011fu, b\u00f6lgede Ak\u0131ll\u0131 End\u00fcstri Haz\u0131rl\u0131k Endeksi e\u011fitim ve s\u0131nav merkezleri kurmak i\u00e7in el ele veriyor"},"content":{"rendered":"<p><img fetchpriority=\"high\" decoding=\"async\" class=\"aligncenter size-medium\" src=\"https:\/\/assets.incit.org\/wp-content\/uploads\/2024\/03\/15234454\/Capture-1.jpg\" width=\"864\" height=\"813\" \/><\/p>\n<p>&nbsp;<\/p>\n<p><em>INCIT ve T\u00dcV S\u00dcD, Orta Do\u011fu b\u00f6lgesinde Ak\u0131ll\u0131 End\u00fcstri Haz\u0131rl\u0131k Endeksi e\u011fitim ve s\u0131nav merkezleri kurmak i\u00e7in ortak giri\u015fimle ortakl\u0131klar\u0131n\u0131 g\u00fc\u00e7lendiriyor.<\/em><\/p>\n<p>\u00c7ar\u015famba, 6 Mart 2024, Singapur \u2013 Uluslararas\u0131 End\u00fcstriyel D\u00f6n\u00fc\u015f\u00fcm Merkezi (INCIT) ve Orta Do\u011fu&#039;daki T\u00dcV S\u00dcD, 22 \u015eubat 2024&#039;te Suudi Arabistan Krall\u0131\u011f\u0131 (KSA) ve Bahreyn&#039;de Ak\u0131ll\u0131 End\u00fcstri Haz\u0131rl\u0131k Endeksi (SIRI) e\u011fitim ve s\u0131nav merkezleri kurmak i\u00e7in resmi olarak anla\u015fmay\u0131 imzalad\u0131.<\/p>\n<p>Ortakl\u0131k anla\u015fmas\u0131, INCIT Operasyon Direkt\u00f6r\u00fc Dr. Jesmond Hong ve T\u00dcV S\u00dcD Orta Do\u011fu CEO Yard\u0131mc\u0131s\u0131 Say\u0131n Mostafa Jassim&#039;in imzalar\u0131yla resmile\u015fti.<\/p>\n<p>&nbsp;<\/p>\n<h2>Ula\u015f\u0131m\u0131m\u0131z\u0131 geni\u015fletiyoruz<\/h2>\n<p>H\u0131zl\u0131 teknolojik ilerlemenin ya\u015fand\u0131\u011f\u0131 bir \u00e7a\u011fda, \u00fcretim s\u00fcre\u00e7lerinde inovasyon ve adaptasyon ihtiyac\u0131 toplumumuzda giderek daha belirgin ve kritik hale geldi. B\u00f6lgede Ak\u0131ll\u0131 End\u00fcstri Haz\u0131rl\u0131k Endeksi e\u011fitim ve s\u0131nav merkezlerinin kurulmas\u0131, end\u00fcstri profesyonellerine ve dan\u0131\u015fmanlara benzersiz ihtiya\u00e7lar\u0131na g\u00f6re uyarlanm\u0131\u015f uzmanla\u015fm\u0131\u015f e\u011fitim programlar\u0131na ve s\u0131nav olanaklar\u0131na daha iyi eri\u015fim sa\u011fl\u0131yor.<\/p>\n<p>Dijital d\u00f6n\u00fc\u015f\u00fcm yolculuklar\u0131n\u0131 ba\u015flatmak, \u00f6l\u00e7eklendirmek veya s\u00fcrd\u00fcrmek isteyen \u00fcreticiler, b\u00f6lgedeki giderek artan de\u011ferlendirici havuzundan yararlanarak genel End\u00fcstri 4.0 haz\u0131rl\u0131k d\u00fczeyleri hakk\u0131nda derinlemesine i\u00e7g\u00f6r\u00fcler elde edebilir, i\u015f hedefleri ve ama\u00e7lar\u0131yla uyumlu stratejik ve \u00f6zel d\u00f6n\u00fc\u015f\u00fcm yol haritalar\u0131 olu\u015fturabilir, iyile\u015ftirmeler i\u00e7in \u00f6nceliklendirilecek temel alanlar\u0131 belirleyebilir ve d\u00f6n\u00fc\u015f\u00fcm yolculuklar\u0131nda at\u0131lacak bir sonraki ad\u0131mlar\u0131 belirleyebilirler.<\/p>\n<p>Bu i\u015f birli\u011fi ayn\u0131 zamanda INCIT ve T\u00dcV S\u00dcD aras\u0131nda b\u00f6lgede T\u00fcketici S\u00fcrd\u00fcr\u00fclebilirli\u011fi End\u00fcstri Haz\u0131rl\u0131k Endeksi (COSIRI) e\u011fitim ve s\u0131nav merkezleri kurulmas\u0131 i\u00e7in gelecekteki i\u015f birli\u011fi \u00e7abalar\u0131n\u0131n da zeminini haz\u0131rl\u0131yor. Bu merkezler s\u00fcrd\u00fcr\u00fclebilirlik d\u00f6n\u00fc\u015f\u00fcm\u00fcn\u00fc y\u00f6nlendirmeye odaklanacak ve \u00fcreticilerin s\u00fcrd\u00fcr\u00fclebilirli\u011fi t\u00fcm d\u00fczeylerde organizasyonlar\u0131na yerle\u015ftirmelerine yard\u0131mc\u0131 olacak.<\/p>\n<p>&nbsp;<\/p>\n<h2>B\u00f6lgede inovasyonu te\u015fvik etmek<\/h2>\n<p>Ba\u015far\u0131l\u0131 d\u00f6n\u00fc\u015f\u00fcm, gelece\u011fe haz\u0131r \u00fcretim bile\u015fenlerine dair derin bir anlay\u0131\u015f gerektirir. End\u00fcstri dan\u0131\u015fmanlar\u0131n\u0131 ve \u00fcreticileri End\u00fcstri 4.0 bilgisiyle donatmak, s\u00fcrekli iyile\u015ftirme k\u00fclt\u00fcr\u00fcn\u00fc te\u015fvik etmeye yard\u0131mc\u0131 olabilir. Bu, \u00fcreticilerin b\u00fcy\u00fcme ve rekabet i\u00e7in yeni yollar a\u00e7maya devam etmesiyle b\u00f6lgenin teknolojik ilerleme ve end\u00fcstriyel m\u00fckemmellik merkezi olarak konumunu g\u00fc\u00e7lendirebilir.<\/p>\n<p>Ayr\u0131ca, s\u00fcrd\u00fcr\u00fclebilirlik uygulamalar\u0131n\u0131 \u00fcretim s\u00fcre\u00e7lerine dahil etmek yaln\u0131zca operasyonel verimlili\u011fi art\u0131rmakla kalmaz, ayn\u0131 zamanda \u00e7evresel etkiyi de azalt\u0131r. S\u00fcrd\u00fcr\u00fclebilir uygulamalar\u0131 End\u00fcstri 4.0 giri\u015fimlerine entegre ederek, \u00fcreticiler kaynak t\u00fcketimini en aza indirebilir, at\u0131k olu\u015fumunu azaltabilir ve karbon ayak izlerini hafifletebilir, b\u00f6ylece \u00e7evresel y\u00f6neticili\u011fe ve uzun vadeli uygulanabilirli\u011fe katk\u0131da bulunabilirler.<\/p>\n<p>Geli\u015ftirilmi\u015f \u00fcretim yeteneklerinin dalga etkileri ekonomik refah\u0131n \u00f6tesine, toplumsal kalk\u0131nmaya ve i\u015f yaratmaya kadar uzan\u0131r. Bu geni\u015fleme ayn\u0131 zamanda \u00fcretim uygulamalar\u0131nda yenilik\u00e7ili\u011fi ve m\u00fckemmelli\u011fi te\u015fvik etme taahh\u00fcd\u00fcn\u00fc yans\u0131t\u0131r ve nihayetinde s\u00fcrd\u00fcr\u00fclebilir ekonomik b\u00fcy\u00fcmeyi te\u015fvik eder.<\/p>\n<p>&nbsp;<\/p>\n<h2>Payla\u015f\u0131lan bir vizyonu payla\u015fmak<\/h2>\n<p>INCIT ve T\u00dcV S\u00dcD aras\u0131ndaki s\u00fcrekli i\u015f birli\u011fi \u00e7abalar\u0131, Orta Do\u011fu&#039;da inovasyonu ve s\u00fcrd\u00fcr\u00fclebilir kalk\u0131nmay\u0131 ilerletme konusunda ortak bir vizyon ve ba\u011fl\u0131l\u0131\u011f\u0131 g\u00f6stermektedir. KSA ve Bahreyn&#039;deki Ak\u0131ll\u0131 End\u00fcstri Haz\u0131rl\u0131k Endeksi e\u011fitim ve s\u0131nav merkezlerinin geni\u015flemesi, \u00fcretim d\u00f6n\u00fc\u015f\u00fcm\u00fcn\u00fc h\u0131zland\u0131rmaya y\u00f6nelik \u00f6nemli bir ad\u0131m\u0131 temsil etmektedir. \u00dcreticilere uzmanla\u015fm\u0131\u015f kaynaklara ve uzmanl\u0131\u011fa eri\u015fim sa\u011flayarak, bu i\u015f birli\u011fi giri\u015fimi b\u00f6lgenin end\u00fcstriyel manzaras\u0131nda s\u00fcrd\u00fcr\u00fclebilir b\u00fcy\u00fcme ve refah\u0131n yolunu a\u00e7maktad\u0131r.<\/p>\n<p>&nbsp;<\/p>\n<p><a href=\"https:\/\/incit.org\/tr\/what-we-do\/siri\/programme\/\">CSA olmak i\u00e7in ba\u015fvurun<\/a> | <a href=\"https:\/\/incit.org\/tr\/what-we-do\/siri\/certified-assessor\/\">B\u00f6lgenizde bir de\u011ferlendirici bulun<\/a><\/p>\n<p>&nbsp;<\/p>\n<p><strong>INCIT Hakk\u0131nda<\/strong><\/p>\n<p>Uluslararas\u0131 End\u00fcstriyel D\u00f6n\u00fc\u015f\u00fcm Merkezi (INCIT), k\u00fcresel \u00fcretim d\u00f6n\u00fc\u015f\u00fcm\u00fcne \u00f6nc\u00fcl\u00fck etme amac\u0131yla kurulan ve merkezi Singapur&#039;da bulunan ba\u011f\u0131ms\u0131z, h\u00fck\u00fcmet d\u0131\u015f\u0131 bir kurulu\u015ftur. INCIT, \u00fcreticilerin End\u00fcstri 4.0 yolculuklar\u0131n\u0131 savunur, ak\u0131ll\u0131 ve s\u00fcrd\u00fcr\u00fclebilir \u00fcretimin k\u00fcresel y\u00fckseli\u015fini savunmak i\u00e7in t\u00fcm \u00fcretim payda\u015flar\u0131 i\u00e7in k\u00fcresel olarak referans al\u0131nan \u00e7er\u00e7eveler, ara\u00e7lar, kavramlar ve programlar geli\u015ftirir ve uygular.<\/p>\n<p>Herhangi bir sorunuz varsa l\u00fctfen bize e-posta g\u00f6nderin: <a href=\"mailto:contact@incit.org\">contact@incit.org<\/a><\/p>","protected":false},"excerpt":{"rendered":"<p>&nbsp; INCIT ve T\u00dcV S\u00dcD, Orta Do\u011fu b\u00f6lgesinde Ak\u0131ll\u0131 End\u00fcstri Haz\u0131rl\u0131k Endeksi e\u011fitim ve s\u0131nav merkezleri kurmak i\u00e7in ortak giri\u015fimle ortakl\u0131klar\u0131n\u0131 g\u00fc\u00e7lendiriyor. \u00c7ar\u015famba, 6 Mart 2024, Singapur \u2013 Uluslararas\u0131 End\u00fcstriyel D\u00f6n\u00fc\u015f\u00fcm Merkezi (INCIT) ve Orta Do\u011fu&#039;daki T\u00dcV S\u00dcD, 22 \u015eubat 2024&#039;te [\u2026]<\/p>","protected":false},"author":3,"featured_media":35391,"comment_status":"closed","ping_status":"open","sticky":false,"template":"","format":"standard","meta":{"_acf_changed":false,"footnotes":""},"categories":[18],"tags":[],"class_list":["post-24577","post","type-post","status-publish","format-standard","has-post-thumbnail","hentry","category-newsroom"],"acf":{"featured_post":false},"_links":{"self":[{"href":"https:\/\/incit.org\/tr\/wp-json\/wp\/v2\/posts\/24577","targetHints":{"allow":["GET"]}}],"collection":[{"href":"https:\/\/incit.org\/tr\/wp-json\/wp\/v2\/posts"}],"about":[{"href":"https:\/\/incit.org\/tr\/wp-json\/wp\/v2\/types\/post"}],"author":[{"embeddable":true,"href":"https:\/\/incit.org\/tr\/wp-json\/wp\/v2\/users\/3"}],"replies":[{"embeddable":true,"href":"https:\/\/incit.org\/tr\/wp-json\/wp\/v2\/comments?post=24577"}],"version-history":[{"count":4,"href":"https:\/\/incit.org\/tr\/wp-json\/wp\/v2\/posts\/24577\/revisions"}],"predecessor-version":[{"id":35608,"href":"https:\/\/incit.org\/tr\/wp-json\/wp\/v2\/posts\/24577\/revisions\/35608"}],"wp:featuredmedia":[{"embeddable":true,"href":"https:\/\/incit.org\/tr\/wp-json\/wp\/v2\/media\/35391"}],"wp:attachment":[{"href":"https:\/\/incit.org\/tr\/wp-json\/wp\/v2\/media?parent=24577"}],"wp:term":[{"taxonomy":"category","embeddable":true,"href":"https:\/\/incit.org\/tr\/wp-json\/wp\/v2\/categories?post=24577"},{"taxonomy":"post_tag","embeddable":true,"href":"https:\/\/incit.org\/tr\/wp-json\/wp\/v2\/tags?post=24577"}],"curies":[{"name":"wp","href":"https:\/\/api.w.org\/{rel}","templated":true}]}}