{"id":24744,"date":"2024-03-14T15:59:35","date_gmt":"2024-03-14T07:59:35","guid":{"rendered":"https:\/\/incit.org\/?p=24744"},"modified":"2025-04-15T23:44:23","modified_gmt":"2025-04-15T15:44:23","slug":"incit-shrdc-strengthen-collaboration-through-sustainable-manufacturing-seminar","status":"publish","type":"post","link":"https:\/\/incit.org\/tr\/newsroom\/incit-shrdc-strengthen-collaboration-through-sustainable-manufacturing-seminar\/","title":{"rendered":"INCIT ve SHRDC s\u00fcrd\u00fcr\u00fclebilir \u00fcretim semineri arac\u0131l\u0131\u011f\u0131yla i\u015f birli\u011fini g\u00fc\u00e7lendiriyor"},"content":{"rendered":"<p>Cuma, 15 Mart 2024, Singapur \u2013 Uluslararas\u0131 End\u00fcstriyel D\u00f6n\u00fc\u015f\u00fcm Merkezi (INCIT), 28 \u015eubat 2024&#039;te Malezya&#039;n\u0131n Selangor kentindeki Shah Alam kentinde Selangor \u0130nsan Kaynaklar\u0131 Geli\u015ftirme Merkezi (SHRDC) taraf\u0131ndan d\u00fczenlenen ve kat\u0131l\u0131m\u0131n yo\u011fun oldu\u011fu IED S\u00fcrd\u00fcr\u00fclebilirlik Kahve Sohbeti&#039;ne kat\u0131ld\u0131.<\/p>\n<p>S\u00fcrd\u00fcr\u00fclebilirlik ve ESG&#039;ye artan odaklanma \u0131\u015f\u0131\u011f\u0131nda, bu etkinlik end\u00fcstri liderleri ve \u00f6nde gelenlerinin \u00fcretimi daha s\u00fcrd\u00fcr\u00fclebilir bir y\u00f6r\u00fcngeye nas\u0131l ta\u015f\u0131yacaklar\u0131 konusunda a\u00e7\u0131k bir sohbet etmeleri i\u00e7in zaman\u0131nda bir f\u0131rsatt\u0131. Kat\u0131l\u0131mc\u0131lar s\u00fcrd\u00fcr\u00fclebilirli\u011fin sadece bir trend olmad\u0131\u011f\u0131, ayn\u0131 zamanda \u00fcretim end\u00fcstrisinde benimsenmesi gerekti\u011fi konusunda hemfikirdi.<\/p>\n<p>&nbsp;<\/p>\n<p><img fetchpriority=\"high\" decoding=\"async\" class=\"wp-image-35388 size-large aligncenter\" src=\"https:\/\/assets.incit.org\/wp-content\/uploads\/2024\/03\/15234354\/snapedit_1710399879992-1536x865-1-1024x577.jpeg\" alt=\"A man standing in front of a podium.\" width=\"800\" height=\"451\" srcset=\"https:\/\/assets.incit.org\/wp-content\/uploads\/2024\/03\/15234354\/snapedit_1710399879992-1536x865-1-1024x577.jpeg 1024w, https:\/\/assets.incit.org\/wp-content\/uploads\/2024\/03\/15234354\/snapedit_1710399879992-1536x865-1-300x169.jpeg 300w, https:\/\/assets.incit.org\/wp-content\/uploads\/2024\/03\/15234354\/snapedit_1710399879992-1536x865-1-768x433.jpeg 768w, https:\/\/assets.incit.org\/wp-content\/uploads\/2024\/03\/15234354\/snapedit_1710399879992-1536x865-1-18x10.jpeg 18w, https:\/\/assets.incit.org\/wp-content\/uploads\/2024\/03\/15234354\/snapedit_1710399879992-1536x865-1.jpeg 1536w\" sizes=\"(max-width: 800px) 100vw, 800px\" \/><\/p>\n<p>&nbsp;<\/p>\n<p>Bunu yapmak i\u00e7in, karbon giderme teknolojisi, s\u00fcrd\u00fcr\u00fclebilir finans ve ESG stratejileri gibi konularda de\u011ferli i\u00e7g\u00f6r\u00fcler payla\u015ft\u0131lar. Ayr\u0131ca, g\u00fcn\u00fcm\u00fcz\u00fcn en iyi \u00fcretim uygulamalar\u0131n\u0131, sekt\u00f6rdeki zorluklar\u0131n \u00fcstesinden gelmek i\u00e7in d\u00f6n\u00fc\u015ft\u00fcr\u00fcc\u00fc stratejileri ve T\u00fcketici S\u00fcrd\u00fcr\u00fclebilirli\u011fi End\u00fcstri Haz\u0131rl\u0131k Endeksi gibi ara\u00e7lar\u0131n benimsenmesi gibi yeni s\u00fcrd\u00fcr\u00fclebilir yollar\u0131 da incelediler. <a href=\"https:\/\/incit.org\/en\/services\/cosiri\/\">(KO\u015e\u0130R\u0130)<\/a>.<\/p>\n<p>&nbsp;<\/p>\n<p><img decoding=\"async\" class=\"size-large wp-image-35387 aligncenter\" src=\"https:\/\/assets.incit.org\/wp-content\/uploads\/2024\/03\/15234353\/snapedit_1710399918000-1536x865-1-1024x577.jpeg\" alt=\"\" width=\"800\" height=\"451\" srcset=\"https:\/\/assets.incit.org\/wp-content\/uploads\/2024\/03\/15234353\/snapedit_1710399918000-1536x865-1-1024x577.jpeg 1024w, https:\/\/assets.incit.org\/wp-content\/uploads\/2024\/03\/15234353\/snapedit_1710399918000-1536x865-1-300x169.jpeg 300w, https:\/\/assets.incit.org\/wp-content\/uploads\/2024\/03\/15234353\/snapedit_1710399918000-1536x865-1-768x433.jpeg 768w, https:\/\/assets.incit.org\/wp-content\/uploads\/2024\/03\/15234353\/snapedit_1710399918000-1536x865-1-18x10.jpeg 18w, https:\/\/assets.incit.org\/wp-content\/uploads\/2024\/03\/15234353\/snapedit_1710399918000-1536x865-1.jpeg 1536w\" sizes=\"(max-width: 800px) 100vw, 800px\" \/><\/p>\n<p>&nbsp;<\/p>\n<p>De\u011ferli konuklar s\u00f6yle\u015fide \u015fu temel konulara de\u011finmeyi ama\u00e7lad\u0131lar:<\/p>\n<ul>\n<li>S\u00fcrd\u00fcr\u00fclebilir \u00fcretim uygulamalar\u0131n\u0131n temellerini ortaya \u00e7\u0131kar\u0131n.<\/li>\n<li>\u00dcretimde ESG entegrasyonunun art\u0131lar\u0131n\u0131 ve eksilerini ara\u015ft\u0131r\u0131n.<\/li>\n<li>End\u00fcstri 4.0, Nesnelerin \u0130nterneti ve Yapay Zeka gibi teknolojilerin s\u00fcrd\u00fcr\u00fclebilirli\u011fi nas\u0131l geli\u015ftirdi\u011fini ke\u015ffedin.<\/li>\n<li>S\u00fcrd\u00fcr\u00fclebilir \u00fcretim i\u00e7in sekt\u00f6rler aras\u0131 i\u015f birli\u011finin rol\u00fcn\u00fc vurgulay\u0131n.<\/li>\n<li>Etkili s\u00fcrd\u00fcr\u00fclebilirlik raporlamas\u0131 i\u00e7in \u015feffafl\u0131k ara\u00e7lar\u0131n\u0131 tart\u0131\u015f\u0131n.<\/li>\n<li>S\u00fcrd\u00fcr\u00fclebilirli\u011fin uygulanmas\u0131nda kar\u015f\u0131la\u015f\u0131lan yayg\u0131n engelleri ele al\u0131n ve \u00e7\u00f6z\u00fcm stratejileri geli\u015ftirin.<\/li>\n<\/ul>\n<p>Sekt\u00f6rde s\u00fcrd\u00fcr\u00fclebilirli\u011fi art\u0131rmaya y\u00f6nelik ortak bir \u00f6zveriyle, INCIT ve SHRDC etkili stratejilerle s\u00fcrd\u00fcr\u00fclebilir \u00fcretim ilerlemesini ilerletti ve bu g\u00fcncel etkinlik arac\u0131l\u0131\u011f\u0131yla daha ye\u015fil bir gelece\u011fe y\u00f6nelik ortak bir kararl\u0131l\u0131k geli\u015ftirdi.<\/p>\n<p>Kendi s\u00fcrd\u00fcr\u00fclebilir yolculu\u011funuzda nas\u0131l ilerleyece\u011finiz hakk\u0131nda daha fazla bilgi edinmek i\u00e7in, d\u00f6n\u00fc\u015ft\u00fcr\u00fcc\u00fc temel \u00f6zelliklerini ke\u015ffedin. <a href=\"https:\/\/incit.org\/en\/services\/cosiri\/\">KOZ\u0130R\u0130<\/a>.<\/p>\n<p>&nbsp;<\/p>\n<p><strong>INCIT Hakk\u0131nda<\/strong><\/p>\n<p>Uluslararas\u0131 End\u00fcstriyel D\u00f6n\u00fc\u015f\u00fcm Merkezi (INCIT), k\u00fcresel \u00fcretim d\u00f6n\u00fc\u015f\u00fcm\u00fcne \u00f6nc\u00fcl\u00fck etme amac\u0131yla kurulan ve merkezi Singapur&#039;da bulunan ba\u011f\u0131ms\u0131z, h\u00fck\u00fcmet d\u0131\u015f\u0131 bir kurulu\u015ftur. INCIT, \u00fcreticilerin End\u00fcstri 4.0 yolculuklar\u0131n\u0131 savunur, ak\u0131ll\u0131 ve s\u00fcrd\u00fcr\u00fclebilir \u00fcretimin k\u00fcresel y\u00fckseli\u015fini savunmak i\u00e7in t\u00fcm \u00fcretim payda\u015flar\u0131 i\u00e7in k\u00fcresel olarak referans al\u0131nan \u00e7er\u00e7eveler, ara\u00e7lar, kavramlar ve programlar geli\u015ftirir ve uygular.<\/p>\n<p>Daha fazla bilgi i\u00e7in \u015fu adresi ziyaret edin:\u00a0<a href=\"https:\/\/incit.org\/en\/\">https:\/\/incit.org\/<\/a><\/p>","protected":false},"excerpt":{"rendered":"<p>Cuma, 15 Mart 2024, Singapur \u2013 Uluslararas\u0131 End\u00fcstriyel D\u00f6n\u00fc\u015f\u00fcm Merkezi (INCIT), 28 \u015eubat 2024&#039;te Malezya&#039;n\u0131n Selangor \u015fehrindeki Shah Alam&#039;da Selangor \u0130nsan Kaynaklar\u0131 Geli\u015ftirme Merkezi (SHRDC) taraf\u0131ndan d\u00fczenlenen ve kat\u0131l\u0131m\u0131n yo\u011fun oldu\u011fu IED S\u00fcrd\u00fcr\u00fclebilirlik Kahve Sohbeti&#039;ne kat\u0131ld\u0131. S\u00fcrd\u00fcr\u00fclebilirlik ve ESG&#039;ye artan odaklanma \u0131\u015f\u0131\u011f\u0131nda, bu etkinlik zaman\u0131nda [\u2026]<\/p>","protected":false},"author":3,"featured_media":35386,"comment_status":"closed","ping_status":"open","sticky":false,"template":"","format":"standard","meta":{"_acf_changed":false,"footnotes":""},"categories":[18],"tags":[33],"class_list":["post-24744","post","type-post","status-publish","format-standard","has-post-thumbnail","hentry","category-newsroom","tag-cosiri"],"acf":{"featured_post":false},"_links":{"self":[{"href":"https:\/\/incit.org\/tr\/wp-json\/wp\/v2\/posts\/24744","targetHints":{"allow":["GET"]}}],"collection":[{"href":"https:\/\/incit.org\/tr\/wp-json\/wp\/v2\/posts"}],"about":[{"href":"https:\/\/incit.org\/tr\/wp-json\/wp\/v2\/types\/post"}],"author":[{"embeddable":true,"href":"https:\/\/incit.org\/tr\/wp-json\/wp\/v2\/users\/3"}],"replies":[{"embeddable":true,"href":"https:\/\/incit.org\/tr\/wp-json\/wp\/v2\/comments?post=24744"}],"version-history":[{"count":2,"href":"https:\/\/incit.org\/tr\/wp-json\/wp\/v2\/posts\/24744\/revisions"}],"predecessor-version":[{"id":35390,"href":"https:\/\/incit.org\/tr\/wp-json\/wp\/v2\/posts\/24744\/revisions\/35390"}],"wp:featuredmedia":[{"embeddable":true,"href":"https:\/\/incit.org\/tr\/wp-json\/wp\/v2\/media\/35386"}],"wp:attachment":[{"href":"https:\/\/incit.org\/tr\/wp-json\/wp\/v2\/media?parent=24744"}],"wp:term":[{"taxonomy":"category","embeddable":true,"href":"https:\/\/incit.org\/tr\/wp-json\/wp\/v2\/categories?post=24744"},{"taxonomy":"post_tag","embeddable":true,"href":"https:\/\/incit.org\/tr\/wp-json\/wp\/v2\/tags?post=24744"}],"curies":[{"name":"wp","href":"https:\/\/api.w.org\/{rel}","templated":true}]}}