{"id":31629,"date":"2024-12-17T10:50:05","date_gmt":"2024-12-17T02:50:05","guid":{"rendered":"https:\/\/incit.org\/?p=31629"},"modified":"2025-04-15T12:55:21","modified_gmt":"2025-04-15T04:55:21","slug":"incit-joins-industry-leaders-at-the-cii-global-skills-summit-2024","status":"publish","type":"post","link":"https:\/\/incit.org\/tr\/newsroom\/incit-joins-industry-leaders-at-the-cii-global-skills-summit-2024\/","title":{"rendered":"INCIT, CII K\u00fcresel Beceriler Zirvesi 2024&#039;te Sekt\u00f6r Liderleriyle Bir Araya Geliyor"},"content":{"rendered":"<p><img fetchpriority=\"high\" decoding=\"async\" class=\"size-large wp-image-35309 aligncenter\" src=\"https:\/\/assets.incit.org\/wp-content\/uploads\/2024\/12\/15125347\/INCIT-X-CII-scaled-1-1024x683.jpg\" alt=\"\" width=\"800\" height=\"534\" srcset=\"https:\/\/assets.incit.org\/wp-content\/uploads\/2024\/12\/15125347\/INCIT-X-CII-scaled-1-1024x683.jpg 1024w, https:\/\/assets.incit.org\/wp-content\/uploads\/2024\/12\/15125347\/INCIT-X-CII-scaled-1-300x200.jpg 300w, https:\/\/assets.incit.org\/wp-content\/uploads\/2024\/12\/15125347\/INCIT-X-CII-scaled-1-768x512.jpg 768w, https:\/\/assets.incit.org\/wp-content\/uploads\/2024\/12\/15125347\/INCIT-X-CII-scaled-1-1536x1024.jpg 1536w, https:\/\/assets.incit.org\/wp-content\/uploads\/2024\/12\/15125347\/INCIT-X-CII-scaled-1-2048x1366.jpg 2048w, https:\/\/assets.incit.org\/wp-content\/uploads\/2024\/12\/15125347\/INCIT-X-CII-scaled-1-18x12.jpg 18w\" sizes=\"(max-width: 800px) 100vw, 800px\" \/><\/p>\n<p>Uluslararas\u0131 End\u00fcstriyel D\u00f6n\u00fc\u015f\u00fcm Merkezi (INCIT), bu projenin bir par\u00e7as\u0131 olmaktan onur duydu. <strong>11. Hindistan Sanayi Konfederasyonu (CII) K\u00fcresel Beceriler Zirvesi 2024<\/strong>, tutuldu <strong>10 Aral\u0131k 2024<\/strong> Yeni Delhi&#039;de. Bu son derece etkili zirve, temal\u0131 <em>\u201cDayan\u0131kl\u0131 Nitelikli Yetenek Havuzu Olu\u015fturmak: Sekt\u00f6r B\u00fcy\u00fcmesini Te\u015fvik Etmek\u201d<\/em> \u00e7e\u015fitli bir grup insan\u0131 bir araya getirdi <strong>k\u00fcresel liderler, politika yap\u0131c\u0131lar, end\u00fcstri \u00f6nc\u00fcleri ve uzmanlar<\/strong> Mevcut beceri a\u00e7\u0131klar\u0131n\u0131 giderecek ve gelece\u011fe haz\u0131r bir i\u015f g\u00fcc\u00fc yaratacak stratejiler \u00fczerinde d\u00fc\u015f\u00fcnmek.<\/p>\n<p>D\u00fcnya \u00e7ap\u0131nda end\u00fcstrilerin h\u0131zl\u0131 bir d\u00f6n\u00fc\u015f\u00fcm ya\u015fad\u0131\u011f\u0131 bir zamanda, CII Global Beceri Zirvesi gibi etkinlikler, \u00e7al\u0131\u015fanlar\u0131 de\u011fi\u015fen end\u00fcstriyel ortamda uyum sa\u011flamak, b\u00fcy\u00fcmek ve geli\u015fmek i\u00e7in gereken becerilerle g\u00fc\u00e7lendirme ortak hedefini payla\u015fan payda\u015flar\u0131 bir araya getirmede hayati bir rol oynuyor.<\/p>\n<p>Bu y\u0131lki zirvede INCIT&#039;in kat\u0131l\u0131m\u0131, end\u00fcstrilerin k\u00fcresel en iyi uygulamalar\u0131 benimsemelerini ve d\u00f6n\u00fc\u015f\u00fcm yolculuklar\u0131nda \u00f6nde kalmalar\u0131n\u0131 sa\u011flayan yenilik\u00e7i \u00e7er\u00e7eveler ve ara\u00e7lar sa\u011flama konusundaki devam eden kararl\u0131l\u0131\u011f\u0131n\u0131n alt\u0131n\u0131 \u00e7izdi.<\/p>\n<p><strong>Ranjana Ra<\/strong><strong>veesh, K\u00fcresel Beceriler Zirvesi&#039;nde INCIT&#039;i temsil ediyor<\/strong><\/p>\n<p><img decoding=\"async\" class=\"size-large wp-image-35311 aligncenter\" src=\"https:\/\/assets.incit.org\/wp-content\/uploads\/2024\/12\/15125455\/INCIT-X-CII-3-scaled-1-1024x683.jpg\" alt=\"\" width=\"800\" height=\"534\" srcset=\"https:\/\/assets.incit.org\/wp-content\/uploads\/2024\/12\/15125455\/INCIT-X-CII-3-scaled-1-1024x683.jpg 1024w, https:\/\/assets.incit.org\/wp-content\/uploads\/2024\/12\/15125455\/INCIT-X-CII-3-scaled-1-300x200.jpg 300w, https:\/\/assets.incit.org\/wp-content\/uploads\/2024\/12\/15125455\/INCIT-X-CII-3-scaled-1-768x512.jpg 768w, https:\/\/assets.incit.org\/wp-content\/uploads\/2024\/12\/15125455\/INCIT-X-CII-3-scaled-1-1536x1024.jpg 1536w, https:\/\/assets.incit.org\/wp-content\/uploads\/2024\/12\/15125455\/INCIT-X-CII-3-scaled-1-2048x1366.jpg 2048w, https:\/\/assets.incit.org\/wp-content\/uploads\/2024\/12\/15125455\/INCIT-X-CII-3-scaled-1-18x12.jpg 18w\" sizes=\"(max-width: 800px) 100vw, 800px\" \/><\/p>\n<p>Sahip olmaktan gurur duyduk <strong>Ranjana Raveesh<\/strong> ba\u015fl\u0131kl\u0131 oturumda konu\u015fmac\u0131 olarak INCIT&#039;i temsil edin <em>\u201cK\u00fcresel En \u0130yi Uygulamalar \u2013 Hindistan&#039;\u0131n B\u00fcy\u00fcmesine Y\u00f6nelik Uluslararas\u0131 Beceri Standartlar\u0131n\u0131n Uyarlanmas\u0131.\u201d<\/em><\/p>\n<p>Ranjana sunumunda, end\u00fcstrilerin mevcut ve gelecekteki ihtiya\u00e7lar\u0131n\u0131 kar\u015f\u0131lamak \u00fczere tasarlanm\u0131\u015f son teknoloji ara\u00e7lar ve \u00e7er\u00e7eveler arac\u0131l\u0131\u011f\u0131yla end\u00fcstriyel d\u00f6n\u00fc\u015f\u00fcm\u00fc ve beceri geli\u015fimini y\u00f6nlendirmede INCIT&#039;in rol\u00fcn\u00fc vurgulad\u0131.<\/p>\n<p><strong>Ranjana Raveesh&#039;in Payla\u015ft\u0131\u011f\u0131 \u00d6nemli Bilgiler<\/strong><\/p>\n<p>Ranjana, haz\u0131rl\u0131\u011f\u0131, s\u00fcrd\u00fcr\u00fclebilirli\u011fi ve operasyonel m\u00fckemmelli\u011fi te\u015fvik ederek end\u00fcstrileri yeniden \u015fekillendiren INCIT&#039;in d\u00f6n\u00fc\u015ft\u00fcr\u00fcc\u00fc \u00e7\u00f6z\u00fcmlerine dair derinlemesine bir sunum yapt\u0131:<\/p>\n<ol style=\"margin-bottom: 1rem;\">\n<li><strong>Ak\u0131ll\u0131 End\u00fcstri Haz\u0131rl\u0131k Endeksi:<\/strong><br \/>\nAk\u0131ll\u0131 End\u00fcstri Haz\u0131rl\u0131k Endeksi, a\u015fa\u011f\u0131dakiler i\u00e7in kapsaml\u0131 bir k\u0131lavuz g\u00f6revi g\u00f6r\u00fcr: <strong>End\u00fcstri 4.0 d\u00f6n\u00fc\u015f\u00fcm\u00fc<\/strong>D\u00fcnya \u00e7ap\u0131ndaki end\u00fcstriler ak\u0131ll\u0131 teknolojileri uygulamaya ve operasyonlar\u0131n\u0131 dijitalle\u015ftirmeye \u00e7abalarken, Ak\u0131ll\u0131 End\u00fcstri Haz\u0131rl\u0131k Endeksi haz\u0131rl\u0131\u011f\u0131 de\u011ferlendirmek, bo\u015fluklar\u0131 belirlemek ve eylemleri \u00f6nceliklendirmek i\u00e7in yap\u0131land\u0131r\u0131lm\u0131\u015f bir \u00e7er\u00e7eve sa\u011flar. Bu ara\u00e7, end\u00fcstrilerin uluslararas\u0131 standartlarla uyumunu korurken ba\u015far\u0131l\u0131 dijital d\u00f6n\u00fc\u015f\u00fcm yolculuklar\u0131na \u00e7\u0131kmalar\u0131n\u0131 sa\u011flar.<\/li>\n<li><strong>T\u00fcketici S\u00fcrd\u00fcr\u00fclebilirli\u011fi End\u00fcstri Haz\u0131rl\u0131k Endeksi (COSIRI):<\/strong><br \/>\nS\u00fcrd\u00fcr\u00fclebilirlik, modern end\u00fcstriyel operasyonlar\u0131n temel ta\u015f\u0131 haline geliyor. COSIRI, end\u00fcstrilerin s\u00fcrd\u00fcr\u00fclebilir uygulamalar\u0131 benimsemeye haz\u0131r olmalar\u0131n\u0131 art\u0131rmaya odaklan\u0131yor. COSIRI, kurulu\u015flar\u0131 s\u00fcrd\u00fcr\u00fclebilirlik hedeflerine g\u00f6re de\u011ferlendirerek ve y\u00f6nlendirerek, end\u00fcstrilerin k\u00fcresel ekonomide rekabet\u00e7i ve sorumlu kalmas\u0131na yard\u0131mc\u0131 oluyor.<\/li>\n<\/ol>\n<p><img decoding=\"async\" class=\"size-large wp-image-35310 aligncenter\" src=\"https:\/\/assets.incit.org\/wp-content\/uploads\/2024\/12\/15125452\/2024-CII-Skill-Development-Livelihood-1024x475.jpeg\" alt=\"\" width=\"800\" height=\"371\" srcset=\"https:\/\/assets.incit.org\/wp-content\/uploads\/2024\/12\/15125452\/2024-CII-Skill-Development-Livelihood-1024x475.jpeg 1024w, https:\/\/assets.incit.org\/wp-content\/uploads\/2024\/12\/15125452\/2024-CII-Skill-Development-Livelihood-300x139.jpeg 300w, https:\/\/assets.incit.org\/wp-content\/uploads\/2024\/12\/15125452\/2024-CII-Skill-Development-Livelihood-768x356.jpeg 768w, https:\/\/assets.incit.org\/wp-content\/uploads\/2024\/12\/15125452\/2024-CII-Skill-Development-Livelihood-1536x712.jpeg 1536w, https:\/\/assets.incit.org\/wp-content\/uploads\/2024\/12\/15125452\/2024-CII-Skill-Development-Livelihood-18x8.jpeg 18w, https:\/\/assets.incit.org\/wp-content\/uploads\/2024\/12\/15125452\/2024-CII-Skill-Development-Livelihood.jpeg 2048w\" sizes=\"(max-width: 800px) 100vw, 800px\" \/><\/p>\n<p><strong>Gelece\u011fe Haz\u0131r End\u00fcstriler i\u00e7in Yakla\u015fan \u00c7er\u00e7eveler<\/strong><\/p>\n<p>Ranjana da tan\u0131t\u0131ld\u0131 <strong>iki yakla\u015fan \u00e7er\u00e7eve<\/strong> INCIT&#039;in geli\u015fen end\u00fcstriyel zorluklar\u0131 ele almak i\u00e7in geli\u015ftirdi\u011fi:<\/p>\n<ul style=\"margin-bottom: 1rem;\">\n<li><strong>Operasyonel M\u00fckemmellik Haz\u0131rl\u0131k Endeksi (OPERI):<\/strong><br \/>\n\u00d6zellikle \u015funlar i\u00e7in tasarlanm\u0131\u015ft\u0131r: <strong>Mikro, K\u00fc\u00e7\u00fck ve Orta \u00d6l\u00e7ekli \u0130\u015fletmeler (KOB\u0130&#039;ler)<\/strong>, OPERI, iyile\u015ftirmenin temel alanlar\u0131n\u0131 belirleyerek ve i\u015fletmelerin en iyi uygulamalar\u0131 uygulamas\u0131na yard\u0131mc\u0131 olarak operasyonel m\u00fckemmelli\u011fi sa\u011flamay\u0131 ama\u00e7lamaktad\u0131r. KOB\u0130&#039;ler ekonomik b\u00fcy\u00fcmenin kritik itici g\u00fc\u00e7leridir ve OPERI, bu i\u015fletmelerin s\u00fcre\u00e7leri optimize etmeleri ve \u00fcretkenli\u011fi art\u0131rmalar\u0131 i\u00e7in gerekli ara\u00e7lar\u0131 sa\u011flar.<\/li>\n<li><strong>Yapay Zeka Haz\u0131rl\u0131k Endeksi (AIRI):<\/strong><br \/>\nH\u0131zl\u0131 ilerlemeyle birlikte <strong>yapay zeka (YZ)<\/strong>, end\u00fcstriler tam potansiyelinden yararlanmak i\u00e7in \u00f6nde kalmal\u0131d\u0131r. AIRI, ak\u0131ll\u0131 otomasyon \u00e7a\u011f\u0131nda i\u015fletmelerin rekabet\u00e7i ve uyumlu kalmas\u0131n\u0131 sa\u011flayarak AI haz\u0131rl\u0131\u011f\u0131n\u0131 de\u011ferlendirmek ve geli\u015ftirmek i\u00e7in tasarlanm\u0131\u015ft\u0131r. AIRI, end\u00fcstrileri AI odakl\u0131 teknolojileri entegre etmeye haz\u0131rlayarak geleneksel uygulamalar ile yeni nesil yenilikler aras\u0131ndaki bo\u015flu\u011fu kapatmaya yard\u0131mc\u0131 olur.<\/li>\n<\/ul>\n<p><strong>\u0130\u015fg\u00fcc\u00fc D\u00f6n\u00fc\u015f\u00fcm\u00fcn\u00fcn Gelece\u011fini \u015eekillendirmek<\/strong><\/p>\n<p>Ranjana&#039;n\u0131n oturumu, INCIT&#039;in \u00e7er\u00e7evelerinin nas\u0131l sergilendi\u011fini g\u00f6stermek i\u00e7in de\u011ferli bir f\u0131rsatt\u0131 <strong>end\u00fcstrileri g\u00fc\u00e7lendirmek<\/strong> k\u00fcresel en iyi uygulamalar\u0131 benimsemek, End\u00fcstri 4.0&#039;\u0131 benimsemek ve s\u00fcrekli de\u011fi\u015fen bir end\u00fcstriyel ortamda dayan\u0131kl\u0131l\u0131k olu\u015fturmak. Ak\u0131ll\u0131 End\u00fcstri Haz\u0131rl\u0131k Endeksi ve COSIRI gibi ara\u00e7lar ve OPERI ve AIRI gibi yakla\u015fan giri\u015fimler arac\u0131l\u0131\u011f\u0131yla INCIT, end\u00fcstrileri s\u00fcrd\u00fcr\u00fclebilirli\u011fe, dijitalle\u015fmeye ve operasyonel m\u00fckemmelli\u011fe y\u00f6nlendirmede \u00f6nemli bir rol oynuyor.<\/p>\n<p>Sunumunda, beceri a\u00e7\u0131\u011f\u0131n\u0131 kapatmada ve Hindistan&#039;\u0131n k\u00fcresel ekonomik g\u00fc\u00e7 merkezi olma vizyonuyla uyumlu i\u015fg\u00fcc\u00fc d\u00f6n\u00fc\u015f\u00fcm\u00fcn\u00fc sa\u011flamada i\u015f birli\u011fi, yenilik\u00e7ilik ve uyum yetene\u011finin \u00f6nemi vurguland\u0131.<\/p>\n<p><strong>Minnettarl\u0131k ve \u0130leriye Bak\u0131\u015f<\/strong><\/p>\n<p>En i\u00e7ten \u015f\u00fckranlar\u0131m\u0131z\u0131 sunar\u0131z <strong>CII Beceri Geli\u015ftirme ve Ge\u00e7im<\/strong> Bu anlaml\u0131 ve etkili etkinli\u011fi d\u00fczenledi\u011fi i\u00e7in. 11. CII K\u00fcresel Beceriler Zirvesi, Hindistan&#039;\u0131n i\u015f g\u00fcc\u00fcn\u00fcn gelece\u011fini \u015fekillendirecek fikirlerin payla\u015f\u0131lmas\u0131, i\u00e7g\u00f6r\u00fclerin payla\u015f\u0131lmas\u0131 ve yenilik\u00e7i \u00e7\u00f6z\u00fcmlerin ke\u015ffedilmesi i\u00e7in \u00f6nemli bir platform g\u00f6revi g\u00f6rd\u00fc.<\/p>\n<p>D\u00fcnya genelindeki sekt\u00f6rler yeni zorluklarla kar\u015f\u0131 kar\u015f\u0131ya kalmaya devam ederken, INCIT, d\u00f6n\u00fc\u015f\u00fcm\u00fc, s\u00fcrd\u00fcr\u00fclebilirli\u011fi ve b\u00fcy\u00fcmeyi y\u00f6nlendiren eyleme ge\u00e7irilebilir ara\u00e7lar ve \u00e7er\u00e7evelerle kurulu\u015flar\u0131 g\u00fc\u00e7lendirmeye kararl\u0131d\u0131r.<\/p>","protected":false},"excerpt":{"rendered":"<p>Uluslararas\u0131 End\u00fcstriyel D\u00f6n\u00fc\u015f\u00fcm Merkezi (INCIT), 10 Aral\u0131k 2024&#039;te Yeni Delhi&#039;de d\u00fczenlenen 11. Hindistan Sanayi Konfederasyonu (CII) K\u00fcresel Beceriler Zirvesi 2024&#039;\u00fcn bir par\u00e7as\u0131 olmaktan onur duydu. &quot;Dayan\u0131kl\u0131 Nitelikli Yetenek Havuzu Olu\u015fturma: End\u00fcstri B\u00fcy\u00fcmesini Te\u015fvik Etme&quot; temal\u0131 bu son derece etkili zirve, \u00e7e\u015fitli k\u00fcresel liderler, politika yap\u0131c\u0131lar ve [\u2026]<\/p>","protected":false},"author":3,"featured_media":35311,"comment_status":"closed","ping_status":"open","sticky":false,"template":"","format":"standard","meta":{"_acf_changed":false,"footnotes":""},"categories":[18],"tags":[176,177,47,178,54,179],"class_list":["post-31629","post","type-post","status-publish","format-standard","has-post-thumbnail","hentry","category-newsroom","tag-cii","tag-future-of-work","tag-incit","tag-industrial-transformation","tag-industry-4-0","tag-skill-development"],"acf":{"featured_post":true},"_links":{"self":[{"href":"https:\/\/incit.org\/tr\/wp-json\/wp\/v2\/posts\/31629","targetHints":{"allow":["GET"]}}],"collection":[{"href":"https:\/\/incit.org\/tr\/wp-json\/wp\/v2\/posts"}],"about":[{"href":"https:\/\/incit.org\/tr\/wp-json\/wp\/v2\/types\/post"}],"author":[{"embeddable":true,"href":"https:\/\/incit.org\/tr\/wp-json\/wp\/v2\/users\/3"}],"replies":[{"embeddable":true,"href":"https:\/\/incit.org\/tr\/wp-json\/wp\/v2\/comments?post=31629"}],"version-history":[{"count":2,"href":"https:\/\/incit.org\/tr\/wp-json\/wp\/v2\/posts\/31629\/revisions"}],"predecessor-version":[{"id":35312,"href":"https:\/\/incit.org\/tr\/wp-json\/wp\/v2\/posts\/31629\/revisions\/35312"}],"wp:featuredmedia":[{"embeddable":true,"href":"https:\/\/incit.org\/tr\/wp-json\/wp\/v2\/media\/35311"}],"wp:attachment":[{"href":"https:\/\/incit.org\/tr\/wp-json\/wp\/v2\/media?parent=31629"}],"wp:term":[{"taxonomy":"category","embeddable":true,"href":"https:\/\/incit.org\/tr\/wp-json\/wp\/v2\/categories?post=31629"},{"taxonomy":"post_tag","embeddable":true,"href":"https:\/\/incit.org\/tr\/wp-json\/wp\/v2\/tags?post=31629"}],"curies":[{"name":"wp","href":"https:\/\/api.w.org\/{rel}","templated":true}]}}