{"id":38068,"date":"2025-06-20T18:53:32","date_gmt":"2025-06-20T10:53:32","guid":{"rendered":"https:\/\/incit.org\/?p=38068"},"modified":"2025-06-20T18:53:32","modified_gmt":"2025-06-20T10:53:32","slug":"transforming-together-incit-at-the-cii-annual-business-summit-2025","status":"publish","type":"post","link":"https:\/\/incit.org\/tr\/newsroom\/transforming-together-incit-at-the-cii-annual-business-summit-2025\/","title":{"rendered":"Birlikte D\u00f6n\u00fc\u015f\u00fcm: INCIT, CII Y\u0131ll\u0131k \u0130\u015f Zirvesi 2025&#039;te"},"content":{"rendered":"<p><img fetchpriority=\"high\" decoding=\"async\" class=\"aligncenter wp-image-38069 size-full\" src=\"https:\/\/assets.incit.org\/wp-content\/uploads\/2025\/06\/20184911\/Article-Banner-1.png\" alt=\"\" width=\"2176\" height=\"1224\" srcset=\"https:\/\/assets.incit.org\/wp-content\/uploads\/2025\/06\/20184911\/Article-Banner-1.png 2176w, https:\/\/assets.incit.org\/wp-content\/uploads\/2025\/06\/20184911\/Article-Banner-1-300x169.png 300w, https:\/\/assets.incit.org\/wp-content\/uploads\/2025\/06\/20184911\/Article-Banner-1-1024x576.png 1024w, https:\/\/assets.incit.org\/wp-content\/uploads\/2025\/06\/20184911\/Article-Banner-1-768x432.png 768w, https:\/\/assets.incit.org\/wp-content\/uploads\/2025\/06\/20184911\/Article-Banner-1-1536x864.png 1536w, https:\/\/assets.incit.org\/wp-content\/uploads\/2025\/06\/20184911\/Article-Banner-1-2048x1152.png 2048w, https:\/\/assets.incit.org\/wp-content\/uploads\/2025\/06\/20184911\/Article-Banner-1-18x10.png 18w\" sizes=\"(max-width: 2176px) 100vw, 2176px\" \/><\/p>\n<p><strong>Hindistan Sanayi Konfederasyonu (CII) Y\u0131ll\u0131k \u0130\u015f Zirvesi 2025,<\/strong> temal\u0131 <em>\u201cG\u00fcven Olu\u015fturma \u2013 \u00d6nce Hindistan\u201d<\/em>, iki dinamik y\u00fcksek d\u00fczeyli diyalog g\u00fcn\u00fcnde 2.500 delege, 134 konu\u015fmac\u0131 ve 12 bakan\u0131 bir araya getirdi. \u0130ki mekanda d\u00fczenlenen ve 35 oturum i\u00e7eren Zirve, h\u0131zla de\u011fi\u015fen k\u00fcresel manzarada Hindistan&#039;\u0131n geli\u015fen ekonomik rol\u00fcn\u00fc ke\u015ffetmek i\u00e7in hayati bir platform g\u00f6revi g\u00f6rd\u00fc.<\/p>\n<p>Temsil eden<strong> Uluslararas\u0131 End\u00fcstriyel D\u00f6n\u00fc\u015f\u00fcm Merkezi (INCIT), CEO Raimund Klein<\/strong> oturumda konu\u015ftu <em>\u201c\u00d6\u011frenmekten Kazanmaya: \u0130stihdam A\u00e7\u0131\u011f\u0131n\u0131 Kapatmak\u201d<\/em> 30 May\u0131s 2025&#039;te. Kat\u0131l\u0131m\u0131, sanayi, e\u011fitim ve politikan\u0131n, i\u015fg\u00fcc\u00fcn\u00fcn de\u011fi\u015fen ihtiya\u00e7lar\u0131n\u0131 kar\u015f\u0131lamak i\u00e7in nas\u0131l bir araya gelebilece\u011fi konusunda daha geni\u015f bir diyalo\u011fa katk\u0131da bulunarak sohbete de\u011ferli bir bak\u0131\u015f a\u00e7\u0131s\u0131 katt\u0131.<\/p>\n<p><img decoding=\"async\" class=\"aligncenter wp-image-38070 size-full\" src=\"https:\/\/assets.incit.org\/wp-content\/uploads\/2025\/06\/20185106\/Article-Banner-2.png\" alt=\"\" width=\"2176\" height=\"1224\" srcset=\"https:\/\/assets.incit.org\/wp-content\/uploads\/2025\/06\/20185106\/Article-Banner-2.png 2176w, https:\/\/assets.incit.org\/wp-content\/uploads\/2025\/06\/20185106\/Article-Banner-2-300x169.png 300w, https:\/\/assets.incit.org\/wp-content\/uploads\/2025\/06\/20185106\/Article-Banner-2-1024x576.png 1024w, https:\/\/assets.incit.org\/wp-content\/uploads\/2025\/06\/20185106\/Article-Banner-2-768x432.png 768w, https:\/\/assets.incit.org\/wp-content\/uploads\/2025\/06\/20185106\/Article-Banner-2-1536x864.png 1536w, https:\/\/assets.incit.org\/wp-content\/uploads\/2025\/06\/20185106\/Article-Banner-2-2048x1152.png 2048w, https:\/\/assets.incit.org\/wp-content\/uploads\/2025\/06\/20185106\/Article-Banner-2-18x10.png 18w\" sizes=\"(max-width: 2176px) 100vw, 2176px\" \/><\/p>\n<p>Be\u015f odaklanm\u0131\u015f par\u00e7a ile \u2014 <strong>Rekabet\u00e7i, \u0130\u015fbirlik\u00e7i, S\u00fcrd\u00fcr\u00fclebilir, Yenilik\u00e7i ve G\u00fcvenli<\/strong> \u2014 Zirve, Hindistan&#039;\u0131n ekonomik stratejisinin temeli olarak g\u00fcveni nas\u0131l koruyabilece\u011fini ara\u015ft\u0131rd\u0131. K\u00fcresel de\u011fer zincirleri de\u011fi\u015firken ve ticaret koridorlar\u0131 yeniden tan\u0131mlan\u0131rken, Hindistan, g\u00fcvenilir bir k\u00fcresel ortak olarak konumunu g\u00fc\u00e7lendirirken kapsay\u0131c\u0131, s\u00fcrd\u00fcr\u00fclebilir b\u00fcy\u00fcmede liderlik etmek i\u00e7in benzersiz bir konumdad\u0131r.<\/p>\n<p>Hindistan d\u00fcnyan\u0131n en h\u0131zl\u0131 b\u00fcy\u00fcyen b\u00fcy\u00fck ekonomisi olarak konumunu g\u00fc\u00e7lendirirken, yeni nesil reformlar ve sorumlu kapitalizm \u00e7a\u011fr\u0131s\u0131 daha da y\u00fckseliyor. INCIT, \u00f6zellikle \u00fcretim sekt\u00f6r\u00fcndeki i\u015fletmelerin, k\u00fcresel olarak tan\u0131nan ara\u00e7lar gibi ara\u00e7lar taraf\u0131ndan y\u00f6nlendirilen bir ama\u00e7la d\u00f6n\u00fc\u015fmelerini sa\u011flayarak bu hedefleri desteklemeye kararl\u0131d\u0131r. <a href=\"https:\/\/incit.org\/tr\/what-we-do\/siri\/\">Ak\u0131ll\u0131 End\u00fcstri Haz\u0131rl\u0131k Endeksi (SIRI)<\/a> ve <a href=\"https:\/\/incit.org\/tr\/what-we-do\/operi\/\">Operasyonel M\u00fckemmellik Haz\u0131rl\u0131k Endeksi (OPERI)<\/a>.<\/p>","protected":false},"excerpt":{"rendered":"<p>Hindistan Sanayi Konfederasyonu (CII) Y\u0131ll\u0131k \u0130\u015f Zirvesi 2025, &quot;G\u00fcven Olu\u015fturma - \u00d6nce Hindistan&quot; temas\u0131yla, iki dinamik y\u00fcksek d\u00fczeyli diyalog g\u00fcn\u00fcnde 2.500 delege, 134 konu\u015fmac\u0131 ve 12 bakan\u0131 bir araya getirdi. \u0130ki mekanda d\u00fczenlenen ve 35 oturum i\u00e7eren Zirve, Hindistan&#039;\u0131n [\u2026]<\/p>","protected":false},"author":3,"featured_media":38069,"comment_status":"closed","ping_status":"open","sticky":false,"template":"","format":"standard","meta":{"_acf_changed":false,"footnotes":""},"categories":[18],"tags":[22,47,178,54,182,15],"class_list":["post-38068","post","type-post","status-publish","format-standard","has-post-thumbnail","hentry","category-newsroom","tag-digital-transformation","tag-incit","tag-industrial-transformation","tag-industry-4-0","tag-operational-excellence","tag-smart-industry-readiness-index"],"acf":{"featured_post":true},"_links":{"self":[{"href":"https:\/\/incit.org\/tr\/wp-json\/wp\/v2\/posts\/38068","targetHints":{"allow":["GET"]}}],"collection":[{"href":"https:\/\/incit.org\/tr\/wp-json\/wp\/v2\/posts"}],"about":[{"href":"https:\/\/incit.org\/tr\/wp-json\/wp\/v2\/types\/post"}],"author":[{"embeddable":true,"href":"https:\/\/incit.org\/tr\/wp-json\/wp\/v2\/users\/3"}],"replies":[{"embeddable":true,"href":"https:\/\/incit.org\/tr\/wp-json\/wp\/v2\/comments?post=38068"}],"version-history":[{"count":3,"href":"https:\/\/incit.org\/tr\/wp-json\/wp\/v2\/posts\/38068\/revisions"}],"predecessor-version":[{"id":38073,"href":"https:\/\/incit.org\/tr\/wp-json\/wp\/v2\/posts\/38068\/revisions\/38073"}],"wp:featuredmedia":[{"embeddable":true,"href":"https:\/\/incit.org\/tr\/wp-json\/wp\/v2\/media\/38069"}],"wp:attachment":[{"href":"https:\/\/incit.org\/tr\/wp-json\/wp\/v2\/media?parent=38068"}],"wp:term":[{"taxonomy":"category","embeddable":true,"href":"https:\/\/incit.org\/tr\/wp-json\/wp\/v2\/categories?post=38068"},{"taxonomy":"post_tag","embeddable":true,"href":"https:\/\/incit.org\/tr\/wp-json\/wp\/v2\/tags?post=38068"}],"curies":[{"name":"wp","href":"https:\/\/api.w.org\/{rel}","templated":true}]}}