{"id":6458,"date":"2022-11-17T16:44:11","date_gmt":"2022-11-17T08:44:11","guid":{"rendered":"https:\/\/incit.org\/?p=6458"},"modified":"2025-04-15T14:26:41","modified_gmt":"2025-04-15T06:26:41","slug":"manuvate-global-innovation-platform-has-been-launched","status":"publish","type":"post","link":"https:\/\/incit.org\/tr\/newsroom\/manuvate-global-innovation-platform-has-been-launched\/","title":{"rendered":"ManuVate K\u00fcresel \u0130novasyon Platformu ba\u015flat\u0131ld\u0131"},"content":{"rendered":"<p>ManuVate K\u00fcresel \u0130novasyon Platformu yay\u0131nda ve d\u00fcnyan\u0131n d\u00f6rt bir yan\u0131ndaki \u00fcreticilerin, End\u00fcstri 4.0 d\u00f6n\u00fc\u015f\u00fcmlerini h\u0131zland\u0131rmak amac\u0131yla kurulu\u015flar\u0131ndaki sorunlar\u0131 ve bo\u015fluklar\u0131 gidermelerine yard\u0131mc\u0131 olmaya haz\u0131r.<\/p>\r\n\r\n\r\n\r\n<p>K\u00fcresel \u00fcretim ortam\u0131 bug\u00fcn daha karma\u015f\u0131k hale geldi ve kurulu\u015flar neyin iyi \u00e7al\u0131\u015ft\u0131\u011f\u0131n\u0131 ve neyin iyile\u015ftirilmesi gerekti\u011fini g\u00f6z \u00f6n\u00fcnde bulundurarak s\u00fcrekli olarak ayarlama ve uyarlama yapmak zorunda kal\u0131yor. Son y\u0131llardaki olaylar g\u00f6z \u00f6n\u00fcne al\u0131nd\u0131\u011f\u0131nda, de\u011fi\u015fime haz\u0131r olan kurulu\u015flar\u0131n yeni f\u0131rsatlardan yararlanmak i\u00e7in h\u0131zla hareket edebilece\u011fi a\u00e7\u0131kt\u0131r; ancak bir\u00e7ok kurulu\u015f hala beklenmeyen de\u011fi\u015fikliklere yeterince h\u0131zl\u0131 yan\u0131t vermeyi ba\u015faram\u0131yor.<\/p>\r\n\r\n\r\n\r\n<p>Dolay\u0131s\u0131yla k\u00fcresel \u00fcretim sekt\u00f6r\u00fcn\u00fcn inovasyonu desteklemesi ve de\u011fi\u015fimi te\u015fvik etmesi gerekiyor.<\/p>\r\n\r\n\r\n\r\n<p>\u00dcretim end\u00fcstrisindeki yenilik yaln\u0131zca yeni teknolojilerle ilgili de\u011fildir. Yenilik\u00e7i \u00fcreticiler, ekosistemlerine yenili\u011fi entegre eder ve s\u00fcrekli olarak yeni fikirleri te\u015fvik eder. \u00c7o\u011fu durumda, \u00fcreticiler mevcut zorluklar\u0131n\u0131 ele almak i\u00e7in yenilik\u00e7iler, Ar-Ge bilim insanlar\u0131, m\u00fchendisler ve di\u011fer end\u00fcstri oyuncular\u0131ndan olu\u015fan sa\u011flam bir ekosisteme eri\u015fimden yoksundur.<\/p>\r\n\r\n\r\n\r\n<p><a href=\"https:\/\/incit.org\/en\/services\/manuvate\/\">ManuVate, \u00c7\u00f6z\u00fcc\u00fclerden olu\u015fan bir havuz olu\u015fturarak bu bo\u015flu\u011fu dolduruyor<\/a> \u00dcreticilerin sorunlar\u0131n\u0131 \u00e7\u00f6zmek i\u00e7in yenilik yapmaya &quot;meydan okunacak&quot; (ManuVators). ManuVate platformuna meydan okuyan \u00fcreticilere Seekers denir.<\/p>\r\n\r\n\r\n\r\n<figure class=\"wp-block-image size-full\"><img fetchpriority=\"high\" decoding=\"async\" class=\"alignnone wp-image-6465 size-full\" src=\"https:\/\/assets.incit.org\/wp-content\/uploads\/2022\/11\/10111203\/manuvate_post.png\" alt=\"\" width=\"831\" height=\"492\" srcset=\"https:\/\/assets.incit.org\/wp-content\/uploads\/2022\/11\/10111203\/manuvate_post.png 831w, https:\/\/assets.incit.org\/wp-content\/uploads\/2022\/11\/10111203\/manuvate_post-300x178.png 300w, https:\/\/assets.incit.org\/wp-content\/uploads\/2022\/11\/10111203\/manuvate_post-768x455.png 768w, https:\/\/assets.incit.org\/wp-content\/uploads\/2022\/11\/10111203\/manuvate_post-18x12.png 18w\" sizes=\"(max-width: 831px) 100vw, 831px\" \/><\/figure>\r\n\r\n\r\n\r\n<h2 class=\"wp-block-heading\">ManuVate hakk\u0131nda daha fazla bilgi edinin<\/h2>\r\n\r\n\r\n\r\n<p>ManuVate hakk\u0131nda daha fazla bilgi edinin <a href=\"https:\/\/incit.org\/tr\/manuvate\/\">Burada <\/a>veya bizimle ileti\u015fime ge\u00e7in <a href=\"mailto:PlatformManager@ManuVate.com\" target=\"_blank\" rel=\"noreferrer noopener\">PlatformManager@ManuVate.com<\/a> Herhangi bir sorunuz varsa.<\/p>","protected":false},"excerpt":{"rendered":"<p>ManuVate K\u00fcresel \u0130novasyon Platformu yay\u0131nda ve d\u00fcnya genelindeki \u00fcreticilerin, End\u00fcstri 4.0 d\u00f6n\u00fc\u015f\u00fcmlerini h\u0131zland\u0131rmak i\u00e7in kurulu\u015flar\u0131ndaki sorunlar\u0131 ve bo\u015fluklar\u0131 gidermelerine yard\u0131mc\u0131 olmaya haz\u0131r. K\u00fcresel \u00fcretim ortam\u0131 g\u00fcn\u00fcm\u00fczde daha karma\u015f\u0131k hale geldi ve kurulu\u015flar, neyin iyi \u00e7al\u0131\u015ft\u0131\u011f\u0131n\u0131 ve neyin [\u2026]<\/p>","protected":false},"author":3,"featured_media":6505,"comment_status":"closed","ping_status":"open","sticky":false,"template":"","format":"standard","meta":{"_acf_changed":false,"footnotes":""},"categories":[18],"tags":[],"class_list":["post-6458","post","type-post","status-publish","format-standard","has-post-thumbnail","hentry","category-newsroom"],"acf":{"featured_post":false},"_links":{"self":[{"href":"https:\/\/incit.org\/tr\/wp-json\/wp\/v2\/posts\/6458","targetHints":{"allow":["GET"]}}],"collection":[{"href":"https:\/\/incit.org\/tr\/wp-json\/wp\/v2\/posts"}],"about":[{"href":"https:\/\/incit.org\/tr\/wp-json\/wp\/v2\/types\/post"}],"author":[{"embeddable":true,"href":"https:\/\/incit.org\/tr\/wp-json\/wp\/v2\/users\/3"}],"replies":[{"embeddable":true,"href":"https:\/\/incit.org\/tr\/wp-json\/wp\/v2\/comments?post=6458"}],"version-history":[{"count":1,"href":"https:\/\/incit.org\/tr\/wp-json\/wp\/v2\/posts\/6458\/revisions"}],"predecessor-version":[{"id":35356,"href":"https:\/\/incit.org\/tr\/wp-json\/wp\/v2\/posts\/6458\/revisions\/35356"}],"wp:featuredmedia":[{"embeddable":true,"href":"https:\/\/incit.org\/tr\/wp-json\/wp\/v2\/media\/6505"}],"wp:attachment":[{"href":"https:\/\/incit.org\/tr\/wp-json\/wp\/v2\/media?parent=6458"}],"wp:term":[{"taxonomy":"category","embeddable":true,"href":"https:\/\/incit.org\/tr\/wp-json\/wp\/v2\/categories?post=6458"},{"taxonomy":"post_tag","embeddable":true,"href":"https:\/\/incit.org\/tr\/wp-json\/wp\/v2\/tags?post=6458"}],"curies":[{"name":"wp","href":"https:\/\/api.w.org\/{rel}","templated":true}]}}