{"id":6726,"date":"2022-12-19T15:20:42","date_gmt":"2022-12-19T07:20:42","guid":{"rendered":"https:\/\/incit.org\/?p=6726"},"modified":"2025-06-13T23:28:51","modified_gmt":"2025-06-13T15:28:51","slug":"advanced-manufacturing-for-smart-sustainable-manufacturing","status":"publish","type":"post","link":"https:\/\/incit.org\/tr\/thought-leadership\/advanced-manufacturing-for-smart-sustainable-manufacturing\/","title":{"rendered":"Ak\u0131ll\u0131 S\u00fcrd\u00fcr\u00fclebilir \u00dcretim \u2013 temiz teknoloji ve geli\u015fmi\u015f \u00fcretimi bir araya getiriyor"},"content":{"rendered":"<p>Son y\u0131llarda otomasyon, makine \u00f6\u011frenimi ve ileri teknolojinin y\u00fckseli\u015fi, \u00fcretim sekt\u00f6r\u00fcn\u00fcn dijital d\u00f6n\u00fc\u015f\u00fcm\u00fcn\u00fc h\u0131zland\u0131rarak daha ak\u0131ll\u0131 ve daha verimli \u00fcretim s\u00fcre\u00e7lerine yol a\u00e7t\u0131. Son teknolojik geli\u015fmelerin \u00e7e\u015fitli s\u00fcre\u00e7lere ve sistemlere bu \u015fekilde entegre edilmesiyle, \u00fcretim i\u015fletmeleri \u00fcretkenli\u011fi ve verimlili\u011fi art\u0131rmay\u0131 ba\u015fard\u0131lar - ancak daha da \u00f6nemlisi, daha esnek, \u00e7evik ve gelece\u011fe haz\u0131r hale geldiler.<\/p>\n\n\n\n<p>Art\u0131k, \u00e7evresel ve sosyal sorumlulu\u011fa s\u0131k\u0131 bir \u015fekilde odaklan\u0131ld\u0131\u011f\u0131nda, ak\u0131ll\u0131 \u00fcretim daha ye\u015fil, daha s\u00fcrd\u00fcr\u00fclebilir uygulamalara do\u011fru kaym\u0131\u015ft\u0131r. D\u00fcnyan\u0131n 2050 y\u0131l\u0131na kadar net s\u0131f\u0131ra ula\u015fmas\u0131 i\u00e7in zaman t\u00fckeniyor; ve daha s\u0131k\u0131 \u00e7evre d\u00fczenlemeleri, artan yat\u0131r\u0131mc\u0131 gereksinimleri ve de\u011fi\u015fen m\u00fc\u015fteri beklentileri, di\u011fer fakt\u00f6rlerin yan\u0131 s\u0131ra, s\u00fcrd\u00fcr\u00fclebilirli\u011fi i\u015f g\u00fcndeminin en ba\u015f\u0131na ta\u015f\u0131yor. Bu, <a href=\"https:\/\/incit.org\/tr\/thought-leadership\/global-manufacturing-reduce-carbon-footprint\/\" target=\"_blank\" rel=\"noreferrer noopener\">karbon ayak izlerini etkili bir \u015fekilde ele almak<\/a> rekabette \u00fcst\u00fcnl\u00fck sa\u011flayabilir.\u00a0<\/p>\n\n\n\n<p>Soru \u015fu: Sekt\u00f6r, uzun \u00f6m\u00fcrl\u00fcl\u00fck i\u00e7in geli\u015fmi\u015f \u00fcretim s\u00fcre\u00e7lerini daha s\u00fcrd\u00fcr\u00fclebilir y\u00f6ntemlerle nas\u0131l dengeleyebilir? Ve temiz teknoloji ve geli\u015fmi\u015f \u00fcretim, daha da s\u00fcrd\u00fcr\u00fclebilir sonu\u00e7lar \u00fcretmek i\u00e7in nas\u0131l sinerji yaratabilir?<\/p>\n\n\n\n<h2 class=\"wp-block-heading\">Temiz teknoloji ve geli\u015fmi\u015f \u00fcretim<\/h2>\n\n\n\n<h3 class=\"wp-block-heading\">Temiz teknoloji nedir?<\/h3>\n\n\n\n<p>Temiz teknolojinin kesin bir tan\u0131m\u0131 olmasa da, <a href=\"https:\/\/www.techtarget.com\/whatis\/feature\/Climate-tech-vs-clean-tech-Whats-the-difference\" target=\"_blank\" rel=\"noreferrer noopener\">tarif edilmi\u015f<\/a> yenilenebilir enerji kaynaklar\u0131n\u0131 ve \u00e7evre dostu s\u00fcre\u00e7leri ve hizmetleri kullanarak yenilenemeyen kaynaklar\u0131n kullan\u0131m\u0131n\u0131 cayd\u0131rmay\u0131, at\u0131k \u00fcretimini azaltmay\u0131 ve \u00e7evresel s\u00fcrd\u00fcr\u00fclebilirli\u011fi iyile\u015ftirmeyi ama\u00e7layan teknolojidir.<\/p>\n\n\n\n<p>Temiz teknolojiye \u00f6rnek olarak \u015funlar verilebilir:<\/p>\n\n\n\n<ul class=\"wp-block-list\">\n<li>Enerji y\u00f6netim sistemleri ve yenilenebilir enerji<\/li>\n\n\n\n<li>Elektrikli ara\u00e7lar ve enerji tasarruflu ula\u015f\u0131m ve lojistik sistemleri<\/li>\n\n\n\n<li>T\u00fcketim ve at\u0131klar\u0131 izlemek i\u00e7in ak\u0131ll\u0131 end\u00fcstriyel teknolojiler<\/li>\n<\/ul>\n\n\n\n<h3 class=\"wp-block-heading\">\u0130leri \u00fcretim nedir?<\/h3>\n\n\n\n<p>Geleneksel \u00fcretim, ham bile\u015fenleri ve malzemeleri mekanize y\u00f6ntemlerle nihai \u00fcr\u00fcne d\u00f6n\u00fc\u015ft\u00fcrme s\u00fcreci iken, <a href=\"https:\/\/www.manufacturing.gov\/glossary\/advanced-manufacturing\" target=\"_blank\" rel=\"noreferrer noopener\">Manufacturing.gov taraf\u0131ndan tan\u0131mland\u0131\u011f\u0131 gibi geli\u015fmi\u015f \u00fcretim,<\/a> \u201cmevcut \u00fcr\u00fcnleri yaratmak ve yeni \u00fcr\u00fcnler yaratmak i\u00e7in yenilik\u00e7i teknolojilerin kullan\u0131lmas\u0131\u201d anlam\u0131na gelir ve \u201cbilgiye, otomasyona, hesaplamaya, yaz\u0131l\u0131ma, alg\u0131lamaya ve a\u011f olu\u015fturmaya dayal\u0131 \u00fcretim faaliyetlerini\u201d i\u00e7erebilir.<\/p>\n\n\n\n<p>\u0130leri \u00fcretim \u00f6rnekleri aras\u0131nda \u015funlar yer al\u0131r:<\/p>\n\n\n\n<ul class=\"wp-block-list\">\n<li><a href=\"https:\/\/incit.org\/tr\/thought-leadership\/3d-printing-and-industry-4-0-whats-the-state-of-play\/\" target=\"_blank\" rel=\"noreferrer noopener\">Katk\u0131 maddesi imalat\u0131<\/a><\/li>\n\n\n\n<li>Otomasyon<\/li>\n\n\n\n<li>A\u011fa entegre makineler<\/li>\n<\/ul>\n\n\n\n<h2 class=\"wp-block-heading\">Ak\u0131ll\u0131 neden s\u00fcrd\u00fcr\u00fclebilirdir?<\/h2>\n\n\n\n<p>Y\u00fczeyde, geli\u015fmi\u015f \u00fcretim y\u00f6ntemleri ve temiz teknoloji, g\u00f6r\u00fcn\u00fc\u015fte farkl\u0131 hedefler nedeniyle yak\u0131ndan ili\u015fkili g\u00f6r\u00fcnmeyebilir. Ancak, geli\u015fmi\u015f ve ak\u0131ll\u0131 \u00fcretim s\u00fcre\u00e7lerinin daha temiz, daha ye\u015fil sonu\u00e7lara \u00f6nemli \u00f6l\u00e7\u00fcde katk\u0131da bulunabilece\u011fi, s\u00fcrd\u00fcr\u00fclebilirli\u011fe odaklanman\u0131n ise \u00fcreticileri daha verimli ve geli\u015fmi\u015f s\u00fcre\u00e7ler geli\u015ftirmeye y\u00f6nlendirebilece\u011fi ileri s\u00fcr\u00fclm\u00fc\u015ft\u00fcr.<\/p>\n\n\n\n<p>S\u00fcrd\u00fcr\u00fclebilirli\u011fin bir \u00fcretim hedefi olarak \u00f6nemi, ayn\u0131 zamanda \u201c<a href=\"https:\/\/cjme.springeropen.com\/articles\/10.1186\/s10033-021-00656-2\" target=\"_blank\" rel=\"noreferrer noopener\">ye\u015filzeki<\/a>&quot;\u00fcretim konsepti - s\u00fcrd\u00fcr\u00fclebilirlik hedeflerine tek bir hedef olarak ula\u015f\u0131labilmesi i\u00e7in daha y\u00fcksek \u00fcretkenlik sonu\u00e7lar\u0131 elde etmek amac\u0131yla \u00e7evre dostu s\u00fcre\u00e7lerin ve ak\u0131ll\u0131 teknolojilerin sinerjisi. Greentelligent \u00fcretimi ba\u015far\u0131l\u0131 olmak i\u00e7in birka\u00e7 temel mekanizmaya ve s\u00fcrece dayan\u0131r, \u00f6rne\u011fin:<\/p>\n\n\n\n<ul class=\"wp-block-list\">\n<li>Karbon emisyonlar\u0131n\u0131 ve at\u0131klar\u0131n\u0131 azaltmak i\u00e7in hidrojen, biyobutanol ve biyoetanol gibi \u00e7evre dostu ve yenilenebilir kaynaklar.<\/li>\n\n\n\n<li>Daha ak\u0131ll\u0131 \u00fcretim ve yap\u0131land\u0131rmay\u0131 kolayla\u015ft\u0131rmak i\u00e7in geli\u015fmi\u015f tasar\u0131m ara\u00e7lar\u0131.<\/li>\n\n\n\n<li>Optimize edilmi\u015f \u00fcretim s\u00fcre\u00e7leri i\u00e7in derin entegrasyon, veri analizi yetenekleri ve geli\u015fmi\u015f izleme sa\u011flayan Nesnelerin \u0130nterneti.<\/li>\n\n\n\n<li>Ezberci i\u015fleri y\u00f6netmek ve enerji verimlili\u011fini art\u0131rmak i\u00e7in yapay zeka.<\/li>\n\n\n\n<li>Bir \u00fcr\u00fcn\u00fcn ya\u015fam d\u00f6ng\u00fcs\u00fcn\u00fc te\u015fvik etmek ve uzatmak, enerji tasarrufu sa\u011flamak ve at\u0131klar\u0131 azaltmak i\u00e7in yeniden \u00fcretim.<\/li>\n<\/ul>\n\n\n\n<p>Temiz teknoloji ve geli\u015fmi\u015f \u00fcretim, ak\u0131ll\u0131 \u00fcretim ve s\u00fcrd\u00fcr\u00fclebilirlik hedeflerini bir araya getirerek organizasyonun geneline fayda sa\u011flasa da, \u015firketler de\u011fi\u015fen t\u00fcketici taleplerini kar\u015f\u0131lamak i\u00e7in s\u00fcrd\u00fcr\u00fclebilirlik \u00e7abalar\u0131n\u0131 etkili bir \u015fekilde \u00f6l\u00e7me ve iyile\u015ftirme konusunda hala zorluklarla kar\u015f\u0131 kar\u015f\u0131yad\u0131r. \u0130\u015fte bu noktada k\u0131yaslama ara\u00e7lar\u0131n\u0131n kullan\u0131m\u0131 \u015firketlere b\u00fcy\u00fck fayda sa\u011flayacak, optimizasyon f\u0131rsatlar\u0131n\u0131 vurgulayacak ve m\u00fc\u015fterilere i\u015fletmenin \u00e7abalar\u0131 hakk\u0131nda daha fazla \u015feffafl\u0131k sa\u011flayacakt\u0131r.<\/p>\n\n\n\n<p>Verimli kaynak kullan\u0131m\u0131, optimize edilmi\u015f s\u00fcre\u00e7ler ve sosyal sorumluluk sahibi operasyonlar sayesinde \u00fcreticiler maliyet tasarrufu, \u00e7evresel faydalar ve geli\u015fmi\u015f \u00fcretkenlik bekleyebilir, bu da uzun vadede gelece\u011fe y\u00f6nelik daha fazla g\u00fcvenlik ve daha fazla \u00e7eviklik anlam\u0131na gelir.<\/p>\n\n\n\n<p>K\u00fcresel \u00fcreticilerin herkes i\u00e7in daha iyi sonu\u00e7lar elde etmek \u00fczere d\u00f6n\u00fc\u015fmesine yard\u0131mc\u0131 olmak i\u00e7in yapt\u0131\u011f\u0131m\u0131z \u00e7al\u0131\u015fmalar hakk\u0131nda daha fazla bilgi edinin <a href=\"https:\/\/incit.org\/tr\/newsroom\/\" target=\"_blank\" rel=\"noreferrer noopener\">Burada<\/a>.<\/p>","protected":false},"excerpt":{"rendered":"<p>Son y\u0131llarda otomasyon, makine \u00f6\u011frenimi ve ileri teknolojinin y\u00fckseli\u015fi, \u00fcretim sekt\u00f6r\u00fcn\u00fcn dijital d\u00f6n\u00fc\u015f\u00fcm\u00fcn\u00fc h\u0131zland\u0131rarak daha ak\u0131ll\u0131 ve daha verimli \u00fcretim s\u00fcre\u00e7lerine yol a\u00e7t\u0131. Son teknolojik geli\u015fmelerin \u00e7e\u015fitli s\u00fcre\u00e7lere ve sistemlere bu \u015fekilde entegre edilmesiyle, \u00fcretim i\u015fletmeleri \u00fcretkenli\u011fi ve verimlili\u011fi art\u0131rmay\u0131 ba\u015fard\u0131lar - ancak daha da \u00f6nemlisi, [\u2026]<\/p>","protected":false},"author":3,"featured_media":6803,"comment_status":"open","ping_status":"open","sticky":false,"template":"","format":"standard","meta":{"_acf_changed":false,"footnotes":""},"categories":[17],"tags":[40,41,42,43,27,44,45],"class_list":["post-6726","post","type-post","status-publish","format-standard","has-post-thumbnail","hentry","category-thought-leadership","tag-advanced-manufacturing","tag-automation","tag-cleantech","tag-machine-learning","tag-mainspotlight","tag-spotlight","tag-sustainable-manufacturing"],"acf":{"topic":"sustainability"},"_links":{"self":[{"href":"https:\/\/incit.org\/tr\/wp-json\/wp\/v2\/posts\/6726","targetHints":{"allow":["GET"]}}],"collection":[{"href":"https:\/\/incit.org\/tr\/wp-json\/wp\/v2\/posts"}],"about":[{"href":"https:\/\/incit.org\/tr\/wp-json\/wp\/v2\/types\/post"}],"author":[{"embeddable":true,"href":"https:\/\/incit.org\/tr\/wp-json\/wp\/v2\/users\/3"}],"replies":[{"embeddable":true,"href":"https:\/\/incit.org\/tr\/wp-json\/wp\/v2\/comments?post=6726"}],"version-history":[{"count":1,"href":"https:\/\/incit.org\/tr\/wp-json\/wp\/v2\/posts\/6726\/revisions"}],"predecessor-version":[{"id":37908,"href":"https:\/\/incit.org\/tr\/wp-json\/wp\/v2\/posts\/6726\/revisions\/37908"}],"wp:featuredmedia":[{"embeddable":true,"href":"https:\/\/incit.org\/tr\/wp-json\/wp\/v2\/media\/6803"}],"wp:attachment":[{"href":"https:\/\/incit.org\/tr\/wp-json\/wp\/v2\/media?parent=6726"}],"wp:term":[{"taxonomy":"category","embeddable":true,"href":"https:\/\/incit.org\/tr\/wp-json\/wp\/v2\/categories?post=6726"},{"taxonomy":"post_tag","embeddable":true,"href":"https:\/\/incit.org\/tr\/wp-json\/wp\/v2\/tags?post=6726"}],"curies":[{"name":"wp","href":"https:\/\/api.w.org\/{rel}","templated":true}]}}