{"id":7494,"date":"2023-01-26T17:10:19","date_gmt":"2023-01-26T09:10:19","guid":{"rendered":"https:\/\/incit.org\/?p=7494"},"modified":"2025-04-17T17:13:02","modified_gmt":"2025-04-17T09:13:02","slug":"world-leaders-gathered-at-world-economic-forum-annual-meeting-2023","status":"publish","type":"post","link":"https:\/\/incit.org\/tr\/newsroom\/world-leaders-gathered-at-world-economic-forum-annual-meeting-2023\/","title":{"rendered":"D\u00fcnya liderleri D\u00fcnya Ekonomik Forumu Y\u0131ll\u0131k Toplant\u0131s\u0131 2023&#039;te bir araya geldi"},"content":{"rendered":"<p><img decoding=\"async\" class=\"aligncenter\" src=\"https:\/\/assets.incit.org\/wp-content\/uploads\/2023\/01\/10111219\/samson-ZGjbiukp_-A-unsplash-11.jpg\" \/><\/p>\r\n<p>16 Ocak - 20 Ocak 2023 tarihleri aras\u0131nda d\u00fcnya liderleri bir araya geldi <a href=\"https:\/\/www.weforum.org\/events\/world-economic-forum-annual-meeting-2023\" target=\"_blank\" rel=\"noreferrer noopener\">D\u00fcnya Ekonomik Forumu (WEF) Y\u0131ll\u0131k Toplant\u0131s\u0131 2023<\/a> \u201cPar\u00e7alanm\u0131\u015f Bir D\u00fcnyada \u0130\u015fbirli\u011fi\u201d temas\u0131 etraf\u0131nda konular\u0131 g\u00f6r\u00fc\u015fmek \u00fczere \u0130svi\u00e7re&#039;nin Davos kentinde bir araya geldi.\u00a0<\/p>\r\n\r\n\r\n\r\n<p>Etkinlik 53. y\u0131l d\u00f6n\u00fcm\u00fcn\u00fc kutlad\u0131<sup>rd<\/sup> WEF&#039;in y\u0131ll\u0131k toplant\u0131s\u0131n\u0131n yinelemesi, diyalo\u011fun ve kamu-\u00f6zel sekt\u00f6r i\u015f birli\u011finin de\u011ferini ve zorunlulu\u011funu yeniden teyit etti. Liderler ayr\u0131ca, d\u00fcnyan\u0131n COVID-19 salg\u0131n\u0131n\u0131n ard\u0131ndan kar\u015f\u0131 kar\u015f\u0131ya kalmaya devam etti\u011fi sosyoekonomik ve jeopolitik sorunlar\u0131n ve krizlerin nas\u0131l ele al\u0131nabilece\u011fini tart\u0131\u015ft\u0131lar.\u00a0<\/p>\r\n\r\n\r\n\r\n<p>H\u00fck\u00fcmet, i\u015f d\u00fcnyas\u0131 ve toplum liderlerinin, benzeri g\u00f6r\u00fclmemi\u015f iklim, finans ve toplumsal belirsizliklerin zemininde, bug\u00fcn\u00fcn ve yar\u0131n\u0131n sorunlar\u0131n\u0131 \u00e7\u00f6zmek ve de\u011fi\u015fimi y\u00f6nlendirmek i\u00e7in nas\u0131l \u00e7abalad\u0131klar\u0131n\u0131 \u00f6\u011frenin <a href=\"https:\/\/www.weforum.org\/events\/world-economic-forum-annual-meeting-2023\/about\/digital-members-programme\" target=\"_blank\" rel=\"noreferrer noopener\">Burada<\/a>.\u00a0<\/p>","protected":false},"excerpt":{"rendered":"<p>16 Ocak - 20 Ocak 2023 tarihleri aras\u0131nda, d\u00fcnya liderleri \u0130svi\u00e7re&#039;nin Davos kentinde d\u00fczenlenen D\u00fcnya Ekonomik Forumu (WEF) Y\u0131ll\u0131k Toplant\u0131s\u0131 2023&#039;te &quot;Par\u00e7alanm\u0131\u015f Bir D\u00fcnyada \u0130\u015f Birli\u011fi&quot; temas\u0131 etraf\u0131nda konular\u0131 g\u00f6r\u00fc\u015fmek \u00fczere bir araya geldi. Etkinlik, WEF&#039;in y\u0131ll\u0131k toplant\u0131s\u0131n\u0131n 53. yinelemesini i\u015faret ederek, diyalo\u011fun ve kamu-\u00f6zel sekt\u00f6r i\u015f birli\u011finin de\u011ferini ve zorunlulu\u011funu yeniden teyit etti. Liderler [\u2026]<\/p>","protected":false},"author":3,"featured_media":7495,"comment_status":"open","ping_status":"open","sticky":false,"template":"","format":"standard","meta":{"_acf_changed":false,"footnotes":""},"categories":[18],"tags":[44,58],"class_list":["post-7494","post","type-post","status-publish","format-standard","has-post-thumbnail","hentry","category-newsroom","tag-spotlight","tag-world-economic-forum"],"acf":{"featured_post":false},"_links":{"self":[{"href":"https:\/\/incit.org\/tr\/wp-json\/wp\/v2\/posts\/7494","targetHints":{"allow":["GET"]}}],"collection":[{"href":"https:\/\/incit.org\/tr\/wp-json\/wp\/v2\/posts"}],"about":[{"href":"https:\/\/incit.org\/tr\/wp-json\/wp\/v2\/types\/post"}],"author":[{"embeddable":true,"href":"https:\/\/incit.org\/tr\/wp-json\/wp\/v2\/users\/3"}],"replies":[{"embeddable":true,"href":"https:\/\/incit.org\/tr\/wp-json\/wp\/v2\/comments?post=7494"}],"version-history":[{"count":2,"href":"https:\/\/incit.org\/tr\/wp-json\/wp\/v2\/posts\/7494\/revisions"}],"predecessor-version":[{"id":35515,"href":"https:\/\/incit.org\/tr\/wp-json\/wp\/v2\/posts\/7494\/revisions\/35515"}],"wp:featuredmedia":[{"embeddable":true,"href":"https:\/\/incit.org\/tr\/wp-json\/wp\/v2\/media\/7495"}],"wp:attachment":[{"href":"https:\/\/incit.org\/tr\/wp-json\/wp\/v2\/media?parent=7494"}],"wp:term":[{"taxonomy":"category","embeddable":true,"href":"https:\/\/incit.org\/tr\/wp-json\/wp\/v2\/categories?post=7494"},{"taxonomy":"post_tag","embeddable":true,"href":"https:\/\/incit.org\/tr\/wp-json\/wp\/v2\/tags?post=7494"}],"curies":[{"name":"wp","href":"https:\/\/api.w.org\/{rel}","templated":true}]}}