{"id":8241,"date":"2023-02-23T11:11:31","date_gmt":"2023-02-23T03:11:31","guid":{"rendered":"https:\/\/incit.org\/?p=8241"},"modified":"2025-06-13T23:25:00","modified_gmt":"2025-06-13T15:25:00","slug":"impact-of-energy-efficiency-and-innovation-in-electronics-manufacturing","status":"publish","type":"post","link":"https:\/\/incit.org\/tr\/thought-leadership\/impact-of-energy-efficiency-and-innovation-in-electronics-manufacturing\/","title":{"rendered":"Elektronik \u00fcretiminde enerji verimlili\u011fi ve inovasyonun etkisi"},"content":{"rendered":"<p>End\u00fcstriyel elektronikten ki\u015fisel mobil cihazlara kadar, elektronik end\u00fcstrisi toplumun i\u015fleyi\u015fi \u00fczerinde \u00f6nemli bir etkiye sahip olmu\u015ftur ve bu bug\u00fcn bile devam etmektedir. Ancak, elektronik end\u00fcstrisinin b\u00fcy\u00fcmesi ciddi \u00e7evresel sorunlara yol a\u00e7m\u0131\u015ft\u0131r ve <a href=\"https:\/\/www.idtechex.com\/en\/research-article\/the-future-of-sustainable-electronics-manufacturing\/28357\" target=\"_blank\" rel=\"noopener\"><u>4% k\u00fcresel sera gaz\u0131<\/u><\/a>\u00a0(GHG) emisyonlar\u0131na atfedildi. K\u00fcresel elektrik talebinin beklendi\u011fi g\u00f6z \u00f6n\u00fcne al\u0131nd\u0131\u011f\u0131nda <a href=\"https:\/\/www.electronicsforu.com\/technology-trends\/interviews\/sustainability-with-wide-bandgap-technologies\" target=\"_blank\" rel=\"noopener\"><u>2030 y\u0131l\u0131na kadar 30%&#039;ye kadar art\u0131\u015f<\/u><\/a>Elektronik sekt\u00f6r\u00fcn\u00fcn daha fazla s\u00fcrd\u00fcr\u00fclebilirlik i\u00e7in daha iyi enerji verimlili\u011fine ula\u015fmas\u0131 kritik \u00f6neme sahiptir.<\/p>\r\n\r\n\r\n\r\n<h2 class=\"wp-block-heading\">Yenilikler ve yeni s\u00fcre\u00e7ler verimlili\u011fi art\u0131rmaya ve emisyonlar\u0131 azaltmaya yard\u0131mc\u0131 olur<\/h2>\r\n\r\n\r\n\r\n<p>Yapay zeka gibi daha yeni, daha fazla g\u00fc\u00e7 t\u00fcketen teknolojiler son y\u0131llarda yayg\u0131n bir \u015fekilde kullan\u0131lmaya ba\u015fland\u0131. Bu, k\u00fcresel elektronik sekt\u00f6r\u00fcn\u00fcn b\u00fcy\u00fcmesini sa\u011fl\u0131yor. <u>2030 y\u0131l\u0131na kadar 1 trilyon 4 trilyon dolara ula\u015fmas\u0131 bekleniyor<\/u>. Elektroniklere olan ba\u011f\u0131ml\u0131l\u0131\u011f\u0131m\u0131z ve kullan\u0131m\u0131m\u0131z\u0131n artmas\u0131yla, elektronik end\u00fcstrisinin GHG emisyonlar\u0131n\u0131 azaltmak i\u00e7in yeni yenilikler ve s\u00fcre\u00e7ler benimsemesi ve geli\u015ftirmesi son derece \u00f6nemlidir. Peki bu nas\u0131l ba\u015far\u0131labilir?<\/p>\r\n\r\n\r\n\r\n<h3 class=\"wp-block-heading\">Bo\u015fta kalma s\u00fcresini azaltarak verimlili\u011fi en \u00fcst d\u00fczeye \u00e7\u0131kar\u0131n<\/h3>\r\n\r\n\r\n\r\n<p>Geli\u015fmi\u015f yaz\u0131l\u0131mlar art\u0131k i\u015f ak\u0131\u015flar\u0131n\u0131 ve s\u00fcre\u00e7leri optimize etmek i\u00e7in kapsaml\u0131 verilere eri\u015fmemizi ve bunlar\u0131 analiz etmemizi sa\u011flayabilir. Bu, <a href=\"https:\/\/incit.org\/tr\/thought-leadership\/impact-of-energy-efficiency-and-innovation-in-electronics-manufacturing\/\"><u>azalt\u0131lm\u0131\u015f \u00fcretim darbo\u011fazlar\u0131<\/u><\/a>\u00a0ve geli\u015ftirilmi\u015f i\u015flem h\u0131z\u0131, daha k\u0131sa makine bo\u015fta kalma s\u00fcreleri ve daha az g\u00fc\u00e7 israf\u0131 ile sonu\u00e7lan\u0131r.<\/p>\r\n\r\n\r\n\r\n<h3 class=\"wp-block-heading\">Malzemeleri izlemek i\u00e7in Nesnelerin \u0130nterneti (IoT) ve veri \u00e7\u00f6z\u00fcmlerini kullan\u0131n<\/h3>\r\n\r\n\r\n\r\n<p>IoT&#039;yi kullanmak \u015funlar\u0131 sa\u011flar: <a href=\"https:\/\/incit.org\/tr\/thought-leadership\/impact-of-energy-efficiency-and-innovation-in-electronics-manufacturing\/\"><u>malzeme takibi<\/u><\/a>\u00a0ve geli\u015fmi\u015f lojistik y\u00f6netimi ve bile\u015fen \u00f6mr\u00fc sa\u011flayan \u00f6ng\u00f6r\u00fcc\u00fc bak\u0131m. \u00d6rne\u011fin, \u00e7ip \u00fcretimindeki bile\u015fenler hassast\u0131r ve zaman\u0131nda monte edilmezlerse hasara e\u011filimlidir. IoT&#039;yi RFID etiketleme gibi ara\u00e7larla kullanmak, par\u00e7alar\u0131n zaman\u0131nda kullan\u0131lmas\u0131n\u0131 sa\u011flayarak, hasar\u0131 ve israf\u0131 azaltarak montaj verimlili\u011fini art\u0131rmaya yard\u0131mc\u0131 olur. Ak\u0131ll\u0131 teknoloji ayr\u0131ca, bile\u015fenlerin \u00f6nceden de\u011fi\u015ftirilmesi veya onar\u0131lmas\u0131 gerekip gerekmedi\u011fini belirlemek i\u00e7in makineleri ve malzemeleri tespit edip tarayabilir, bu da zaman ve <a href=\"https:\/\/incit.org\/tr\/thought-leadership\/impact-of-energy-efficiency-and-innovation-in-electronics-manufacturing\/\"><u>maliyet tasarrufu<\/u><\/a>.<\/p>\r\n\r\n\r\n\r\n<h3 class=\"wp-block-heading\">Daha verimli malzemelerin ve geni\u015f bant aral\u0131kl\u0131 yar\u0131 iletkenlerin kullan\u0131m\u0131<\/h3>\r\n\r\n\r\n\r\n<p>Geleneksel silikon yerine silisyum karb\u00fcr (SiC) ve galyum nitr\u00fcr (GaN) kullanarak, \u00fcreticiler \u0131s\u0131 ve g\u00fc\u00e7 kayb\u0131n\u0131 azalt\u0131rken daha iyi enerji verimlili\u011fi bekleyebilirler. Bu malzemeler \u015fu anda daha pahal\u0131 olsa da, rekabet\u00e7i bir fiyat noktas\u0131na ula\u015fmalar\u0131 bekleniyor <a href=\"https:\/\/www.eetimes.com\/production-and-cost-of-sic-and-gan-challenge-fast-adoption\/\" target=\"_blank\" rel=\"noopener\"><u>yak\u0131n gelecekte<\/u><\/a>.<\/p>\r\n\r\n\r\n\r\n<h2 class=\"wp-block-heading\">Yar\u0131 iletken \u00fcretiminde enerji verimlili\u011finin art\u0131r\u0131lmas\u0131<\/h2>\r\n\r\n\r\n\r\n<p>Yar\u0131 iletken \u00fcretimi, \u00f6zellikle a\u015f\u0131r\u0131 ultraviyole litografi sistemleri (EUV&#039;ler) t\u00fcketti\u011finden, muazzam miktarda enerji gerektirir. <a href=\"https:\/\/www.bloomberg.com\/news\/articles\/2022-08-25\/energy-efficient-computer-chips-need-lots-of-power-to-make\" target=\"_blank\" rel=\"noopener\"><u>yakla\u015f\u0131k 10 kat daha fazla enerji<\/u><\/a>\u00a0eski nesil ekipmanlardan daha fazla. Bu ger\u00e7e\u011fi fark eden, geli\u015fmi\u015f \u00e7ip \u00fcretimiyle bilinen bir\u00e7ok \u00fclke t\u00fcketimi kademeli olarak azaltmaya y\u00f6nelik ad\u0131mlar att\u0131.<\/p>\r\n\r\n\r\n\r\n<ul class=\"wp-block-list\">\r\n<li>Tayvan ba\u015flang\u0131\u00e7ta hedefini belirledi <a href=\"https:\/\/en.rti.org.tw\/news\/view\/id\/2007709\" target=\"_blank\" rel=\"noopener\"><u>20% elektrik elde etmek<\/u><\/a>\u00a02025 y\u0131l\u0131na kadar a\u00e7\u0131k deniz r\u00fczgar enerjisi ve g\u00fcne\u015f enerjisi kullanarak yenilenebilir kaynaklardan. Ancak, <a href=\"https:\/\/focustaiwan.tw\/business\/202207220028\" target=\"_blank\" rel=\"noopener\"><u>15.1% hedefi<\/u><\/a>\u00a0Temmuz 2022&#039;deki son incelemesinde.<\/li>\r\n\r\n\r\n\r\n<li>G\u00fcney Kore, karbon emisyonlar\u0131n\u0131 azaltmay\u0131 hedefliyor <a href=\"https:\/\/www.reuters.com\/business\/environment\/skorea-commits-challenging-goal-cutting-emissions-40-2018-levels-by-2030-2021-10-18\/\" target=\"_blank\" rel=\"noopener\"><u>2030 y\u0131l\u0131na kadar 2018 seviyesinden 40%<\/u><\/a>2030 y\u0131l\u0131na kadar k\u00f6m\u00fcr yak\u0131tl\u0131 elektrik \u00fcretimini 41,9%&#039;den 21,8%&#039;ye d\u00fc\u015f\u00fcrmeyi, yenilenebilir enerji kaynaklar\u0131n\u0131 ise 6,2%&#039;den 30,2%&#039;ye \u00e7\u0131karmay\u0131 hedefliyor.<\/li>\r\n\r\n\r\n\r\n<li>ABD merkezli Intel&#039;in enerjisinin yakla\u015f\u0131k 80%&#039;si 2021&#039;de yenilenebilir kaynaklardan geldi - bir \u00f6nceki y\u0131la g\u00f6re art\u0131\u015f. K\u00fcresel \u00fcretim operasyonlar\u0131 genelinde, <a href=\"https:\/\/incit.org\/tr\/thought-leadership\/impact-of-energy-efficiency-and-innovation-in-electronics-manufacturing\/\"><u>2030 y\u0131l\u0131na kadar 100% yenilenebilir enerji kullan\u0131m\u0131<\/u><\/a>.<\/li>\r\n<\/ul>\r\n\r\n\r\n\r\n<h2 class=\"wp-block-heading\">Verimli elektronik \u00fcretiminin gelece\u011fi<\/h2>\r\n\r\n\r\n\r\n<p>Elektronik \u00fcretimini daha enerji verimli ve s\u00fcrd\u00fcr\u00fclebilir hale getirmenin \u00f6n\u00fcnde hala bir\u00e7ok engel var. Ancak yeni yenilikler ve yenilenebilir enerji kaynaklar\u0131na ge\u00e7i\u015f, daha temiz, daha ye\u015fil bir elektronik \u00fcretim sekt\u00f6r\u00fcn\u00fcn ufukta oldu\u011fu anlam\u0131na geliyor.<\/p>\r\n\r\n\r\n\r\n<p>K\u00fcresel \u00fcreticilerin herkes i\u00e7in daha iyi sonu\u00e7lar elde etmek \u00fczere d\u00f6n\u00fc\u015fmesine yard\u0131mc\u0131 olmak i\u00e7in yapt\u0131\u011f\u0131m\u0131z \u00e7al\u0131\u015fmalar hakk\u0131nda daha fazla bilgi edinin <a href=\"https:\/\/incit.org\/tr\/newsroom\/\"><u>Burada<\/u><\/a>.<\/p>","protected":false},"excerpt":{"rendered":"<p>End\u00fcstriyel elektronikten ki\u015fisel mobil cihazlara kadar, elektronik end\u00fcstrisi toplumun i\u015fleyi\u015fi \u00fczerinde \u00f6nemli bir etkiye sahip olmu\u015ftur ve bu bug\u00fcn bile devam etmektedir. Ancak, elektronik end\u00fcstrisinin b\u00fcy\u00fcmesi ciddi \u00e7evresel sorunlara yol a\u00e7m\u0131\u015ft\u0131r ve buna atfedilen k\u00fcresel sera gaz\u0131 (GHG) emisyonlar\u0131n\u0131n 4%&#039;si. K\u00fcresel elektrik talebinin artmas\u0131 beklendi\u011fi g\u00f6z \u00f6n\u00fcne al\u0131nd\u0131\u011f\u0131nda [\u2026]<\/p>","protected":false},"author":3,"featured_media":8242,"comment_status":"closed","ping_status":"open","sticky":false,"template":"","format":"standard","meta":{"_acf_changed":false,"footnotes":""},"categories":[17],"tags":[61,62,44],"class_list":["post-8241","post","type-post","status-publish","format-standard","has-post-thumbnail","hentry","category-thought-leadership","tag-electronics-manufacturing","tag-energy-efficiency","tag-spotlight"],"acf":{"topic":"sustainability"},"_links":{"self":[{"href":"https:\/\/incit.org\/tr\/wp-json\/wp\/v2\/posts\/8241","targetHints":{"allow":["GET"]}}],"collection":[{"href":"https:\/\/incit.org\/tr\/wp-json\/wp\/v2\/posts"}],"about":[{"href":"https:\/\/incit.org\/tr\/wp-json\/wp\/v2\/types\/post"}],"author":[{"embeddable":true,"href":"https:\/\/incit.org\/tr\/wp-json\/wp\/v2\/users\/3"}],"replies":[{"embeddable":true,"href":"https:\/\/incit.org\/tr\/wp-json\/wp\/v2\/comments?post=8241"}],"version-history":[{"count":7,"href":"https:\/\/incit.org\/tr\/wp-json\/wp\/v2\/posts\/8241\/revisions"}],"predecessor-version":[{"id":37902,"href":"https:\/\/incit.org\/tr\/wp-json\/wp\/v2\/posts\/8241\/revisions\/37902"}],"wp:featuredmedia":[{"embeddable":true,"href":"https:\/\/incit.org\/tr\/wp-json\/wp\/v2\/media\/8242"}],"wp:attachment":[{"href":"https:\/\/incit.org\/tr\/wp-json\/wp\/v2\/media?parent=8241"}],"wp:term":[{"taxonomy":"category","embeddable":true,"href":"https:\/\/incit.org\/tr\/wp-json\/wp\/v2\/categories?post=8241"},{"taxonomy":"post_tag","embeddable":true,"href":"https:\/\/incit.org\/tr\/wp-json\/wp\/v2\/tags?post=8241"}],"curies":[{"name":"wp","href":"https:\/\/api.w.org\/{rel}","templated":true}]}}